{"id":1144,"date":"2007-10-29T18:30:44","date_gmt":"2007-10-29T18:30:44","guid":{"rendered":"http:\/\/blogs.thesocialmedia.com\/leblogmoto\/2007\/10\/29\/benjamin-coisy\/"},"modified":"2012-07-11T14:51:28","modified_gmt":"2012-07-11T14:51:28","slug":"benjamin-coisy","status":"publish","type":"post","link":"https:\/\/blogs.thesocialmedia.com\/leblogmoto\/2007\/10\/29\/benjamin-coisy\/","title":{"rendered":"Benjamin Coisy remporte le Supercross de Marseille !"},"content":{"rendered":"<p><a href=\"http:\/\/blogs.thesocialmedia.com\/leblogmoto\/files\/2012\/07\/benjamin_coisy_979_.jpg\"><img loading=\"lazy\" decoding=\"async\" width=\"470\" height=\"308\"  src=\"http:\/\/www.leblogmoto.com\/images\/2007\/10\/29\/benjamin_coisy_979_.jpg\" alt=\"Benjamin_coisy_979_\" \/><\/a><\/p>\n<p>&quot;Benji&quot; Coisy comme il aime \u00e0 le rappeler sur son casque, et que l&rsquo;on voit ici en off-road dans une photo tir\u00e9e de <a href=\"http:\/\/www.coisy.com\/\">son site<\/a>, a remport\u00e9 le Supercross de Marseille. Et se positionne parmi les crossmen \u00e0 suivre de (tr\u00e8s) pr\u00e8s au Supercross de Bercy qui d\u00e9bute en fin de semaine prochaine. En l&rsquo;absence de Pourcel, la Honda frapp\u00e9e de son num\u00e9ro 979 f\u00e9tiche s&rsquo;impose dans la cat\u00e9gorie Open, devant Marvin Musquin et St\u00e9phane Demartis.<\/p>\n<p>Ceux qui s&rsquo;inqui\u00e9taient du manque de concurrence pour l&rsquo;\u00e9preuve parisienne, en raison de la retraite de Ricky Carmichael* et du forfait de James Stewart, en sont peut-\u00eatre pour leurs frais. Notamment avec les pr\u00e9sences confirm\u00e9es de Chad Reed, Jeremy McGrath et de <em>frenchies<\/em> et belges tr\u00e8s aff\u00fbt\u00e9s comme on le voit. Mais nous vous en reparlerons dans le courant de la semaine.<\/p>\n<p>En 85, Jordi Tixier l&#8217;emporte, Dylan Ferrandis et Jeremy Chauveau arrivant deuxi\u00e8me et troisi\u00e8me. Notons, qu&rsquo;il y avait beaucoup de monde pour la piste artificielle de Marseille avec ses whoops et camel jumps, l&rsquo;occasion de constater qu&rsquo;elle est devenue une \u00e9preuve bien ancr\u00e9e maintenant dans le calendrier depuis 2004 (le SX de Marseille avait alors repris apr\u00e8s une interruption de trois ans).<\/p>\n<p><em>*pour syndrome de fatigue chronique, tr\u00e8s invalidant para\u00eet-il.<\/em><\/p>\n","protected":false},"excerpt":{"rendered":"<p>&quot;Benji&quot; Coisy comme il aime \u00e0 le rappeler sur son casque, et que l&rsquo;on voit ici en off-road dans une photo tir\u00e9e de son site, a remport\u00e9 le Supercross de Marseille. Et se positionne parmi les crossmen \u00e0 suivre de (tr\u00e8s) pr\u00e8s au Supercross de Bercy qui d\u00e9bute en fin de semaine prochaine. En l&rsquo;absence [&hellip;]<\/p>\n","protected":false},"author":324,"featured_media":0,"comment_status":"open","ping_status":"open","sticky":false,"template":"","format":"standard","meta":{"footnotes":""},"categories":[3,14,66,32],"tags":[],"class_list":["post-1144","post","type-post","status-publish","format-standard","hentry","category-actualite","category-honda","category-moto-cross","category-sport-moto"],"yoast_head":"<!-- This site is optimized with the Yoast SEO plugin v26.0 - https:\/\/yoast.com\/wordpress\/plugins\/seo\/ -->\n<title>Benjamin Coisy remporte le Supercross de Marseille ! - leblogmoto.com<\/title>\n<meta name=\"robots\" content=\"index, follow, max-snippet:-1, max-image-preview:large, max-video-preview:-1\" \/>\n<link rel=\"canonical\" href=\"https:\/\/blogs.thesocialmedia.com\/leblogmoto\/2007\/10\/29\/benjamin-coisy\/\" \/>\n<meta name=\"twitter:card\" content=\"summary_large_image\" \/>\n<meta name=\"twitter:title\" content=\"Benjamin Coisy remporte le Supercross de Marseille ! - leblogmoto.com\" \/>\n<meta name=\"twitter:description\" content=\"&quot;Benji&quot; Coisy comme il aime \u00e0 le rappeler sur son casque, et que l&rsquo;on voit ici en off-road dans une photo tir\u00e9e de son site, a remport\u00e9 le Supercross de Marseille. Et se positionne parmi les crossmen \u00e0 suivre de (tr\u00e8s) pr\u00e8s au Supercross de Bercy qui d\u00e9bute en fin de semaine prochaine. En l&rsquo;absence [&hellip;]\" \/>\n<meta name=\"twitter:image\" content=\"http:\/\/www.leblogmoto.com\/images\/2007\/10\/29\/benjamin_coisy_979_.jpg\" \/>\n<meta name=\"twitter:label1\" content=\"\u00c9crit par\" \/>\n\t<meta name=\"twitter:data1\" content=\"benoit rieu\" \/>\n\t<meta name=\"twitter:label2\" content=\"Dur\u00e9e de lecture estim\u00e9e\" \/>\n\t<meta name=\"twitter:data2\" content=\"1 minute\" \/>\n<script type=\"application\/ld+json\" class=\"yoast-schema-graph\">{\"@context\":\"https:\/\/schema.org\",\"@graph\":[{\"@type\":\"WebPage\",\"@id\":\"https:\/\/blogs.thesocialmedia.com\/leblogmoto\/2007\/10\/29\/benjamin-coisy\/\",\"url\":\"https:\/\/blogs.thesocialmedia.com\/leblogmoto\/2007\/10\/29\/benjamin-coisy\/\",\"name\":\"Benjamin Coisy remporte le Supercross de Marseille ! - leblogmoto.com\",\"isPartOf\":{\"@id\":\"https:\/\/blogs.thesocialmedia.com\/leblogmoto\/#website\"},\"primaryImageOfPage\":{\"@id\":\"https:\/\/blogs.thesocialmedia.com\/leblogmoto\/2007\/10\/29\/benjamin-coisy\/#primaryimage\"},\"image\":{\"@id\":\"https:\/\/blogs.thesocialmedia.com\/leblogmoto\/2007\/10\/29\/benjamin-coisy\/#primaryimage\"},\"thumbnailUrl\":\"http:\/\/www.leblogmoto.com\/images\/2007\/10\/29\/benjamin_coisy_979_.jpg\",\"datePublished\":\"2007-10-29T18:30:44+00:00\",\"dateModified\":\"2012-07-11T14:51:28+00:00\",\"author\":{\"@id\":\"https:\/\/blogs.thesocialmedia.com\/leblogmoto\/#\/schema\/person\/18bfe773e5725ed6d24f743da805362a\"},\"breadcrumb\":{\"@id\":\"https:\/\/blogs.thesocialmedia.com\/leblogmoto\/2007\/10\/29\/benjamin-coisy\/#breadcrumb\"},\"inLanguage\":\"fr-FR\",\"potentialAction\":[{\"@type\":\"ReadAction\",\"target\":[\"https:\/\/blogs.thesocialmedia.com\/leblogmoto\/2007\/10\/29\/benjamin-coisy\/\"]}]},{\"@type\":\"ImageObject\",\"inLanguage\":\"fr-FR\",\"@id\":\"https:\/\/blogs.thesocialmedia.com\/leblogmoto\/2007\/10\/29\/benjamin-coisy\/#primaryimage\",\"url\":\"http:\/\/www.leblogmoto.com\/images\/2007\/10\/29\/benjamin_coisy_979_.jpg\",\"contentUrl\":\"http:\/\/www.leblogmoto.com\/images\/2007\/10\/29\/benjamin_coisy_979_.jpg\"},{\"@type\":\"BreadcrumbList\",\"@id\":\"https:\/\/blogs.thesocialmedia.com\/leblogmoto\/2007\/10\/29\/benjamin-coisy\/#breadcrumb\",\"itemListElement\":[{\"@type\":\"ListItem\",\"position\":1,\"name\":\"Accueil\",\"item\":\"https:\/\/blogs.thesocialmedia.com\/leblogmoto\/\"},{\"@type\":\"ListItem\",\"position\":2,\"name\":\"Benjamin Coisy remporte le Supercross de Marseille !\"}]},{\"@type\":\"WebSite\",\"@id\":\"https:\/\/blogs.thesocialmedia.com\/leblogmoto\/#website\",\"url\":\"https:\/\/blogs.thesocialmedia.com\/leblogmoto\/\",\"name\":\"leblogmoto\",\"description\":\"Toute l&#039;actualit\u00e9 des 2 roues\",\"potentialAction\":[{\"@type\":\"SearchAction\",\"target\":{\"@type\":\"EntryPoint\",\"urlTemplate\":\"https:\/\/blogs.thesocialmedia.com\/leblogmoto\/?s={search_term_string}\"},\"query-input\":{\"@type\":\"PropertyValueSpecification\",\"valueRequired\":true,\"valueName\":\"search_term_string\"}}],\"inLanguage\":\"fr-FR\"},{\"@type\":\"Person\",\"@id\":\"https:\/\/blogs.thesocialmedia.com\/leblogmoto\/#\/schema\/person\/18bfe773e5725ed6d24f743da805362a\",\"name\":\"benoit rieu\",\"image\":{\"@type\":\"ImageObject\",\"inLanguage\":\"fr-FR\",\"@id\":\"https:\/\/blogs.thesocialmedia.com\/leblogmoto\/#\/schema\/person\/image\/\",\"url\":\"https:\/\/secure.gravatar.com\/avatar\/?s=96&d=mm&r=g\",\"contentUrl\":\"https:\/\/secure.gravatar.com\/avatar\/?s=96&d=mm&r=g\",\"caption\":\"benoit rieu\"},\"url\":\"https:\/\/blogs.thesocialmedia.com\/leblogmoto\/author\/benoit-rieu\/\"}]}<\/script>\n<!-- \/ Yoast SEO plugin. -->","yoast_head_json":{"title":"Benjamin Coisy remporte le Supercross de Marseille ! - leblogmoto.com","robots":{"index":"index","follow":"follow","max-snippet":"max-snippet:-1","max-image-preview":"max-image-preview:large","max-video-preview":"max-video-preview:-1"},"canonical":"https:\/\/blogs.thesocialmedia.com\/leblogmoto\/2007\/10\/29\/benjamin-coisy\/","twitter_card":"summary_large_image","twitter_title":"Benjamin Coisy remporte le Supercross de Marseille ! - leblogmoto.com","twitter_description":"&quot;Benji&quot; Coisy comme il aime \u00e0 le rappeler sur son casque, et que l&rsquo;on voit ici en off-road dans une photo tir\u00e9e de son site, a remport\u00e9 le Supercross de Marseille. Et se positionne parmi les crossmen \u00e0 suivre de (tr\u00e8s) pr\u00e8s au Supercross de Bercy qui d\u00e9bute en fin de semaine prochaine. En l&rsquo;absence [&hellip;]","twitter_image":"http:\/\/www.leblogmoto.com\/images\/2007\/10\/29\/benjamin_coisy_979_.jpg","twitter_misc":{"\u00c9crit par":"benoit rieu","Dur\u00e9e de lecture estim\u00e9e":"1 minute"},"schema":{"@context":"https:\/\/schema.org","@graph":[{"@type":"WebPage","@id":"https:\/\/blogs.thesocialmedia.com\/leblogmoto\/2007\/10\/29\/benjamin-coisy\/","url":"https:\/\/blogs.thesocialmedia.com\/leblogmoto\/2007\/10\/29\/benjamin-coisy\/","name":"Benjamin Coisy remporte le Supercross de Marseille ! - leblogmoto.com","isPartOf":{"@id":"https:\/\/blogs.thesocialmedia.com\/leblogmoto\/#website"},"primaryImageOfPage":{"@id":"https:\/\/blogs.thesocialmedia.com\/leblogmoto\/2007\/10\/29\/benjamin-coisy\/#primaryimage"},"image":{"@id":"https:\/\/blogs.thesocialmedia.com\/leblogmoto\/2007\/10\/29\/benjamin-coisy\/#primaryimage"},"thumbnailUrl":"http:\/\/www.leblogmoto.com\/images\/2007\/10\/29\/benjamin_coisy_979_.jpg","datePublished":"2007-10-29T18:30:44+00:00","dateModified":"2012-07-11T14:51:28+00:00","author":{"@id":"https:\/\/blogs.thesocialmedia.com\/leblogmoto\/#\/schema\/person\/18bfe773e5725ed6d24f743da805362a"},"breadcrumb":{"@id":"https:\/\/blogs.thesocialmedia.com\/leblogmoto\/2007\/10\/29\/benjamin-coisy\/#breadcrumb"},"inLanguage":"fr-FR","potentialAction":[{"@type":"ReadAction","target":["https:\/\/blogs.thesocialmedia.com\/leblogmoto\/2007\/10\/29\/benjamin-coisy\/"]}]},{"@type":"ImageObject","inLanguage":"fr-FR","@id":"https:\/\/blogs.thesocialmedia.com\/leblogmoto\/2007\/10\/29\/benjamin-coisy\/#primaryimage","url":"http:\/\/www.leblogmoto.com\/images\/2007\/10\/29\/benjamin_coisy_979_.jpg","contentUrl":"http:\/\/www.leblogmoto.com\/images\/2007\/10\/29\/benjamin_coisy_979_.jpg"},{"@type":"BreadcrumbList","@id":"https:\/\/blogs.thesocialmedia.com\/leblogmoto\/2007\/10\/29\/benjamin-coisy\/#breadcrumb","itemListElement":[{"@type":"ListItem","position":1,"name":"Accueil","item":"https:\/\/blogs.thesocialmedia.com\/leblogmoto\/"},{"@type":"ListItem","position":2,"name":"Benjamin Coisy remporte le Supercross de Marseille !"}]},{"@type":"WebSite","@id":"https:\/\/blogs.thesocialmedia.com\/leblogmoto\/#website","url":"https:\/\/blogs.thesocialmedia.com\/leblogmoto\/","name":"leblogmoto","description":"Toute l&#039;actualit\u00e9 des 2 roues","potentialAction":[{"@type":"SearchAction","target":{"@type":"EntryPoint","urlTemplate":"https:\/\/blogs.thesocialmedia.com\/leblogmoto\/?s={search_term_string}"},"query-input":{"@type":"PropertyValueSpecification","valueRequired":true,"valueName":"search_term_string"}}],"inLanguage":"fr-FR"},{"@type":"Person","@id":"https:\/\/blogs.thesocialmedia.com\/leblogmoto\/#\/schema\/person\/18bfe773e5725ed6d24f743da805362a","name":"benoit rieu","image":{"@type":"ImageObject","inLanguage":"fr-FR","@id":"https:\/\/blogs.thesocialmedia.com\/leblogmoto\/#\/schema\/person\/image\/","url":"https:\/\/secure.gravatar.com\/avatar\/?s=96&d=mm&r=g","contentUrl":"https:\/\/secure.gravatar.com\/avatar\/?s=96&d=mm&r=g","caption":"benoit rieu"},"url":"https:\/\/blogs.thesocialmedia.com\/leblogmoto\/author\/benoit-rieu\/"}]}},"_links":{"self":[{"href":"https:\/\/blogs.thesocialmedia.com\/leblogmoto\/wp-json\/wp\/v2\/posts\/1144","targetHints":{"allow":["GET"]}}],"collection":[{"href":"https:\/\/blogs.thesocialmedia.com\/leblogmoto\/wp-json\/wp\/v2\/posts"}],"about":[{"href":"https:\/\/blogs.thesocialmedia.com\/leblogmoto\/wp-json\/wp\/v2\/types\/post"}],"author":[{"embeddable":true,"href":"https:\/\/blogs.thesocialmedia.com\/leblogmoto\/wp-json\/wp\/v2\/users\/324"}],"replies":[{"embeddable":true,"href":"https:\/\/blogs.thesocialmedia.com\/leblogmoto\/wp-json\/wp\/v2\/comments?post=1144"}],"version-history":[{"count":2,"href":"https:\/\/blogs.thesocialmedia.com\/leblogmoto\/wp-json\/wp\/v2\/posts\/1144\/revisions"}],"predecessor-version":[{"id":8993,"href":"https:\/\/blogs.thesocialmedia.com\/leblogmoto\/wp-json\/wp\/v2\/posts\/1144\/revisions\/8993"}],"wp:attachment":[{"href":"https:\/\/blogs.thesocialmedia.com\/leblogmoto\/wp-json\/wp\/v2\/media?parent=1144"}],"wp:term":[{"taxonomy":"category","embeddable":true,"href":"https:\/\/blogs.thesocialmedia.com\/leblogmoto\/wp-json\/wp\/v2\/categories?post=1144"},{"taxonomy":"post_tag","embeddable":true,"href":"https:\/\/blogs.thesocialmedia.com\/leblogmoto\/wp-json\/wp\/v2\/tags?post=1144"}],"curies":[{"name":"wp","href":"https:\/\/api.w.org\/{rel}","templated":true}]}}