{"id":1145,"date":"2007-10-29T02:15:33","date_gmt":"2007-10-29T02:15:33","guid":{"rendered":"http:\/\/blogs.thesocialmedia.com\/leblogmoto\/2007\/10\/29\/nouvelle-versio\/"},"modified":"2012-07-11T14:51:25","modified_gmt":"2012-07-11T14:51:25","slug":"nouvelle-versio","status":"publish","type":"post","link":"https:\/\/blogs.thesocialmedia.com\/leblogmoto\/2007\/10\/29\/nouvelle-versio\/","title":{"rendered":"Une nouvelle version des jeans protecteurs Esquad&#8230;"},"content":{"rendered":"<p><a href=\"http:\/\/blogs.thesocialmedia.com\/leblogmoto\/files\/2012\/07\/black_denim_esquad_.jpg\"><img loading=\"lazy\" decoding=\"async\" height=\"309\" alt=\"Black_denim_esquad_\" src=\"http:\/\/www.leblogmoto.com\/images\/2007\/10\/28\/black_denim_esquad_.jpg\" width=\"470\"  \/><\/a> <\/p>\n<p>Suite de la saga Esquad dont nous vous parlions dans <a href=\"http:\/\/blogs.thesocialmedia.com\/leblogmoto\/files\/2012\/07\/les-jeans-esqua.html_.png\">un pr\u00e9c\u00e9dent article<\/a> en des termes \u00e9logieux. Sous un slogan un peu facile quand m\u00eame (&quot;Right gear, right now&quot;), la marque castraise propose de nouvelles versions de son pr\u00e9c\u00e9dent pantalon en Armalith et renforts Nomex (le m\u00eame tissu \u00e0 la base des cagoules et combinaisons dans de nombreux sports m\u00e9caniques). Pour \u00e9largir la gamme du classique, mais ind\u00e9modable, Denim Blue, la protection contre l&rsquo;abrasion et certains chocs en plus.<\/p>\n<p><a href=\"http:\/\/clabedan.typepad.com\/.shared\/image.html?\/photos\/uncategorized\/2007\/10\/28\/black_denim_esquad_modles_1_2.jpg\"><img loading=\"lazy\" decoding=\"async\" height=\"481\" alt=\"Black_denim_esquad_modles_1_2\" src=\"http:\/\/www.leblogmoto.com\/images\/2007\/10\/28\/black_denim_esquad_modles_1_2.jpg\" width=\"470\"  \/><\/a><\/p>\n<p>Sont \u00e9galement en vente des blousons \u00e0 449 \u20ac intitul\u00e9s E-Korsium, ils aiment bien les appellations \u00e0 la consonance latine et scientifique ces p&rsquo;tits gars. Les jeans sont propos\u00e9s uniquement en version homme, comme le jean E-Strong ci-dessus avec ses renforts aux genoux, con\u00e7u pour les longs trajets, \u00e0 partir de 249 \u20ac. Soit trois fois plus cher qu&rsquo;un Levi&rsquo;s 501, mais celui-l\u00e0 sauvera vos jambes, si ce n&rsquo;est plus. <\/p>\n<p><img loading=\"lazy\" decoding=\"async\" height=\"471\" alt=\"Black_denim_esquad_modles_2_2\" src=\"http:\/\/www.leblogmoto.com\/images\/2007\/10\/28\/black_denim_esquad_modles_2_2.jpg\" width=\"470\"  \/><\/p>\n<p>Le jean E-Stein, adapt\u00e9 pour les trajets urbains et ponctuels, toujours couleur Black Denim et dans les m\u00eames prix.<\/p>\n","protected":false},"excerpt":{"rendered":"<p>Suite de la saga Esquad dont nous vous parlions dans un pr\u00e9c\u00e9dent article en des termes \u00e9logieux. Sous un slogan un peu facile quand m\u00eame (&quot;Right gear, right now&quot;), la marque castraise propose de nouvelles versions de son pr\u00e9c\u00e9dent pantalon en Armalith et renforts Nomex (le m\u00eame tissu \u00e0 la base des cagoules et combinaisons [&hellip;]<\/p>\n","protected":false},"author":324,"featured_media":0,"comment_status":"open","ping_status":"open","sticky":false,"template":"","format":"standard","meta":{"footnotes":""},"categories":[49,8,27],"tags":[],"class_list":["post-1145","post","type-post","status-publish","format-standard","hentry","category-actualites-entreprise","category-chaines-et-cuirs","category-securite"],"yoast_head":"<!-- This site is optimized with the Yoast SEO plugin v26.0 - https:\/\/yoast.com\/wordpress\/plugins\/seo\/ -->\n<title>Une nouvelle version des jeans protecteurs Esquad... - leblogmoto.com<\/title>\n<meta name=\"robots\" content=\"index, follow, max-snippet:-1, max-image-preview:large, max-video-preview:-1\" \/>\n<link rel=\"canonical\" href=\"https:\/\/blogs.thesocialmedia.com\/leblogmoto\/2007\/10\/29\/nouvelle-versio\/\" \/>\n<meta name=\"twitter:card\" content=\"summary_large_image\" \/>\n<meta name=\"twitter:title\" content=\"Une nouvelle version des jeans protecteurs Esquad... - leblogmoto.com\" \/>\n<meta name=\"twitter:description\" content=\"Suite de la saga Esquad dont nous vous parlions dans un pr\u00e9c\u00e9dent article en des termes \u00e9logieux. Sous un slogan un peu facile quand m\u00eame (&quot;Right gear, right now&quot;), la marque castraise propose de nouvelles versions de son pr\u00e9c\u00e9dent pantalon en Armalith et renforts Nomex (le m\u00eame tissu \u00e0 la base des cagoules et combinaisons [&hellip;]\" \/>\n<meta name=\"twitter:image\" content=\"http:\/\/www.leblogmoto.com\/images\/2007\/10\/28\/black_denim_esquad_.jpg\" \/>\n<meta name=\"twitter:label1\" content=\"\u00c9crit par\" \/>\n\t<meta name=\"twitter:data1\" content=\"benoit rieu\" \/>\n\t<meta name=\"twitter:label2\" content=\"Dur\u00e9e de lecture estim\u00e9e\" \/>\n\t<meta name=\"twitter:data2\" content=\"1 minute\" \/>\n<script type=\"application\/ld+json\" class=\"yoast-schema-graph\">{\"@context\":\"https:\/\/schema.org\",\"@graph\":[{\"@type\":\"WebPage\",\"@id\":\"https:\/\/blogs.thesocialmedia.com\/leblogmoto\/2007\/10\/29\/nouvelle-versio\/\",\"url\":\"https:\/\/blogs.thesocialmedia.com\/leblogmoto\/2007\/10\/29\/nouvelle-versio\/\",\"name\":\"Une nouvelle version des jeans protecteurs Esquad... - leblogmoto.com\",\"isPartOf\":{\"@id\":\"https:\/\/blogs.thesocialmedia.com\/leblogmoto\/#website\"},\"primaryImageOfPage\":{\"@id\":\"https:\/\/blogs.thesocialmedia.com\/leblogmoto\/2007\/10\/29\/nouvelle-versio\/#primaryimage\"},\"image\":{\"@id\":\"https:\/\/blogs.thesocialmedia.com\/leblogmoto\/2007\/10\/29\/nouvelle-versio\/#primaryimage\"},\"thumbnailUrl\":\"http:\/\/www.leblogmoto.com\/images\/2007\/10\/28\/black_denim_esquad_.jpg\",\"datePublished\":\"2007-10-29T02:15:33+00:00\",\"dateModified\":\"2012-07-11T14:51:25+00:00\",\"author\":{\"@id\":\"https:\/\/blogs.thesocialmedia.com\/leblogmoto\/#\/schema\/person\/18bfe773e5725ed6d24f743da805362a\"},\"breadcrumb\":{\"@id\":\"https:\/\/blogs.thesocialmedia.com\/leblogmoto\/2007\/10\/29\/nouvelle-versio\/#breadcrumb\"},\"inLanguage\":\"fr-FR\",\"potentialAction\":[{\"@type\":\"ReadAction\",\"target\":[\"https:\/\/blogs.thesocialmedia.com\/leblogmoto\/2007\/10\/29\/nouvelle-versio\/\"]}]},{\"@type\":\"ImageObject\",\"inLanguage\":\"fr-FR\",\"@id\":\"https:\/\/blogs.thesocialmedia.com\/leblogmoto\/2007\/10\/29\/nouvelle-versio\/#primaryimage\",\"url\":\"http:\/\/www.leblogmoto.com\/images\/2007\/10\/28\/black_denim_esquad_.jpg\",\"contentUrl\":\"http:\/\/www.leblogmoto.com\/images\/2007\/10\/28\/black_denim_esquad_.jpg\"},{\"@type\":\"BreadcrumbList\",\"@id\":\"https:\/\/blogs.thesocialmedia.com\/leblogmoto\/2007\/10\/29\/nouvelle-versio\/#breadcrumb\",\"itemListElement\":[{\"@type\":\"ListItem\",\"position\":1,\"name\":\"Accueil\",\"item\":\"https:\/\/blogs.thesocialmedia.com\/leblogmoto\/\"},{\"@type\":\"ListItem\",\"position\":2,\"name\":\"Une nouvelle version des jeans protecteurs Esquad&#8230;\"}]},{\"@type\":\"WebSite\",\"@id\":\"https:\/\/blogs.thesocialmedia.com\/leblogmoto\/#website\",\"url\":\"https:\/\/blogs.thesocialmedia.com\/leblogmoto\/\",\"name\":\"leblogmoto\",\"description\":\"Toute l&#039;actualit\u00e9 des 2 roues\",\"potentialAction\":[{\"@type\":\"SearchAction\",\"target\":{\"@type\":\"EntryPoint\",\"urlTemplate\":\"https:\/\/blogs.thesocialmedia.com\/leblogmoto\/?s={search_term_string}\"},\"query-input\":{\"@type\":\"PropertyValueSpecification\",\"valueRequired\":true,\"valueName\":\"search_term_string\"}}],\"inLanguage\":\"fr-FR\"},{\"@type\":\"Person\",\"@id\":\"https:\/\/blogs.thesocialmedia.com\/leblogmoto\/#\/schema\/person\/18bfe773e5725ed6d24f743da805362a\",\"name\":\"benoit rieu\",\"image\":{\"@type\":\"ImageObject\",\"inLanguage\":\"fr-FR\",\"@id\":\"https:\/\/blogs.thesocialmedia.com\/leblogmoto\/#\/schema\/person\/image\/\",\"url\":\"https:\/\/secure.gravatar.com\/avatar\/?s=96&d=mm&r=g\",\"contentUrl\":\"https:\/\/secure.gravatar.com\/avatar\/?s=96&d=mm&r=g\",\"caption\":\"benoit rieu\"},\"url\":\"https:\/\/blogs.thesocialmedia.com\/leblogmoto\/author\/benoit-rieu\/\"}]}<\/script>\n<!-- \/ Yoast SEO plugin. -->","yoast_head_json":{"title":"Une nouvelle version des jeans protecteurs Esquad... - leblogmoto.com","robots":{"index":"index","follow":"follow","max-snippet":"max-snippet:-1","max-image-preview":"max-image-preview:large","max-video-preview":"max-video-preview:-1"},"canonical":"https:\/\/blogs.thesocialmedia.com\/leblogmoto\/2007\/10\/29\/nouvelle-versio\/","twitter_card":"summary_large_image","twitter_title":"Une nouvelle version des jeans protecteurs Esquad... - leblogmoto.com","twitter_description":"Suite de la saga Esquad dont nous vous parlions dans un pr\u00e9c\u00e9dent article en des termes \u00e9logieux. Sous un slogan un peu facile quand m\u00eame (&quot;Right gear, right now&quot;), la marque castraise propose de nouvelles versions de son pr\u00e9c\u00e9dent pantalon en Armalith et renforts Nomex (le m\u00eame tissu \u00e0 la base des cagoules et combinaisons [&hellip;]","twitter_image":"http:\/\/www.leblogmoto.com\/images\/2007\/10\/28\/black_denim_esquad_.jpg","twitter_misc":{"\u00c9crit par":"benoit rieu","Dur\u00e9e de lecture estim\u00e9e":"1 minute"},"schema":{"@context":"https:\/\/schema.org","@graph":[{"@type":"WebPage","@id":"https:\/\/blogs.thesocialmedia.com\/leblogmoto\/2007\/10\/29\/nouvelle-versio\/","url":"https:\/\/blogs.thesocialmedia.com\/leblogmoto\/2007\/10\/29\/nouvelle-versio\/","name":"Une nouvelle version des jeans protecteurs Esquad... - leblogmoto.com","isPartOf":{"@id":"https:\/\/blogs.thesocialmedia.com\/leblogmoto\/#website"},"primaryImageOfPage":{"@id":"https:\/\/blogs.thesocialmedia.com\/leblogmoto\/2007\/10\/29\/nouvelle-versio\/#primaryimage"},"image":{"@id":"https:\/\/blogs.thesocialmedia.com\/leblogmoto\/2007\/10\/29\/nouvelle-versio\/#primaryimage"},"thumbnailUrl":"http:\/\/www.leblogmoto.com\/images\/2007\/10\/28\/black_denim_esquad_.jpg","datePublished":"2007-10-29T02:15:33+00:00","dateModified":"2012-07-11T14:51:25+00:00","author":{"@id":"https:\/\/blogs.thesocialmedia.com\/leblogmoto\/#\/schema\/person\/18bfe773e5725ed6d24f743da805362a"},"breadcrumb":{"@id":"https:\/\/blogs.thesocialmedia.com\/leblogmoto\/2007\/10\/29\/nouvelle-versio\/#breadcrumb"},"inLanguage":"fr-FR","potentialAction":[{"@type":"ReadAction","target":["https:\/\/blogs.thesocialmedia.com\/leblogmoto\/2007\/10\/29\/nouvelle-versio\/"]}]},{"@type":"ImageObject","inLanguage":"fr-FR","@id":"https:\/\/blogs.thesocialmedia.com\/leblogmoto\/2007\/10\/29\/nouvelle-versio\/#primaryimage","url":"http:\/\/www.leblogmoto.com\/images\/2007\/10\/28\/black_denim_esquad_.jpg","contentUrl":"http:\/\/www.leblogmoto.com\/images\/2007\/10\/28\/black_denim_esquad_.jpg"},{"@type":"BreadcrumbList","@id":"https:\/\/blogs.thesocialmedia.com\/leblogmoto\/2007\/10\/29\/nouvelle-versio\/#breadcrumb","itemListElement":[{"@type":"ListItem","position":1,"name":"Accueil","item":"https:\/\/blogs.thesocialmedia.com\/leblogmoto\/"},{"@type":"ListItem","position":2,"name":"Une nouvelle version des jeans protecteurs Esquad&#8230;"}]},{"@type":"WebSite","@id":"https:\/\/blogs.thesocialmedia.com\/leblogmoto\/#website","url":"https:\/\/blogs.thesocialmedia.com\/leblogmoto\/","name":"leblogmoto","description":"Toute l&#039;actualit\u00e9 des 2 roues","potentialAction":[{"@type":"SearchAction","target":{"@type":"EntryPoint","urlTemplate":"https:\/\/blogs.thesocialmedia.com\/leblogmoto\/?s={search_term_string}"},"query-input":{"@type":"PropertyValueSpecification","valueRequired":true,"valueName":"search_term_string"}}],"inLanguage":"fr-FR"},{"@type":"Person","@id":"https:\/\/blogs.thesocialmedia.com\/leblogmoto\/#\/schema\/person\/18bfe773e5725ed6d24f743da805362a","name":"benoit rieu","image":{"@type":"ImageObject","inLanguage":"fr-FR","@id":"https:\/\/blogs.thesocialmedia.com\/leblogmoto\/#\/schema\/person\/image\/","url":"https:\/\/secure.gravatar.com\/avatar\/?s=96&d=mm&r=g","contentUrl":"https:\/\/secure.gravatar.com\/avatar\/?s=96&d=mm&r=g","caption":"benoit rieu"},"url":"https:\/\/blogs.thesocialmedia.com\/leblogmoto\/author\/benoit-rieu\/"}]}},"_links":{"self":[{"href":"https:\/\/blogs.thesocialmedia.com\/leblogmoto\/wp-json\/wp\/v2\/posts\/1145","targetHints":{"allow":["GET"]}}],"collection":[{"href":"https:\/\/blogs.thesocialmedia.com\/leblogmoto\/wp-json\/wp\/v2\/posts"}],"about":[{"href":"https:\/\/blogs.thesocialmedia.com\/leblogmoto\/wp-json\/wp\/v2\/types\/post"}],"author":[{"embeddable":true,"href":"https:\/\/blogs.thesocialmedia.com\/leblogmoto\/wp-json\/wp\/v2\/users\/324"}],"replies":[{"embeddable":true,"href":"https:\/\/blogs.thesocialmedia.com\/leblogmoto\/wp-json\/wp\/v2\/comments?post=1145"}],"version-history":[{"count":2,"href":"https:\/\/blogs.thesocialmedia.com\/leblogmoto\/wp-json\/wp\/v2\/posts\/1145\/revisions"}],"predecessor-version":[{"id":8991,"href":"https:\/\/blogs.thesocialmedia.com\/leblogmoto\/wp-json\/wp\/v2\/posts\/1145\/revisions\/8991"}],"wp:attachment":[{"href":"https:\/\/blogs.thesocialmedia.com\/leblogmoto\/wp-json\/wp\/v2\/media?parent=1145"}],"wp:term":[{"taxonomy":"category","embeddable":true,"href":"https:\/\/blogs.thesocialmedia.com\/leblogmoto\/wp-json\/wp\/v2\/categories?post=1145"},{"taxonomy":"post_tag","embeddable":true,"href":"https:\/\/blogs.thesocialmedia.com\/leblogmoto\/wp-json\/wp\/v2\/tags?post=1145"}],"curies":[{"name":"wp","href":"https:\/\/api.w.org\/{rel}","templated":true}]}}