{"id":1146,"date":"2007-10-28T20:17:49","date_gmt":"2007-10-28T20:17:49","guid":{"rendered":"http:\/\/blogs.thesocialmedia.com\/leblogmoto\/2007\/10\/28\/les-bmw-du-msc\/"},"modified":"2012-07-11T14:51:22","modified_gmt":"2012-07-11T14:51:22","slug":"les-bmw-du-msc","status":"publish","type":"post","link":"https:\/\/blogs.thesocialmedia.com\/leblogmoto\/2007\/10\/28\/les-bmw-du-msc\/","title":{"rendered":"Les BMW du MSC Napoli"},"content":{"rendered":"<p><a href=\"http:\/\/blogs.thesocialmedia.com\/leblogmoto\/files\/2012\/07\/napoli.jpg\"><img loading=\"lazy\" decoding=\"async\" width=\"470\" height=\"103\"  alt=\"Napoli\" src=\"http:\/\/www.leblogmoto.com\/images\/2007\/10\/28\/napoli.jpg\" \/><\/a> <\/p>\n<p>On se souvient tous du naufrage du <a href=\"http:\/\/fr.wikipedia.org\/wiki\/MSC_Napoli\">MSC Napoli<\/a> \u00e0 la mi-janvier 2007. Les conteneurs \u00e9chou\u00e9s sur la plage de Branscombe et les Britanniques affluent par centaine pour une <a href=\"http:\/\/www.lefigaro.fr\/international\/20070123.FIG000000021_les_britanniques_vont_pomper_les_reservoirs_du_napoli.html\">chasse au tr\u00e9sor<\/a> inusit\u00e9e.<br \/>On apprend maintenant que les plus t\u00e9m\u00e9raires ayant r\u00e9ussi \u00e0 extirper une moto <a href=\"http:\/\/www.bmw-motorrad.com.fr\/fr\/fr\/index.html\">BMW<\/a> de ce fouillis pourront l\u00e9galement la conserver. BMW offre cependant l&rsquo;option de rachat pour pr\u00e8s de 4000 \u20ac avec l&rsquo;intention de d\u00e9truire les motos, qui peuvent \u00eatre endommag\u00e9es. Les assureurs du constructeur allemand renon\u00e7ant devant l&rsquo;ampleur de la t\u00e2che \u00e0 retracer tout ce mat\u00e9riel.<br \/>\u00catre du d\u00e9partement marketing de B\u00e9h\u00e8me, j&rsquo;en mettrais une en parfait \u00e9tat de marche au mus\u00e9e. \u00c7a peut servir une <a href=\"http:\/\/www.dailymotion.com\/video\/x223nj_bmw-r1200rt-a-journey-through-norwa\">R1200RT<\/a>qui roule sur l&rsquo;eau.<\/p>\n<p><a href=\"http:\/\/clabedan.typepad.com\/.shared\/image.html?\/photos\/uncategorized\/2007\/10\/28\/napolibmw.jpg\"><img loading=\"lazy\" decoding=\"async\" width=\"470\" height=\"312\"  src=\"http:\/\/www.leblogmoto.com\/images\/2007\/10\/28\/napolibmw.jpg\" alt=\"Napolibmw\" \/><\/a> <\/p>\n<p><a href=\"http:\/\/blogs.thesocialmedia.com\/leblogmoto\/files\/2012\/07\/bmws.jpg\"><img loading=\"lazy\" decoding=\"async\" width=\"470\" height=\"313\"  src=\"http:\/\/www.leblogmoto.com\/images\/2007\/10\/28\/bmws.jpg\" alt=\"Bmws\" \/><\/a> <\/p>\n<p><a href=\"http:\/\/blogs.thesocialmedia.com\/leblogmoto\/files\/2012\/07\/jan31bmw.jpg\"><img loading=\"lazy\" decoding=\"async\" width=\"470\" height=\"286\"  src=\"http:\/\/www.leblogmoto.com\/images\/2007\/10\/28\/jan31bmw.jpg\" alt=\"Jan31bmw\" \/><\/a> <\/p>\n<p><em>Cr\u00e9dits photos: Leon Neal, Philip Plisson<\/em><\/p>\n","protected":false},"excerpt":{"rendered":"<p>On se souvient tous du naufrage du MSC Napoli \u00e0 la mi-janvier 2007. Les conteneurs \u00e9chou\u00e9s sur la plage de Branscombe et les Britanniques affluent par centaine pour une chasse au tr\u00e9sor inusit\u00e9e.On apprend maintenant que les plus t\u00e9m\u00e9raires ayant r\u00e9ussi \u00e0 extirper une moto BMW de ce fouillis pourront l\u00e9galement la conserver. BMW offre [&hellip;]<\/p>\n","protected":false},"author":325,"featured_media":0,"comment_status":"open","ping_status":"open","sticky":false,"template":"","format":"standard","meta":{"footnotes":""},"categories":[3,7,58],"tags":[],"class_list":["post-1146","post","type-post","status-publish","format-standard","hentry","category-actualite","category-bmw","category-insolite"],"yoast_head":"<!-- This site is optimized with the Yoast SEO plugin v26.0 - https:\/\/yoast.com\/wordpress\/plugins\/seo\/ -->\n<title>Les BMW du MSC Napoli - leblogmoto.com<\/title>\n<meta name=\"robots\" content=\"index, follow, max-snippet:-1, max-image-preview:large, max-video-preview:-1\" \/>\n<link rel=\"canonical\" href=\"https:\/\/blogs.thesocialmedia.com\/leblogmoto\/2007\/10\/28\/les-bmw-du-msc\/\" \/>\n<meta name=\"twitter:card\" content=\"summary_large_image\" \/>\n<meta name=\"twitter:title\" content=\"Les BMW du MSC Napoli - leblogmoto.com\" \/>\n<meta name=\"twitter:description\" content=\"On se souvient tous du naufrage du MSC Napoli \u00e0 la mi-janvier 2007. Les conteneurs \u00e9chou\u00e9s sur la plage de Branscombe et les Britanniques affluent par centaine pour une chasse au tr\u00e9sor inusit\u00e9e.On apprend maintenant que les plus t\u00e9m\u00e9raires ayant r\u00e9ussi \u00e0 extirper une moto BMW de ce fouillis pourront l\u00e9galement la conserver. BMW offre [&hellip;]\" \/>\n<meta name=\"twitter:image\" content=\"http:\/\/www.leblogmoto.com\/images\/2007\/10\/28\/napoli.jpg\" \/>\n<meta name=\"twitter:label1\" content=\"\u00c9crit par\" \/>\n\t<meta name=\"twitter:data1\" content=\"jacques lesage\" \/>\n\t<meta name=\"twitter:label2\" content=\"Dur\u00e9e de lecture estim\u00e9e\" \/>\n\t<meta name=\"twitter:data2\" content=\"1 minute\" \/>\n<script type=\"application\/ld+json\" class=\"yoast-schema-graph\">{\"@context\":\"https:\/\/schema.org\",\"@graph\":[{\"@type\":\"WebPage\",\"@id\":\"https:\/\/blogs.thesocialmedia.com\/leblogmoto\/2007\/10\/28\/les-bmw-du-msc\/\",\"url\":\"https:\/\/blogs.thesocialmedia.com\/leblogmoto\/2007\/10\/28\/les-bmw-du-msc\/\",\"name\":\"Les BMW du MSC Napoli - leblogmoto.com\",\"isPartOf\":{\"@id\":\"https:\/\/blogs.thesocialmedia.com\/leblogmoto\/#website\"},\"primaryImageOfPage\":{\"@id\":\"https:\/\/blogs.thesocialmedia.com\/leblogmoto\/2007\/10\/28\/les-bmw-du-msc\/#primaryimage\"},\"image\":{\"@id\":\"https:\/\/blogs.thesocialmedia.com\/leblogmoto\/2007\/10\/28\/les-bmw-du-msc\/#primaryimage\"},\"thumbnailUrl\":\"http:\/\/www.leblogmoto.com\/images\/2007\/10\/28\/napoli.jpg\",\"datePublished\":\"2007-10-28T20:17:49+00:00\",\"dateModified\":\"2012-07-11T14:51:22+00:00\",\"author\":{\"@id\":\"https:\/\/blogs.thesocialmedia.com\/leblogmoto\/#\/schema\/person\/e82a0ca8a9a63d031586097a3ed58526\"},\"breadcrumb\":{\"@id\":\"https:\/\/blogs.thesocialmedia.com\/leblogmoto\/2007\/10\/28\/les-bmw-du-msc\/#breadcrumb\"},\"inLanguage\":\"fr-FR\",\"potentialAction\":[{\"@type\":\"ReadAction\",\"target\":[\"https:\/\/blogs.thesocialmedia.com\/leblogmoto\/2007\/10\/28\/les-bmw-du-msc\/\"]}]},{\"@type\":\"ImageObject\",\"inLanguage\":\"fr-FR\",\"@id\":\"https:\/\/blogs.thesocialmedia.com\/leblogmoto\/2007\/10\/28\/les-bmw-du-msc\/#primaryimage\",\"url\":\"http:\/\/www.leblogmoto.com\/images\/2007\/10\/28\/napoli.jpg\",\"contentUrl\":\"http:\/\/www.leblogmoto.com\/images\/2007\/10\/28\/napoli.jpg\"},{\"@type\":\"BreadcrumbList\",\"@id\":\"https:\/\/blogs.thesocialmedia.com\/leblogmoto\/2007\/10\/28\/les-bmw-du-msc\/#breadcrumb\",\"itemListElement\":[{\"@type\":\"ListItem\",\"position\":1,\"name\":\"Accueil\",\"item\":\"https:\/\/blogs.thesocialmedia.com\/leblogmoto\/\"},{\"@type\":\"ListItem\",\"position\":2,\"name\":\"Les BMW du MSC Napoli\"}]},{\"@type\":\"WebSite\",\"@id\":\"https:\/\/blogs.thesocialmedia.com\/leblogmoto\/#website\",\"url\":\"https:\/\/blogs.thesocialmedia.com\/leblogmoto\/\",\"name\":\"leblogmoto\",\"description\":\"Toute l&#039;actualit\u00e9 des 2 roues\",\"potentialAction\":[{\"@type\":\"SearchAction\",\"target\":{\"@type\":\"EntryPoint\",\"urlTemplate\":\"https:\/\/blogs.thesocialmedia.com\/leblogmoto\/?s={search_term_string}\"},\"query-input\":{\"@type\":\"PropertyValueSpecification\",\"valueRequired\":true,\"valueName\":\"search_term_string\"}}],\"inLanguage\":\"fr-FR\"},{\"@type\":\"Person\",\"@id\":\"https:\/\/blogs.thesocialmedia.com\/leblogmoto\/#\/schema\/person\/e82a0ca8a9a63d031586097a3ed58526\",\"name\":\"jacques lesage\",\"image\":{\"@type\":\"ImageObject\",\"inLanguage\":\"fr-FR\",\"@id\":\"https:\/\/blogs.thesocialmedia.com\/leblogmoto\/#\/schema\/person\/image\/\",\"url\":\"https:\/\/secure.gravatar.com\/avatar\/?s=96&d=mm&r=g\",\"contentUrl\":\"https:\/\/secure.gravatar.com\/avatar\/?s=96&d=mm&r=g\",\"caption\":\"jacques lesage\"},\"url\":\"https:\/\/blogs.thesocialmedia.com\/leblogmoto\/author\/jacques-lesage\/\"}]}<\/script>\n<!-- \/ Yoast SEO plugin. -->","yoast_head_json":{"title":"Les BMW du MSC Napoli - leblogmoto.com","robots":{"index":"index","follow":"follow","max-snippet":"max-snippet:-1","max-image-preview":"max-image-preview:large","max-video-preview":"max-video-preview:-1"},"canonical":"https:\/\/blogs.thesocialmedia.com\/leblogmoto\/2007\/10\/28\/les-bmw-du-msc\/","twitter_card":"summary_large_image","twitter_title":"Les BMW du MSC Napoli - leblogmoto.com","twitter_description":"On se souvient tous du naufrage du MSC Napoli \u00e0 la mi-janvier 2007. Les conteneurs \u00e9chou\u00e9s sur la plage de Branscombe et les Britanniques affluent par centaine pour une chasse au tr\u00e9sor inusit\u00e9e.On apprend maintenant que les plus t\u00e9m\u00e9raires ayant r\u00e9ussi \u00e0 extirper une moto BMW de ce fouillis pourront l\u00e9galement la conserver. BMW offre [&hellip;]","twitter_image":"http:\/\/www.leblogmoto.com\/images\/2007\/10\/28\/napoli.jpg","twitter_misc":{"\u00c9crit par":"jacques lesage","Dur\u00e9e de lecture estim\u00e9e":"1 minute"},"schema":{"@context":"https:\/\/schema.org","@graph":[{"@type":"WebPage","@id":"https:\/\/blogs.thesocialmedia.com\/leblogmoto\/2007\/10\/28\/les-bmw-du-msc\/","url":"https:\/\/blogs.thesocialmedia.com\/leblogmoto\/2007\/10\/28\/les-bmw-du-msc\/","name":"Les BMW du MSC Napoli - leblogmoto.com","isPartOf":{"@id":"https:\/\/blogs.thesocialmedia.com\/leblogmoto\/#website"},"primaryImageOfPage":{"@id":"https:\/\/blogs.thesocialmedia.com\/leblogmoto\/2007\/10\/28\/les-bmw-du-msc\/#primaryimage"},"image":{"@id":"https:\/\/blogs.thesocialmedia.com\/leblogmoto\/2007\/10\/28\/les-bmw-du-msc\/#primaryimage"},"thumbnailUrl":"http:\/\/www.leblogmoto.com\/images\/2007\/10\/28\/napoli.jpg","datePublished":"2007-10-28T20:17:49+00:00","dateModified":"2012-07-11T14:51:22+00:00","author":{"@id":"https:\/\/blogs.thesocialmedia.com\/leblogmoto\/#\/schema\/person\/e82a0ca8a9a63d031586097a3ed58526"},"breadcrumb":{"@id":"https:\/\/blogs.thesocialmedia.com\/leblogmoto\/2007\/10\/28\/les-bmw-du-msc\/#breadcrumb"},"inLanguage":"fr-FR","potentialAction":[{"@type":"ReadAction","target":["https:\/\/blogs.thesocialmedia.com\/leblogmoto\/2007\/10\/28\/les-bmw-du-msc\/"]}]},{"@type":"ImageObject","inLanguage":"fr-FR","@id":"https:\/\/blogs.thesocialmedia.com\/leblogmoto\/2007\/10\/28\/les-bmw-du-msc\/#primaryimage","url":"http:\/\/www.leblogmoto.com\/images\/2007\/10\/28\/napoli.jpg","contentUrl":"http:\/\/www.leblogmoto.com\/images\/2007\/10\/28\/napoli.jpg"},{"@type":"BreadcrumbList","@id":"https:\/\/blogs.thesocialmedia.com\/leblogmoto\/2007\/10\/28\/les-bmw-du-msc\/#breadcrumb","itemListElement":[{"@type":"ListItem","position":1,"name":"Accueil","item":"https:\/\/blogs.thesocialmedia.com\/leblogmoto\/"},{"@type":"ListItem","position":2,"name":"Les BMW du MSC Napoli"}]},{"@type":"WebSite","@id":"https:\/\/blogs.thesocialmedia.com\/leblogmoto\/#website","url":"https:\/\/blogs.thesocialmedia.com\/leblogmoto\/","name":"leblogmoto","description":"Toute l&#039;actualit\u00e9 des 2 roues","potentialAction":[{"@type":"SearchAction","target":{"@type":"EntryPoint","urlTemplate":"https:\/\/blogs.thesocialmedia.com\/leblogmoto\/?s={search_term_string}"},"query-input":{"@type":"PropertyValueSpecification","valueRequired":true,"valueName":"search_term_string"}}],"inLanguage":"fr-FR"},{"@type":"Person","@id":"https:\/\/blogs.thesocialmedia.com\/leblogmoto\/#\/schema\/person\/e82a0ca8a9a63d031586097a3ed58526","name":"jacques lesage","image":{"@type":"ImageObject","inLanguage":"fr-FR","@id":"https:\/\/blogs.thesocialmedia.com\/leblogmoto\/#\/schema\/person\/image\/","url":"https:\/\/secure.gravatar.com\/avatar\/?s=96&d=mm&r=g","contentUrl":"https:\/\/secure.gravatar.com\/avatar\/?s=96&d=mm&r=g","caption":"jacques lesage"},"url":"https:\/\/blogs.thesocialmedia.com\/leblogmoto\/author\/jacques-lesage\/"}]}},"_links":{"self":[{"href":"https:\/\/blogs.thesocialmedia.com\/leblogmoto\/wp-json\/wp\/v2\/posts\/1146","targetHints":{"allow":["GET"]}}],"collection":[{"href":"https:\/\/blogs.thesocialmedia.com\/leblogmoto\/wp-json\/wp\/v2\/posts"}],"about":[{"href":"https:\/\/blogs.thesocialmedia.com\/leblogmoto\/wp-json\/wp\/v2\/types\/post"}],"author":[{"embeddable":true,"href":"https:\/\/blogs.thesocialmedia.com\/leblogmoto\/wp-json\/wp\/v2\/users\/325"}],"replies":[{"embeddable":true,"href":"https:\/\/blogs.thesocialmedia.com\/leblogmoto\/wp-json\/wp\/v2\/comments?post=1146"}],"version-history":[{"count":2,"href":"https:\/\/blogs.thesocialmedia.com\/leblogmoto\/wp-json\/wp\/v2\/posts\/1146\/revisions"}],"predecessor-version":[{"id":8989,"href":"https:\/\/blogs.thesocialmedia.com\/leblogmoto\/wp-json\/wp\/v2\/posts\/1146\/revisions\/8989"}],"wp:attachment":[{"href":"https:\/\/blogs.thesocialmedia.com\/leblogmoto\/wp-json\/wp\/v2\/media?parent=1146"}],"wp:term":[{"taxonomy":"category","embeddable":true,"href":"https:\/\/blogs.thesocialmedia.com\/leblogmoto\/wp-json\/wp\/v2\/categories?post=1146"},{"taxonomy":"post_tag","embeddable":true,"href":"https:\/\/blogs.thesocialmedia.com\/leblogmoto\/wp-json\/wp\/v2\/tags?post=1146"}],"curies":[{"name":"wp","href":"https:\/\/api.w.org\/{rel}","templated":true}]}}