{"id":1148,"date":"2007-10-28T03:24:13","date_gmt":"2007-10-28T03:24:13","guid":{"rendered":"http:\/\/blogs.thesocialmedia.com\/leblogmoto\/2007\/10\/28\/photo-du-yamaha\/"},"modified":"2012-07-11T14:51:07","modified_gmt":"2012-07-11T14:51:07","slug":"photo-du-yamaha","status":"publish","type":"post","link":"https:\/\/blogs.thesocialmedia.com\/leblogmoto\/2007\/10\/28\/photo-du-yamaha\/","title":{"rendered":"Le Yamaha Tesseract enfin mis sur l&rsquo;angle. Timidement ?"},"content":{"rendered":"<p><a href=\"http:\/\/blogs.thesocialmedia.com\/leblogmoto\/files\/2012\/07\/yamaha_tesseract_en_courbe.jpg\"><img loading=\"lazy\" decoding=\"async\" width=\"470\" height=\"314\"  src=\"http:\/\/www.leblogmoto.com\/images\/2007\/10\/27\/yamaha_tesseract_en_courbe.jpg\" alt=\"Yamaha_tesseract_en_courbe\" \/><\/a> <\/p>\n<p>Dans la &quot;com&quot; \u00e0 dose hom\u00e9opathique et le <em>teasing<\/em> de Yamaha, ce dernier nous gratifie d&rsquo;une photo suppl\u00e9mentaire. Je vais vite passer dessus pour parler plus amplement du Polaris, d&rsquo;autant qu&rsquo;on a \u00e9norm\u00e9ment discut\u00e9 de ce superbe proto sur le Blog Moto, beaucoup plus que n&rsquo;importe quel site\/blog sp\u00e9cialis\u00e9 deux-roues. Je vous invite \u00e0 regarder <a href=\"http:\/\/www.leblogmoto.com\/2007\/10\/concept-bike-de.html\">cet article<\/a> et <a href=\"http:\/\/www.leblogmoto.com\/2007\/10\/de-nouvelles-ph.html\">celui-l\u00e0<\/a>. Mais je suis heureux de le voir enfin en action. Remarquez l&rsquo;importante garde au sol, le sabot moteur, les garde-boues carbone, et l&rsquo;apparente fragilit\u00e9 de la partie cycle dans ce passage en courbe simul\u00e9.<\/p>\n","protected":false},"excerpt":{"rendered":"<p>Dans la &quot;com&quot; \u00e0 dose hom\u00e9opathique et le teasing de Yamaha, ce dernier nous gratifie d&rsquo;une photo suppl\u00e9mentaire. Je vais vite passer dessus pour parler plus amplement du Polaris, d&rsquo;autant qu&rsquo;on a \u00e9norm\u00e9ment discut\u00e9 de ce superbe proto sur le Blog Moto, beaucoup plus que n&rsquo;importe quel site\/blog sp\u00e9cialis\u00e9 deux-roues. Je vous invite \u00e0 regarder [&hellip;]<\/p>\n","protected":false},"author":324,"featured_media":0,"comment_status":"open","ping_status":"open","sticky":false,"template":"","format":"standard","meta":{"footnotes":""},"categories":[33,36,44],"tags":[],"class_list":["post-1148","post","type-post","status-publish","format-standard","hentry","category-concept-bike","category-salons","category-yamaha"],"yoast_head":"<!-- This site is optimized with the Yoast SEO plugin v26.0 - https:\/\/yoast.com\/wordpress\/plugins\/seo\/ -->\n<title>Le Yamaha Tesseract enfin mis sur l&#039;angle. Timidement ? - leblogmoto.com<\/title>\n<meta name=\"robots\" content=\"index, follow, max-snippet:-1, max-image-preview:large, max-video-preview:-1\" \/>\n<link rel=\"canonical\" href=\"https:\/\/blogs.thesocialmedia.com\/leblogmoto\/2007\/10\/28\/photo-du-yamaha\/\" \/>\n<meta name=\"twitter:card\" content=\"summary_large_image\" \/>\n<meta name=\"twitter:title\" content=\"Le Yamaha Tesseract enfin mis sur l&#039;angle. Timidement ? - leblogmoto.com\" \/>\n<meta name=\"twitter:description\" content=\"Dans la &quot;com&quot; \u00e0 dose hom\u00e9opathique et le teasing de Yamaha, ce dernier nous gratifie d&rsquo;une photo suppl\u00e9mentaire. Je vais vite passer dessus pour parler plus amplement du Polaris, d&rsquo;autant qu&rsquo;on a \u00e9norm\u00e9ment discut\u00e9 de ce superbe proto sur le Blog Moto, beaucoup plus que n&rsquo;importe quel site\/blog sp\u00e9cialis\u00e9 deux-roues. Je vous invite \u00e0 regarder [&hellip;]\" \/>\n<meta name=\"twitter:image\" content=\"http:\/\/www.leblogmoto.com\/images\/2007\/10\/27\/yamaha_tesseract_en_courbe.jpg\" \/>\n<meta name=\"twitter:label1\" content=\"\u00c9crit par\" \/>\n\t<meta name=\"twitter:data1\" content=\"benoit rieu\" \/>\n<script type=\"application\/ld+json\" class=\"yoast-schema-graph\">{\"@context\":\"https:\/\/schema.org\",\"@graph\":[{\"@type\":\"WebPage\",\"@id\":\"https:\/\/blogs.thesocialmedia.com\/leblogmoto\/2007\/10\/28\/photo-du-yamaha\/\",\"url\":\"https:\/\/blogs.thesocialmedia.com\/leblogmoto\/2007\/10\/28\/photo-du-yamaha\/\",\"name\":\"Le Yamaha Tesseract enfin mis sur l'angle. Timidement ? - leblogmoto.com\",\"isPartOf\":{\"@id\":\"https:\/\/blogs.thesocialmedia.com\/leblogmoto\/#website\"},\"primaryImageOfPage\":{\"@id\":\"https:\/\/blogs.thesocialmedia.com\/leblogmoto\/2007\/10\/28\/photo-du-yamaha\/#primaryimage\"},\"image\":{\"@id\":\"https:\/\/blogs.thesocialmedia.com\/leblogmoto\/2007\/10\/28\/photo-du-yamaha\/#primaryimage\"},\"thumbnailUrl\":\"http:\/\/www.leblogmoto.com\/images\/2007\/10\/27\/yamaha_tesseract_en_courbe.jpg\",\"datePublished\":\"2007-10-28T03:24:13+00:00\",\"dateModified\":\"2012-07-11T14:51:07+00:00\",\"author\":{\"@id\":\"https:\/\/blogs.thesocialmedia.com\/leblogmoto\/#\/schema\/person\/18bfe773e5725ed6d24f743da805362a\"},\"breadcrumb\":{\"@id\":\"https:\/\/blogs.thesocialmedia.com\/leblogmoto\/2007\/10\/28\/photo-du-yamaha\/#breadcrumb\"},\"inLanguage\":\"fr-FR\",\"potentialAction\":[{\"@type\":\"ReadAction\",\"target\":[\"https:\/\/blogs.thesocialmedia.com\/leblogmoto\/2007\/10\/28\/photo-du-yamaha\/\"]}]},{\"@type\":\"ImageObject\",\"inLanguage\":\"fr-FR\",\"@id\":\"https:\/\/blogs.thesocialmedia.com\/leblogmoto\/2007\/10\/28\/photo-du-yamaha\/#primaryimage\",\"url\":\"http:\/\/www.leblogmoto.com\/images\/2007\/10\/27\/yamaha_tesseract_en_courbe.jpg\",\"contentUrl\":\"http:\/\/www.leblogmoto.com\/images\/2007\/10\/27\/yamaha_tesseract_en_courbe.jpg\"},{\"@type\":\"BreadcrumbList\",\"@id\":\"https:\/\/blogs.thesocialmedia.com\/leblogmoto\/2007\/10\/28\/photo-du-yamaha\/#breadcrumb\",\"itemListElement\":[{\"@type\":\"ListItem\",\"position\":1,\"name\":\"Accueil\",\"item\":\"https:\/\/blogs.thesocialmedia.com\/leblogmoto\/\"},{\"@type\":\"ListItem\",\"position\":2,\"name\":\"Le Yamaha Tesseract enfin mis sur l&rsquo;angle. Timidement ?\"}]},{\"@type\":\"WebSite\",\"@id\":\"https:\/\/blogs.thesocialmedia.com\/leblogmoto\/#website\",\"url\":\"https:\/\/blogs.thesocialmedia.com\/leblogmoto\/\",\"name\":\"leblogmoto\",\"description\":\"Toute l&#039;actualit\u00e9 des 2 roues\",\"potentialAction\":[{\"@type\":\"SearchAction\",\"target\":{\"@type\":\"EntryPoint\",\"urlTemplate\":\"https:\/\/blogs.thesocialmedia.com\/leblogmoto\/?s={search_term_string}\"},\"query-input\":{\"@type\":\"PropertyValueSpecification\",\"valueRequired\":true,\"valueName\":\"search_term_string\"}}],\"inLanguage\":\"fr-FR\"},{\"@type\":\"Person\",\"@id\":\"https:\/\/blogs.thesocialmedia.com\/leblogmoto\/#\/schema\/person\/18bfe773e5725ed6d24f743da805362a\",\"name\":\"benoit rieu\",\"image\":{\"@type\":\"ImageObject\",\"inLanguage\":\"fr-FR\",\"@id\":\"https:\/\/blogs.thesocialmedia.com\/leblogmoto\/#\/schema\/person\/image\/\",\"url\":\"https:\/\/secure.gravatar.com\/avatar\/?s=96&d=mm&r=g\",\"contentUrl\":\"https:\/\/secure.gravatar.com\/avatar\/?s=96&d=mm&r=g\",\"caption\":\"benoit rieu\"},\"url\":\"https:\/\/blogs.thesocialmedia.com\/leblogmoto\/author\/benoit-rieu\/\"}]}<\/script>\n<!-- \/ Yoast SEO plugin. -->","yoast_head_json":{"title":"Le Yamaha Tesseract enfin mis sur l'angle. Timidement ? - leblogmoto.com","robots":{"index":"index","follow":"follow","max-snippet":"max-snippet:-1","max-image-preview":"max-image-preview:large","max-video-preview":"max-video-preview:-1"},"canonical":"https:\/\/blogs.thesocialmedia.com\/leblogmoto\/2007\/10\/28\/photo-du-yamaha\/","twitter_card":"summary_large_image","twitter_title":"Le Yamaha Tesseract enfin mis sur l'angle. Timidement ? - leblogmoto.com","twitter_description":"Dans la &quot;com&quot; \u00e0 dose hom\u00e9opathique et le teasing de Yamaha, ce dernier nous gratifie d&rsquo;une photo suppl\u00e9mentaire. Je vais vite passer dessus pour parler plus amplement du Polaris, d&rsquo;autant qu&rsquo;on a \u00e9norm\u00e9ment discut\u00e9 de ce superbe proto sur le Blog Moto, beaucoup plus que n&rsquo;importe quel site\/blog sp\u00e9cialis\u00e9 deux-roues. Je vous invite \u00e0 regarder [&hellip;]","twitter_image":"http:\/\/www.leblogmoto.com\/images\/2007\/10\/27\/yamaha_tesseract_en_courbe.jpg","twitter_misc":{"\u00c9crit par":"benoit rieu"},"schema":{"@context":"https:\/\/schema.org","@graph":[{"@type":"WebPage","@id":"https:\/\/blogs.thesocialmedia.com\/leblogmoto\/2007\/10\/28\/photo-du-yamaha\/","url":"https:\/\/blogs.thesocialmedia.com\/leblogmoto\/2007\/10\/28\/photo-du-yamaha\/","name":"Le Yamaha Tesseract enfin mis sur l'angle. Timidement ? - leblogmoto.com","isPartOf":{"@id":"https:\/\/blogs.thesocialmedia.com\/leblogmoto\/#website"},"primaryImageOfPage":{"@id":"https:\/\/blogs.thesocialmedia.com\/leblogmoto\/2007\/10\/28\/photo-du-yamaha\/#primaryimage"},"image":{"@id":"https:\/\/blogs.thesocialmedia.com\/leblogmoto\/2007\/10\/28\/photo-du-yamaha\/#primaryimage"},"thumbnailUrl":"http:\/\/www.leblogmoto.com\/images\/2007\/10\/27\/yamaha_tesseract_en_courbe.jpg","datePublished":"2007-10-28T03:24:13+00:00","dateModified":"2012-07-11T14:51:07+00:00","author":{"@id":"https:\/\/blogs.thesocialmedia.com\/leblogmoto\/#\/schema\/person\/18bfe773e5725ed6d24f743da805362a"},"breadcrumb":{"@id":"https:\/\/blogs.thesocialmedia.com\/leblogmoto\/2007\/10\/28\/photo-du-yamaha\/#breadcrumb"},"inLanguage":"fr-FR","potentialAction":[{"@type":"ReadAction","target":["https:\/\/blogs.thesocialmedia.com\/leblogmoto\/2007\/10\/28\/photo-du-yamaha\/"]}]},{"@type":"ImageObject","inLanguage":"fr-FR","@id":"https:\/\/blogs.thesocialmedia.com\/leblogmoto\/2007\/10\/28\/photo-du-yamaha\/#primaryimage","url":"http:\/\/www.leblogmoto.com\/images\/2007\/10\/27\/yamaha_tesseract_en_courbe.jpg","contentUrl":"http:\/\/www.leblogmoto.com\/images\/2007\/10\/27\/yamaha_tesseract_en_courbe.jpg"},{"@type":"BreadcrumbList","@id":"https:\/\/blogs.thesocialmedia.com\/leblogmoto\/2007\/10\/28\/photo-du-yamaha\/#breadcrumb","itemListElement":[{"@type":"ListItem","position":1,"name":"Accueil","item":"https:\/\/blogs.thesocialmedia.com\/leblogmoto\/"},{"@type":"ListItem","position":2,"name":"Le Yamaha Tesseract enfin mis sur l&rsquo;angle. Timidement ?"}]},{"@type":"WebSite","@id":"https:\/\/blogs.thesocialmedia.com\/leblogmoto\/#website","url":"https:\/\/blogs.thesocialmedia.com\/leblogmoto\/","name":"leblogmoto","description":"Toute l&#039;actualit\u00e9 des 2 roues","potentialAction":[{"@type":"SearchAction","target":{"@type":"EntryPoint","urlTemplate":"https:\/\/blogs.thesocialmedia.com\/leblogmoto\/?s={search_term_string}"},"query-input":{"@type":"PropertyValueSpecification","valueRequired":true,"valueName":"search_term_string"}}],"inLanguage":"fr-FR"},{"@type":"Person","@id":"https:\/\/blogs.thesocialmedia.com\/leblogmoto\/#\/schema\/person\/18bfe773e5725ed6d24f743da805362a","name":"benoit rieu","image":{"@type":"ImageObject","inLanguage":"fr-FR","@id":"https:\/\/blogs.thesocialmedia.com\/leblogmoto\/#\/schema\/person\/image\/","url":"https:\/\/secure.gravatar.com\/avatar\/?s=96&d=mm&r=g","contentUrl":"https:\/\/secure.gravatar.com\/avatar\/?s=96&d=mm&r=g","caption":"benoit rieu"},"url":"https:\/\/blogs.thesocialmedia.com\/leblogmoto\/author\/benoit-rieu\/"}]}},"_links":{"self":[{"href":"https:\/\/blogs.thesocialmedia.com\/leblogmoto\/wp-json\/wp\/v2\/posts\/1148","targetHints":{"allow":["GET"]}}],"collection":[{"href":"https:\/\/blogs.thesocialmedia.com\/leblogmoto\/wp-json\/wp\/v2\/posts"}],"about":[{"href":"https:\/\/blogs.thesocialmedia.com\/leblogmoto\/wp-json\/wp\/v2\/types\/post"}],"author":[{"embeddable":true,"href":"https:\/\/blogs.thesocialmedia.com\/leblogmoto\/wp-json\/wp\/v2\/users\/324"}],"replies":[{"embeddable":true,"href":"https:\/\/blogs.thesocialmedia.com\/leblogmoto\/wp-json\/wp\/v2\/comments?post=1148"}],"version-history":[{"count":2,"href":"https:\/\/blogs.thesocialmedia.com\/leblogmoto\/wp-json\/wp\/v2\/posts\/1148\/revisions"}],"predecessor-version":[{"id":8981,"href":"https:\/\/blogs.thesocialmedia.com\/leblogmoto\/wp-json\/wp\/v2\/posts\/1148\/revisions\/8981"}],"wp:attachment":[{"href":"https:\/\/blogs.thesocialmedia.com\/leblogmoto\/wp-json\/wp\/v2\/media?parent=1148"}],"wp:term":[{"taxonomy":"category","embeddable":true,"href":"https:\/\/blogs.thesocialmedia.com\/leblogmoto\/wp-json\/wp\/v2\/categories?post=1148"},{"taxonomy":"post_tag","embeddable":true,"href":"https:\/\/blogs.thesocialmedia.com\/leblogmoto\/wp-json\/wp\/v2\/tags?post=1148"}],"curies":[{"name":"wp","href":"https:\/\/api.w.org\/{rel}","templated":true}]}}