{"id":1150,"date":"2007-10-26T00:59:27","date_gmt":"2007-10-26T00:59:27","guid":{"rendered":"http:\/\/blogs.thesocialmedia.com\/leblogmoto\/2007\/10\/26\/le-superbike-et\/"},"modified":"2012-07-11T14:51:03","modified_gmt":"2012-07-11T14:51:03","slug":"le-superbike-et","status":"publish","type":"post","link":"https:\/\/blogs.thesocialmedia.com\/leblogmoto\/2007\/10\/26\/le-superbike-et\/","title":{"rendered":"Glamour &amp; intensit\u00e9 du Superbike &#8211; Supersport chez Pirelli"},"content":{"rendered":"<p><a href=\"http:\/\/blogs.thesocialmedia.com\/leblogmoto\/files\/2012\/07\/pirelli_sbk_philip_island.jpg\"><img loading=\"lazy\" decoding=\"async\" width=\"470\" height=\"310\"  alt=\"Pirelli_sbk_philip_island\" src=\"http:\/\/www.leblogmoto.com\/images\/2007\/10\/25\/pirelli_sbk_philip_island.jpg\" \/><\/a><\/p>\n<p>Si comme moi, vous \u00eates abonn\u00e9(e)s &#8211; c&rsquo;est gratuit &#8211; \u00e0 &quot;Plan\u00e8te <a href=\"http:\/\/www.pirelli.fr\/web\/motorcycle\/default.page\">Pirelli<\/a>&quot;, la lettre d&rsquo;information du fournisseur officiel de pneumatiques des disciplines pr\u00e9cit\u00e9es, vous l&rsquo;avez re\u00e7ue aujourd&rsquo;hui. Pour les autres, sachez que le c\u00e9l\u00e8bre manufacturier italien, qui est aussi \u00e9diteur du tr\u00e8s recherch\u00e9 calendrier \u00e9ponyme, <a href=\"http:\/\/www.pirelli.fr\/web\/motorcycle\/entertainment\/photosbk07\/default.page?uri=\/pirellityre\/fr_FR\/browser\/xml\/photogallery\/photogallery-categories\/categoriessbk07.xml\">sait y faire en photos<\/a> qui, \u00f4 agr\u00e9able surprise, sont propos\u00e9es en grand format. L&rsquo;occasion de revenir sur la saison 2007 et surtout de la regarder d&rsquo;un autre oeil. Contact&#8230;<\/p>\n<p>Voici une petite s\u00e9lection, parmi toutes les photos du site. Ces clich\u00e9s permettent de v\u00e9rifier qu&rsquo;en intensit\u00e9 et en glamour, le Superbike et le Supersport, n&rsquo;ont rien \u00e0 envier au MotoGP, et aux championnats 250 et 125cc. Il m&rsquo;a fallu un peu chercher parfois, car les noms des pilotes ne sont pas indiqu\u00e9s et encore moins leur r\u00e9sultat, seulement le circuit. Pour certains c&rsquo;\u00e9tait facile (Charpentier, Bayliss, Haga, Toseland), pour d&rsquo;autres, beaucoup moins \u00e9vident (Parkes, West). <\/p>\n<p>On commence par l&rsquo;Australien Broc Parkes donc, en Supersport, pestant contre le sort et sa Yamaha, \u00e0 Assen aux Pays-Bas.<\/p>\n<p><a href=\"http:\/\/clabedan.typepad.com\/.shared\/image.html?\/photos\/uncategorized\/2007\/10\/25\/ssp_2007_5_17_assen_2.jpg\"><img loading=\"lazy\" decoding=\"async\" width=\"470\" height=\"312\"  alt=\"Ssp_2007_5_17_assen_2\" src=\"http:\/\/www.leblogmoto.com\/images\/2007\/10\/25\/ssp_2007_5_17_assen_2.jpg\" \/><\/a> <\/p>\n<p><a href=\"http:\/\/blogs.thesocialmedia.com\/leblogmoto\/files\/2012\/07\/charpentier-rac.html_.png\">S\u00e9bastien Charpentier<\/a> toujours en Supersport, et encore \u00e0 Assen, certainement apr\u00e8s sa seconde place sur la grille ou \u00e0 tout le moins pendant les qualifs (il finira sixi\u00e8me de la course). Etrange attitude, le regard un peu dans le vide, il revenait apr\u00e8s un sacr\u00e9 &quot;tampon&quot; \u00e0 Donington et Andrew Pitt l&rsquo;avait remplac\u00e9 au c\u00f4t\u00e9 de Sofuoglu. Grand champion en tout cas, mon esprit (un peu) cocardier mis \u00e0 part, vraiment ! <\/p>\n<p><a href=\"http:\/\/clabedan.typepad.com\/.shared\/image.html?\/photos\/uncategorized\/2007\/10\/25\/ssp_2007_5_13_assen.jpg\"><img loading=\"lazy\" decoding=\"async\" width=\"470\" height=\"704\"  src=\"http:\/\/www.leblogmoto.com\/images\/2007\/10\/25\/ssp_2007_5_13_assen.jpg\" alt=\"Ssp_2007_5_13_assen\" \/><\/a><\/p>\n<p><a href=\"http:\/\/blogs.thesocialmedia.com\/leblogmoto\/files\/2012\/07\/magny-cours-jam.html_.png\">James Toseland<\/a> qui n&rsquo;\u00e9tait pas encore champion du monde de Superbike pour la seconde fois, en burn (ou burn-out en Anglais) apr\u00e8s sa victoire de la seconde manche \u00e0 Phillip Island, (il termina second de la premi\u00e8re).<\/p>\n<p><a href=\"http:\/\/clabedan.typepad.com\/.shared\/image.html?\/photos\/uncategorized\/2007\/10\/25\/wsbk_2007_2_18_phillip_island.jpg\"><img loading=\"lazy\" decoding=\"async\" width=\"470\" height=\"312\"  alt=\"Wsbk_2007_2_18_phillip_island\" src=\"http:\/\/www.leblogmoto.com\/images\/2007\/10\/25\/wsbk_2007_2_18_phillip_island.jpg\" \/><\/a><\/p>\n<p>Le champion Troy Bayliss toujours \u00e0 Phillip Island (chez lui, en somme), se rafra\u00eechit devant ses troupes, pour un <em>feedback<\/em> (un retour d&rsquo;informations du pilote pour la mise au point de la machine) devant les ing\u00e9nieurs et\/ou m\u00e9canos qui prennent des notes.<\/p>\n<p><a href=\"http:\/\/blogs.thesocialmedia.com\/leblogmoto\/files\/2012\/07\/wsbk_2007_2_01_phillip_island.jpg\"><img loading=\"lazy\" decoding=\"async\" width=\"470\" height=\"707\"  src=\"http:\/\/www.leblogmoto.com\/images\/2007\/10\/25\/wsbk_2007_2_01_phillip_island.jpg\" alt=\"Wsbk_2007_2_01_phillip_island\" \/><\/a><\/p>\n<p>Haga, le &quot;presque&quot; champion du monde de SBK, &quot;si loin, si proche&quot; comme l&rsquo;on dit. Toujours \u00e0 Phillip Island, en wheeling (ou wheelie, c&rsquo;est pareil), lors de la seconde manche certainement, la seule qui l&rsquo;aura vu monter sur le podium, et occuper la 3\u00e8me marche.<\/p>\n<p><a href=\"http:\/\/blogs.thesocialmedia.com\/leblogmoto\/files\/2012\/07\/wsbk_2007_2_32_phillip_island.jpg\"><img loading=\"lazy\" decoding=\"async\" width=\"470\" height=\"312\"  alt=\"Wsbk_2007_2_32_phillip_island\" src=\"http:\/\/www.leblogmoto.com\/images\/2007\/10\/25\/wsbk_2007_2_32_phillip_island.jpg\" \/><\/a> <\/p>\n<p><a href=\"http:\/\/blogs.thesocialmedia.com\/leblogmoto\/files\/2012\/07\/charpentier-rac.html_.png\">S\u00e9bastien Charpentier<\/a> encore. Imperturbable, bien qu&rsquo;en galante compagnie (ah les umbrella girls des sports m\u00e9ca !) avant le d\u00e9part \u00e0 Monza, avec ce c\u00e9l\u00e8bre sparadrap sur le nez sens\u00e9 am\u00e9liorer votre respiration, tout comme Valentino Rossi qui le porte aussi.<\/p>\n<p> <a href=\"http:\/\/clabedan.typepad.com\/.shared\/image.html?\/photos\/uncategorized\/2007\/10\/25\/ssp_2007_6_16_monza.jpg\"><img loading=\"lazy\" decoding=\"async\" width=\"470\" height=\"312\"  alt=\"Ssp_2007_6_16_monza\" src=\"http:\/\/www.leblogmoto.com\/images\/2007\/10\/25\/ssp_2007_6_16_monza.jpg\" \/><\/a> <\/p>\n<p>L&rsquo;Australien Anthony West \u00e0 Monza, toujours en Supersport. Je l&rsquo;ai mis juste apr\u00e8s Seb car la similitude des motifs des casques avec cette croix de drapeau sudiste am\u00e9ricain (comme S\u00e9bastien Charpentier), ou \u00e0 l&rsquo;\u00e9cossaise (comme David Coulthard en Formule 1) est frappante. <\/p>\n<p><a href=\"http:\/\/blogs.thesocialmedia.com\/leblogmoto\/files\/2012\/07\/ssp_2007_6_03_monza.jpg\"><img loading=\"lazy\" decoding=\"async\" width=\"470\" height=\"312\"  alt=\"Ssp_2007_6_03_monza\" src=\"http:\/\/www.leblogmoto.com\/images\/2007\/10\/25\/ssp_2007_6_03_monza.jpg\" \/><\/a> <\/p>\n<p>Dans mes bras ! Podium Superbike \u00e0 Misano.<\/p>\n<p><a href=\"http:\/\/blogs.thesocialmedia.com\/leblogmoto\/files\/2012\/07\/wsbk_2007_8_03.jpg\"><img loading=\"lazy\" decoding=\"async\" width=\"470\" height=\"312\"  alt=\"Wsbk_2007_8_03\" src=\"http:\/\/www.leblogmoto.com\/images\/2007\/10\/25\/wsbk_2007_8_03.jpg\" \/><\/a> <\/p>\n<p>Ah, on s&rsquo;encanaille un peu, un superbe c.., hum, un superbe &quot;derri\u00e8re&quot; pardon, sponsoris\u00e9 par Ducati.<\/p>\n<p><a href=\"http:\/\/blogs.thesocialmedia.com\/leblogmoto\/files\/2012\/07\/wsbk_2007_8_02.jpg\"><img loading=\"lazy\" decoding=\"async\" width=\"470\" height=\"312\"  src=\"http:\/\/www.leblogmoto.com\/images\/2007\/10\/25\/wsbk_2007_8_02.jpg\" alt=\"Wsbk_2007_8_02\" \/><\/a> <\/p>\n<p>En esp\u00e9rant que \u00e7a vous aura plu. Et n&rsquo;oubliez pas de faire un tour sur leur site, <a href=\"http:\/\/www.pirelli.fr\/web\/motorcycle\/default.page\">Pirelli France<\/a>. <\/p>\n","protected":false},"excerpt":{"rendered":"<p>Si comme moi, vous \u00eates abonn\u00e9(e)s &#8211; c&rsquo;est gratuit &#8211; \u00e0 &quot;Plan\u00e8te Pirelli&quot;, la lettre d&rsquo;information du fournisseur officiel de pneumatiques des disciplines pr\u00e9cit\u00e9es, vous l&rsquo;avez re\u00e7ue aujourd&rsquo;hui. Pour les autres, sachez que le c\u00e9l\u00e8bre manufacturier italien, qui est aussi \u00e9diteur du tr\u00e8s recherch\u00e9 calendrier \u00e9ponyme, sait y faire en photos qui, \u00f4 agr\u00e9able surprise, [&hellip;]<\/p>\n","protected":false},"author":324,"featured_media":0,"comment_status":"open","ping_status":"open","sticky":false,"template":"","format":"standard","meta":{"footnotes":""},"categories":[49,16,17,46],"tags":[],"class_list":["post-1150","post","type-post","status-publish","format-standard","hentry","category-actualites-entreprise","category-art-moto","category-divers","category-superbike"],"yoast_head":"<!-- This site is optimized with the Yoast SEO plugin v26.0 - https:\/\/yoast.com\/wordpress\/plugins\/seo\/ -->\n<title>Glamour &amp; intensit\u00e9 du Superbike - Supersport chez Pirelli - leblogmoto.com<\/title>\n<meta name=\"robots\" content=\"index, follow, max-snippet:-1, max-image-preview:large, max-video-preview:-1\" \/>\n<link rel=\"canonical\" href=\"https:\/\/blogs.thesocialmedia.com\/leblogmoto\/2007\/10\/26\/le-superbike-et\/\" \/>\n<meta name=\"twitter:card\" content=\"summary_large_image\" \/>\n<meta name=\"twitter:title\" content=\"Glamour &amp; intensit\u00e9 du Superbike - Supersport chez Pirelli - leblogmoto.com\" \/>\n<meta name=\"twitter:description\" content=\"Si comme moi, vous \u00eates abonn\u00e9(e)s &#8211; c&rsquo;est gratuit &#8211; \u00e0 &quot;Plan\u00e8te Pirelli&quot;, la lettre d&rsquo;information du fournisseur officiel de pneumatiques des disciplines pr\u00e9cit\u00e9es, vous l&rsquo;avez re\u00e7ue aujourd&rsquo;hui. Pour les autres, sachez que le c\u00e9l\u00e8bre manufacturier italien, qui est aussi \u00e9diteur du tr\u00e8s recherch\u00e9 calendrier \u00e9ponyme, sait y faire en photos qui, \u00f4 agr\u00e9able surprise, [&hellip;]\" \/>\n<meta name=\"twitter:image\" content=\"http:\/\/www.leblogmoto.com\/images\/2007\/10\/25\/pirelli_sbk_philip_island.jpg\" \/>\n<meta name=\"twitter:label1\" content=\"\u00c9crit par\" \/>\n\t<meta name=\"twitter:data1\" content=\"benoit rieu\" \/>\n\t<meta name=\"twitter:label2\" content=\"Dur\u00e9e de lecture estim\u00e9e\" \/>\n\t<meta name=\"twitter:data2\" content=\"3 minutes\" \/>\n<script type=\"application\/ld+json\" class=\"yoast-schema-graph\">{\"@context\":\"https:\/\/schema.org\",\"@graph\":[{\"@type\":\"WebPage\",\"@id\":\"https:\/\/blogs.thesocialmedia.com\/leblogmoto\/2007\/10\/26\/le-superbike-et\/\",\"url\":\"https:\/\/blogs.thesocialmedia.com\/leblogmoto\/2007\/10\/26\/le-superbike-et\/\",\"name\":\"Glamour &amp; intensit\u00e9 du Superbike - Supersport chez Pirelli - leblogmoto.com\",\"isPartOf\":{\"@id\":\"https:\/\/blogs.thesocialmedia.com\/leblogmoto\/#website\"},\"primaryImageOfPage\":{\"@id\":\"https:\/\/blogs.thesocialmedia.com\/leblogmoto\/2007\/10\/26\/le-superbike-et\/#primaryimage\"},\"image\":{\"@id\":\"https:\/\/blogs.thesocialmedia.com\/leblogmoto\/2007\/10\/26\/le-superbike-et\/#primaryimage\"},\"thumbnailUrl\":\"http:\/\/www.leblogmoto.com\/images\/2007\/10\/25\/pirelli_sbk_philip_island.jpg\",\"datePublished\":\"2007-10-26T00:59:27+00:00\",\"dateModified\":\"2012-07-11T14:51:03+00:00\",\"author\":{\"@id\":\"https:\/\/blogs.thesocialmedia.com\/leblogmoto\/#\/schema\/person\/18bfe773e5725ed6d24f743da805362a\"},\"breadcrumb\":{\"@id\":\"https:\/\/blogs.thesocialmedia.com\/leblogmoto\/2007\/10\/26\/le-superbike-et\/#breadcrumb\"},\"inLanguage\":\"fr-FR\",\"potentialAction\":[{\"@type\":\"ReadAction\",\"target\":[\"https:\/\/blogs.thesocialmedia.com\/leblogmoto\/2007\/10\/26\/le-superbike-et\/\"]}]},{\"@type\":\"ImageObject\",\"inLanguage\":\"fr-FR\",\"@id\":\"https:\/\/blogs.thesocialmedia.com\/leblogmoto\/2007\/10\/26\/le-superbike-et\/#primaryimage\",\"url\":\"http:\/\/www.leblogmoto.com\/images\/2007\/10\/25\/pirelli_sbk_philip_island.jpg\",\"contentUrl\":\"http:\/\/www.leblogmoto.com\/images\/2007\/10\/25\/pirelli_sbk_philip_island.jpg\"},{\"@type\":\"BreadcrumbList\",\"@id\":\"https:\/\/blogs.thesocialmedia.com\/leblogmoto\/2007\/10\/26\/le-superbike-et\/#breadcrumb\",\"itemListElement\":[{\"@type\":\"ListItem\",\"position\":1,\"name\":\"Accueil\",\"item\":\"https:\/\/blogs.thesocialmedia.com\/leblogmoto\/\"},{\"@type\":\"ListItem\",\"position\":2,\"name\":\"Glamour &amp; intensit\u00e9 du Superbike &#8211; Supersport chez Pirelli\"}]},{\"@type\":\"WebSite\",\"@id\":\"https:\/\/blogs.thesocialmedia.com\/leblogmoto\/#website\",\"url\":\"https:\/\/blogs.thesocialmedia.com\/leblogmoto\/\",\"name\":\"leblogmoto\",\"description\":\"Toute l&#039;actualit\u00e9 des 2 roues\",\"potentialAction\":[{\"@type\":\"SearchAction\",\"target\":{\"@type\":\"EntryPoint\",\"urlTemplate\":\"https:\/\/blogs.thesocialmedia.com\/leblogmoto\/?s={search_term_string}\"},\"query-input\":{\"@type\":\"PropertyValueSpecification\",\"valueRequired\":true,\"valueName\":\"search_term_string\"}}],\"inLanguage\":\"fr-FR\"},{\"@type\":\"Person\",\"@id\":\"https:\/\/blogs.thesocialmedia.com\/leblogmoto\/#\/schema\/person\/18bfe773e5725ed6d24f743da805362a\",\"name\":\"benoit rieu\",\"image\":{\"@type\":\"ImageObject\",\"inLanguage\":\"fr-FR\",\"@id\":\"https:\/\/blogs.thesocialmedia.com\/leblogmoto\/#\/schema\/person\/image\/\",\"url\":\"https:\/\/secure.gravatar.com\/avatar\/?s=96&d=mm&r=g\",\"contentUrl\":\"https:\/\/secure.gravatar.com\/avatar\/?s=96&d=mm&r=g\",\"caption\":\"benoit rieu\"},\"url\":\"https:\/\/blogs.thesocialmedia.com\/leblogmoto\/author\/benoit-rieu\/\"}]}<\/script>\n<!-- \/ Yoast SEO plugin. -->","yoast_head_json":{"title":"Glamour &amp; intensit\u00e9 du Superbike - Supersport chez Pirelli - leblogmoto.com","robots":{"index":"index","follow":"follow","max-snippet":"max-snippet:-1","max-image-preview":"max-image-preview:large","max-video-preview":"max-video-preview:-1"},"canonical":"https:\/\/blogs.thesocialmedia.com\/leblogmoto\/2007\/10\/26\/le-superbike-et\/","twitter_card":"summary_large_image","twitter_title":"Glamour &amp; intensit\u00e9 du Superbike - Supersport chez Pirelli - leblogmoto.com","twitter_description":"Si comme moi, vous \u00eates abonn\u00e9(e)s &#8211; c&rsquo;est gratuit &#8211; \u00e0 &quot;Plan\u00e8te Pirelli&quot;, la lettre d&rsquo;information du fournisseur officiel de pneumatiques des disciplines pr\u00e9cit\u00e9es, vous l&rsquo;avez re\u00e7ue aujourd&rsquo;hui. Pour les autres, sachez que le c\u00e9l\u00e8bre manufacturier italien, qui est aussi \u00e9diteur du tr\u00e8s recherch\u00e9 calendrier \u00e9ponyme, sait y faire en photos qui, \u00f4 agr\u00e9able surprise, [&hellip;]","twitter_image":"http:\/\/www.leblogmoto.com\/images\/2007\/10\/25\/pirelli_sbk_philip_island.jpg","twitter_misc":{"\u00c9crit par":"benoit rieu","Dur\u00e9e de lecture estim\u00e9e":"3 minutes"},"schema":{"@context":"https:\/\/schema.org","@graph":[{"@type":"WebPage","@id":"https:\/\/blogs.thesocialmedia.com\/leblogmoto\/2007\/10\/26\/le-superbike-et\/","url":"https:\/\/blogs.thesocialmedia.com\/leblogmoto\/2007\/10\/26\/le-superbike-et\/","name":"Glamour &amp; intensit\u00e9 du Superbike - Supersport chez Pirelli - leblogmoto.com","isPartOf":{"@id":"https:\/\/blogs.thesocialmedia.com\/leblogmoto\/#website"},"primaryImageOfPage":{"@id":"https:\/\/blogs.thesocialmedia.com\/leblogmoto\/2007\/10\/26\/le-superbike-et\/#primaryimage"},"image":{"@id":"https:\/\/blogs.thesocialmedia.com\/leblogmoto\/2007\/10\/26\/le-superbike-et\/#primaryimage"},"thumbnailUrl":"http:\/\/www.leblogmoto.com\/images\/2007\/10\/25\/pirelli_sbk_philip_island.jpg","datePublished":"2007-10-26T00:59:27+00:00","dateModified":"2012-07-11T14:51:03+00:00","author":{"@id":"https:\/\/blogs.thesocialmedia.com\/leblogmoto\/#\/schema\/person\/18bfe773e5725ed6d24f743da805362a"},"breadcrumb":{"@id":"https:\/\/blogs.thesocialmedia.com\/leblogmoto\/2007\/10\/26\/le-superbike-et\/#breadcrumb"},"inLanguage":"fr-FR","potentialAction":[{"@type":"ReadAction","target":["https:\/\/blogs.thesocialmedia.com\/leblogmoto\/2007\/10\/26\/le-superbike-et\/"]}]},{"@type":"ImageObject","inLanguage":"fr-FR","@id":"https:\/\/blogs.thesocialmedia.com\/leblogmoto\/2007\/10\/26\/le-superbike-et\/#primaryimage","url":"http:\/\/www.leblogmoto.com\/images\/2007\/10\/25\/pirelli_sbk_philip_island.jpg","contentUrl":"http:\/\/www.leblogmoto.com\/images\/2007\/10\/25\/pirelli_sbk_philip_island.jpg"},{"@type":"BreadcrumbList","@id":"https:\/\/blogs.thesocialmedia.com\/leblogmoto\/2007\/10\/26\/le-superbike-et\/#breadcrumb","itemListElement":[{"@type":"ListItem","position":1,"name":"Accueil","item":"https:\/\/blogs.thesocialmedia.com\/leblogmoto\/"},{"@type":"ListItem","position":2,"name":"Glamour &amp; intensit\u00e9 du Superbike &#8211; Supersport chez Pirelli"}]},{"@type":"WebSite","@id":"https:\/\/blogs.thesocialmedia.com\/leblogmoto\/#website","url":"https:\/\/blogs.thesocialmedia.com\/leblogmoto\/","name":"leblogmoto","description":"Toute l&#039;actualit\u00e9 des 2 roues","potentialAction":[{"@type":"SearchAction","target":{"@type":"EntryPoint","urlTemplate":"https:\/\/blogs.thesocialmedia.com\/leblogmoto\/?s={search_term_string}"},"query-input":{"@type":"PropertyValueSpecification","valueRequired":true,"valueName":"search_term_string"}}],"inLanguage":"fr-FR"},{"@type":"Person","@id":"https:\/\/blogs.thesocialmedia.com\/leblogmoto\/#\/schema\/person\/18bfe773e5725ed6d24f743da805362a","name":"benoit rieu","image":{"@type":"ImageObject","inLanguage":"fr-FR","@id":"https:\/\/blogs.thesocialmedia.com\/leblogmoto\/#\/schema\/person\/image\/","url":"https:\/\/secure.gravatar.com\/avatar\/?s=96&d=mm&r=g","contentUrl":"https:\/\/secure.gravatar.com\/avatar\/?s=96&d=mm&r=g","caption":"benoit rieu"},"url":"https:\/\/blogs.thesocialmedia.com\/leblogmoto\/author\/benoit-rieu\/"}]}},"_links":{"self":[{"href":"https:\/\/blogs.thesocialmedia.com\/leblogmoto\/wp-json\/wp\/v2\/posts\/1150","targetHints":{"allow":["GET"]}}],"collection":[{"href":"https:\/\/blogs.thesocialmedia.com\/leblogmoto\/wp-json\/wp\/v2\/posts"}],"about":[{"href":"https:\/\/blogs.thesocialmedia.com\/leblogmoto\/wp-json\/wp\/v2\/types\/post"}],"author":[{"embeddable":true,"href":"https:\/\/blogs.thesocialmedia.com\/leblogmoto\/wp-json\/wp\/v2\/users\/324"}],"replies":[{"embeddable":true,"href":"https:\/\/blogs.thesocialmedia.com\/leblogmoto\/wp-json\/wp\/v2\/comments?post=1150"}],"version-history":[{"count":2,"href":"https:\/\/blogs.thesocialmedia.com\/leblogmoto\/wp-json\/wp\/v2\/posts\/1150\/revisions"}],"predecessor-version":[{"id":8977,"href":"https:\/\/blogs.thesocialmedia.com\/leblogmoto\/wp-json\/wp\/v2\/posts\/1150\/revisions\/8977"}],"wp:attachment":[{"href":"https:\/\/blogs.thesocialmedia.com\/leblogmoto\/wp-json\/wp\/v2\/media?parent=1150"}],"wp:term":[{"taxonomy":"category","embeddable":true,"href":"https:\/\/blogs.thesocialmedia.com\/leblogmoto\/wp-json\/wp\/v2\/categories?post=1150"},{"taxonomy":"post_tag","embeddable":true,"href":"https:\/\/blogs.thesocialmedia.com\/leblogmoto\/wp-json\/wp\/v2\/tags?post=1150"}],"curies":[{"name":"wp","href":"https:\/\/api.w.org\/{rel}","templated":true}]}}