{"id":1151,"date":"2007-10-25T17:32:39","date_gmt":"2007-10-25T17:32:39","guid":{"rendered":"http:\/\/blogs.thesocialmedia.com\/leblogmoto\/2007\/10\/25\/le-point-sur-le\/"},"modified":"2012-07-11T14:50:45","modified_gmt":"2012-07-11T14:50:45","slug":"le-point-sur-le","status":"publish","type":"post","link":"https:\/\/blogs.thesocialmedia.com\/leblogmoto\/2007\/10\/25\/le-point-sur-le\/","title":{"rendered":"Le point sur les limitations de vitesse avec le \u00ab\u00a0Grenelle\u00a0\u00bb"},"content":{"rendered":"<p><a href=\"http:\/\/blogs.thesocialmedia.com\/leblogmoto\/files\/2012\/07\/honda_cbr_1000_rr_2008_compteur_.jpg\"><img loading=\"lazy\" decoding=\"async\" width=\"470\" height=\"322\"  alt=\"Honda_cbr_1000_rr_2008_compteur_\" src=\"http:\/\/www.leblogmoto.com\/images\/2007\/10\/25\/honda_cbr_1000_rr_2008_compteur_.jpg\" \/><\/a><\/p>\n<p>Apparemment le tachym\u00e8tre digital* de cette nouvelle Honda CBR 1000 RR devrait toujours pouvoir tutoyer les 130 sur autoroute tout en restant dans la l\u00e9galit\u00e9. Heureusement pour leur propri\u00e9taire, car une diminution de 10 km\/h aurait mis <a href=\"http:\/\/www.leblogmoto.com\/2007\/10\/fiabilit-des-ra.html\">certains &quot;flashages&quot;<\/a> \u00e0 un niveau plut\u00f4t bas. Cependant tout n&rsquo;est pas aussi rose que votre permis: la Pr\u00e9fecture de police de Paris vient d&rsquo;instaurer une limitation de vitesse <em>unique,<\/em> \u00e0 50 km\/h pour les voies sur berges. &lsquo;Bon \u00e0 savoir donc&#8230; <\/p>\n<p>Alors que jusqu&rsquo;\u00e0 pr\u00e9sent on pouvait rouler jusqu&rsquo;\u00e0 70 km\/h sur certaines parties de celles-ci, l&rsquo;argument avanc\u00e9 est que les diff\u00e9rentiels de vitesse sont \u00e0 l&rsquo;origine de nombreux accidents et sont pr\u00e9judiciables \u00e0 la fluidit\u00e9 du trafic. <\/p>\n<p>Pour en revenir au &quot;Grenelle&quot; dont on nous rebat les oreilles: en vue de r\u00e9duire les rejets de CO2 le collectif agir pour l&rsquo;environnement proposait de r\u00e9duire la vitesse de l&rsquo;ensemble des v\u00e9hicules sur autoroute de 10 km\/h pour l&rsquo;ensemble des v\u00e9hicules. Mais cette mesure n&rsquo;a pas fait l&rsquo;objet d&rsquo;un consensus et n&rsquo;a pas \u00e9t\u00e9 retenue par la table ronde du Grenelle de l&rsquo;environnement.<\/p>\n<p>Le 15 d\u00e9cembre devraient \u00eatre pr\u00e9sent\u00e9s au parlement des &quot;plans programmes&quot; issus de ce grand brainstorming \u00e9colo, dont la fameuse \u00e9copastille qui devrait surtout toucher les automobilistes. L&rsquo;occasion de presser un peu plus les pis de nos mamelles de vaches \u00e0 lait en tout cas, l&rsquo;Elys\u00e9e ayant finalement <a href=\"http:\/\/www.europe1.fr\/informations\/articles\/756484\/taxe-co2--c-est-ok-pour-l-elysee.html\">arbitr\u00e9 pour une taxe CO2<\/a>.<\/p>\n<p><em>*d&rsquo;autant que certains de ces &quot;tachy&quot; donnent l&rsquo;impression de corriger la vitesse r\u00e9elle, une sorte de vitesse restante s&rsquo;affichant lorsque la moto vient juste de s&rsquo;arr\u00eater, avant de revenir \u00e0 z\u00e9ro: ce n&rsquo;est pas une excuse hein, mais une simple constatation. Non, je ne donnerai pas de noms, de marques ou de mod\u00e8les, pas aujourd&rsquo;hui, h\u00e9h\u00e9&#8230;<\/em><\/p>\n<p><em>cr\u00e9dit photo: image constructeur <a href=\"http:\/\/moto.honda.fr\/\">Honda<\/a> <\/em><\/p>\n<p><em>sources: 20minutes.fr, lexpress.fr, Europe1.fr<a href=\"http:\/\/moto.honda.fr\/\"><\/a><\/em><\/p>\n","protected":false},"excerpt":{"rendered":"<p>Apparemment le tachym\u00e8tre digital* de cette nouvelle Honda CBR 1000 RR devrait toujours pouvoir tutoyer les 130 sur autoroute tout en restant dans la l\u00e9galit\u00e9. Heureusement pour leur propri\u00e9taire, car une diminution de 10 km\/h aurait mis certains &quot;flashages&quot; \u00e0 un niveau plut\u00f4t bas. Cependant tout n&rsquo;est pas aussi rose que votre permis: la Pr\u00e9fecture [&hellip;]<\/p>\n","protected":false},"author":324,"featured_media":0,"comment_status":"open","ping_status":"open","sticky":false,"template":"","format":"standard","meta":{"footnotes":""},"categories":[3,30,27],"tags":[],"class_list":["post-1151","post","type-post","status-publish","format-standard","hentry","category-actualite","category-bio-carburantsvehicules-propres","category-securite"],"yoast_head":"<!-- This site is optimized with the Yoast SEO plugin v26.0 - https:\/\/yoast.com\/wordpress\/plugins\/seo\/ -->\n<title>Le point sur les limitations de vitesse avec le &quot;Grenelle&quot; - leblogmoto.com<\/title>\n<meta name=\"robots\" content=\"index, follow, max-snippet:-1, max-image-preview:large, max-video-preview:-1\" \/>\n<link rel=\"canonical\" href=\"https:\/\/blogs.thesocialmedia.com\/leblogmoto\/2007\/10\/25\/le-point-sur-le\/\" \/>\n<meta name=\"twitter:card\" content=\"summary_large_image\" \/>\n<meta name=\"twitter:title\" content=\"Le point sur les limitations de vitesse avec le &quot;Grenelle&quot; - leblogmoto.com\" \/>\n<meta name=\"twitter:description\" content=\"Apparemment le tachym\u00e8tre digital* de cette nouvelle Honda CBR 1000 RR devrait toujours pouvoir tutoyer les 130 sur autoroute tout en restant dans la l\u00e9galit\u00e9. Heureusement pour leur propri\u00e9taire, car une diminution de 10 km\/h aurait mis certains &quot;flashages&quot; \u00e0 un niveau plut\u00f4t bas. Cependant tout n&rsquo;est pas aussi rose que votre permis: la Pr\u00e9fecture [&hellip;]\" \/>\n<meta name=\"twitter:image\" content=\"http:\/\/www.leblogmoto.com\/images\/2007\/10\/25\/honda_cbr_1000_rr_2008_compteur_.jpg\" \/>\n<meta name=\"twitter:label1\" content=\"\u00c9crit par\" \/>\n\t<meta name=\"twitter:data1\" content=\"benoit rieu\" \/>\n\t<meta name=\"twitter:label2\" content=\"Dur\u00e9e de lecture estim\u00e9e\" \/>\n\t<meta name=\"twitter:data2\" content=\"2 minutes\" \/>\n<script type=\"application\/ld+json\" class=\"yoast-schema-graph\">{\"@context\":\"https:\/\/schema.org\",\"@graph\":[{\"@type\":\"WebPage\",\"@id\":\"https:\/\/blogs.thesocialmedia.com\/leblogmoto\/2007\/10\/25\/le-point-sur-le\/\",\"url\":\"https:\/\/blogs.thesocialmedia.com\/leblogmoto\/2007\/10\/25\/le-point-sur-le\/\",\"name\":\"Le point sur les limitations de vitesse avec le \\\"Grenelle\\\" - leblogmoto.com\",\"isPartOf\":{\"@id\":\"https:\/\/blogs.thesocialmedia.com\/leblogmoto\/#website\"},\"primaryImageOfPage\":{\"@id\":\"https:\/\/blogs.thesocialmedia.com\/leblogmoto\/2007\/10\/25\/le-point-sur-le\/#primaryimage\"},\"image\":{\"@id\":\"https:\/\/blogs.thesocialmedia.com\/leblogmoto\/2007\/10\/25\/le-point-sur-le\/#primaryimage\"},\"thumbnailUrl\":\"http:\/\/www.leblogmoto.com\/images\/2007\/10\/25\/honda_cbr_1000_rr_2008_compteur_.jpg\",\"datePublished\":\"2007-10-25T17:32:39+00:00\",\"dateModified\":\"2012-07-11T14:50:45+00:00\",\"author\":{\"@id\":\"https:\/\/blogs.thesocialmedia.com\/leblogmoto\/#\/schema\/person\/18bfe773e5725ed6d24f743da805362a\"},\"breadcrumb\":{\"@id\":\"https:\/\/blogs.thesocialmedia.com\/leblogmoto\/2007\/10\/25\/le-point-sur-le\/#breadcrumb\"},\"inLanguage\":\"fr-FR\",\"potentialAction\":[{\"@type\":\"ReadAction\",\"target\":[\"https:\/\/blogs.thesocialmedia.com\/leblogmoto\/2007\/10\/25\/le-point-sur-le\/\"]}]},{\"@type\":\"ImageObject\",\"inLanguage\":\"fr-FR\",\"@id\":\"https:\/\/blogs.thesocialmedia.com\/leblogmoto\/2007\/10\/25\/le-point-sur-le\/#primaryimage\",\"url\":\"http:\/\/www.leblogmoto.com\/images\/2007\/10\/25\/honda_cbr_1000_rr_2008_compteur_.jpg\",\"contentUrl\":\"http:\/\/www.leblogmoto.com\/images\/2007\/10\/25\/honda_cbr_1000_rr_2008_compteur_.jpg\"},{\"@type\":\"BreadcrumbList\",\"@id\":\"https:\/\/blogs.thesocialmedia.com\/leblogmoto\/2007\/10\/25\/le-point-sur-le\/#breadcrumb\",\"itemListElement\":[{\"@type\":\"ListItem\",\"position\":1,\"name\":\"Accueil\",\"item\":\"https:\/\/blogs.thesocialmedia.com\/leblogmoto\/\"},{\"@type\":\"ListItem\",\"position\":2,\"name\":\"Le point sur les limitations de vitesse avec le \u00ab\u00a0Grenelle\u00a0\u00bb\"}]},{\"@type\":\"WebSite\",\"@id\":\"https:\/\/blogs.thesocialmedia.com\/leblogmoto\/#website\",\"url\":\"https:\/\/blogs.thesocialmedia.com\/leblogmoto\/\",\"name\":\"leblogmoto\",\"description\":\"Toute l&#039;actualit\u00e9 des 2 roues\",\"potentialAction\":[{\"@type\":\"SearchAction\",\"target\":{\"@type\":\"EntryPoint\",\"urlTemplate\":\"https:\/\/blogs.thesocialmedia.com\/leblogmoto\/?s={search_term_string}\"},\"query-input\":{\"@type\":\"PropertyValueSpecification\",\"valueRequired\":true,\"valueName\":\"search_term_string\"}}],\"inLanguage\":\"fr-FR\"},{\"@type\":\"Person\",\"@id\":\"https:\/\/blogs.thesocialmedia.com\/leblogmoto\/#\/schema\/person\/18bfe773e5725ed6d24f743da805362a\",\"name\":\"benoit rieu\",\"image\":{\"@type\":\"ImageObject\",\"inLanguage\":\"fr-FR\",\"@id\":\"https:\/\/blogs.thesocialmedia.com\/leblogmoto\/#\/schema\/person\/image\/\",\"url\":\"https:\/\/secure.gravatar.com\/avatar\/?s=96&d=mm&r=g\",\"contentUrl\":\"https:\/\/secure.gravatar.com\/avatar\/?s=96&d=mm&r=g\",\"caption\":\"benoit rieu\"},\"url\":\"https:\/\/blogs.thesocialmedia.com\/leblogmoto\/author\/benoit-rieu\/\"}]}<\/script>\n<!-- \/ Yoast SEO plugin. -->","yoast_head_json":{"title":"Le point sur les limitations de vitesse avec le \"Grenelle\" - leblogmoto.com","robots":{"index":"index","follow":"follow","max-snippet":"max-snippet:-1","max-image-preview":"max-image-preview:large","max-video-preview":"max-video-preview:-1"},"canonical":"https:\/\/blogs.thesocialmedia.com\/leblogmoto\/2007\/10\/25\/le-point-sur-le\/","twitter_card":"summary_large_image","twitter_title":"Le point sur les limitations de vitesse avec le \"Grenelle\" - leblogmoto.com","twitter_description":"Apparemment le tachym\u00e8tre digital* de cette nouvelle Honda CBR 1000 RR devrait toujours pouvoir tutoyer les 130 sur autoroute tout en restant dans la l\u00e9galit\u00e9. Heureusement pour leur propri\u00e9taire, car une diminution de 10 km\/h aurait mis certains &quot;flashages&quot; \u00e0 un niveau plut\u00f4t bas. Cependant tout n&rsquo;est pas aussi rose que votre permis: la Pr\u00e9fecture [&hellip;]","twitter_image":"http:\/\/www.leblogmoto.com\/images\/2007\/10\/25\/honda_cbr_1000_rr_2008_compteur_.jpg","twitter_misc":{"\u00c9crit par":"benoit rieu","Dur\u00e9e de lecture estim\u00e9e":"2 minutes"},"schema":{"@context":"https:\/\/schema.org","@graph":[{"@type":"WebPage","@id":"https:\/\/blogs.thesocialmedia.com\/leblogmoto\/2007\/10\/25\/le-point-sur-le\/","url":"https:\/\/blogs.thesocialmedia.com\/leblogmoto\/2007\/10\/25\/le-point-sur-le\/","name":"Le point sur les limitations de vitesse avec le \"Grenelle\" - leblogmoto.com","isPartOf":{"@id":"https:\/\/blogs.thesocialmedia.com\/leblogmoto\/#website"},"primaryImageOfPage":{"@id":"https:\/\/blogs.thesocialmedia.com\/leblogmoto\/2007\/10\/25\/le-point-sur-le\/#primaryimage"},"image":{"@id":"https:\/\/blogs.thesocialmedia.com\/leblogmoto\/2007\/10\/25\/le-point-sur-le\/#primaryimage"},"thumbnailUrl":"http:\/\/www.leblogmoto.com\/images\/2007\/10\/25\/honda_cbr_1000_rr_2008_compteur_.jpg","datePublished":"2007-10-25T17:32:39+00:00","dateModified":"2012-07-11T14:50:45+00:00","author":{"@id":"https:\/\/blogs.thesocialmedia.com\/leblogmoto\/#\/schema\/person\/18bfe773e5725ed6d24f743da805362a"},"breadcrumb":{"@id":"https:\/\/blogs.thesocialmedia.com\/leblogmoto\/2007\/10\/25\/le-point-sur-le\/#breadcrumb"},"inLanguage":"fr-FR","potentialAction":[{"@type":"ReadAction","target":["https:\/\/blogs.thesocialmedia.com\/leblogmoto\/2007\/10\/25\/le-point-sur-le\/"]}]},{"@type":"ImageObject","inLanguage":"fr-FR","@id":"https:\/\/blogs.thesocialmedia.com\/leblogmoto\/2007\/10\/25\/le-point-sur-le\/#primaryimage","url":"http:\/\/www.leblogmoto.com\/images\/2007\/10\/25\/honda_cbr_1000_rr_2008_compteur_.jpg","contentUrl":"http:\/\/www.leblogmoto.com\/images\/2007\/10\/25\/honda_cbr_1000_rr_2008_compteur_.jpg"},{"@type":"BreadcrumbList","@id":"https:\/\/blogs.thesocialmedia.com\/leblogmoto\/2007\/10\/25\/le-point-sur-le\/#breadcrumb","itemListElement":[{"@type":"ListItem","position":1,"name":"Accueil","item":"https:\/\/blogs.thesocialmedia.com\/leblogmoto\/"},{"@type":"ListItem","position":2,"name":"Le point sur les limitations de vitesse avec le \u00ab\u00a0Grenelle\u00a0\u00bb"}]},{"@type":"WebSite","@id":"https:\/\/blogs.thesocialmedia.com\/leblogmoto\/#website","url":"https:\/\/blogs.thesocialmedia.com\/leblogmoto\/","name":"leblogmoto","description":"Toute l&#039;actualit\u00e9 des 2 roues","potentialAction":[{"@type":"SearchAction","target":{"@type":"EntryPoint","urlTemplate":"https:\/\/blogs.thesocialmedia.com\/leblogmoto\/?s={search_term_string}"},"query-input":{"@type":"PropertyValueSpecification","valueRequired":true,"valueName":"search_term_string"}}],"inLanguage":"fr-FR"},{"@type":"Person","@id":"https:\/\/blogs.thesocialmedia.com\/leblogmoto\/#\/schema\/person\/18bfe773e5725ed6d24f743da805362a","name":"benoit rieu","image":{"@type":"ImageObject","inLanguage":"fr-FR","@id":"https:\/\/blogs.thesocialmedia.com\/leblogmoto\/#\/schema\/person\/image\/","url":"https:\/\/secure.gravatar.com\/avatar\/?s=96&d=mm&r=g","contentUrl":"https:\/\/secure.gravatar.com\/avatar\/?s=96&d=mm&r=g","caption":"benoit rieu"},"url":"https:\/\/blogs.thesocialmedia.com\/leblogmoto\/author\/benoit-rieu\/"}]}},"_links":{"self":[{"href":"https:\/\/blogs.thesocialmedia.com\/leblogmoto\/wp-json\/wp\/v2\/posts\/1151","targetHints":{"allow":["GET"]}}],"collection":[{"href":"https:\/\/blogs.thesocialmedia.com\/leblogmoto\/wp-json\/wp\/v2\/posts"}],"about":[{"href":"https:\/\/blogs.thesocialmedia.com\/leblogmoto\/wp-json\/wp\/v2\/types\/post"}],"author":[{"embeddable":true,"href":"https:\/\/blogs.thesocialmedia.com\/leblogmoto\/wp-json\/wp\/v2\/users\/324"}],"replies":[{"embeddable":true,"href":"https:\/\/blogs.thesocialmedia.com\/leblogmoto\/wp-json\/wp\/v2\/comments?post=1151"}],"version-history":[{"count":2,"href":"https:\/\/blogs.thesocialmedia.com\/leblogmoto\/wp-json\/wp\/v2\/posts\/1151\/revisions"}],"predecessor-version":[{"id":8970,"href":"https:\/\/blogs.thesocialmedia.com\/leblogmoto\/wp-json\/wp\/v2\/posts\/1151\/revisions\/8970"}],"wp:attachment":[{"href":"https:\/\/blogs.thesocialmedia.com\/leblogmoto\/wp-json\/wp\/v2\/media?parent=1151"}],"wp:term":[{"taxonomy":"category","embeddable":true,"href":"https:\/\/blogs.thesocialmedia.com\/leblogmoto\/wp-json\/wp\/v2\/categories?post=1151"},{"taxonomy":"post_tag","embeddable":true,"href":"https:\/\/blogs.thesocialmedia.com\/leblogmoto\/wp-json\/wp\/v2\/tags?post=1151"}],"curies":[{"name":"wp","href":"https:\/\/api.w.org\/{rel}","templated":true}]}}