{"id":1152,"date":"2007-10-25T05:09:48","date_gmt":"2007-10-25T05:09:48","guid":{"rendered":"http:\/\/blogs.thesocialmedia.com\/leblogmoto\/2007\/10\/25\/cagiva-mito-200\/"},"modified":"2012-07-11T14:50:42","modified_gmt":"2012-07-11T14:50:42","slug":"cagiva-mito-200","status":"publish","type":"post","link":"https:\/\/blogs.thesocialmedia.com\/leblogmoto\/2007\/10\/25\/cagiva-mito-200\/","title":{"rendered":"Cagiva Mito 2008 \u00e0 Milan"},"content":{"rendered":"<p><a href=\"http:\/\/blogs.thesocialmedia.com\/leblogmoto\/files\/2012\/07\/cagiva.jpg\"><img loading=\"lazy\" decoding=\"async\" width=\"470\" height=\"181\"  alt=\"Cagiva\" src=\"http:\/\/www.leblogmoto.com\/images\/2007\/10\/24\/cagiva.jpg\" \/><\/a> <\/p>\n<p>Cette image \u00e0 droite est semble-t-il la nouvelle Mito 125 qui devrait \u00eatre d\u00e9voil\u00e9 dans moins de deux semaines \u00e0 Milan. Cette nouvelle Ducati, pardon <a href=\"http:\/\/www.cagiva.it\/\">Cagiva<\/a>, se met le nez dans son pass\u00e9 avec un museau justement inspir\u00e9 de la <a href=\"http:\/\/www.cagivaonline.dk\/modeller\/C594.htm\">C594<\/a> et de la SP 525. Pas de nouvelles, du moins je n&rsquo;en ai pas, \u00e0 savoir si on reste fid\u00e8le \u00e0 l&rsquo;ant\u00e9diluvien, mais si sympathique, deux temps, ou si l&rsquo;on passe du c\u00f4t\u00e9 sombre de la force avec un quatre-temps plus respectueux de l&rsquo;air que nous respirons.<br \/>J&rsquo;irais bien \u00e0 Milan cette ann\u00e9e tiens. Celles et ceux qui y seront ne devraient pas \u00eatre d\u00e9\u00e7us.<\/p>\n<p><a href=\"http:\/\/clabedan.typepad.com\/.shared\/image.html?\/photos\/uncategorized\/2007\/10\/24\/art_4785_2_01.jpg\"><img loading=\"lazy\" decoding=\"async\" width=\"470\" height=\"338\"  alt=\"Art_4785_2_01\" src=\"http:\/\/www.leblogmoto.com\/images\/2007\/10\/24\/art_4785_2_01.jpg\" \/><\/a> <\/p>\n<p><a href=\"http:\/\/blogs.thesocialmedia.com\/leblogmoto\/files\/2012\/07\/newmito.jpg\"><img loading=\"lazy\" decoding=\"async\" width=\"470\" height=\"352\"  alt=\"Newmito\" src=\"http:\/\/www.leblogmoto.com\/images\/2007\/10\/24\/newmito.jpg\" \/><\/a> <\/p>\n","protected":false},"excerpt":{"rendered":"<p>Cette image \u00e0 droite est semble-t-il la nouvelle Mito 125 qui devrait \u00eatre d\u00e9voil\u00e9 dans moins de deux semaines \u00e0 Milan. Cette nouvelle Ducati, pardon Cagiva, se met le nez dans son pass\u00e9 avec un museau justement inspir\u00e9 de la C594 et de la SP 525. Pas de nouvelles, du moins je n&rsquo;en ai pas, [&hellip;]<\/p>\n","protected":false},"author":325,"featured_media":0,"comment_status":"open","ping_status":"open","sticky":false,"template":"","format":"standard","meta":{"footnotes":""},"categories":[3,41,36],"tags":[],"class_list":["post-1152","post","type-post","status-publish","format-standard","hentry","category-actualite","category-ducati","category-salons"],"yoast_head":"<!-- This site is optimized with the Yoast SEO plugin v26.0 - https:\/\/yoast.com\/wordpress\/plugins\/seo\/ -->\n<title>Cagiva Mito 2008 \u00e0 Milan - leblogmoto.com<\/title>\n<meta name=\"robots\" content=\"index, follow, max-snippet:-1, max-image-preview:large, max-video-preview:-1\" \/>\n<link rel=\"canonical\" href=\"https:\/\/blogs.thesocialmedia.com\/leblogmoto\/2007\/10\/25\/cagiva-mito-200\/\" \/>\n<meta name=\"twitter:card\" content=\"summary_large_image\" \/>\n<meta name=\"twitter:title\" content=\"Cagiva Mito 2008 \u00e0 Milan - leblogmoto.com\" \/>\n<meta name=\"twitter:description\" content=\"Cette image \u00e0 droite est semble-t-il la nouvelle Mito 125 qui devrait \u00eatre d\u00e9voil\u00e9 dans moins de deux semaines \u00e0 Milan. Cette nouvelle Ducati, pardon Cagiva, se met le nez dans son pass\u00e9 avec un museau justement inspir\u00e9 de la C594 et de la SP 525. Pas de nouvelles, du moins je n&rsquo;en ai pas, [&hellip;]\" \/>\n<meta name=\"twitter:image\" content=\"http:\/\/www.leblogmoto.com\/images\/2007\/10\/24\/cagiva.jpg\" \/>\n<meta name=\"twitter:label1\" content=\"\u00c9crit par\" \/>\n\t<meta name=\"twitter:data1\" content=\"jacques lesage\" \/>\n\t<meta name=\"twitter:label2\" content=\"Dur\u00e9e de lecture estim\u00e9e\" \/>\n\t<meta name=\"twitter:data2\" content=\"1 minute\" \/>\n<script type=\"application\/ld+json\" class=\"yoast-schema-graph\">{\"@context\":\"https:\/\/schema.org\",\"@graph\":[{\"@type\":\"WebPage\",\"@id\":\"https:\/\/blogs.thesocialmedia.com\/leblogmoto\/2007\/10\/25\/cagiva-mito-200\/\",\"url\":\"https:\/\/blogs.thesocialmedia.com\/leblogmoto\/2007\/10\/25\/cagiva-mito-200\/\",\"name\":\"Cagiva Mito 2008 \u00e0 Milan - leblogmoto.com\",\"isPartOf\":{\"@id\":\"https:\/\/blogs.thesocialmedia.com\/leblogmoto\/#website\"},\"primaryImageOfPage\":{\"@id\":\"https:\/\/blogs.thesocialmedia.com\/leblogmoto\/2007\/10\/25\/cagiva-mito-200\/#primaryimage\"},\"image\":{\"@id\":\"https:\/\/blogs.thesocialmedia.com\/leblogmoto\/2007\/10\/25\/cagiva-mito-200\/#primaryimage\"},\"thumbnailUrl\":\"http:\/\/www.leblogmoto.com\/images\/2007\/10\/24\/cagiva.jpg\",\"datePublished\":\"2007-10-25T05:09:48+00:00\",\"dateModified\":\"2012-07-11T14:50:42+00:00\",\"author\":{\"@id\":\"https:\/\/blogs.thesocialmedia.com\/leblogmoto\/#\/schema\/person\/e82a0ca8a9a63d031586097a3ed58526\"},\"breadcrumb\":{\"@id\":\"https:\/\/blogs.thesocialmedia.com\/leblogmoto\/2007\/10\/25\/cagiva-mito-200\/#breadcrumb\"},\"inLanguage\":\"fr-FR\",\"potentialAction\":[{\"@type\":\"ReadAction\",\"target\":[\"https:\/\/blogs.thesocialmedia.com\/leblogmoto\/2007\/10\/25\/cagiva-mito-200\/\"]}]},{\"@type\":\"ImageObject\",\"inLanguage\":\"fr-FR\",\"@id\":\"https:\/\/blogs.thesocialmedia.com\/leblogmoto\/2007\/10\/25\/cagiva-mito-200\/#primaryimage\",\"url\":\"http:\/\/www.leblogmoto.com\/images\/2007\/10\/24\/cagiva.jpg\",\"contentUrl\":\"http:\/\/www.leblogmoto.com\/images\/2007\/10\/24\/cagiva.jpg\"},{\"@type\":\"BreadcrumbList\",\"@id\":\"https:\/\/blogs.thesocialmedia.com\/leblogmoto\/2007\/10\/25\/cagiva-mito-200\/#breadcrumb\",\"itemListElement\":[{\"@type\":\"ListItem\",\"position\":1,\"name\":\"Accueil\",\"item\":\"https:\/\/blogs.thesocialmedia.com\/leblogmoto\/\"},{\"@type\":\"ListItem\",\"position\":2,\"name\":\"Cagiva Mito 2008 \u00e0 Milan\"}]},{\"@type\":\"WebSite\",\"@id\":\"https:\/\/blogs.thesocialmedia.com\/leblogmoto\/#website\",\"url\":\"https:\/\/blogs.thesocialmedia.com\/leblogmoto\/\",\"name\":\"leblogmoto\",\"description\":\"Toute l&#039;actualit\u00e9 des 2 roues\",\"potentialAction\":[{\"@type\":\"SearchAction\",\"target\":{\"@type\":\"EntryPoint\",\"urlTemplate\":\"https:\/\/blogs.thesocialmedia.com\/leblogmoto\/?s={search_term_string}\"},\"query-input\":{\"@type\":\"PropertyValueSpecification\",\"valueRequired\":true,\"valueName\":\"search_term_string\"}}],\"inLanguage\":\"fr-FR\"},{\"@type\":\"Person\",\"@id\":\"https:\/\/blogs.thesocialmedia.com\/leblogmoto\/#\/schema\/person\/e82a0ca8a9a63d031586097a3ed58526\",\"name\":\"jacques lesage\",\"image\":{\"@type\":\"ImageObject\",\"inLanguage\":\"fr-FR\",\"@id\":\"https:\/\/blogs.thesocialmedia.com\/leblogmoto\/#\/schema\/person\/image\/\",\"url\":\"https:\/\/secure.gravatar.com\/avatar\/?s=96&d=mm&r=g\",\"contentUrl\":\"https:\/\/secure.gravatar.com\/avatar\/?s=96&d=mm&r=g\",\"caption\":\"jacques lesage\"},\"url\":\"https:\/\/blogs.thesocialmedia.com\/leblogmoto\/author\/jacques-lesage\/\"}]}<\/script>\n<!-- \/ Yoast SEO plugin. -->","yoast_head_json":{"title":"Cagiva Mito 2008 \u00e0 Milan - leblogmoto.com","robots":{"index":"index","follow":"follow","max-snippet":"max-snippet:-1","max-image-preview":"max-image-preview:large","max-video-preview":"max-video-preview:-1"},"canonical":"https:\/\/blogs.thesocialmedia.com\/leblogmoto\/2007\/10\/25\/cagiva-mito-200\/","twitter_card":"summary_large_image","twitter_title":"Cagiva Mito 2008 \u00e0 Milan - leblogmoto.com","twitter_description":"Cette image \u00e0 droite est semble-t-il la nouvelle Mito 125 qui devrait \u00eatre d\u00e9voil\u00e9 dans moins de deux semaines \u00e0 Milan. Cette nouvelle Ducati, pardon Cagiva, se met le nez dans son pass\u00e9 avec un museau justement inspir\u00e9 de la C594 et de la SP 525. Pas de nouvelles, du moins je n&rsquo;en ai pas, [&hellip;]","twitter_image":"http:\/\/www.leblogmoto.com\/images\/2007\/10\/24\/cagiva.jpg","twitter_misc":{"\u00c9crit par":"jacques lesage","Dur\u00e9e de lecture estim\u00e9e":"1 minute"},"schema":{"@context":"https:\/\/schema.org","@graph":[{"@type":"WebPage","@id":"https:\/\/blogs.thesocialmedia.com\/leblogmoto\/2007\/10\/25\/cagiva-mito-200\/","url":"https:\/\/blogs.thesocialmedia.com\/leblogmoto\/2007\/10\/25\/cagiva-mito-200\/","name":"Cagiva Mito 2008 \u00e0 Milan - leblogmoto.com","isPartOf":{"@id":"https:\/\/blogs.thesocialmedia.com\/leblogmoto\/#website"},"primaryImageOfPage":{"@id":"https:\/\/blogs.thesocialmedia.com\/leblogmoto\/2007\/10\/25\/cagiva-mito-200\/#primaryimage"},"image":{"@id":"https:\/\/blogs.thesocialmedia.com\/leblogmoto\/2007\/10\/25\/cagiva-mito-200\/#primaryimage"},"thumbnailUrl":"http:\/\/www.leblogmoto.com\/images\/2007\/10\/24\/cagiva.jpg","datePublished":"2007-10-25T05:09:48+00:00","dateModified":"2012-07-11T14:50:42+00:00","author":{"@id":"https:\/\/blogs.thesocialmedia.com\/leblogmoto\/#\/schema\/person\/e82a0ca8a9a63d031586097a3ed58526"},"breadcrumb":{"@id":"https:\/\/blogs.thesocialmedia.com\/leblogmoto\/2007\/10\/25\/cagiva-mito-200\/#breadcrumb"},"inLanguage":"fr-FR","potentialAction":[{"@type":"ReadAction","target":["https:\/\/blogs.thesocialmedia.com\/leblogmoto\/2007\/10\/25\/cagiva-mito-200\/"]}]},{"@type":"ImageObject","inLanguage":"fr-FR","@id":"https:\/\/blogs.thesocialmedia.com\/leblogmoto\/2007\/10\/25\/cagiva-mito-200\/#primaryimage","url":"http:\/\/www.leblogmoto.com\/images\/2007\/10\/24\/cagiva.jpg","contentUrl":"http:\/\/www.leblogmoto.com\/images\/2007\/10\/24\/cagiva.jpg"},{"@type":"BreadcrumbList","@id":"https:\/\/blogs.thesocialmedia.com\/leblogmoto\/2007\/10\/25\/cagiva-mito-200\/#breadcrumb","itemListElement":[{"@type":"ListItem","position":1,"name":"Accueil","item":"https:\/\/blogs.thesocialmedia.com\/leblogmoto\/"},{"@type":"ListItem","position":2,"name":"Cagiva Mito 2008 \u00e0 Milan"}]},{"@type":"WebSite","@id":"https:\/\/blogs.thesocialmedia.com\/leblogmoto\/#website","url":"https:\/\/blogs.thesocialmedia.com\/leblogmoto\/","name":"leblogmoto","description":"Toute l&#039;actualit\u00e9 des 2 roues","potentialAction":[{"@type":"SearchAction","target":{"@type":"EntryPoint","urlTemplate":"https:\/\/blogs.thesocialmedia.com\/leblogmoto\/?s={search_term_string}"},"query-input":{"@type":"PropertyValueSpecification","valueRequired":true,"valueName":"search_term_string"}}],"inLanguage":"fr-FR"},{"@type":"Person","@id":"https:\/\/blogs.thesocialmedia.com\/leblogmoto\/#\/schema\/person\/e82a0ca8a9a63d031586097a3ed58526","name":"jacques lesage","image":{"@type":"ImageObject","inLanguage":"fr-FR","@id":"https:\/\/blogs.thesocialmedia.com\/leblogmoto\/#\/schema\/person\/image\/","url":"https:\/\/secure.gravatar.com\/avatar\/?s=96&d=mm&r=g","contentUrl":"https:\/\/secure.gravatar.com\/avatar\/?s=96&d=mm&r=g","caption":"jacques lesage"},"url":"https:\/\/blogs.thesocialmedia.com\/leblogmoto\/author\/jacques-lesage\/"}]}},"_links":{"self":[{"href":"https:\/\/blogs.thesocialmedia.com\/leblogmoto\/wp-json\/wp\/v2\/posts\/1152","targetHints":{"allow":["GET"]}}],"collection":[{"href":"https:\/\/blogs.thesocialmedia.com\/leblogmoto\/wp-json\/wp\/v2\/posts"}],"about":[{"href":"https:\/\/blogs.thesocialmedia.com\/leblogmoto\/wp-json\/wp\/v2\/types\/post"}],"author":[{"embeddable":true,"href":"https:\/\/blogs.thesocialmedia.com\/leblogmoto\/wp-json\/wp\/v2\/users\/325"}],"replies":[{"embeddable":true,"href":"https:\/\/blogs.thesocialmedia.com\/leblogmoto\/wp-json\/wp\/v2\/comments?post=1152"}],"version-history":[{"count":2,"href":"https:\/\/blogs.thesocialmedia.com\/leblogmoto\/wp-json\/wp\/v2\/posts\/1152\/revisions"}],"predecessor-version":[{"id":8968,"href":"https:\/\/blogs.thesocialmedia.com\/leblogmoto\/wp-json\/wp\/v2\/posts\/1152\/revisions\/8968"}],"wp:attachment":[{"href":"https:\/\/blogs.thesocialmedia.com\/leblogmoto\/wp-json\/wp\/v2\/media?parent=1152"}],"wp:term":[{"taxonomy":"category","embeddable":true,"href":"https:\/\/blogs.thesocialmedia.com\/leblogmoto\/wp-json\/wp\/v2\/categories?post=1152"},{"taxonomy":"post_tag","embeddable":true,"href":"https:\/\/blogs.thesocialmedia.com\/leblogmoto\/wp-json\/wp\/v2\/tags?post=1152"}],"curies":[{"name":"wp","href":"https:\/\/api.w.org\/{rel}","templated":true}]}}