{"id":1157,"date":"2007-10-24T01:37:31","date_gmt":"2007-10-24T01:37:31","guid":{"rendered":"http:\/\/blogs.thesocialmedia.com\/leblogmoto\/2007\/10\/24\/fiabilit-des-ra\/"},"modified":"2012-07-11T14:50:26","modified_gmt":"2012-07-11T14:50:26","slug":"fiabilit-des-ra","status":"publish","type":"post","link":"https:\/\/blogs.thesocialmedia.com\/leblogmoto\/2007\/10\/24\/fiabilit-des-ra\/","title":{"rendered":"Fiabilit\u00e9 des mesures par radars: \u00ab\u00a0Tout va bien&#8230;\u00a0\u00bb"},"content":{"rendered":"<p><a href=\"http:\/\/blogs.thesocialmedia.com\/leblogmoto\/files\/2012\/07\/les_radars_automatiques_.jpg\"><img loading=\"lazy\" decoding=\"async\" width=\"470\" height=\"324\"  src=\"http:\/\/www.leblogmoto.com\/images\/2007\/10\/23\/les_radars_automatiques_.jpg\" alt=\"Les_radars_automatiques_\" \/><\/a><\/p>\n<p>Un rapport officiel de 2006 a \u00e9t\u00e9 publi\u00e9 en partie par l&rsquo;hebdomadaire Auto Plus ce mardi et r\u00e9v\u00e8le d&rsquo;importantes erreurs de mesure de tout type de radar, qu&rsquo;ils soient fixes ou embarqu\u00e9s. Cette annonce intervient dans un climat d\u00e9l\u00e9t\u00e8re qui a vu il y a peu le Secr\u00e9taire d&rsquo;Etat aux Transports renoncer \u00e0 sa demande de suppression des panneaux signalant la pr\u00e9sence de radar fixes. Mais revenons \u00e0 ce rapport.<\/p>\n<p>Sont notamment mises en cause dans celui-ci &quot;des erreurs de mesures et leurs cons\u00e9quences sur le plan juridique engendr\u00e9es par le mauvais positionnement fr\u00e9quent des cin\u00e9mom\u00e8tres radars fixes et embarqu\u00e9s&quot;.  <\/p>\n<p>Et ce m\u00eame rapport propose des solutions techniques pour \u00e9viter des contestations sur l&rsquo;usage de ces appareils.<\/p>\n<p>Le Minist\u00e8re de l&rsquo;Int\u00e9rieur r\u00e9agissant dans la journ\u00e9e a affirm\u00e9 que &quot;toutes les garanties sont r\u00e9unies pour qu&rsquo;aucune erreur mat\u00e9rielle ou humaine ne se produise dans la constatation d&rsquo;exc\u00e8s de vitesse&quot;. <\/p>\n<p>M\u00eame si cette \u00e9tude montre &quot;que si l&rsquo;angle du radar par rapport \u00e0 la route n&rsquo;est pas conforme, la vitesse relev\u00e9e n&rsquo;est pas exacte&quot;, il assure que les policiers et gendarmes sont form\u00e9s pour param\u00e9trer ces mat\u00e9riels. <\/p>\n<p>D&rsquo;autant, ajoute t&rsquo;il, que &quot;dans le cadre des radars fixes, ils sont param\u00e9tr\u00e9s d\u00e8s leur installation selon l&rsquo;angle, de 25\u00b0 par rapport \u00e0 la route, requis&quot;. De quoi vous transformer en g\u00e9om\u00e8tre-expert pour les prochaines contestations, le syst\u00e8me \u00e9tant grandement perfectible&#8230;<br \/><em><\/em><br \/>M\u00eame si la constatation des exc\u00e8s de vitesses est selon moi n\u00e9cessaire, tant que les circuits sont mis \u00e0 notre disposition, je sens que la prochaine \u00e9dition de l&rsquo;hebdo (vu la teneur du premier article) ne partagera pas ou difficilement cette mise au point du Minist\u00e8re.<em><\/p>\n<p>source: Auto Plus et AFP.<\/em><\/p>\n","protected":false},"excerpt":{"rendered":"<p>Un rapport officiel de 2006 a \u00e9t\u00e9 publi\u00e9 en partie par l&rsquo;hebdomadaire Auto Plus ce mardi et r\u00e9v\u00e8le d&rsquo;importantes erreurs de mesure de tout type de radar, qu&rsquo;ils soient fixes ou embarqu\u00e9s. Cette annonce intervient dans un climat d\u00e9l\u00e9t\u00e8re qui a vu il y a peu le Secr\u00e9taire d&rsquo;Etat aux Transports renoncer \u00e0 sa demande [&hellip;]<\/p>\n","protected":false},"author":324,"featured_media":0,"comment_status":"open","ping_status":"open","sticky":false,"template":"","format":"standard","meta":{"footnotes":""},"categories":[3,17,27],"tags":[],"class_list":["post-1157","post","type-post","status-publish","format-standard","hentry","category-actualite","category-divers","category-securite"],"yoast_head":"<!-- This site is optimized with the Yoast SEO plugin v26.0 - https:\/\/yoast.com\/wordpress\/plugins\/seo\/ -->\n<title>Fiabilit\u00e9 des mesures par radars: &quot;Tout va bien...&quot; - leblogmoto.com<\/title>\n<meta name=\"robots\" content=\"index, follow, max-snippet:-1, max-image-preview:large, max-video-preview:-1\" \/>\n<link rel=\"canonical\" href=\"https:\/\/blogs.thesocialmedia.com\/leblogmoto\/2007\/10\/24\/fiabilit-des-ra\/\" \/>\n<meta name=\"twitter:card\" content=\"summary_large_image\" \/>\n<meta name=\"twitter:title\" content=\"Fiabilit\u00e9 des mesures par radars: &quot;Tout va bien...&quot; - leblogmoto.com\" \/>\n<meta name=\"twitter:description\" content=\"Un rapport officiel de 2006 a \u00e9t\u00e9 publi\u00e9 en partie par l&rsquo;hebdomadaire Auto Plus ce mardi et r\u00e9v\u00e8le d&rsquo;importantes erreurs de mesure de tout type de radar, qu&rsquo;ils soient fixes ou embarqu\u00e9s. Cette annonce intervient dans un climat d\u00e9l\u00e9t\u00e8re qui a vu il y a peu le Secr\u00e9taire d&rsquo;Etat aux Transports renoncer \u00e0 sa demande [&hellip;]\" \/>\n<meta name=\"twitter:image\" content=\"http:\/\/www.leblogmoto.com\/images\/2007\/10\/23\/les_radars_automatiques_.jpg\" \/>\n<meta name=\"twitter:label1\" content=\"\u00c9crit par\" \/>\n\t<meta name=\"twitter:data1\" content=\"benoit rieu\" \/>\n\t<meta name=\"twitter:label2\" content=\"Dur\u00e9e de lecture estim\u00e9e\" \/>\n\t<meta name=\"twitter:data2\" content=\"2 minutes\" \/>\n<script type=\"application\/ld+json\" class=\"yoast-schema-graph\">{\"@context\":\"https:\/\/schema.org\",\"@graph\":[{\"@type\":\"WebPage\",\"@id\":\"https:\/\/blogs.thesocialmedia.com\/leblogmoto\/2007\/10\/24\/fiabilit-des-ra\/\",\"url\":\"https:\/\/blogs.thesocialmedia.com\/leblogmoto\/2007\/10\/24\/fiabilit-des-ra\/\",\"name\":\"Fiabilit\u00e9 des mesures par radars: \\\"Tout va bien...\\\" - leblogmoto.com\",\"isPartOf\":{\"@id\":\"https:\/\/blogs.thesocialmedia.com\/leblogmoto\/#website\"},\"primaryImageOfPage\":{\"@id\":\"https:\/\/blogs.thesocialmedia.com\/leblogmoto\/2007\/10\/24\/fiabilit-des-ra\/#primaryimage\"},\"image\":{\"@id\":\"https:\/\/blogs.thesocialmedia.com\/leblogmoto\/2007\/10\/24\/fiabilit-des-ra\/#primaryimage\"},\"thumbnailUrl\":\"http:\/\/www.leblogmoto.com\/images\/2007\/10\/23\/les_radars_automatiques_.jpg\",\"datePublished\":\"2007-10-24T01:37:31+00:00\",\"dateModified\":\"2012-07-11T14:50:26+00:00\",\"author\":{\"@id\":\"https:\/\/blogs.thesocialmedia.com\/leblogmoto\/#\/schema\/person\/18bfe773e5725ed6d24f743da805362a\"},\"breadcrumb\":{\"@id\":\"https:\/\/blogs.thesocialmedia.com\/leblogmoto\/2007\/10\/24\/fiabilit-des-ra\/#breadcrumb\"},\"inLanguage\":\"fr-FR\",\"potentialAction\":[{\"@type\":\"ReadAction\",\"target\":[\"https:\/\/blogs.thesocialmedia.com\/leblogmoto\/2007\/10\/24\/fiabilit-des-ra\/\"]}]},{\"@type\":\"ImageObject\",\"inLanguage\":\"fr-FR\",\"@id\":\"https:\/\/blogs.thesocialmedia.com\/leblogmoto\/2007\/10\/24\/fiabilit-des-ra\/#primaryimage\",\"url\":\"http:\/\/www.leblogmoto.com\/images\/2007\/10\/23\/les_radars_automatiques_.jpg\",\"contentUrl\":\"http:\/\/www.leblogmoto.com\/images\/2007\/10\/23\/les_radars_automatiques_.jpg\"},{\"@type\":\"BreadcrumbList\",\"@id\":\"https:\/\/blogs.thesocialmedia.com\/leblogmoto\/2007\/10\/24\/fiabilit-des-ra\/#breadcrumb\",\"itemListElement\":[{\"@type\":\"ListItem\",\"position\":1,\"name\":\"Accueil\",\"item\":\"https:\/\/blogs.thesocialmedia.com\/leblogmoto\/\"},{\"@type\":\"ListItem\",\"position\":2,\"name\":\"Fiabilit\u00e9 des mesures par radars: \u00ab\u00a0Tout va bien&#8230;\u00a0\u00bb\"}]},{\"@type\":\"WebSite\",\"@id\":\"https:\/\/blogs.thesocialmedia.com\/leblogmoto\/#website\",\"url\":\"https:\/\/blogs.thesocialmedia.com\/leblogmoto\/\",\"name\":\"leblogmoto\",\"description\":\"Toute l&#039;actualit\u00e9 des 2 roues\",\"potentialAction\":[{\"@type\":\"SearchAction\",\"target\":{\"@type\":\"EntryPoint\",\"urlTemplate\":\"https:\/\/blogs.thesocialmedia.com\/leblogmoto\/?s={search_term_string}\"},\"query-input\":{\"@type\":\"PropertyValueSpecification\",\"valueRequired\":true,\"valueName\":\"search_term_string\"}}],\"inLanguage\":\"fr-FR\"},{\"@type\":\"Person\",\"@id\":\"https:\/\/blogs.thesocialmedia.com\/leblogmoto\/#\/schema\/person\/18bfe773e5725ed6d24f743da805362a\",\"name\":\"benoit rieu\",\"image\":{\"@type\":\"ImageObject\",\"inLanguage\":\"fr-FR\",\"@id\":\"https:\/\/blogs.thesocialmedia.com\/leblogmoto\/#\/schema\/person\/image\/\",\"url\":\"https:\/\/secure.gravatar.com\/avatar\/?s=96&d=mm&r=g\",\"contentUrl\":\"https:\/\/secure.gravatar.com\/avatar\/?s=96&d=mm&r=g\",\"caption\":\"benoit rieu\"},\"url\":\"https:\/\/blogs.thesocialmedia.com\/leblogmoto\/author\/benoit-rieu\/\"}]}<\/script>\n<!-- \/ Yoast SEO plugin. -->","yoast_head_json":{"title":"Fiabilit\u00e9 des mesures par radars: \"Tout va bien...\" - leblogmoto.com","robots":{"index":"index","follow":"follow","max-snippet":"max-snippet:-1","max-image-preview":"max-image-preview:large","max-video-preview":"max-video-preview:-1"},"canonical":"https:\/\/blogs.thesocialmedia.com\/leblogmoto\/2007\/10\/24\/fiabilit-des-ra\/","twitter_card":"summary_large_image","twitter_title":"Fiabilit\u00e9 des mesures par radars: \"Tout va bien...\" - leblogmoto.com","twitter_description":"Un rapport officiel de 2006 a \u00e9t\u00e9 publi\u00e9 en partie par l&rsquo;hebdomadaire Auto Plus ce mardi et r\u00e9v\u00e8le d&rsquo;importantes erreurs de mesure de tout type de radar, qu&rsquo;ils soient fixes ou embarqu\u00e9s. Cette annonce intervient dans un climat d\u00e9l\u00e9t\u00e8re qui a vu il y a peu le Secr\u00e9taire d&rsquo;Etat aux Transports renoncer \u00e0 sa demande [&hellip;]","twitter_image":"http:\/\/www.leblogmoto.com\/images\/2007\/10\/23\/les_radars_automatiques_.jpg","twitter_misc":{"\u00c9crit par":"benoit rieu","Dur\u00e9e de lecture estim\u00e9e":"2 minutes"},"schema":{"@context":"https:\/\/schema.org","@graph":[{"@type":"WebPage","@id":"https:\/\/blogs.thesocialmedia.com\/leblogmoto\/2007\/10\/24\/fiabilit-des-ra\/","url":"https:\/\/blogs.thesocialmedia.com\/leblogmoto\/2007\/10\/24\/fiabilit-des-ra\/","name":"Fiabilit\u00e9 des mesures par radars: \"Tout va bien...\" - leblogmoto.com","isPartOf":{"@id":"https:\/\/blogs.thesocialmedia.com\/leblogmoto\/#website"},"primaryImageOfPage":{"@id":"https:\/\/blogs.thesocialmedia.com\/leblogmoto\/2007\/10\/24\/fiabilit-des-ra\/#primaryimage"},"image":{"@id":"https:\/\/blogs.thesocialmedia.com\/leblogmoto\/2007\/10\/24\/fiabilit-des-ra\/#primaryimage"},"thumbnailUrl":"http:\/\/www.leblogmoto.com\/images\/2007\/10\/23\/les_radars_automatiques_.jpg","datePublished":"2007-10-24T01:37:31+00:00","dateModified":"2012-07-11T14:50:26+00:00","author":{"@id":"https:\/\/blogs.thesocialmedia.com\/leblogmoto\/#\/schema\/person\/18bfe773e5725ed6d24f743da805362a"},"breadcrumb":{"@id":"https:\/\/blogs.thesocialmedia.com\/leblogmoto\/2007\/10\/24\/fiabilit-des-ra\/#breadcrumb"},"inLanguage":"fr-FR","potentialAction":[{"@type":"ReadAction","target":["https:\/\/blogs.thesocialmedia.com\/leblogmoto\/2007\/10\/24\/fiabilit-des-ra\/"]}]},{"@type":"ImageObject","inLanguage":"fr-FR","@id":"https:\/\/blogs.thesocialmedia.com\/leblogmoto\/2007\/10\/24\/fiabilit-des-ra\/#primaryimage","url":"http:\/\/www.leblogmoto.com\/images\/2007\/10\/23\/les_radars_automatiques_.jpg","contentUrl":"http:\/\/www.leblogmoto.com\/images\/2007\/10\/23\/les_radars_automatiques_.jpg"},{"@type":"BreadcrumbList","@id":"https:\/\/blogs.thesocialmedia.com\/leblogmoto\/2007\/10\/24\/fiabilit-des-ra\/#breadcrumb","itemListElement":[{"@type":"ListItem","position":1,"name":"Accueil","item":"https:\/\/blogs.thesocialmedia.com\/leblogmoto\/"},{"@type":"ListItem","position":2,"name":"Fiabilit\u00e9 des mesures par radars: \u00ab\u00a0Tout va bien&#8230;\u00a0\u00bb"}]},{"@type":"WebSite","@id":"https:\/\/blogs.thesocialmedia.com\/leblogmoto\/#website","url":"https:\/\/blogs.thesocialmedia.com\/leblogmoto\/","name":"leblogmoto","description":"Toute l&#039;actualit\u00e9 des 2 roues","potentialAction":[{"@type":"SearchAction","target":{"@type":"EntryPoint","urlTemplate":"https:\/\/blogs.thesocialmedia.com\/leblogmoto\/?s={search_term_string}"},"query-input":{"@type":"PropertyValueSpecification","valueRequired":true,"valueName":"search_term_string"}}],"inLanguage":"fr-FR"},{"@type":"Person","@id":"https:\/\/blogs.thesocialmedia.com\/leblogmoto\/#\/schema\/person\/18bfe773e5725ed6d24f743da805362a","name":"benoit rieu","image":{"@type":"ImageObject","inLanguage":"fr-FR","@id":"https:\/\/blogs.thesocialmedia.com\/leblogmoto\/#\/schema\/person\/image\/","url":"https:\/\/secure.gravatar.com\/avatar\/?s=96&d=mm&r=g","contentUrl":"https:\/\/secure.gravatar.com\/avatar\/?s=96&d=mm&r=g","caption":"benoit rieu"},"url":"https:\/\/blogs.thesocialmedia.com\/leblogmoto\/author\/benoit-rieu\/"}]}},"_links":{"self":[{"href":"https:\/\/blogs.thesocialmedia.com\/leblogmoto\/wp-json\/wp\/v2\/posts\/1157","targetHints":{"allow":["GET"]}}],"collection":[{"href":"https:\/\/blogs.thesocialmedia.com\/leblogmoto\/wp-json\/wp\/v2\/posts"}],"about":[{"href":"https:\/\/blogs.thesocialmedia.com\/leblogmoto\/wp-json\/wp\/v2\/types\/post"}],"author":[{"embeddable":true,"href":"https:\/\/blogs.thesocialmedia.com\/leblogmoto\/wp-json\/wp\/v2\/users\/324"}],"replies":[{"embeddable":true,"href":"https:\/\/blogs.thesocialmedia.com\/leblogmoto\/wp-json\/wp\/v2\/comments?post=1157"}],"version-history":[{"count":2,"href":"https:\/\/blogs.thesocialmedia.com\/leblogmoto\/wp-json\/wp\/v2\/posts\/1157\/revisions"}],"predecessor-version":[{"id":8956,"href":"https:\/\/blogs.thesocialmedia.com\/leblogmoto\/wp-json\/wp\/v2\/posts\/1157\/revisions\/8956"}],"wp:attachment":[{"href":"https:\/\/blogs.thesocialmedia.com\/leblogmoto\/wp-json\/wp\/v2\/media?parent=1157"}],"wp:term":[{"taxonomy":"category","embeddable":true,"href":"https:\/\/blogs.thesocialmedia.com\/leblogmoto\/wp-json\/wp\/v2\/categories?post=1157"},{"taxonomy":"post_tag","embeddable":true,"href":"https:\/\/blogs.thesocialmedia.com\/leblogmoto\/wp-json\/wp\/v2\/tags?post=1157"}],"curies":[{"name":"wp","href":"https:\/\/api.w.org\/{rel}","templated":true}]}}