{"id":116,"date":"2009-06-14T10:18:58","date_gmt":"2009-06-14T10:18:58","guid":{"rendered":"http:\/\/blogs.thesocialmedia.com\/leblogmoto\/2009\/06\/14\/le-poleman-du-jour-se-la-raconte-deja\/"},"modified":"2012-07-11T17:30:36","modified_gmt":"2012-07-11T17:30:36","slug":"le-poleman-du-jour-se-la-raconte-deja","status":"publish","type":"post","link":"https:\/\/blogs.thesocialmedia.com\/leblogmoto\/2009\/06\/14\/le-poleman-du-jour-se-la-raconte-deja\/","title":{"rendered":"Le poleman du jour se (la) raconte d\u00e9j\u00e0."},"content":{"rendered":"<p><a href=\"http:\/\/blogs.thesocialmedia.com\/leblogmoto\/files\/2012\/07\/6a00d83451b18369e201157016e25c970c-popup.png\"><img decoding=\"async\" alt=\"MotoGP Jorge Lorenzo My Story So Far\" class=\"at-xid-6a00d83451b18369e201157016e25c970c \" src=\"http:\/\/blogs.thesocialmedia.com\/leblogmoto\/files\/2012\/07\/6a00d83451b18369e201157016e25c970c-500wi.jpg\" \/><\/a><\/p>\n<p>21 balais et d\u00e9j\u00e0 une biographie. Je sais bien que l&#039;histoire du souverain du Lorenzoland n&#039;est pas commune et que selon la sagesse proverbiale la valeur n&#039;attend pas le nombre des ann\u00e9es, mais de l\u00e0 \u00e0 confier l&#039;histoire d&#039;un pilote \u00e0 peine&#160;adulte \u00e0 un journaliste&#160;qui de toute fa\u00e7on embellira un peu plus une \u00e9pop\u00e9e fort jolie&#8230; Il n&#039;en fallait pas&#160;moins pour d\u00e9clencher les \u00e9tonnements polis&#160;dans la presse sp\u00e9cialis\u00e9e. Et je ne vous parle m\u00eame pas des sarcasmes de&#160;certains <em>threads<\/em> sur les forums d\u00e9di\u00e9s. Que n&#039;aurait on dit si un autre prodige espagnol, Rafael Nadal, majorquin comme lui, du m\u00eame \u00e2ge (ou presque, 22 ans), avait d\u00e9cid\u00e9 de coucher sur le papier ses exploits \u00e0 Roland, Wimbly et \u00e0 l&#039;Aussie&#160;?&#160;&#160;<\/p>\n<\/p>\n<p>Mais il faut&#160;avouer que n&#039;importe&#160;quel scribouillard&#160;pourrait noircir des pages avec le parcours&#160;du double champion du monde&#160;des 250.&#160;Et il aurait m\u00eame de quoi ajouter un nouveau&#160;chapitre \u00e0 ses exploits cet apr\u00e8s-midi en Catalogne. M\u00eame si&#160;dans la m\u00eame configuration de d\u00e9part, Casey lui avait dam\u00e9 le pion en course il y a quelques semaines&#160;au Mugello, alors que Jorge \u00e9tait&#160;aussi poleman.<\/p>\n<p>C&#039;est en effet sous une belle chaleur s\u00e8che de&#160;38\u00b0C (et 52\u00b0C au sol) que les concurrents se sont tour-\u00e0-tour \u00e9lanc\u00e9s sur le trac\u00e9 catalan, et avec 1&#039;42&#039;&#039;797 Lorenzo \u00e9tablit rapidement&#160;le temps de r\u00e9f\u00e9rence, temps qu&#039;am\u00e9liorera Vale,&#160;en lui d\u00e9robant la pole pour 450 milli\u00e8mes de moins. Rel\u00e9gu\u00e9 \u00e0 la seconde place, il dut encore subir les assauts du leader au championnat qui vint se glisser entre les deux Fiat-Yamaha (j&#039;ai toujours autant de mal \u00e0 associer ces deux constructeurs-l\u00e0). <\/p>\n<p>Dans une ultime tentative, la machine estampill\u00e9e du num\u00e9ro 99 vint d\u00e9loger l&#039;octuple champion de Tavulia, et ce sont ces&#160;13 petits milli\u00e8mes qui permettront&#160;\u00e0 l&#039;Espagnol de s&#039;\u00e9lancer de la position de pointe dans quelques heures.&#160;<\/p>\n<p>D&#039;autant que la foule n&#039;aura d&#039;yeux que pour lui, puisque son ennemi Dani a chut\u00e9 et se retrouve rel\u00e9gu\u00e9 \u00e0 la huiti\u00e8me place sur la grille, derri\u00e8re notre Randy. Notez que pour sa premi\u00e8re sortie dans la cat\u00e9gorie reine, Gabor Talmacsi partira en derni\u00e8re position. Ce qui s&#039;appelle apprendre&#8230;<\/p>\n<p>A propos d&#039;apprentissage difficile, rappelez-vous, l&#039;ann\u00e9e derni\u00e8re, sur le m\u00eame grand prix, Jorge s&#039;\u00e9tait&#160;mis&#160;au tas&#160;avec sa M1, avec au final&#160;un traumatisme cr\u00e2nien et une perte de connaissance.&#160;Un choc assez violent pour le contraindre \u00e0 passer un scanner. Aucun des sites qui m&#039;ont servi \u00e0 r\u00e9diger cet article (BSN, Sport24, Moto-Live)&#160;ne&#160;le&#160;soulignent, et&#160;se contentent de&#160;glorifier le temps (excellent) de Lorenzo hier. <\/p>\n<p>Ce&#160;biais&#160;me rappelle,&#160;une phrase&#160;dans le film &quot;L&#039;homme qui tua Liberty Valence&quot;: &quot;Quand la l\u00e9gende est plus belle&#160;que la r\u00e9alit\u00e9, imprimez la l\u00e9gende&quot;. De l\u00e0 \u00e0 voir dans la biographie d&#039;Ernest Riveras Tobia&#160;une hagiographie, je ne sais pas, je ne&#160;l&#039;ai pas eu entre les mains. Si cela vous int\u00e9resse elle sera v\u00f4tre pour un peu plus&#160;de 16 euros&#160;chez <a href=\"http:\/\/www.amazon.fr\/Jorge-Lorenzo-My-Story-Far\/dp\/1844257029\/ref=sr_1_7?ie=UTF8&amp;s=english-books&amp;qid=1244965903&amp;sr=8-7\">Amazon<\/a>.<\/p>\n<p>A d\u00e9faut de l\u00e9gende, le natif de Palma de Majorque&#160;pourrait avoir&#160;rendez-vous avec l&#039;Histoire de son sport \u00e0 la fin de la saison. Je le lui souhaite, ainsi qu&#039;une&#160;modestie inversement proportionnelle \u00e0 son talent.<\/p>\n<p>1. Lorenzo (Esp, Team Yamaha) 1&#039;41&#039;&#039;974<br \/>2. Rossi (Ita, Team Yamaha) 1&#039;41&#039;&#039;987<br \/>3. Stoner (Aus, Team Ducati) 1&#039;42&#039;&#039;426<br \/>4. Dovizioso (Ita, Repsol Honda Team) 1&#039;42&#039;&#039;594<br \/>5. Elias (Esp, Honda Gresini) 1&#039;43&#039;&#039;139<br \/>6. Edwards (EU, Yamaha Tech 3) 1&#039;43&#039;&#039;168<br \/>7. <strong>De Puniet (Fr, LCR Honda)<\/strong> 1&#039;43&#039;&#039;175<br \/>8. Pedrosa (Esp, Repsol Honda Team) 1&#039;43&#039;&#039;207<br \/>9. Toseland (Gbr, Yamaha Tech 3) 1&#039;43&#039;&#039;233<br \/>10. Kallio (Fin, Pramac Racing Ducati) 1&#039;43&#039;&#039;336<br \/>11. Capirossi (Rizla Suzuki) 1&#039;43&#039;&#039;365<br \/>12. Vermeulen (Aus, Rizla Suzuki) 1&#039;43&#039;&#039;411<br \/>13. Hayden (EU, Team Ducati) 1&#039;43&#039;&#039;414<br \/>14. De Angelis (Rsm, Honda Gresini) 1&#039;43&#039;&#039;422<br \/>15. Gibernau (Esp, Grupo Francisco Hernando Ducati) 1&#039;43&#039;&#039;714<br \/>16. Takahashi (Jap, Scot Racing Team) 1&#039;43&#039;&#039;777<br \/>17. Melandri (Ita, Hayate Racing Team Kawasaki) 1&#039;43&#039;&#039;792<br \/>18. Canepa (Ita, Pramac Racing Ducati) 1&#039;43&#039;&#039;991<br \/>19. Talmacsi (Hon, Scot Racing Team) 1&#039;45&#039;&#039;833 <\/p>\n","protected":false},"excerpt":{"rendered":"<p>21 balais et d\u00e9j\u00e0 une biographie. Je sais bien que l&#039;histoire du souverain du Lorenzoland n&#039;est pas commune et que selon la sagesse proverbiale la valeur n&#039;attend pas le nombre des ann\u00e9es, mais de l\u00e0 \u00e0 confier l&#039;histoire d&#039;un pilote \u00e0 peine&#160;adulte \u00e0 un journaliste&#160;qui de toute fa\u00e7on embellira un peu plus une \u00e9pop\u00e9e fort [&hellip;]<\/p>\n","protected":false},"author":324,"featured_media":13751,"comment_status":"open","ping_status":"open","sticky":false,"template":"","format":"standard","meta":{"footnotes":""},"categories":[3,15,22],"tags":[],"class_list":["post-116","post","type-post","status-publish","format-standard","has-post-thumbnail","hentry","category-actualite","category-livres","category-motogp"],"yoast_head":"<!-- This site is optimized with the Yoast SEO plugin v26.0 - https:\/\/yoast.com\/wordpress\/plugins\/seo\/ -->\n<title>Le poleman du jour se (la) raconte d\u00e9j\u00e0. - leblogmoto.com<\/title>\n<meta name=\"robots\" content=\"index, follow, max-snippet:-1, max-image-preview:large, max-video-preview:-1\" \/>\n<link rel=\"canonical\" href=\"https:\/\/blogs.thesocialmedia.com\/leblogmoto\/2009\/06\/14\/le-poleman-du-jour-se-la-raconte-deja\/\" \/>\n<meta name=\"twitter:card\" content=\"summary_large_image\" \/>\n<meta name=\"twitter:title\" content=\"Le poleman du jour se (la) raconte d\u00e9j\u00e0. - leblogmoto.com\" \/>\n<meta name=\"twitter:description\" content=\"21 balais et d\u00e9j\u00e0 une biographie. Je sais bien que l&#039;histoire du souverain du Lorenzoland n&#039;est pas commune et que selon la sagesse proverbiale la valeur n&#039;attend pas le nombre des ann\u00e9es, mais de l\u00e0 \u00e0 confier l&#039;histoire d&#039;un pilote \u00e0 peine&#160;adulte \u00e0 un journaliste&#160;qui de toute fa\u00e7on embellira un peu plus une \u00e9pop\u00e9e fort [&hellip;]\" \/>\n<meta name=\"twitter:image\" content=\"https:\/\/blogs.thesocialmedia.com\/leblogmoto\/files\/2012\/07\/6a00d83451b18369e201157016e25c970c-500wi.jpg\" \/>\n<meta name=\"twitter:label1\" content=\"\u00c9crit par\" \/>\n\t<meta name=\"twitter:data1\" content=\"benoit rieu\" \/>\n\t<meta name=\"twitter:label2\" content=\"Dur\u00e9e de lecture estim\u00e9e\" \/>\n\t<meta name=\"twitter:data2\" content=\"3 minutes\" \/>\n<script type=\"application\/ld+json\" class=\"yoast-schema-graph\">{\"@context\":\"https:\/\/schema.org\",\"@graph\":[{\"@type\":\"WebPage\",\"@id\":\"https:\/\/blogs.thesocialmedia.com\/leblogmoto\/2009\/06\/14\/le-poleman-du-jour-se-la-raconte-deja\/\",\"url\":\"https:\/\/blogs.thesocialmedia.com\/leblogmoto\/2009\/06\/14\/le-poleman-du-jour-se-la-raconte-deja\/\",\"name\":\"Le poleman du jour se (la) raconte d\u00e9j\u00e0. - leblogmoto.com\",\"isPartOf\":{\"@id\":\"https:\/\/blogs.thesocialmedia.com\/leblogmoto\/#website\"},\"primaryImageOfPage\":{\"@id\":\"https:\/\/blogs.thesocialmedia.com\/leblogmoto\/2009\/06\/14\/le-poleman-du-jour-se-la-raconte-deja\/#primaryimage\"},\"image\":{\"@id\":\"https:\/\/blogs.thesocialmedia.com\/leblogmoto\/2009\/06\/14\/le-poleman-du-jour-se-la-raconte-deja\/#primaryimage\"},\"thumbnailUrl\":\"https:\/\/blogs.thesocialmedia.com\/leblogmoto\/files\/2012\/07\/6a00d83451b18369e201157016e25c970c-500wi.jpg\",\"datePublished\":\"2009-06-14T10:18:58+00:00\",\"dateModified\":\"2012-07-11T17:30:36+00:00\",\"author\":{\"@id\":\"https:\/\/blogs.thesocialmedia.com\/leblogmoto\/#\/schema\/person\/18bfe773e5725ed6d24f743da805362a\"},\"breadcrumb\":{\"@id\":\"https:\/\/blogs.thesocialmedia.com\/leblogmoto\/2009\/06\/14\/le-poleman-du-jour-se-la-raconte-deja\/#breadcrumb\"},\"inLanguage\":\"fr-FR\",\"potentialAction\":[{\"@type\":\"ReadAction\",\"target\":[\"https:\/\/blogs.thesocialmedia.com\/leblogmoto\/2009\/06\/14\/le-poleman-du-jour-se-la-raconte-deja\/\"]}]},{\"@type\":\"ImageObject\",\"inLanguage\":\"fr-FR\",\"@id\":\"https:\/\/blogs.thesocialmedia.com\/leblogmoto\/2009\/06\/14\/le-poleman-du-jour-se-la-raconte-deja\/#primaryimage\",\"url\":\"https:\/\/blogs.thesocialmedia.com\/leblogmoto\/files\/2012\/07\/6a00d83451b18369e201157016e25c970c-500wi.jpg\",\"contentUrl\":\"https:\/\/blogs.thesocialmedia.com\/leblogmoto\/files\/2012\/07\/6a00d83451b18369e201157016e25c970c-500wi.jpg\",\"width\":\"500\",\"height\":\"742\"},{\"@type\":\"BreadcrumbList\",\"@id\":\"https:\/\/blogs.thesocialmedia.com\/leblogmoto\/2009\/06\/14\/le-poleman-du-jour-se-la-raconte-deja\/#breadcrumb\",\"itemListElement\":[{\"@type\":\"ListItem\",\"position\":1,\"name\":\"Accueil\",\"item\":\"https:\/\/blogs.thesocialmedia.com\/leblogmoto\/\"},{\"@type\":\"ListItem\",\"position\":2,\"name\":\"Le poleman du jour se (la) raconte d\u00e9j\u00e0.\"}]},{\"@type\":\"WebSite\",\"@id\":\"https:\/\/blogs.thesocialmedia.com\/leblogmoto\/#website\",\"url\":\"https:\/\/blogs.thesocialmedia.com\/leblogmoto\/\",\"name\":\"leblogmoto\",\"description\":\"Toute l&#039;actualit\u00e9 des 2 roues\",\"potentialAction\":[{\"@type\":\"SearchAction\",\"target\":{\"@type\":\"EntryPoint\",\"urlTemplate\":\"https:\/\/blogs.thesocialmedia.com\/leblogmoto\/?s={search_term_string}\"},\"query-input\":{\"@type\":\"PropertyValueSpecification\",\"valueRequired\":true,\"valueName\":\"search_term_string\"}}],\"inLanguage\":\"fr-FR\"},{\"@type\":\"Person\",\"@id\":\"https:\/\/blogs.thesocialmedia.com\/leblogmoto\/#\/schema\/person\/18bfe773e5725ed6d24f743da805362a\",\"name\":\"benoit rieu\",\"image\":{\"@type\":\"ImageObject\",\"inLanguage\":\"fr-FR\",\"@id\":\"https:\/\/blogs.thesocialmedia.com\/leblogmoto\/#\/schema\/person\/image\/\",\"url\":\"https:\/\/secure.gravatar.com\/avatar\/?s=96&d=mm&r=g\",\"contentUrl\":\"https:\/\/secure.gravatar.com\/avatar\/?s=96&d=mm&r=g\",\"caption\":\"benoit rieu\"},\"url\":\"https:\/\/blogs.thesocialmedia.com\/leblogmoto\/author\/benoit-rieu\/\"}]}<\/script>\n<!-- \/ Yoast SEO plugin. -->","yoast_head_json":{"title":"Le poleman du jour se (la) raconte d\u00e9j\u00e0. - leblogmoto.com","robots":{"index":"index","follow":"follow","max-snippet":"max-snippet:-1","max-image-preview":"max-image-preview:large","max-video-preview":"max-video-preview:-1"},"canonical":"https:\/\/blogs.thesocialmedia.com\/leblogmoto\/2009\/06\/14\/le-poleman-du-jour-se-la-raconte-deja\/","twitter_card":"summary_large_image","twitter_title":"Le poleman du jour se (la) raconte d\u00e9j\u00e0. - leblogmoto.com","twitter_description":"21 balais et d\u00e9j\u00e0 une biographie. Je sais bien que l&#039;histoire du souverain du Lorenzoland n&#039;est pas commune et que selon la sagesse proverbiale la valeur n&#039;attend pas le nombre des ann\u00e9es, mais de l\u00e0 \u00e0 confier l&#039;histoire d&#039;un pilote \u00e0 peine&#160;adulte \u00e0 un journaliste&#160;qui de toute fa\u00e7on embellira un peu plus une \u00e9pop\u00e9e fort [&hellip;]","twitter_image":"https:\/\/blogs.thesocialmedia.com\/leblogmoto\/files\/2012\/07\/6a00d83451b18369e201157016e25c970c-500wi.jpg","twitter_misc":{"\u00c9crit par":"benoit rieu","Dur\u00e9e de lecture estim\u00e9e":"3 minutes"},"schema":{"@context":"https:\/\/schema.org","@graph":[{"@type":"WebPage","@id":"https:\/\/blogs.thesocialmedia.com\/leblogmoto\/2009\/06\/14\/le-poleman-du-jour-se-la-raconte-deja\/","url":"https:\/\/blogs.thesocialmedia.com\/leblogmoto\/2009\/06\/14\/le-poleman-du-jour-se-la-raconte-deja\/","name":"Le poleman du jour se (la) raconte d\u00e9j\u00e0. - leblogmoto.com","isPartOf":{"@id":"https:\/\/blogs.thesocialmedia.com\/leblogmoto\/#website"},"primaryImageOfPage":{"@id":"https:\/\/blogs.thesocialmedia.com\/leblogmoto\/2009\/06\/14\/le-poleman-du-jour-se-la-raconte-deja\/#primaryimage"},"image":{"@id":"https:\/\/blogs.thesocialmedia.com\/leblogmoto\/2009\/06\/14\/le-poleman-du-jour-se-la-raconte-deja\/#primaryimage"},"thumbnailUrl":"https:\/\/blogs.thesocialmedia.com\/leblogmoto\/files\/2012\/07\/6a00d83451b18369e201157016e25c970c-500wi.jpg","datePublished":"2009-06-14T10:18:58+00:00","dateModified":"2012-07-11T17:30:36+00:00","author":{"@id":"https:\/\/blogs.thesocialmedia.com\/leblogmoto\/#\/schema\/person\/18bfe773e5725ed6d24f743da805362a"},"breadcrumb":{"@id":"https:\/\/blogs.thesocialmedia.com\/leblogmoto\/2009\/06\/14\/le-poleman-du-jour-se-la-raconte-deja\/#breadcrumb"},"inLanguage":"fr-FR","potentialAction":[{"@type":"ReadAction","target":["https:\/\/blogs.thesocialmedia.com\/leblogmoto\/2009\/06\/14\/le-poleman-du-jour-se-la-raconte-deja\/"]}]},{"@type":"ImageObject","inLanguage":"fr-FR","@id":"https:\/\/blogs.thesocialmedia.com\/leblogmoto\/2009\/06\/14\/le-poleman-du-jour-se-la-raconte-deja\/#primaryimage","url":"https:\/\/blogs.thesocialmedia.com\/leblogmoto\/files\/2012\/07\/6a00d83451b18369e201157016e25c970c-500wi.jpg","contentUrl":"https:\/\/blogs.thesocialmedia.com\/leblogmoto\/files\/2012\/07\/6a00d83451b18369e201157016e25c970c-500wi.jpg","width":"500","height":"742"},{"@type":"BreadcrumbList","@id":"https:\/\/blogs.thesocialmedia.com\/leblogmoto\/2009\/06\/14\/le-poleman-du-jour-se-la-raconte-deja\/#breadcrumb","itemListElement":[{"@type":"ListItem","position":1,"name":"Accueil","item":"https:\/\/blogs.thesocialmedia.com\/leblogmoto\/"},{"@type":"ListItem","position":2,"name":"Le poleman du jour se (la) raconte d\u00e9j\u00e0."}]},{"@type":"WebSite","@id":"https:\/\/blogs.thesocialmedia.com\/leblogmoto\/#website","url":"https:\/\/blogs.thesocialmedia.com\/leblogmoto\/","name":"leblogmoto","description":"Toute l&#039;actualit\u00e9 des 2 roues","potentialAction":[{"@type":"SearchAction","target":{"@type":"EntryPoint","urlTemplate":"https:\/\/blogs.thesocialmedia.com\/leblogmoto\/?s={search_term_string}"},"query-input":{"@type":"PropertyValueSpecification","valueRequired":true,"valueName":"search_term_string"}}],"inLanguage":"fr-FR"},{"@type":"Person","@id":"https:\/\/blogs.thesocialmedia.com\/leblogmoto\/#\/schema\/person\/18bfe773e5725ed6d24f743da805362a","name":"benoit rieu","image":{"@type":"ImageObject","inLanguage":"fr-FR","@id":"https:\/\/blogs.thesocialmedia.com\/leblogmoto\/#\/schema\/person\/image\/","url":"https:\/\/secure.gravatar.com\/avatar\/?s=96&d=mm&r=g","contentUrl":"https:\/\/secure.gravatar.com\/avatar\/?s=96&d=mm&r=g","caption":"benoit rieu"},"url":"https:\/\/blogs.thesocialmedia.com\/leblogmoto\/author\/benoit-rieu\/"}]}},"_links":{"self":[{"href":"https:\/\/blogs.thesocialmedia.com\/leblogmoto\/wp-json\/wp\/v2\/posts\/116","targetHints":{"allow":["GET"]}}],"collection":[{"href":"https:\/\/blogs.thesocialmedia.com\/leblogmoto\/wp-json\/wp\/v2\/posts"}],"about":[{"href":"https:\/\/blogs.thesocialmedia.com\/leblogmoto\/wp-json\/wp\/v2\/types\/post"}],"author":[{"embeddable":true,"href":"https:\/\/blogs.thesocialmedia.com\/leblogmoto\/wp-json\/wp\/v2\/users\/324"}],"replies":[{"embeddable":true,"href":"https:\/\/blogs.thesocialmedia.com\/leblogmoto\/wp-json\/wp\/v2\/comments?post=116"}],"version-history":[{"count":2,"href":"https:\/\/blogs.thesocialmedia.com\/leblogmoto\/wp-json\/wp\/v2\/posts\/116\/revisions"}],"predecessor-version":[{"id":13753,"href":"https:\/\/blogs.thesocialmedia.com\/leblogmoto\/wp-json\/wp\/v2\/posts\/116\/revisions\/13753"}],"wp:featuredmedia":[{"embeddable":true,"href":"https:\/\/blogs.thesocialmedia.com\/leblogmoto\/wp-json\/wp\/v2\/media\/13751"}],"wp:attachment":[{"href":"https:\/\/blogs.thesocialmedia.com\/leblogmoto\/wp-json\/wp\/v2\/media?parent=116"}],"wp:term":[{"taxonomy":"category","embeddable":true,"href":"https:\/\/blogs.thesocialmedia.com\/leblogmoto\/wp-json\/wp\/v2\/categories?post=116"},{"taxonomy":"post_tag","embeddable":true,"href":"https:\/\/blogs.thesocialmedia.com\/leblogmoto\/wp-json\/wp\/v2\/tags?post=116"}],"curies":[{"name":"wp","href":"https:\/\/api.w.org\/{rel}","templated":true}]}}