{"id":1161,"date":"2007-10-22T17:12:05","date_gmt":"2007-10-22T17:12:05","guid":{"rendered":"http:\/\/blogs.thesocialmedia.com\/leblogmoto\/2007\/10\/22\/innovation-vern\/"},"modified":"2012-07-11T14:49:59","modified_gmt":"2012-07-11T14:49:59","slug":"innovation-vern","status":"publish","type":"post","link":"https:\/\/blogs.thesocialmedia.com\/leblogmoto\/2007\/10\/22\/innovation-vern\/","title":{"rendered":"Un vernis thermosensible signalant le verglas est prim\u00e9"},"content":{"rendered":"<p><a href=\"http:\/\/blogs.thesocialmedia.com\/leblogmoto\/files\/2012\/07\/avatar_roadster_yamaha.jpg\"><img loading=\"lazy\" decoding=\"async\" width=\"470\" height=\"307\"  alt=\"Avatar_roadster_yamaha\" src=\"http:\/\/www.leblogmoto.com\/images\/2007\/10\/19\/avatar_roadster_yamaha.jpg\" \/><\/a><\/p>\n<p>D&rsquo;ici peu, au contact de nos froids rubans d&rsquo;asphalte, l&rsquo;eau de pluie en <a href=\"http:\/\/fr.wikipedia.org\/wiki\/Verglas\">surfusion<\/a> et instable se transformera en une couche de glace, d&rsquo;autant plus dangereuse que l&rsquo;absence de bulle d&rsquo;air ou de poussi\u00e8re qui trahirait sa pr\u00e9sence la rend transparente, et quasi-ind\u00e9celable au volant&#8230; ou au guidon. L&rsquo;une des plus grandes craintes du motard avec l&rsquo;aquaplaning* est donc en passe d&rsquo;\u00eatre signal\u00e9e en temps r\u00e9el, ou plut\u00f4t devrait-on dire le &quot;risque&quot; de verglas. <\/p>\n<p>D\u00e9pos\u00e9 sur la route, ce vernis transparent et r\u00e9sistant aux UV, pour lequel <a href=\"http:\/\/www.eurovia.com\/\">Eurovia<\/a> recevra le prix de l&rsquo;innovation au salon des maires de France fin novembre, devient en effet rouge \u00e0 0\u00b0C.<\/p>\n<p>Il n&rsquo;est pas question d&rsquo;en recouvrir toutes les routes de France, seules les zones \u00e0 risques telles que les portions routi\u00e8res sous grands vents, les talus expos\u00e9s plein nord et les viaducs en b\u00e9n\u00e9ficieraient. <\/p>\n<p>Le signalement prendrait la forme d&rsquo;un dessin en forme de flocon se r\u00e9v\u00e9lant sur la chauss\u00e9e, la bande d&rsquo;arr\u00eat d&rsquo;urgence, les c\u00f4t\u00e9s. La firme vise une application imm\u00e9diate pour les services type DDE, <\/p>\n<p>En esp\u00e9rant que ce syst\u00e8me vienne compl\u00e9ter le dispositif d&rsquo;alerte orange de M\u00e9t\u00e9o France sur les d\u00e9partements (et la lecture des panneaux de signalisation !), d&rsquo;autant que nous n&rsquo;avons pas, pour la plupart d&rsquo;entre nous et contrairement aux automobilistes, d&rsquo;indication sur la temp\u00e9rature ext\u00e9rieure et <em>a fortiori<\/em> au niveau du sol.<\/p>\n<p><em>*quoi que niveau perte d&rsquo;adh\u00e9rence, voire glissade, si l&rsquo;on passe sur le marquage au sol \u00e7a peut \u00eatre &quot;sympa&quot; aussi, dans une moindre mesure \u00e9videmment.<\/em><em><br \/><\/em><\/p>\n<p><em>source: <a href=\"http:\/\/www.liberation.fr\/vous\/285639.FR.php\">liberation.fr<\/a> seul site fran\u00e7ais g\u00e9n\u00e9raliste \u00e0 en parler, et je dis cela en dehors de toute consid\u00e9ration politique ayant une approche tr\u00e8s FFMCienne (un corporatisme assum\u00e9 mais juste) de la chose.<\/em><\/p>\n<p><em>credit photo: Yamaha BT 1100 Bulldog, photo constructeur.<br \/><\/em><\/p>\n","protected":false},"excerpt":{"rendered":"<p>D&rsquo;ici peu, au contact de nos froids rubans d&rsquo;asphalte, l&rsquo;eau de pluie en surfusion et instable se transformera en une couche de glace, d&rsquo;autant plus dangereuse que l&rsquo;absence de bulle d&rsquo;air ou de poussi\u00e8re qui trahirait sa pr\u00e9sence la rend transparente, et quasi-ind\u00e9celable au volant&#8230; ou au guidon. L&rsquo;une des plus grandes craintes du motard [&hellip;]<\/p>\n","protected":false},"author":324,"featured_media":0,"comment_status":"open","ping_status":"open","sticky":false,"template":"","format":"standard","meta":{"footnotes":""},"categories":[49,27],"tags":[],"class_list":["post-1161","post","type-post","status-publish","format-standard","hentry","category-actualites-entreprise","category-securite"],"yoast_head":"<!-- This site is optimized with the Yoast SEO plugin v26.0 - https:\/\/yoast.com\/wordpress\/plugins\/seo\/ -->\n<title>Un vernis thermosensible signalant le verglas est prim\u00e9 - leblogmoto.com<\/title>\n<meta name=\"robots\" content=\"index, follow, max-snippet:-1, max-image-preview:large, max-video-preview:-1\" \/>\n<link rel=\"canonical\" href=\"https:\/\/blogs.thesocialmedia.com\/leblogmoto\/2007\/10\/22\/innovation-vern\/\" \/>\n<meta name=\"twitter:card\" content=\"summary_large_image\" \/>\n<meta name=\"twitter:title\" content=\"Un vernis thermosensible signalant le verglas est prim\u00e9 - leblogmoto.com\" \/>\n<meta name=\"twitter:description\" content=\"D&rsquo;ici peu, au contact de nos froids rubans d&rsquo;asphalte, l&rsquo;eau de pluie en surfusion et instable se transformera en une couche de glace, d&rsquo;autant plus dangereuse que l&rsquo;absence de bulle d&rsquo;air ou de poussi\u00e8re qui trahirait sa pr\u00e9sence la rend transparente, et quasi-ind\u00e9celable au volant&#8230; ou au guidon. L&rsquo;une des plus grandes craintes du motard [&hellip;]\" \/>\n<meta name=\"twitter:image\" content=\"http:\/\/www.leblogmoto.com\/images\/2007\/10\/19\/avatar_roadster_yamaha.jpg\" \/>\n<meta name=\"twitter:label1\" content=\"\u00c9crit par\" \/>\n\t<meta name=\"twitter:data1\" content=\"benoit rieu\" \/>\n\t<meta name=\"twitter:label2\" content=\"Dur\u00e9e de lecture estim\u00e9e\" \/>\n\t<meta name=\"twitter:data2\" content=\"2 minutes\" \/>\n<script type=\"application\/ld+json\" class=\"yoast-schema-graph\">{\"@context\":\"https:\/\/schema.org\",\"@graph\":[{\"@type\":\"WebPage\",\"@id\":\"https:\/\/blogs.thesocialmedia.com\/leblogmoto\/2007\/10\/22\/innovation-vern\/\",\"url\":\"https:\/\/blogs.thesocialmedia.com\/leblogmoto\/2007\/10\/22\/innovation-vern\/\",\"name\":\"Un vernis thermosensible signalant le verglas est prim\u00e9 - leblogmoto.com\",\"isPartOf\":{\"@id\":\"https:\/\/blogs.thesocialmedia.com\/leblogmoto\/#website\"},\"primaryImageOfPage\":{\"@id\":\"https:\/\/blogs.thesocialmedia.com\/leblogmoto\/2007\/10\/22\/innovation-vern\/#primaryimage\"},\"image\":{\"@id\":\"https:\/\/blogs.thesocialmedia.com\/leblogmoto\/2007\/10\/22\/innovation-vern\/#primaryimage\"},\"thumbnailUrl\":\"http:\/\/www.leblogmoto.com\/images\/2007\/10\/19\/avatar_roadster_yamaha.jpg\",\"datePublished\":\"2007-10-22T17:12:05+00:00\",\"dateModified\":\"2012-07-11T14:49:59+00:00\",\"author\":{\"@id\":\"https:\/\/blogs.thesocialmedia.com\/leblogmoto\/#\/schema\/person\/18bfe773e5725ed6d24f743da805362a\"},\"breadcrumb\":{\"@id\":\"https:\/\/blogs.thesocialmedia.com\/leblogmoto\/2007\/10\/22\/innovation-vern\/#breadcrumb\"},\"inLanguage\":\"fr-FR\",\"potentialAction\":[{\"@type\":\"ReadAction\",\"target\":[\"https:\/\/blogs.thesocialmedia.com\/leblogmoto\/2007\/10\/22\/innovation-vern\/\"]}]},{\"@type\":\"ImageObject\",\"inLanguage\":\"fr-FR\",\"@id\":\"https:\/\/blogs.thesocialmedia.com\/leblogmoto\/2007\/10\/22\/innovation-vern\/#primaryimage\",\"url\":\"http:\/\/www.leblogmoto.com\/images\/2007\/10\/19\/avatar_roadster_yamaha.jpg\",\"contentUrl\":\"http:\/\/www.leblogmoto.com\/images\/2007\/10\/19\/avatar_roadster_yamaha.jpg\"},{\"@type\":\"BreadcrumbList\",\"@id\":\"https:\/\/blogs.thesocialmedia.com\/leblogmoto\/2007\/10\/22\/innovation-vern\/#breadcrumb\",\"itemListElement\":[{\"@type\":\"ListItem\",\"position\":1,\"name\":\"Accueil\",\"item\":\"https:\/\/blogs.thesocialmedia.com\/leblogmoto\/\"},{\"@type\":\"ListItem\",\"position\":2,\"name\":\"Un vernis thermosensible signalant le verglas est prim\u00e9\"}]},{\"@type\":\"WebSite\",\"@id\":\"https:\/\/blogs.thesocialmedia.com\/leblogmoto\/#website\",\"url\":\"https:\/\/blogs.thesocialmedia.com\/leblogmoto\/\",\"name\":\"leblogmoto\",\"description\":\"Toute l&#039;actualit\u00e9 des 2 roues\",\"potentialAction\":[{\"@type\":\"SearchAction\",\"target\":{\"@type\":\"EntryPoint\",\"urlTemplate\":\"https:\/\/blogs.thesocialmedia.com\/leblogmoto\/?s={search_term_string}\"},\"query-input\":{\"@type\":\"PropertyValueSpecification\",\"valueRequired\":true,\"valueName\":\"search_term_string\"}}],\"inLanguage\":\"fr-FR\"},{\"@type\":\"Person\",\"@id\":\"https:\/\/blogs.thesocialmedia.com\/leblogmoto\/#\/schema\/person\/18bfe773e5725ed6d24f743da805362a\",\"name\":\"benoit rieu\",\"image\":{\"@type\":\"ImageObject\",\"inLanguage\":\"fr-FR\",\"@id\":\"https:\/\/blogs.thesocialmedia.com\/leblogmoto\/#\/schema\/person\/image\/\",\"url\":\"https:\/\/secure.gravatar.com\/avatar\/?s=96&d=mm&r=g\",\"contentUrl\":\"https:\/\/secure.gravatar.com\/avatar\/?s=96&d=mm&r=g\",\"caption\":\"benoit rieu\"},\"url\":\"https:\/\/blogs.thesocialmedia.com\/leblogmoto\/author\/benoit-rieu\/\"}]}<\/script>\n<!-- \/ Yoast SEO plugin. -->","yoast_head_json":{"title":"Un vernis thermosensible signalant le verglas est prim\u00e9 - leblogmoto.com","robots":{"index":"index","follow":"follow","max-snippet":"max-snippet:-1","max-image-preview":"max-image-preview:large","max-video-preview":"max-video-preview:-1"},"canonical":"https:\/\/blogs.thesocialmedia.com\/leblogmoto\/2007\/10\/22\/innovation-vern\/","twitter_card":"summary_large_image","twitter_title":"Un vernis thermosensible signalant le verglas est prim\u00e9 - leblogmoto.com","twitter_description":"D&rsquo;ici peu, au contact de nos froids rubans d&rsquo;asphalte, l&rsquo;eau de pluie en surfusion et instable se transformera en une couche de glace, d&rsquo;autant plus dangereuse que l&rsquo;absence de bulle d&rsquo;air ou de poussi\u00e8re qui trahirait sa pr\u00e9sence la rend transparente, et quasi-ind\u00e9celable au volant&#8230; ou au guidon. L&rsquo;une des plus grandes craintes du motard [&hellip;]","twitter_image":"http:\/\/www.leblogmoto.com\/images\/2007\/10\/19\/avatar_roadster_yamaha.jpg","twitter_misc":{"\u00c9crit par":"benoit rieu","Dur\u00e9e de lecture estim\u00e9e":"2 minutes"},"schema":{"@context":"https:\/\/schema.org","@graph":[{"@type":"WebPage","@id":"https:\/\/blogs.thesocialmedia.com\/leblogmoto\/2007\/10\/22\/innovation-vern\/","url":"https:\/\/blogs.thesocialmedia.com\/leblogmoto\/2007\/10\/22\/innovation-vern\/","name":"Un vernis thermosensible signalant le verglas est prim\u00e9 - leblogmoto.com","isPartOf":{"@id":"https:\/\/blogs.thesocialmedia.com\/leblogmoto\/#website"},"primaryImageOfPage":{"@id":"https:\/\/blogs.thesocialmedia.com\/leblogmoto\/2007\/10\/22\/innovation-vern\/#primaryimage"},"image":{"@id":"https:\/\/blogs.thesocialmedia.com\/leblogmoto\/2007\/10\/22\/innovation-vern\/#primaryimage"},"thumbnailUrl":"http:\/\/www.leblogmoto.com\/images\/2007\/10\/19\/avatar_roadster_yamaha.jpg","datePublished":"2007-10-22T17:12:05+00:00","dateModified":"2012-07-11T14:49:59+00:00","author":{"@id":"https:\/\/blogs.thesocialmedia.com\/leblogmoto\/#\/schema\/person\/18bfe773e5725ed6d24f743da805362a"},"breadcrumb":{"@id":"https:\/\/blogs.thesocialmedia.com\/leblogmoto\/2007\/10\/22\/innovation-vern\/#breadcrumb"},"inLanguage":"fr-FR","potentialAction":[{"@type":"ReadAction","target":["https:\/\/blogs.thesocialmedia.com\/leblogmoto\/2007\/10\/22\/innovation-vern\/"]}]},{"@type":"ImageObject","inLanguage":"fr-FR","@id":"https:\/\/blogs.thesocialmedia.com\/leblogmoto\/2007\/10\/22\/innovation-vern\/#primaryimage","url":"http:\/\/www.leblogmoto.com\/images\/2007\/10\/19\/avatar_roadster_yamaha.jpg","contentUrl":"http:\/\/www.leblogmoto.com\/images\/2007\/10\/19\/avatar_roadster_yamaha.jpg"},{"@type":"BreadcrumbList","@id":"https:\/\/blogs.thesocialmedia.com\/leblogmoto\/2007\/10\/22\/innovation-vern\/#breadcrumb","itemListElement":[{"@type":"ListItem","position":1,"name":"Accueil","item":"https:\/\/blogs.thesocialmedia.com\/leblogmoto\/"},{"@type":"ListItem","position":2,"name":"Un vernis thermosensible signalant le verglas est prim\u00e9"}]},{"@type":"WebSite","@id":"https:\/\/blogs.thesocialmedia.com\/leblogmoto\/#website","url":"https:\/\/blogs.thesocialmedia.com\/leblogmoto\/","name":"leblogmoto","description":"Toute l&#039;actualit\u00e9 des 2 roues","potentialAction":[{"@type":"SearchAction","target":{"@type":"EntryPoint","urlTemplate":"https:\/\/blogs.thesocialmedia.com\/leblogmoto\/?s={search_term_string}"},"query-input":{"@type":"PropertyValueSpecification","valueRequired":true,"valueName":"search_term_string"}}],"inLanguage":"fr-FR"},{"@type":"Person","@id":"https:\/\/blogs.thesocialmedia.com\/leblogmoto\/#\/schema\/person\/18bfe773e5725ed6d24f743da805362a","name":"benoit rieu","image":{"@type":"ImageObject","inLanguage":"fr-FR","@id":"https:\/\/blogs.thesocialmedia.com\/leblogmoto\/#\/schema\/person\/image\/","url":"https:\/\/secure.gravatar.com\/avatar\/?s=96&d=mm&r=g","contentUrl":"https:\/\/secure.gravatar.com\/avatar\/?s=96&d=mm&r=g","caption":"benoit rieu"},"url":"https:\/\/blogs.thesocialmedia.com\/leblogmoto\/author\/benoit-rieu\/"}]}},"_links":{"self":[{"href":"https:\/\/blogs.thesocialmedia.com\/leblogmoto\/wp-json\/wp\/v2\/posts\/1161","targetHints":{"allow":["GET"]}}],"collection":[{"href":"https:\/\/blogs.thesocialmedia.com\/leblogmoto\/wp-json\/wp\/v2\/posts"}],"about":[{"href":"https:\/\/blogs.thesocialmedia.com\/leblogmoto\/wp-json\/wp\/v2\/types\/post"}],"author":[{"embeddable":true,"href":"https:\/\/blogs.thesocialmedia.com\/leblogmoto\/wp-json\/wp\/v2\/users\/324"}],"replies":[{"embeddable":true,"href":"https:\/\/blogs.thesocialmedia.com\/leblogmoto\/wp-json\/wp\/v2\/comments?post=1161"}],"version-history":[{"count":2,"href":"https:\/\/blogs.thesocialmedia.com\/leblogmoto\/wp-json\/wp\/v2\/posts\/1161\/revisions"}],"predecessor-version":[{"id":8941,"href":"https:\/\/blogs.thesocialmedia.com\/leblogmoto\/wp-json\/wp\/v2\/posts\/1161\/revisions\/8941"}],"wp:attachment":[{"href":"https:\/\/blogs.thesocialmedia.com\/leblogmoto\/wp-json\/wp\/v2\/media?parent=1161"}],"wp:term":[{"taxonomy":"category","embeddable":true,"href":"https:\/\/blogs.thesocialmedia.com\/leblogmoto\/wp-json\/wp\/v2\/categories?post=1161"},{"taxonomy":"post_tag","embeddable":true,"href":"https:\/\/blogs.thesocialmedia.com\/leblogmoto\/wp-json\/wp\/v2\/tags?post=1161"}],"curies":[{"name":"wp","href":"https:\/\/api.w.org\/{rel}","templated":true}]}}