{"id":1168,"date":"2007-10-18T17:46:25","date_gmt":"2007-10-18T17:46:25","guid":{"rendered":"http:\/\/blogs.thesocialmedia.com\/leblogmoto\/2007\/10\/18\/fin-des-contrle\/"},"modified":"2012-07-11T14:49:35","modified_gmt":"2012-07-11T14:49:35","slug":"fin-des-contrle","status":"publish","type":"post","link":"https:\/\/blogs.thesocialmedia.com\/leblogmoto\/2007\/10\/18\/fin-des-contrle\/","title":{"rendered":"Fin des contr\u00f4les pour les moto-\u00e9coles"},"content":{"rendered":"<p><a href=\"http:\/\/blogs.thesocialmedia.com\/leblogmoto\/files\/2012\/07\/ffmc4.gif\"><img loading=\"lazy\" decoding=\"async\" height=\"91\" alt=\"Ffmc\" src=\"http:\/\/www.leblogmoto.com\/images\/2007\/10\/18\/ffmc.gif\" width=\"250\"  \/><\/a> Madame C\u00e9cile PETIT, d\u00e9l\u00e9gu\u00e9e interminist\u00e9rielle \u00e0 la S\u00e9curit\u00e9 Routi\u00e8re, l\u2019a dit : &quot; les inspecteurs du permis de conduire doivent se consacrer aux examens afin de r\u00e9sorber les d\u00e9lais d\u2019attente pour les candidats\u2026 &quot; <\/p>\n<p>La F\u00e9d\u00e9ration Fran\u00e7aise des Motards en Col\u00e8re (FFMC) et <a href=\"http:\/\/afdm.free.fr\/\">l\u2019Association de Formation Des Motards<\/a> (AFDM) saluent cette initiative qui a pour but de mettre fin \u00e0 une situation intol\u00e9rable, mais s\u2019inqui\u00e8tent \u00e9galement du risque qu\u2019elle g\u00e9n\u00e8re : les \u00e9tablissements de formation \u00e0 la conduite restent sans contr\u00f4le quant au respect des r\u00e8gles d\u2019enseignement li\u00e9es \u00e0 l\u2019attribution d\u2019un agr\u00e9ment pr\u00e9fectoral et cette situation risque de perdurer. <\/p>\n<p>N\u00e9anmoins certaines pratiques douteuses risquent de refaire surface (plus de 3 motos sur route ouverte, \u00e9l\u00e8ves seuls sur le plateau, scooter et moto sur une m\u00eame heure de conduite, etc\u2026). <br \/>C&rsquo;est \u00e0 cet effet que la <a href=\"http:\/\/www.ffmc.asso.fr\/\">FFMC<\/a> et l&rsquo;AFDM demande \u00e0 ce que des agents de l\u2019Etat veillent \u00e0 l\u2019application des r\u00e8gles administratives d\u00e9finies par le Programme National de Formation (PNF) afin d\u2019assurer de la s\u00e9curit\u00e9 des \u00e9l\u00e8ves en formation en contr\u00f4lant les \u00e9coles de conduite. <\/p>\n<p>Ce message s&rsquo;adresse donc aux futurs motards, faites bien attention dans le choix de votre moto \u00e9cole. Certaines ont des accords avec la FFMC ou l&rsquo;AFDM et vous pourrez donc les choisir avec confiance, pour les autres, il faudra les \u00e9tudier au cas par cas.<\/p>\n<p>Source : <a href=\"http:\/\/www.ffmc.asso.fr\/\">FFMC<\/a><\/p>\n","protected":false},"excerpt":{"rendered":"<p>Madame C\u00e9cile PETIT, d\u00e9l\u00e9gu\u00e9e interminist\u00e9rielle \u00e0 la S\u00e9curit\u00e9 Routi\u00e8re, l\u2019a dit : &quot; les inspecteurs du permis de conduire doivent se consacrer aux examens afin de r\u00e9sorber les d\u00e9lais d\u2019attente pour les candidats\u2026 &quot; La F\u00e9d\u00e9ration Fran\u00e7aise des Motards en Col\u00e8re (FFMC) et l\u2019Association de Formation Des Motards (AFDM) saluent cette initiative qui a pour [&hellip;]<\/p>\n","protected":false},"author":329,"featured_media":0,"comment_status":"open","ping_status":"open","sticky":false,"template":"","format":"standard","meta":{"footnotes":""},"categories":[3,27],"tags":[],"class_list":["post-1168","post","type-post","status-publish","format-standard","hentry","category-actualite","category-securite"],"yoast_head":"<!-- This site is optimized with the Yoast SEO plugin v26.0 - https:\/\/yoast.com\/wordpress\/plugins\/seo\/ -->\n<title>Fin des contr\u00f4les pour les moto-\u00e9coles - leblogmoto.com<\/title>\n<meta name=\"robots\" content=\"index, follow, max-snippet:-1, max-image-preview:large, max-video-preview:-1\" \/>\n<link rel=\"canonical\" href=\"https:\/\/blogs.thesocialmedia.com\/leblogmoto\/2007\/10\/18\/fin-des-contrle\/\" \/>\n<meta name=\"twitter:card\" content=\"summary_large_image\" \/>\n<meta name=\"twitter:title\" content=\"Fin des contr\u00f4les pour les moto-\u00e9coles - leblogmoto.com\" \/>\n<meta name=\"twitter:description\" content=\"Madame C\u00e9cile PETIT, d\u00e9l\u00e9gu\u00e9e interminist\u00e9rielle \u00e0 la S\u00e9curit\u00e9 Routi\u00e8re, l\u2019a dit : &quot; les inspecteurs du permis de conduire doivent se consacrer aux examens afin de r\u00e9sorber les d\u00e9lais d\u2019attente pour les candidats\u2026 &quot; La F\u00e9d\u00e9ration Fran\u00e7aise des Motards en Col\u00e8re (FFMC) et l\u2019Association de Formation Des Motards (AFDM) saluent cette initiative qui a pour [&hellip;]\" \/>\n<meta name=\"twitter:image\" content=\"http:\/\/www.leblogmoto.com\/images\/2007\/10\/18\/ffmc.gif\" \/>\n<meta name=\"twitter:label1\" content=\"\u00c9crit par\" \/>\n\t<meta name=\"twitter:data1\" content=\"gregory boucaud\" \/>\n\t<meta name=\"twitter:label2\" content=\"Dur\u00e9e de lecture estim\u00e9e\" \/>\n\t<meta name=\"twitter:data2\" content=\"1 minute\" \/>\n<script type=\"application\/ld+json\" class=\"yoast-schema-graph\">{\"@context\":\"https:\/\/schema.org\",\"@graph\":[{\"@type\":\"WebPage\",\"@id\":\"https:\/\/blogs.thesocialmedia.com\/leblogmoto\/2007\/10\/18\/fin-des-contrle\/\",\"url\":\"https:\/\/blogs.thesocialmedia.com\/leblogmoto\/2007\/10\/18\/fin-des-contrle\/\",\"name\":\"Fin des contr\u00f4les pour les moto-\u00e9coles - leblogmoto.com\",\"isPartOf\":{\"@id\":\"https:\/\/blogs.thesocialmedia.com\/leblogmoto\/#website\"},\"primaryImageOfPage\":{\"@id\":\"https:\/\/blogs.thesocialmedia.com\/leblogmoto\/2007\/10\/18\/fin-des-contrle\/#primaryimage\"},\"image\":{\"@id\":\"https:\/\/blogs.thesocialmedia.com\/leblogmoto\/2007\/10\/18\/fin-des-contrle\/#primaryimage\"},\"thumbnailUrl\":\"http:\/\/www.leblogmoto.com\/images\/2007\/10\/18\/ffmc.gif\",\"datePublished\":\"2007-10-18T17:46:25+00:00\",\"dateModified\":\"2012-07-11T14:49:35+00:00\",\"author\":{\"@id\":\"https:\/\/blogs.thesocialmedia.com\/leblogmoto\/#\/schema\/person\/769623f89741cc3381675029a37764f8\"},\"breadcrumb\":{\"@id\":\"https:\/\/blogs.thesocialmedia.com\/leblogmoto\/2007\/10\/18\/fin-des-contrle\/#breadcrumb\"},\"inLanguage\":\"fr-FR\",\"potentialAction\":[{\"@type\":\"ReadAction\",\"target\":[\"https:\/\/blogs.thesocialmedia.com\/leblogmoto\/2007\/10\/18\/fin-des-contrle\/\"]}]},{\"@type\":\"ImageObject\",\"inLanguage\":\"fr-FR\",\"@id\":\"https:\/\/blogs.thesocialmedia.com\/leblogmoto\/2007\/10\/18\/fin-des-contrle\/#primaryimage\",\"url\":\"http:\/\/www.leblogmoto.com\/images\/2007\/10\/18\/ffmc.gif\",\"contentUrl\":\"http:\/\/www.leblogmoto.com\/images\/2007\/10\/18\/ffmc.gif\"},{\"@type\":\"BreadcrumbList\",\"@id\":\"https:\/\/blogs.thesocialmedia.com\/leblogmoto\/2007\/10\/18\/fin-des-contrle\/#breadcrumb\",\"itemListElement\":[{\"@type\":\"ListItem\",\"position\":1,\"name\":\"Accueil\",\"item\":\"https:\/\/blogs.thesocialmedia.com\/leblogmoto\/\"},{\"@type\":\"ListItem\",\"position\":2,\"name\":\"Fin des contr\u00f4les pour les moto-\u00e9coles\"}]},{\"@type\":\"WebSite\",\"@id\":\"https:\/\/blogs.thesocialmedia.com\/leblogmoto\/#website\",\"url\":\"https:\/\/blogs.thesocialmedia.com\/leblogmoto\/\",\"name\":\"leblogmoto\",\"description\":\"Toute l&#039;actualit\u00e9 des 2 roues\",\"potentialAction\":[{\"@type\":\"SearchAction\",\"target\":{\"@type\":\"EntryPoint\",\"urlTemplate\":\"https:\/\/blogs.thesocialmedia.com\/leblogmoto\/?s={search_term_string}\"},\"query-input\":{\"@type\":\"PropertyValueSpecification\",\"valueRequired\":true,\"valueName\":\"search_term_string\"}}],\"inLanguage\":\"fr-FR\"},{\"@type\":\"Person\",\"@id\":\"https:\/\/blogs.thesocialmedia.com\/leblogmoto\/#\/schema\/person\/769623f89741cc3381675029a37764f8\",\"name\":\"gregory boucaud\",\"image\":{\"@type\":\"ImageObject\",\"inLanguage\":\"fr-FR\",\"@id\":\"https:\/\/blogs.thesocialmedia.com\/leblogmoto\/#\/schema\/person\/image\/\",\"url\":\"https:\/\/secure.gravatar.com\/avatar\/?s=96&d=mm&r=g\",\"contentUrl\":\"https:\/\/secure.gravatar.com\/avatar\/?s=96&d=mm&r=g\",\"caption\":\"gregory boucaud\"},\"url\":\"https:\/\/blogs.thesocialmedia.com\/leblogmoto\/author\/gregory-boucaud\/\"}]}<\/script>\n<!-- \/ Yoast SEO plugin. -->","yoast_head_json":{"title":"Fin des contr\u00f4les pour les moto-\u00e9coles - leblogmoto.com","robots":{"index":"index","follow":"follow","max-snippet":"max-snippet:-1","max-image-preview":"max-image-preview:large","max-video-preview":"max-video-preview:-1"},"canonical":"https:\/\/blogs.thesocialmedia.com\/leblogmoto\/2007\/10\/18\/fin-des-contrle\/","twitter_card":"summary_large_image","twitter_title":"Fin des contr\u00f4les pour les moto-\u00e9coles - leblogmoto.com","twitter_description":"Madame C\u00e9cile PETIT, d\u00e9l\u00e9gu\u00e9e interminist\u00e9rielle \u00e0 la S\u00e9curit\u00e9 Routi\u00e8re, l\u2019a dit : &quot; les inspecteurs du permis de conduire doivent se consacrer aux examens afin de r\u00e9sorber les d\u00e9lais d\u2019attente pour les candidats\u2026 &quot; La F\u00e9d\u00e9ration Fran\u00e7aise des Motards en Col\u00e8re (FFMC) et l\u2019Association de Formation Des Motards (AFDM) saluent cette initiative qui a pour [&hellip;]","twitter_image":"http:\/\/www.leblogmoto.com\/images\/2007\/10\/18\/ffmc.gif","twitter_misc":{"\u00c9crit par":"gregory boucaud","Dur\u00e9e de lecture estim\u00e9e":"1 minute"},"schema":{"@context":"https:\/\/schema.org","@graph":[{"@type":"WebPage","@id":"https:\/\/blogs.thesocialmedia.com\/leblogmoto\/2007\/10\/18\/fin-des-contrle\/","url":"https:\/\/blogs.thesocialmedia.com\/leblogmoto\/2007\/10\/18\/fin-des-contrle\/","name":"Fin des contr\u00f4les pour les moto-\u00e9coles - leblogmoto.com","isPartOf":{"@id":"https:\/\/blogs.thesocialmedia.com\/leblogmoto\/#website"},"primaryImageOfPage":{"@id":"https:\/\/blogs.thesocialmedia.com\/leblogmoto\/2007\/10\/18\/fin-des-contrle\/#primaryimage"},"image":{"@id":"https:\/\/blogs.thesocialmedia.com\/leblogmoto\/2007\/10\/18\/fin-des-contrle\/#primaryimage"},"thumbnailUrl":"http:\/\/www.leblogmoto.com\/images\/2007\/10\/18\/ffmc.gif","datePublished":"2007-10-18T17:46:25+00:00","dateModified":"2012-07-11T14:49:35+00:00","author":{"@id":"https:\/\/blogs.thesocialmedia.com\/leblogmoto\/#\/schema\/person\/769623f89741cc3381675029a37764f8"},"breadcrumb":{"@id":"https:\/\/blogs.thesocialmedia.com\/leblogmoto\/2007\/10\/18\/fin-des-contrle\/#breadcrumb"},"inLanguage":"fr-FR","potentialAction":[{"@type":"ReadAction","target":["https:\/\/blogs.thesocialmedia.com\/leblogmoto\/2007\/10\/18\/fin-des-contrle\/"]}]},{"@type":"ImageObject","inLanguage":"fr-FR","@id":"https:\/\/blogs.thesocialmedia.com\/leblogmoto\/2007\/10\/18\/fin-des-contrle\/#primaryimage","url":"http:\/\/www.leblogmoto.com\/images\/2007\/10\/18\/ffmc.gif","contentUrl":"http:\/\/www.leblogmoto.com\/images\/2007\/10\/18\/ffmc.gif"},{"@type":"BreadcrumbList","@id":"https:\/\/blogs.thesocialmedia.com\/leblogmoto\/2007\/10\/18\/fin-des-contrle\/#breadcrumb","itemListElement":[{"@type":"ListItem","position":1,"name":"Accueil","item":"https:\/\/blogs.thesocialmedia.com\/leblogmoto\/"},{"@type":"ListItem","position":2,"name":"Fin des contr\u00f4les pour les moto-\u00e9coles"}]},{"@type":"WebSite","@id":"https:\/\/blogs.thesocialmedia.com\/leblogmoto\/#website","url":"https:\/\/blogs.thesocialmedia.com\/leblogmoto\/","name":"leblogmoto","description":"Toute l&#039;actualit\u00e9 des 2 roues","potentialAction":[{"@type":"SearchAction","target":{"@type":"EntryPoint","urlTemplate":"https:\/\/blogs.thesocialmedia.com\/leblogmoto\/?s={search_term_string}"},"query-input":{"@type":"PropertyValueSpecification","valueRequired":true,"valueName":"search_term_string"}}],"inLanguage":"fr-FR"},{"@type":"Person","@id":"https:\/\/blogs.thesocialmedia.com\/leblogmoto\/#\/schema\/person\/769623f89741cc3381675029a37764f8","name":"gregory boucaud","image":{"@type":"ImageObject","inLanguage":"fr-FR","@id":"https:\/\/blogs.thesocialmedia.com\/leblogmoto\/#\/schema\/person\/image\/","url":"https:\/\/secure.gravatar.com\/avatar\/?s=96&d=mm&r=g","contentUrl":"https:\/\/secure.gravatar.com\/avatar\/?s=96&d=mm&r=g","caption":"gregory boucaud"},"url":"https:\/\/blogs.thesocialmedia.com\/leblogmoto\/author\/gregory-boucaud\/"}]}},"_links":{"self":[{"href":"https:\/\/blogs.thesocialmedia.com\/leblogmoto\/wp-json\/wp\/v2\/posts\/1168","targetHints":{"allow":["GET"]}}],"collection":[{"href":"https:\/\/blogs.thesocialmedia.com\/leblogmoto\/wp-json\/wp\/v2\/posts"}],"about":[{"href":"https:\/\/blogs.thesocialmedia.com\/leblogmoto\/wp-json\/wp\/v2\/types\/post"}],"author":[{"embeddable":true,"href":"https:\/\/blogs.thesocialmedia.com\/leblogmoto\/wp-json\/wp\/v2\/users\/329"}],"replies":[{"embeddable":true,"href":"https:\/\/blogs.thesocialmedia.com\/leblogmoto\/wp-json\/wp\/v2\/comments?post=1168"}],"version-history":[{"count":2,"href":"https:\/\/blogs.thesocialmedia.com\/leblogmoto\/wp-json\/wp\/v2\/posts\/1168\/revisions"}],"predecessor-version":[{"id":8921,"href":"https:\/\/blogs.thesocialmedia.com\/leblogmoto\/wp-json\/wp\/v2\/posts\/1168\/revisions\/8921"}],"wp:attachment":[{"href":"https:\/\/blogs.thesocialmedia.com\/leblogmoto\/wp-json\/wp\/v2\/media?parent=1168"}],"wp:term":[{"taxonomy":"category","embeddable":true,"href":"https:\/\/blogs.thesocialmedia.com\/leblogmoto\/wp-json\/wp\/v2\/categories?post=1168"},{"taxonomy":"post_tag","embeddable":true,"href":"https:\/\/blogs.thesocialmedia.com\/leblogmoto\/wp-json\/wp\/v2\/tags?post=1168"}],"curies":[{"name":"wp","href":"https:\/\/api.w.org\/{rel}","templated":true}]}}