{"id":1169,"date":"2007-10-18T17:22:10","date_gmt":"2007-10-18T17:22:10","guid":{"rendered":"http:\/\/blogs.thesocialmedia.com\/leblogmoto\/2007\/10\/18\/problmes-de-vue\/"},"modified":"2012-07-11T14:49:34","modified_gmt":"2012-07-11T14:49:34","slug":"problmes-de-vue","status":"publish","type":"post","link":"https:\/\/blogs.thesocialmedia.com\/leblogmoto\/2007\/10\/18\/problmes-de-vue\/","title":{"rendered":"Probl\u00e8mes de vue ?"},"content":{"rendered":"<div><embed src=\"http:\/\/www.dailymotion.com\/swf\/3wzFfBLOk5MiwlbYh\" width=\"470\" height=\"356\" type=\"application\/x-shockwave-flash\"><\/embed><\/div>\n<p>Comme vous avez pu le voir sur cette vid\u00e9o, les probl\u00e8mes de vue deviennent de plus en plus pr\u00e9occupant. <\/p>\n<p><a href=\"http:\/\/blogs.thesocialmedia.com\/leblogmoto\/files\/2012\/07\/10_10.png\"><img loading=\"lazy\" decoding=\"async\" height=\"248\" alt=\"10_10\" src=\"http:\/\/www.leblogmoto.com\/images\/2007\/10\/18\/10_10.png\" width=\"250\"  \/><\/a>Durant le Mondial du Deux Roue 2007, 1 500 motards ont \u00e9t\u00e9 accueillis sur le stand de la <a href=\"http:\/\/www.mutuelle-des-motards.fr\/\">Mutuelle des Motards<\/a>, de la <a href=\"http:\/\/www.ffmc.asso.fr\/\">F\u00e9d\u00e9ration Fran\u00e7aise des Motards en Col\u00e8re<\/a> et de <a href=\"http:\/\/www.motomag.com\/\">Moto Magazine<\/a>, par les opticiens b\u00e9n\u00e9voles de l&rsquo;ASNAV (<a href=\"http:\/\/www.asnav.org\/\">Association Nationale pour l&rsquo;Am\u00e9lioration de la Vue<\/a>). <br \/>Des tests ont donc pu \u00eatre effectu\u00e9s pour v\u00e9rifier l&rsquo;acuit\u00e9 visuelle des motards et les rediriger, le cas \u00e9ch\u00e9ant, vers un ophtalmologue pour un examen plus d\u00e9taill\u00e9. <br \/>En \u00e9tant pr\u00e9sent au Mondial des Deux Roues, l&rsquo;ASNAV a pu toucher une cible jeune, les 16-35 ans, g\u00e9n\u00e9ralement peu enclins \u00e0 faire contr\u00f4ler r\u00e9guli\u00e8rement leur vue. Au total, si l&rsquo;on ajoute les contr\u00f4les r\u00e9alis\u00e9s sur le Circuit Carole ce sont pr\u00e8s de 2000 conducteurs de deux roues qui sont venus spontan\u00e9ment faire tester leur vue. Et l&rsquo;analyse des r\u00e9sultats des tests est \u00e9loquente : il y a autant de motards qui ont une vue non ou mal corrig\u00e9e que de motards ayant une bonne vue, qui circulent sur nos routes. <\/p>\n<p>&quot;Ces r\u00e9sultats ne peuvent que nous faire persister \u00e0 obtenir des pouvoirs publics, l&rsquo;instauration de contr\u00f4les de vue lors du passage du permis de conduire et r\u00e9guli\u00e8rement au cours de la vie des conducteurs&quot; souligne Bertrand Roy, Pr\u00e9sident de l&rsquo;<a href=\"http:\/\/www.asnav.org\/\">ASNAV<\/a>. <\/p>\n<p>Et vous, depuis quand n&rsquo;avez-vous pas v\u00e9rifi\u00e9 votre vue ?<\/p>\n<p>Source : <a href=\"http:\/\/www.asnav.org\/\">ASNAV<\/a><br \/>Source vid\u00e9o : <a href=\"http:\/\/www.dailymotion.com\/video\/x309b1_au-guidon-aussi-la-vue-cest-la-vie_events\">Au guidon aussi la vue c&rsquo;est la vie<\/a><em>&nbsp;<\/em>envoy\u00e9 par<em> <\/em><a href=\"http:\/\/www.dailymotion.com\/ASNAV\"><em>ASNAV<\/em><\/a><\/p>\n","protected":false},"excerpt":{"rendered":"<p>Comme vous avez pu le voir sur cette vid\u00e9o, les probl\u00e8mes de vue deviennent de plus en plus pr\u00e9occupant. Durant le Mondial du Deux Roue 2007, 1 500 motards ont \u00e9t\u00e9 accueillis sur le stand de la Mutuelle des Motards, de la F\u00e9d\u00e9ration Fran\u00e7aise des Motards en Col\u00e8re et de Moto Magazine, par les opticiens [&hellip;]<\/p>\n","protected":false},"author":329,"featured_media":0,"comment_status":"open","ping_status":"open","sticky":false,"template":"","format":"standard","meta":{"footnotes":""},"categories":[27],"tags":[],"class_list":["post-1169","post","type-post","status-publish","format-standard","hentry","category-securite"],"yoast_head":"<!-- This site is optimized with the Yoast SEO plugin v26.0 - https:\/\/yoast.com\/wordpress\/plugins\/seo\/ -->\n<title>Probl\u00e8mes de vue ? - leblogmoto.com<\/title>\n<meta name=\"robots\" content=\"index, follow, max-snippet:-1, max-image-preview:large, max-video-preview:-1\" \/>\n<link rel=\"canonical\" href=\"https:\/\/blogs.thesocialmedia.com\/leblogmoto\/2007\/10\/18\/problmes-de-vue\/\" \/>\n<meta name=\"twitter:card\" content=\"summary_large_image\" \/>\n<meta name=\"twitter:title\" content=\"Probl\u00e8mes de vue ? - leblogmoto.com\" \/>\n<meta name=\"twitter:description\" content=\"Comme vous avez pu le voir sur cette vid\u00e9o, les probl\u00e8mes de vue deviennent de plus en plus pr\u00e9occupant. Durant le Mondial du Deux Roue 2007, 1 500 motards ont \u00e9t\u00e9 accueillis sur le stand de la Mutuelle des Motards, de la F\u00e9d\u00e9ration Fran\u00e7aise des Motards en Col\u00e8re et de Moto Magazine, par les opticiens [&hellip;]\" \/>\n<meta name=\"twitter:image\" content=\"http:\/\/www.leblogmoto.com\/images\/2007\/10\/18\/10_10.png\" \/>\n<meta name=\"twitter:label1\" content=\"\u00c9crit par\" \/>\n\t<meta name=\"twitter:data1\" content=\"gregory boucaud\" \/>\n\t<meta name=\"twitter:label2\" content=\"Dur\u00e9e de lecture estim\u00e9e\" \/>\n\t<meta name=\"twitter:data2\" content=\"1 minute\" \/>\n<script type=\"application\/ld+json\" class=\"yoast-schema-graph\">{\"@context\":\"https:\/\/schema.org\",\"@graph\":[{\"@type\":\"WebPage\",\"@id\":\"https:\/\/blogs.thesocialmedia.com\/leblogmoto\/2007\/10\/18\/problmes-de-vue\/\",\"url\":\"https:\/\/blogs.thesocialmedia.com\/leblogmoto\/2007\/10\/18\/problmes-de-vue\/\",\"name\":\"Probl\u00e8mes de vue ? - leblogmoto.com\",\"isPartOf\":{\"@id\":\"https:\/\/blogs.thesocialmedia.com\/leblogmoto\/#website\"},\"primaryImageOfPage\":{\"@id\":\"https:\/\/blogs.thesocialmedia.com\/leblogmoto\/2007\/10\/18\/problmes-de-vue\/#primaryimage\"},\"image\":{\"@id\":\"https:\/\/blogs.thesocialmedia.com\/leblogmoto\/2007\/10\/18\/problmes-de-vue\/#primaryimage\"},\"thumbnailUrl\":\"http:\/\/www.leblogmoto.com\/images\/2007\/10\/18\/10_10.png\",\"datePublished\":\"2007-10-18T17:22:10+00:00\",\"dateModified\":\"2012-07-11T14:49:34+00:00\",\"author\":{\"@id\":\"https:\/\/blogs.thesocialmedia.com\/leblogmoto\/#\/schema\/person\/769623f89741cc3381675029a37764f8\"},\"breadcrumb\":{\"@id\":\"https:\/\/blogs.thesocialmedia.com\/leblogmoto\/2007\/10\/18\/problmes-de-vue\/#breadcrumb\"},\"inLanguage\":\"fr-FR\",\"potentialAction\":[{\"@type\":\"ReadAction\",\"target\":[\"https:\/\/blogs.thesocialmedia.com\/leblogmoto\/2007\/10\/18\/problmes-de-vue\/\"]}]},{\"@type\":\"ImageObject\",\"inLanguage\":\"fr-FR\",\"@id\":\"https:\/\/blogs.thesocialmedia.com\/leblogmoto\/2007\/10\/18\/problmes-de-vue\/#primaryimage\",\"url\":\"http:\/\/www.leblogmoto.com\/images\/2007\/10\/18\/10_10.png\",\"contentUrl\":\"http:\/\/www.leblogmoto.com\/images\/2007\/10\/18\/10_10.png\"},{\"@type\":\"BreadcrumbList\",\"@id\":\"https:\/\/blogs.thesocialmedia.com\/leblogmoto\/2007\/10\/18\/problmes-de-vue\/#breadcrumb\",\"itemListElement\":[{\"@type\":\"ListItem\",\"position\":1,\"name\":\"Accueil\",\"item\":\"https:\/\/blogs.thesocialmedia.com\/leblogmoto\/\"},{\"@type\":\"ListItem\",\"position\":2,\"name\":\"Probl\u00e8mes de vue ?\"}]},{\"@type\":\"WebSite\",\"@id\":\"https:\/\/blogs.thesocialmedia.com\/leblogmoto\/#website\",\"url\":\"https:\/\/blogs.thesocialmedia.com\/leblogmoto\/\",\"name\":\"leblogmoto\",\"description\":\"Toute l&#039;actualit\u00e9 des 2 roues\",\"potentialAction\":[{\"@type\":\"SearchAction\",\"target\":{\"@type\":\"EntryPoint\",\"urlTemplate\":\"https:\/\/blogs.thesocialmedia.com\/leblogmoto\/?s={search_term_string}\"},\"query-input\":{\"@type\":\"PropertyValueSpecification\",\"valueRequired\":true,\"valueName\":\"search_term_string\"}}],\"inLanguage\":\"fr-FR\"},{\"@type\":\"Person\",\"@id\":\"https:\/\/blogs.thesocialmedia.com\/leblogmoto\/#\/schema\/person\/769623f89741cc3381675029a37764f8\",\"name\":\"gregory boucaud\",\"image\":{\"@type\":\"ImageObject\",\"inLanguage\":\"fr-FR\",\"@id\":\"https:\/\/blogs.thesocialmedia.com\/leblogmoto\/#\/schema\/person\/image\/\",\"url\":\"https:\/\/secure.gravatar.com\/avatar\/?s=96&d=mm&r=g\",\"contentUrl\":\"https:\/\/secure.gravatar.com\/avatar\/?s=96&d=mm&r=g\",\"caption\":\"gregory boucaud\"},\"url\":\"https:\/\/blogs.thesocialmedia.com\/leblogmoto\/author\/gregory-boucaud\/\"}]}<\/script>\n<!-- \/ Yoast SEO plugin. -->","yoast_head_json":{"title":"Probl\u00e8mes de vue ? - leblogmoto.com","robots":{"index":"index","follow":"follow","max-snippet":"max-snippet:-1","max-image-preview":"max-image-preview:large","max-video-preview":"max-video-preview:-1"},"canonical":"https:\/\/blogs.thesocialmedia.com\/leblogmoto\/2007\/10\/18\/problmes-de-vue\/","twitter_card":"summary_large_image","twitter_title":"Probl\u00e8mes de vue ? - leblogmoto.com","twitter_description":"Comme vous avez pu le voir sur cette vid\u00e9o, les probl\u00e8mes de vue deviennent de plus en plus pr\u00e9occupant. Durant le Mondial du Deux Roue 2007, 1 500 motards ont \u00e9t\u00e9 accueillis sur le stand de la Mutuelle des Motards, de la F\u00e9d\u00e9ration Fran\u00e7aise des Motards en Col\u00e8re et de Moto Magazine, par les opticiens [&hellip;]","twitter_image":"http:\/\/www.leblogmoto.com\/images\/2007\/10\/18\/10_10.png","twitter_misc":{"\u00c9crit par":"gregory boucaud","Dur\u00e9e de lecture estim\u00e9e":"1 minute"},"schema":{"@context":"https:\/\/schema.org","@graph":[{"@type":"WebPage","@id":"https:\/\/blogs.thesocialmedia.com\/leblogmoto\/2007\/10\/18\/problmes-de-vue\/","url":"https:\/\/blogs.thesocialmedia.com\/leblogmoto\/2007\/10\/18\/problmes-de-vue\/","name":"Probl\u00e8mes de vue ? - leblogmoto.com","isPartOf":{"@id":"https:\/\/blogs.thesocialmedia.com\/leblogmoto\/#website"},"primaryImageOfPage":{"@id":"https:\/\/blogs.thesocialmedia.com\/leblogmoto\/2007\/10\/18\/problmes-de-vue\/#primaryimage"},"image":{"@id":"https:\/\/blogs.thesocialmedia.com\/leblogmoto\/2007\/10\/18\/problmes-de-vue\/#primaryimage"},"thumbnailUrl":"http:\/\/www.leblogmoto.com\/images\/2007\/10\/18\/10_10.png","datePublished":"2007-10-18T17:22:10+00:00","dateModified":"2012-07-11T14:49:34+00:00","author":{"@id":"https:\/\/blogs.thesocialmedia.com\/leblogmoto\/#\/schema\/person\/769623f89741cc3381675029a37764f8"},"breadcrumb":{"@id":"https:\/\/blogs.thesocialmedia.com\/leblogmoto\/2007\/10\/18\/problmes-de-vue\/#breadcrumb"},"inLanguage":"fr-FR","potentialAction":[{"@type":"ReadAction","target":["https:\/\/blogs.thesocialmedia.com\/leblogmoto\/2007\/10\/18\/problmes-de-vue\/"]}]},{"@type":"ImageObject","inLanguage":"fr-FR","@id":"https:\/\/blogs.thesocialmedia.com\/leblogmoto\/2007\/10\/18\/problmes-de-vue\/#primaryimage","url":"http:\/\/www.leblogmoto.com\/images\/2007\/10\/18\/10_10.png","contentUrl":"http:\/\/www.leblogmoto.com\/images\/2007\/10\/18\/10_10.png"},{"@type":"BreadcrumbList","@id":"https:\/\/blogs.thesocialmedia.com\/leblogmoto\/2007\/10\/18\/problmes-de-vue\/#breadcrumb","itemListElement":[{"@type":"ListItem","position":1,"name":"Accueil","item":"https:\/\/blogs.thesocialmedia.com\/leblogmoto\/"},{"@type":"ListItem","position":2,"name":"Probl\u00e8mes de vue ?"}]},{"@type":"WebSite","@id":"https:\/\/blogs.thesocialmedia.com\/leblogmoto\/#website","url":"https:\/\/blogs.thesocialmedia.com\/leblogmoto\/","name":"leblogmoto","description":"Toute l&#039;actualit\u00e9 des 2 roues","potentialAction":[{"@type":"SearchAction","target":{"@type":"EntryPoint","urlTemplate":"https:\/\/blogs.thesocialmedia.com\/leblogmoto\/?s={search_term_string}"},"query-input":{"@type":"PropertyValueSpecification","valueRequired":true,"valueName":"search_term_string"}}],"inLanguage":"fr-FR"},{"@type":"Person","@id":"https:\/\/blogs.thesocialmedia.com\/leblogmoto\/#\/schema\/person\/769623f89741cc3381675029a37764f8","name":"gregory boucaud","image":{"@type":"ImageObject","inLanguage":"fr-FR","@id":"https:\/\/blogs.thesocialmedia.com\/leblogmoto\/#\/schema\/person\/image\/","url":"https:\/\/secure.gravatar.com\/avatar\/?s=96&d=mm&r=g","contentUrl":"https:\/\/secure.gravatar.com\/avatar\/?s=96&d=mm&r=g","caption":"gregory boucaud"},"url":"https:\/\/blogs.thesocialmedia.com\/leblogmoto\/author\/gregory-boucaud\/"}]}},"_links":{"self":[{"href":"https:\/\/blogs.thesocialmedia.com\/leblogmoto\/wp-json\/wp\/v2\/posts\/1169","targetHints":{"allow":["GET"]}}],"collection":[{"href":"https:\/\/blogs.thesocialmedia.com\/leblogmoto\/wp-json\/wp\/v2\/posts"}],"about":[{"href":"https:\/\/blogs.thesocialmedia.com\/leblogmoto\/wp-json\/wp\/v2\/types\/post"}],"author":[{"embeddable":true,"href":"https:\/\/blogs.thesocialmedia.com\/leblogmoto\/wp-json\/wp\/v2\/users\/329"}],"replies":[{"embeddable":true,"href":"https:\/\/blogs.thesocialmedia.com\/leblogmoto\/wp-json\/wp\/v2\/comments?post=1169"}],"version-history":[{"count":2,"href":"https:\/\/blogs.thesocialmedia.com\/leblogmoto\/wp-json\/wp\/v2\/posts\/1169\/revisions"}],"predecessor-version":[{"id":8919,"href":"https:\/\/blogs.thesocialmedia.com\/leblogmoto\/wp-json\/wp\/v2\/posts\/1169\/revisions\/8919"}],"wp:attachment":[{"href":"https:\/\/blogs.thesocialmedia.com\/leblogmoto\/wp-json\/wp\/v2\/media?parent=1169"}],"wp:term":[{"taxonomy":"category","embeddable":true,"href":"https:\/\/blogs.thesocialmedia.com\/leblogmoto\/wp-json\/wp\/v2\/categories?post=1169"},{"taxonomy":"post_tag","embeddable":true,"href":"https:\/\/blogs.thesocialmedia.com\/leblogmoto\/wp-json\/wp\/v2\/tags?post=1169"}],"curies":[{"name":"wp","href":"https:\/\/api.w.org\/{rel}","templated":true}]}}