{"id":1171,"date":"2007-10-17T07:55:32","date_gmt":"2007-10-17T07:55:32","guid":{"rendered":"http:\/\/blogs.thesocialmedia.com\/leblogmoto\/2007\/10\/17\/yamaha-replica\/"},"modified":"2012-07-11T14:49:31","modified_gmt":"2012-07-11T14:49:31","slug":"yamaha-replica","status":"publish","type":"post","link":"https:\/\/blogs.thesocialmedia.com\/leblogmoto\/2007\/10\/17\/yamaha-replica\/","title":{"rendered":"M1 replica en hommage \u00e0 Abe et McRae par Vanjey Design"},"content":{"rendered":"<p><a href=\"http:\/\/blogs.thesocialmedia.com\/leblogmoto\/files\/2012\/07\/yamahayzrm1_norickabe.jpg\"><img loading=\"lazy\" decoding=\"async\" width=\"470\" height=\"312\"  src=\"http:\/\/www.leblogmoto.com\/images\/2007\/10\/16\/yamahayzrm1_norickabe.jpg\" alt=\"Yamahayzrm1_norickabe\" \/><\/a><\/p>\n<p><a href=\"http:\/\/blogs.thesocialmedia.com\/leblogmoto\/files\/2012\/07\/yamahayzrm1_colinmcrae.jpg\"><img loading=\"lazy\" decoding=\"async\" width=\"470\" height=\"312\"  src=\"http:\/\/www.leblogmoto.com\/images\/2007\/10\/16\/yamahayzrm1_colinmcrae.jpg\" alt=\"Yamahayzrm1_colinmcrae\" \/><\/a><\/p>\n<p>Exceptionnellement, si Christophe (Labedan, notre chef \u00e0 nous) est d&rsquo;accord, on va d\u00e9roger \u00e0 notre charte \u00e9ditoriale et mettre deux photos larges en <em>home page<\/em>. Car, comme dit hier par mail \u00e0 J\u00e9r\u00f4me Vannesson, designer de <a href=\"http:\/\/www.vanjey-design.com\/\">Vanjey Design<\/a>, on se refuse ici \u00e0 choisir entre les deux motos. Ce serait faire passer au second plan un de ces deux tr\u00e8s grands pilotes. De plus J\u00e9r\u00f4me a \u00e9t\u00e9 tr\u00e8s sympa en nous envoyant les deux images au format fond d&rsquo;\u00e9cran: <a href=\"http:\/\/img144.imageshack.us\/img144\/3220\/yamahayzrm1norickabenz2.jpg\">ici<\/a> celle de Norick et <a href=\"http:\/\/img155.imageshack.us\/img155\/9072\/yamahayzrm1colinmcraeek6.jpg\">l\u00e0<\/a> celle de Colin. <\/p>\n<p>En ce qui concerne l&rsquo;auteur, dans la courte bio qu&rsquo;au Blog Moto nous lui avons gentiment demand\u00e9 de remplir, il nous indique qu&rsquo;il a 25 ans et a fait des \u00e9tudes de design jusqu&rsquo;\u00e0 cinq ans apr\u00e8s le bac, travaille actuellement dans le milieu automobile, souhaite plus tard vivre de sa passion du deux-roues et son dernier coup de coeur en moto est l&rsquo;Aprilia Shiver.<\/p>\n<p>Bigre, voil\u00e0 qui nous \u00e9loigne un peu de la YZR-M1, mais qu&rsquo;importe. Regardez l&rsquo;\u00e9chappement Termignoni et ses couleurs iris\u00e9es, et surtout le travail dans les livr\u00e9es respectives, on les croirait r\u00e9elles.&nbsp; &nbsp; <\/p>\n<p>Pour celles et ceux qui se demanderaient ce que fait Colin sur une b\u00e9cane*, sachez que l&rsquo;Ecossais \u00e9tait \u00e0 la base un pilote moto. D&rsquo;ailleurs, je vous renvoie \u00e0 <a href=\"http:\/\/www.leblogauto.com\/2007\/09\/au-revoir-colin-mcrae.html\">l&rsquo;hommage<\/a> que nos amis du Blog Auto lui avaient rendu, et \u00e0 <a href=\"http:\/\/www.leblogmoto.com\/2007\/10\/dcs-de-norifumi.html\">notre article<\/a> sur Norick Abe.<\/p>\n<p>Cela aurait \u00e9t\u00e9 mieux encore si l&rsquo;on avait pas eu \u00e0 admirer le boulot de J\u00e9r\u00f4me, cela aurait signifi\u00e9 que ces gars \u00e9taient toujours parmi nous, mais avouons qu&rsquo;il rend gr\u00e2ce au talent de ces pilotes partis beaucoup trop t\u00f4t.&nbsp; <\/p>\n<p>N&rsquo;oubliez pas de faire un tour sur <a href=\"http:\/\/www.vanjey-design.com\/index.php\">son site<\/a>, il y a d&rsquo;autres petites perles et on y reviendra d&rsquo;autres fois, au fur et \u00e0 mesure que son travail expos\u00e9 sur le web nous pla\u00eet.<\/p>\n<p><em>*Ayrton Senna avait eu droit \u00e0 <a href=\"http:\/\/www.mvagusta.com\/_vti_g2_ver.aspx?IdVer=92\">&quot;sa&quot; moto<\/a>, une superbe MV Agusta F4, apr\u00e8s sa disparition.<\/em>&nbsp; &nbsp;<\/p>\n","protected":false},"excerpt":{"rendered":"<p>Exceptionnellement, si Christophe (Labedan, notre chef \u00e0 nous) est d&rsquo;accord, on va d\u00e9roger \u00e0 notre charte \u00e9ditoriale et mettre deux photos larges en home page. Car, comme dit hier par mail \u00e0 J\u00e9r\u00f4me Vannesson, designer de Vanjey Design, on se refuse ici \u00e0 choisir entre les deux motos. Ce serait faire passer au second plan [&hellip;]<\/p>\n","protected":false},"author":324,"featured_media":0,"comment_status":"open","ping_status":"open","sticky":false,"template":"","format":"standard","meta":{"footnotes":""},"categories":[16,17,44],"tags":[],"class_list":["post-1171","post","type-post","status-publish","format-standard","hentry","category-art-moto","category-divers","category-yamaha"],"yoast_head":"<!-- This site is optimized with the Yoast SEO plugin v26.0 - https:\/\/yoast.com\/wordpress\/plugins\/seo\/ -->\n<title>M1 replica en hommage \u00e0 Abe et McRae par Vanjey Design - leblogmoto.com<\/title>\n<meta name=\"robots\" content=\"index, follow, max-snippet:-1, max-image-preview:large, max-video-preview:-1\" \/>\n<link rel=\"canonical\" href=\"https:\/\/blogs.thesocialmedia.com\/leblogmoto\/2007\/10\/17\/yamaha-replica\/\" \/>\n<meta name=\"twitter:card\" content=\"summary_large_image\" \/>\n<meta name=\"twitter:title\" content=\"M1 replica en hommage \u00e0 Abe et McRae par Vanjey Design - leblogmoto.com\" \/>\n<meta name=\"twitter:description\" content=\"Exceptionnellement, si Christophe (Labedan, notre chef \u00e0 nous) est d&rsquo;accord, on va d\u00e9roger \u00e0 notre charte \u00e9ditoriale et mettre deux photos larges en home page. Car, comme dit hier par mail \u00e0 J\u00e9r\u00f4me Vannesson, designer de Vanjey Design, on se refuse ici \u00e0 choisir entre les deux motos. Ce serait faire passer au second plan [&hellip;]\" \/>\n<meta name=\"twitter:image\" content=\"http:\/\/www.leblogmoto.com\/images\/2007\/10\/16\/yamahayzrm1_norickabe.jpg\" \/>\n<meta name=\"twitter:label1\" content=\"\u00c9crit par\" \/>\n\t<meta name=\"twitter:data1\" content=\"benoit rieu\" \/>\n\t<meta name=\"twitter:label2\" content=\"Dur\u00e9e de lecture estim\u00e9e\" \/>\n\t<meta name=\"twitter:data2\" content=\"2 minutes\" \/>\n<script type=\"application\/ld+json\" class=\"yoast-schema-graph\">{\"@context\":\"https:\/\/schema.org\",\"@graph\":[{\"@type\":\"WebPage\",\"@id\":\"https:\/\/blogs.thesocialmedia.com\/leblogmoto\/2007\/10\/17\/yamaha-replica\/\",\"url\":\"https:\/\/blogs.thesocialmedia.com\/leblogmoto\/2007\/10\/17\/yamaha-replica\/\",\"name\":\"M1 replica en hommage \u00e0 Abe et McRae par Vanjey Design - leblogmoto.com\",\"isPartOf\":{\"@id\":\"https:\/\/blogs.thesocialmedia.com\/leblogmoto\/#website\"},\"primaryImageOfPage\":{\"@id\":\"https:\/\/blogs.thesocialmedia.com\/leblogmoto\/2007\/10\/17\/yamaha-replica\/#primaryimage\"},\"image\":{\"@id\":\"https:\/\/blogs.thesocialmedia.com\/leblogmoto\/2007\/10\/17\/yamaha-replica\/#primaryimage\"},\"thumbnailUrl\":\"http:\/\/www.leblogmoto.com\/images\/2007\/10\/16\/yamahayzrm1_norickabe.jpg\",\"datePublished\":\"2007-10-17T07:55:32+00:00\",\"dateModified\":\"2012-07-11T14:49:31+00:00\",\"author\":{\"@id\":\"https:\/\/blogs.thesocialmedia.com\/leblogmoto\/#\/schema\/person\/18bfe773e5725ed6d24f743da805362a\"},\"breadcrumb\":{\"@id\":\"https:\/\/blogs.thesocialmedia.com\/leblogmoto\/2007\/10\/17\/yamaha-replica\/#breadcrumb\"},\"inLanguage\":\"fr-FR\",\"potentialAction\":[{\"@type\":\"ReadAction\",\"target\":[\"https:\/\/blogs.thesocialmedia.com\/leblogmoto\/2007\/10\/17\/yamaha-replica\/\"]}]},{\"@type\":\"ImageObject\",\"inLanguage\":\"fr-FR\",\"@id\":\"https:\/\/blogs.thesocialmedia.com\/leblogmoto\/2007\/10\/17\/yamaha-replica\/#primaryimage\",\"url\":\"http:\/\/www.leblogmoto.com\/images\/2007\/10\/16\/yamahayzrm1_norickabe.jpg\",\"contentUrl\":\"http:\/\/www.leblogmoto.com\/images\/2007\/10\/16\/yamahayzrm1_norickabe.jpg\"},{\"@type\":\"BreadcrumbList\",\"@id\":\"https:\/\/blogs.thesocialmedia.com\/leblogmoto\/2007\/10\/17\/yamaha-replica\/#breadcrumb\",\"itemListElement\":[{\"@type\":\"ListItem\",\"position\":1,\"name\":\"Accueil\",\"item\":\"https:\/\/blogs.thesocialmedia.com\/leblogmoto\/\"},{\"@type\":\"ListItem\",\"position\":2,\"name\":\"M1 replica en hommage \u00e0 Abe et McRae par Vanjey Design\"}]},{\"@type\":\"WebSite\",\"@id\":\"https:\/\/blogs.thesocialmedia.com\/leblogmoto\/#website\",\"url\":\"https:\/\/blogs.thesocialmedia.com\/leblogmoto\/\",\"name\":\"leblogmoto\",\"description\":\"Toute l&#039;actualit\u00e9 des 2 roues\",\"potentialAction\":[{\"@type\":\"SearchAction\",\"target\":{\"@type\":\"EntryPoint\",\"urlTemplate\":\"https:\/\/blogs.thesocialmedia.com\/leblogmoto\/?s={search_term_string}\"},\"query-input\":{\"@type\":\"PropertyValueSpecification\",\"valueRequired\":true,\"valueName\":\"search_term_string\"}}],\"inLanguage\":\"fr-FR\"},{\"@type\":\"Person\",\"@id\":\"https:\/\/blogs.thesocialmedia.com\/leblogmoto\/#\/schema\/person\/18bfe773e5725ed6d24f743da805362a\",\"name\":\"benoit rieu\",\"image\":{\"@type\":\"ImageObject\",\"inLanguage\":\"fr-FR\",\"@id\":\"https:\/\/blogs.thesocialmedia.com\/leblogmoto\/#\/schema\/person\/image\/\",\"url\":\"https:\/\/secure.gravatar.com\/avatar\/?s=96&d=mm&r=g\",\"contentUrl\":\"https:\/\/secure.gravatar.com\/avatar\/?s=96&d=mm&r=g\",\"caption\":\"benoit rieu\"},\"url\":\"https:\/\/blogs.thesocialmedia.com\/leblogmoto\/author\/benoit-rieu\/\"}]}<\/script>\n<!-- \/ Yoast SEO plugin. -->","yoast_head_json":{"title":"M1 replica en hommage \u00e0 Abe et McRae par Vanjey Design - leblogmoto.com","robots":{"index":"index","follow":"follow","max-snippet":"max-snippet:-1","max-image-preview":"max-image-preview:large","max-video-preview":"max-video-preview:-1"},"canonical":"https:\/\/blogs.thesocialmedia.com\/leblogmoto\/2007\/10\/17\/yamaha-replica\/","twitter_card":"summary_large_image","twitter_title":"M1 replica en hommage \u00e0 Abe et McRae par Vanjey Design - leblogmoto.com","twitter_description":"Exceptionnellement, si Christophe (Labedan, notre chef \u00e0 nous) est d&rsquo;accord, on va d\u00e9roger \u00e0 notre charte \u00e9ditoriale et mettre deux photos larges en home page. Car, comme dit hier par mail \u00e0 J\u00e9r\u00f4me Vannesson, designer de Vanjey Design, on se refuse ici \u00e0 choisir entre les deux motos. Ce serait faire passer au second plan [&hellip;]","twitter_image":"http:\/\/www.leblogmoto.com\/images\/2007\/10\/16\/yamahayzrm1_norickabe.jpg","twitter_misc":{"\u00c9crit par":"benoit rieu","Dur\u00e9e de lecture estim\u00e9e":"2 minutes"},"schema":{"@context":"https:\/\/schema.org","@graph":[{"@type":"WebPage","@id":"https:\/\/blogs.thesocialmedia.com\/leblogmoto\/2007\/10\/17\/yamaha-replica\/","url":"https:\/\/blogs.thesocialmedia.com\/leblogmoto\/2007\/10\/17\/yamaha-replica\/","name":"M1 replica en hommage \u00e0 Abe et McRae par Vanjey Design - leblogmoto.com","isPartOf":{"@id":"https:\/\/blogs.thesocialmedia.com\/leblogmoto\/#website"},"primaryImageOfPage":{"@id":"https:\/\/blogs.thesocialmedia.com\/leblogmoto\/2007\/10\/17\/yamaha-replica\/#primaryimage"},"image":{"@id":"https:\/\/blogs.thesocialmedia.com\/leblogmoto\/2007\/10\/17\/yamaha-replica\/#primaryimage"},"thumbnailUrl":"http:\/\/www.leblogmoto.com\/images\/2007\/10\/16\/yamahayzrm1_norickabe.jpg","datePublished":"2007-10-17T07:55:32+00:00","dateModified":"2012-07-11T14:49:31+00:00","author":{"@id":"https:\/\/blogs.thesocialmedia.com\/leblogmoto\/#\/schema\/person\/18bfe773e5725ed6d24f743da805362a"},"breadcrumb":{"@id":"https:\/\/blogs.thesocialmedia.com\/leblogmoto\/2007\/10\/17\/yamaha-replica\/#breadcrumb"},"inLanguage":"fr-FR","potentialAction":[{"@type":"ReadAction","target":["https:\/\/blogs.thesocialmedia.com\/leblogmoto\/2007\/10\/17\/yamaha-replica\/"]}]},{"@type":"ImageObject","inLanguage":"fr-FR","@id":"https:\/\/blogs.thesocialmedia.com\/leblogmoto\/2007\/10\/17\/yamaha-replica\/#primaryimage","url":"http:\/\/www.leblogmoto.com\/images\/2007\/10\/16\/yamahayzrm1_norickabe.jpg","contentUrl":"http:\/\/www.leblogmoto.com\/images\/2007\/10\/16\/yamahayzrm1_norickabe.jpg"},{"@type":"BreadcrumbList","@id":"https:\/\/blogs.thesocialmedia.com\/leblogmoto\/2007\/10\/17\/yamaha-replica\/#breadcrumb","itemListElement":[{"@type":"ListItem","position":1,"name":"Accueil","item":"https:\/\/blogs.thesocialmedia.com\/leblogmoto\/"},{"@type":"ListItem","position":2,"name":"M1 replica en hommage \u00e0 Abe et McRae par Vanjey Design"}]},{"@type":"WebSite","@id":"https:\/\/blogs.thesocialmedia.com\/leblogmoto\/#website","url":"https:\/\/blogs.thesocialmedia.com\/leblogmoto\/","name":"leblogmoto","description":"Toute l&#039;actualit\u00e9 des 2 roues","potentialAction":[{"@type":"SearchAction","target":{"@type":"EntryPoint","urlTemplate":"https:\/\/blogs.thesocialmedia.com\/leblogmoto\/?s={search_term_string}"},"query-input":{"@type":"PropertyValueSpecification","valueRequired":true,"valueName":"search_term_string"}}],"inLanguage":"fr-FR"},{"@type":"Person","@id":"https:\/\/blogs.thesocialmedia.com\/leblogmoto\/#\/schema\/person\/18bfe773e5725ed6d24f743da805362a","name":"benoit rieu","image":{"@type":"ImageObject","inLanguage":"fr-FR","@id":"https:\/\/blogs.thesocialmedia.com\/leblogmoto\/#\/schema\/person\/image\/","url":"https:\/\/secure.gravatar.com\/avatar\/?s=96&d=mm&r=g","contentUrl":"https:\/\/secure.gravatar.com\/avatar\/?s=96&d=mm&r=g","caption":"benoit rieu"},"url":"https:\/\/blogs.thesocialmedia.com\/leblogmoto\/author\/benoit-rieu\/"}]}},"_links":{"self":[{"href":"https:\/\/blogs.thesocialmedia.com\/leblogmoto\/wp-json\/wp\/v2\/posts\/1171","targetHints":{"allow":["GET"]}}],"collection":[{"href":"https:\/\/blogs.thesocialmedia.com\/leblogmoto\/wp-json\/wp\/v2\/posts"}],"about":[{"href":"https:\/\/blogs.thesocialmedia.com\/leblogmoto\/wp-json\/wp\/v2\/types\/post"}],"author":[{"embeddable":true,"href":"https:\/\/blogs.thesocialmedia.com\/leblogmoto\/wp-json\/wp\/v2\/users\/324"}],"replies":[{"embeddable":true,"href":"https:\/\/blogs.thesocialmedia.com\/leblogmoto\/wp-json\/wp\/v2\/comments?post=1171"}],"version-history":[{"count":2,"href":"https:\/\/blogs.thesocialmedia.com\/leblogmoto\/wp-json\/wp\/v2\/posts\/1171\/revisions"}],"predecessor-version":[{"id":8915,"href":"https:\/\/blogs.thesocialmedia.com\/leblogmoto\/wp-json\/wp\/v2\/posts\/1171\/revisions\/8915"}],"wp:attachment":[{"href":"https:\/\/blogs.thesocialmedia.com\/leblogmoto\/wp-json\/wp\/v2\/media?parent=1171"}],"wp:term":[{"taxonomy":"category","embeddable":true,"href":"https:\/\/blogs.thesocialmedia.com\/leblogmoto\/wp-json\/wp\/v2\/categories?post=1171"},{"taxonomy":"post_tag","embeddable":true,"href":"https:\/\/blogs.thesocialmedia.com\/leblogmoto\/wp-json\/wp\/v2\/tags?post=1171"}],"curies":[{"name":"wp","href":"https:\/\/api.w.org\/{rel}","templated":true}]}}