{"id":1172,"date":"2007-10-17T03:54:41","date_gmt":"2007-10-17T03:54:41","guid":{"rendered":"http:\/\/blogs.thesocialmedia.com\/leblogmoto\/2007\/10\/17\/miguel-duhamel-2\/"},"modified":"2012-07-11T14:49:27","modified_gmt":"2012-07-11T14:49:27","slug":"miguel-duhamel-2","status":"publish","type":"post","link":"https:\/\/blogs.thesocialmedia.com\/leblogmoto\/2007\/10\/17\/miguel-duhamel-2\/","title":{"rendered":"Miguel Duhamel, court portrait"},"content":{"rendered":"<p><a href=\"http:\/\/blogs.thesocialmedia.com\/leblogmoto\/files\/2012\/07\/portdu.jpg\"><img loading=\"lazy\" decoding=\"async\" width=\"247\" height=\"150\"  src=\"http:\/\/www.leblogmoto.com\/images\/2007\/10\/16\/portdu.jpg\" alt=\"Portdu\" style=\"margin: 0px 5px 5px 0px;float: left\" \/><\/a> C&rsquo;est peut-\u00eatre \u00e0 cause de ce long hiver que, d\u00e8s les premiers bourgeons du printemps, une folie s&#8217;empare de certains qui ressentent cet urgent besoin de se d\u00e9poussi\u00e9rer en allant le plus vite possible. C&rsquo;est comme \u00e7a que la l\u00e9gende de Gilles Villeneuve s&rsquo;est b\u00e2tie sur les petites routes autour de Berthierville, g\u00e8nes qu&rsquo;il semble avoir l\u00e9gu\u00e9s \u00e0 son fils. Un autre duo p\u00e8re fils, moins connu, m\u00eame au Qu\u00e9bec, est celui de Yvon et <a href=\"http:\/\/en.wikipedia.org\/wiki\/Miguel_Duhamel\">Miguel Duhamel<\/a>. <a href=\"http:\/\/motorcyclemuseum.org\/halloffame\/hofbiopage.asp?id=162\">Yvon Duhamel<\/a>, le p\u00e8re, a \u00e9t\u00e9 intronis\u00e9 en 1999 au temple de la renomm\u00e9e de la moto aux \u00c9tats-Unis. Pour ce qui est de Miguel, et bien, il est \u00e0 5 occasions champion du <a href=\"http:\/\/www.youtube.com\/watch?v=CCkhAq9rztQ\">Daytona 200<\/a> en AMA Superbike, terminant deuxi\u00e8me cette ann\u00e9e \u00e0 cette m\u00eame course, 86 victoires en carri\u00e8re dont la plus longue s\u00e9quence de victoires en Superbike, record tenant toujours.<\/p>\n<p>Victime d&rsquo;une violente sortie de piste cet \u00e9t\u00e9 lors d&rsquo;essais, le reste de sa saison 2007 en fut \u00e9videmment hypoth\u00e9qu\u00e9, ratant les 3 derni\u00e8res courses du championnat. Fier comp\u00e9titeur et malgr\u00e9 une monture moins comp\u00e9titive que la concurrence, <a href=\"http:\/\/www.hondaredriders.com\/roadracing\/riderlanding.asp?RiderID=090111c080125f6a&amp;TeamID=090111c080125f07&amp;bhcp=1\">Miguel Duhamel<\/a> n&rsquo;\u00e9tait jamais loin de la bataille pour un podium. Sans contrat pour la saison prochaine, il exprimait, peu de temps apr\u00e8s son accident et encore clou\u00e9 au lit, son d\u00e9sir de retourner au charbon pour une ou deux autres saisons. Ce qui, pour un jeunot de 39 ans, n&rsquo;est pas une mince affaire.<\/p>\n<p><a href=\"http:\/\/clabedan.typepad.com\/.shared\/image.html?\/photos\/uncategorized\/2007\/10\/16\/sbkduhamelyates.jpg\"><img loading=\"lazy\" decoding=\"async\" width=\"470\" height=\"352\"  alt=\"Sbkduhamelyates\" src=\"http:\/\/www.leblogmoto.com\/images\/2007\/10\/16\/sbkduhamelyates.jpg\" \/><\/a> <\/p>\n<p><a href=\"http:\/\/www.nfb.ca\/collection\/films\/fiche\/?id=51519&amp;v=h&amp;lg=fr\">Un film<\/a> sur sa saison 2003 a \u00e9t\u00e9 tourn\u00e9, et j&rsquo;imagine qu&rsquo;avec un peu de d\u00e9brouillardises et de t\u00e9nacit\u00e9s, les passionn\u00e9s pourront se le procurer.<\/p>\n<p><a href=\"http:\/\/clabedan.typepad.com\/.shared\/image.html?\/photos\/uncategorized\/2007\/10\/16\/u06.jpg\"><img loading=\"lazy\" decoding=\"async\" width=\"470\" height=\"352\"  alt=\"U06\" src=\"http:\/\/www.leblogmoto.com\/images\/2007\/10\/16\/u06.jpg\" \/><\/a> <\/p>\n<p><a href=\"http:\/\/blogs.thesocialmedia.com\/leblogmoto\/files\/2012\/07\/miggy_wheelie.jpg\"><img loading=\"lazy\" decoding=\"async\" width=\"470\" height=\"352\"  alt=\"Miggy_wheelie\" src=\"http:\/\/www.leblogmoto.com\/images\/2007\/10\/16\/miggy_wheelie.jpg\" \/><\/a> <\/p>\n<p><a href=\"http:\/\/blogs.thesocialmedia.com\/leblogmoto\/files\/2012\/07\/duhamel.jpg\"><img loading=\"lazy\" decoding=\"async\" width=\"470\" height=\"352\"  alt=\"Duhamel\" src=\"http:\/\/www.leblogmoto.com\/images\/2007\/10\/16\/duhamel.jpg\" \/><\/a> <\/p>\n<p><a href=\"http:\/\/blogs.thesocialmedia.com\/leblogmoto\/files\/2012\/07\/yduhamel.jpg\"><img loading=\"lazy\" decoding=\"async\" width=\"470\" height=\"470\"  alt=\"Yduhamel\" src=\"http:\/\/www.leblogmoto.com\/images\/2007\/10\/16\/yduhamel.jpg\" \/><\/a> <\/p>\n","protected":false},"excerpt":{"rendered":"<p>C&rsquo;est peut-\u00eatre \u00e0 cause de ce long hiver que, d\u00e8s les premiers bourgeons du printemps, une folie s&#8217;empare de certains qui ressentent cet urgent besoin de se d\u00e9poussi\u00e9rer en allant le plus vite possible. C&rsquo;est comme \u00e7a que la l\u00e9gende de Gilles Villeneuve s&rsquo;est b\u00e2tie sur les petites routes autour de Berthierville, g\u00e8nes qu&rsquo;il semble [&hellip;]<\/p>\n","protected":false},"author":325,"featured_media":0,"comment_status":"open","ping_status":"open","sticky":false,"template":"","format":"standard","meta":{"footnotes":""},"categories":[14,46],"tags":[],"class_list":["post-1172","post","type-post","status-publish","format-standard","hentry","category-honda","category-superbike"],"yoast_head":"<!-- This site is optimized with the Yoast SEO plugin v26.0 - https:\/\/yoast.com\/wordpress\/plugins\/seo\/ -->\n<title>Miguel Duhamel, court portrait - leblogmoto.com<\/title>\n<meta name=\"robots\" content=\"index, follow, max-snippet:-1, max-image-preview:large, max-video-preview:-1\" \/>\n<link rel=\"canonical\" href=\"https:\/\/blogs.thesocialmedia.com\/leblogmoto\/2007\/10\/17\/miguel-duhamel-2\/\" \/>\n<meta name=\"twitter:card\" content=\"summary_large_image\" \/>\n<meta name=\"twitter:title\" content=\"Miguel Duhamel, court portrait - leblogmoto.com\" \/>\n<meta name=\"twitter:description\" content=\"C&rsquo;est peut-\u00eatre \u00e0 cause de ce long hiver que, d\u00e8s les premiers bourgeons du printemps, une folie s&#8217;empare de certains qui ressentent cet urgent besoin de se d\u00e9poussi\u00e9rer en allant le plus vite possible. C&rsquo;est comme \u00e7a que la l\u00e9gende de Gilles Villeneuve s&rsquo;est b\u00e2tie sur les petites routes autour de Berthierville, g\u00e8nes qu&rsquo;il semble [&hellip;]\" \/>\n<meta name=\"twitter:image\" content=\"http:\/\/www.leblogmoto.com\/images\/2007\/10\/16\/portdu.jpg\" \/>\n<meta name=\"twitter:label1\" content=\"\u00c9crit par\" \/>\n\t<meta name=\"twitter:data1\" content=\"jacques lesage\" \/>\n\t<meta name=\"twitter:label2\" content=\"Dur\u00e9e de lecture estim\u00e9e\" \/>\n\t<meta name=\"twitter:data2\" content=\"1 minute\" \/>\n<script type=\"application\/ld+json\" class=\"yoast-schema-graph\">{\"@context\":\"https:\/\/schema.org\",\"@graph\":[{\"@type\":\"WebPage\",\"@id\":\"https:\/\/blogs.thesocialmedia.com\/leblogmoto\/2007\/10\/17\/miguel-duhamel-2\/\",\"url\":\"https:\/\/blogs.thesocialmedia.com\/leblogmoto\/2007\/10\/17\/miguel-duhamel-2\/\",\"name\":\"Miguel Duhamel, court portrait - leblogmoto.com\",\"isPartOf\":{\"@id\":\"https:\/\/blogs.thesocialmedia.com\/leblogmoto\/#website\"},\"primaryImageOfPage\":{\"@id\":\"https:\/\/blogs.thesocialmedia.com\/leblogmoto\/2007\/10\/17\/miguel-duhamel-2\/#primaryimage\"},\"image\":{\"@id\":\"https:\/\/blogs.thesocialmedia.com\/leblogmoto\/2007\/10\/17\/miguel-duhamel-2\/#primaryimage\"},\"thumbnailUrl\":\"http:\/\/www.leblogmoto.com\/images\/2007\/10\/16\/portdu.jpg\",\"datePublished\":\"2007-10-17T03:54:41+00:00\",\"dateModified\":\"2012-07-11T14:49:27+00:00\",\"author\":{\"@id\":\"https:\/\/blogs.thesocialmedia.com\/leblogmoto\/#\/schema\/person\/e82a0ca8a9a63d031586097a3ed58526\"},\"breadcrumb\":{\"@id\":\"https:\/\/blogs.thesocialmedia.com\/leblogmoto\/2007\/10\/17\/miguel-duhamel-2\/#breadcrumb\"},\"inLanguage\":\"fr-FR\",\"potentialAction\":[{\"@type\":\"ReadAction\",\"target\":[\"https:\/\/blogs.thesocialmedia.com\/leblogmoto\/2007\/10\/17\/miguel-duhamel-2\/\"]}]},{\"@type\":\"ImageObject\",\"inLanguage\":\"fr-FR\",\"@id\":\"https:\/\/blogs.thesocialmedia.com\/leblogmoto\/2007\/10\/17\/miguel-duhamel-2\/#primaryimage\",\"url\":\"http:\/\/www.leblogmoto.com\/images\/2007\/10\/16\/portdu.jpg\",\"contentUrl\":\"http:\/\/www.leblogmoto.com\/images\/2007\/10\/16\/portdu.jpg\"},{\"@type\":\"BreadcrumbList\",\"@id\":\"https:\/\/blogs.thesocialmedia.com\/leblogmoto\/2007\/10\/17\/miguel-duhamel-2\/#breadcrumb\",\"itemListElement\":[{\"@type\":\"ListItem\",\"position\":1,\"name\":\"Accueil\",\"item\":\"https:\/\/blogs.thesocialmedia.com\/leblogmoto\/\"},{\"@type\":\"ListItem\",\"position\":2,\"name\":\"Miguel Duhamel, court portrait\"}]},{\"@type\":\"WebSite\",\"@id\":\"https:\/\/blogs.thesocialmedia.com\/leblogmoto\/#website\",\"url\":\"https:\/\/blogs.thesocialmedia.com\/leblogmoto\/\",\"name\":\"leblogmoto\",\"description\":\"Toute l&#039;actualit\u00e9 des 2 roues\",\"potentialAction\":[{\"@type\":\"SearchAction\",\"target\":{\"@type\":\"EntryPoint\",\"urlTemplate\":\"https:\/\/blogs.thesocialmedia.com\/leblogmoto\/?s={search_term_string}\"},\"query-input\":{\"@type\":\"PropertyValueSpecification\",\"valueRequired\":true,\"valueName\":\"search_term_string\"}}],\"inLanguage\":\"fr-FR\"},{\"@type\":\"Person\",\"@id\":\"https:\/\/blogs.thesocialmedia.com\/leblogmoto\/#\/schema\/person\/e82a0ca8a9a63d031586097a3ed58526\",\"name\":\"jacques lesage\",\"image\":{\"@type\":\"ImageObject\",\"inLanguage\":\"fr-FR\",\"@id\":\"https:\/\/blogs.thesocialmedia.com\/leblogmoto\/#\/schema\/person\/image\/\",\"url\":\"https:\/\/secure.gravatar.com\/avatar\/?s=96&d=mm&r=g\",\"contentUrl\":\"https:\/\/secure.gravatar.com\/avatar\/?s=96&d=mm&r=g\",\"caption\":\"jacques lesage\"},\"url\":\"https:\/\/blogs.thesocialmedia.com\/leblogmoto\/author\/jacques-lesage\/\"}]}<\/script>\n<!-- \/ Yoast SEO plugin. -->","yoast_head_json":{"title":"Miguel Duhamel, court portrait - leblogmoto.com","robots":{"index":"index","follow":"follow","max-snippet":"max-snippet:-1","max-image-preview":"max-image-preview:large","max-video-preview":"max-video-preview:-1"},"canonical":"https:\/\/blogs.thesocialmedia.com\/leblogmoto\/2007\/10\/17\/miguel-duhamel-2\/","twitter_card":"summary_large_image","twitter_title":"Miguel Duhamel, court portrait - leblogmoto.com","twitter_description":"C&rsquo;est peut-\u00eatre \u00e0 cause de ce long hiver que, d\u00e8s les premiers bourgeons du printemps, une folie s&#8217;empare de certains qui ressentent cet urgent besoin de se d\u00e9poussi\u00e9rer en allant le plus vite possible. C&rsquo;est comme \u00e7a que la l\u00e9gende de Gilles Villeneuve s&rsquo;est b\u00e2tie sur les petites routes autour de Berthierville, g\u00e8nes qu&rsquo;il semble [&hellip;]","twitter_image":"http:\/\/www.leblogmoto.com\/images\/2007\/10\/16\/portdu.jpg","twitter_misc":{"\u00c9crit par":"jacques lesage","Dur\u00e9e de lecture estim\u00e9e":"1 minute"},"schema":{"@context":"https:\/\/schema.org","@graph":[{"@type":"WebPage","@id":"https:\/\/blogs.thesocialmedia.com\/leblogmoto\/2007\/10\/17\/miguel-duhamel-2\/","url":"https:\/\/blogs.thesocialmedia.com\/leblogmoto\/2007\/10\/17\/miguel-duhamel-2\/","name":"Miguel Duhamel, court portrait - leblogmoto.com","isPartOf":{"@id":"https:\/\/blogs.thesocialmedia.com\/leblogmoto\/#website"},"primaryImageOfPage":{"@id":"https:\/\/blogs.thesocialmedia.com\/leblogmoto\/2007\/10\/17\/miguel-duhamel-2\/#primaryimage"},"image":{"@id":"https:\/\/blogs.thesocialmedia.com\/leblogmoto\/2007\/10\/17\/miguel-duhamel-2\/#primaryimage"},"thumbnailUrl":"http:\/\/www.leblogmoto.com\/images\/2007\/10\/16\/portdu.jpg","datePublished":"2007-10-17T03:54:41+00:00","dateModified":"2012-07-11T14:49:27+00:00","author":{"@id":"https:\/\/blogs.thesocialmedia.com\/leblogmoto\/#\/schema\/person\/e82a0ca8a9a63d031586097a3ed58526"},"breadcrumb":{"@id":"https:\/\/blogs.thesocialmedia.com\/leblogmoto\/2007\/10\/17\/miguel-duhamel-2\/#breadcrumb"},"inLanguage":"fr-FR","potentialAction":[{"@type":"ReadAction","target":["https:\/\/blogs.thesocialmedia.com\/leblogmoto\/2007\/10\/17\/miguel-duhamel-2\/"]}]},{"@type":"ImageObject","inLanguage":"fr-FR","@id":"https:\/\/blogs.thesocialmedia.com\/leblogmoto\/2007\/10\/17\/miguel-duhamel-2\/#primaryimage","url":"http:\/\/www.leblogmoto.com\/images\/2007\/10\/16\/portdu.jpg","contentUrl":"http:\/\/www.leblogmoto.com\/images\/2007\/10\/16\/portdu.jpg"},{"@type":"BreadcrumbList","@id":"https:\/\/blogs.thesocialmedia.com\/leblogmoto\/2007\/10\/17\/miguel-duhamel-2\/#breadcrumb","itemListElement":[{"@type":"ListItem","position":1,"name":"Accueil","item":"https:\/\/blogs.thesocialmedia.com\/leblogmoto\/"},{"@type":"ListItem","position":2,"name":"Miguel Duhamel, court portrait"}]},{"@type":"WebSite","@id":"https:\/\/blogs.thesocialmedia.com\/leblogmoto\/#website","url":"https:\/\/blogs.thesocialmedia.com\/leblogmoto\/","name":"leblogmoto","description":"Toute l&#039;actualit\u00e9 des 2 roues","potentialAction":[{"@type":"SearchAction","target":{"@type":"EntryPoint","urlTemplate":"https:\/\/blogs.thesocialmedia.com\/leblogmoto\/?s={search_term_string}"},"query-input":{"@type":"PropertyValueSpecification","valueRequired":true,"valueName":"search_term_string"}}],"inLanguage":"fr-FR"},{"@type":"Person","@id":"https:\/\/blogs.thesocialmedia.com\/leblogmoto\/#\/schema\/person\/e82a0ca8a9a63d031586097a3ed58526","name":"jacques lesage","image":{"@type":"ImageObject","inLanguage":"fr-FR","@id":"https:\/\/blogs.thesocialmedia.com\/leblogmoto\/#\/schema\/person\/image\/","url":"https:\/\/secure.gravatar.com\/avatar\/?s=96&d=mm&r=g","contentUrl":"https:\/\/secure.gravatar.com\/avatar\/?s=96&d=mm&r=g","caption":"jacques lesage"},"url":"https:\/\/blogs.thesocialmedia.com\/leblogmoto\/author\/jacques-lesage\/"}]}},"_links":{"self":[{"href":"https:\/\/blogs.thesocialmedia.com\/leblogmoto\/wp-json\/wp\/v2\/posts\/1172","targetHints":{"allow":["GET"]}}],"collection":[{"href":"https:\/\/blogs.thesocialmedia.com\/leblogmoto\/wp-json\/wp\/v2\/posts"}],"about":[{"href":"https:\/\/blogs.thesocialmedia.com\/leblogmoto\/wp-json\/wp\/v2\/types\/post"}],"author":[{"embeddable":true,"href":"https:\/\/blogs.thesocialmedia.com\/leblogmoto\/wp-json\/wp\/v2\/users\/325"}],"replies":[{"embeddable":true,"href":"https:\/\/blogs.thesocialmedia.com\/leblogmoto\/wp-json\/wp\/v2\/comments?post=1172"}],"version-history":[{"count":2,"href":"https:\/\/blogs.thesocialmedia.com\/leblogmoto\/wp-json\/wp\/v2\/posts\/1172\/revisions"}],"predecessor-version":[{"id":8912,"href":"https:\/\/blogs.thesocialmedia.com\/leblogmoto\/wp-json\/wp\/v2\/posts\/1172\/revisions\/8912"}],"wp:attachment":[{"href":"https:\/\/blogs.thesocialmedia.com\/leblogmoto\/wp-json\/wp\/v2\/media?parent=1172"}],"wp:term":[{"taxonomy":"category","embeddable":true,"href":"https:\/\/blogs.thesocialmedia.com\/leblogmoto\/wp-json\/wp\/v2\/categories?post=1172"},{"taxonomy":"post_tag","embeddable":true,"href":"https:\/\/blogs.thesocialmedia.com\/leblogmoto\/wp-json\/wp\/v2\/tags?post=1172"}],"curies":[{"name":"wp","href":"https:\/\/api.w.org\/{rel}","templated":true}]}}