{"id":1173,"date":"2007-10-17T01:10:40","date_gmt":"2007-10-17T01:10:40","guid":{"rendered":"http:\/\/blogs.thesocialmedia.com\/leblogmoto\/2007\/10\/17\/nouvelle-campag\/"},"modified":"2012-07-11T14:49:21","modified_gmt":"2012-07-11T14:49:21","slug":"nouvelle-campag","status":"publish","type":"post","link":"https:\/\/blogs.thesocialmedia.com\/leblogmoto\/2007\/10\/17\/nouvelle-campag\/","title":{"rendered":"Huiti\u00e8me \u00e9dition de la semaine de la S\u00e9curit\u00e9 Routi\u00e8re"},"content":{"rendered":"<p><a href=\"http:\/\/blogs.thesocialmedia.com\/leblogmoto\/files\/2012\/07\/8me_scurit_routire_1_2.jpg\"><img loading=\"lazy\" decoding=\"async\" width=\"470\" height=\"312\"  alt=\"8me_scurit_routire_1_2\" src=\"http:\/\/www.leblogmoto.com\/images\/2007\/10\/16\/8me_scurit_routire_1_2.jpg\" \/><\/a><\/p>\n<p>Apr\u00e8s le &quot;Restez motard \u00e0 moto&quot;, la notion de partage de la route est au centre de la huiti\u00e8me \u00e9dition de la semaine de la s\u00e9curit\u00e9 routi\u00e8re. Une campagne qui vise \u00e9galement \u00e0 d\u00e9noncer ce qu&rsquo;on croit \u00eatre des infractions mineures au code de la route (non respect de la signalisation, l\u00e9ger d\u00e9passement de la vitesse max autoris\u00e9e, oubli d&rsquo;un clignotant) et qui peuvent avoir des cons\u00e9quences fatales. Ceci \u00e0 travers des visuels chocs et tr\u00e8s efficaces, m\u00eame si c&rsquo;est une appr\u00e9ciation subjective.<\/p>\n<p><a href=\"http:\/\/blogs.thesocialmedia.com\/leblogmoto\/files\/2012\/07\/8me_semaine_scurit_routire_2.jpg\"><img loading=\"lazy\" decoding=\"async\" width=\"470\" height=\"311\"  alt=\"8me_semaine_scurit_routire_2\" src=\"http:\/\/www.leblogmoto.com\/images\/2007\/10\/16\/8me_semaine_scurit_routire_2.jpg\" \/><\/a><\/p>\n<p>Le <a href=\"http:\/\/www.securiteroutiere.equipement.gouv.fr\/IMG\/pdf\/dossier_presse_semaineSR2007.pdf\">dossier presse<\/a> comporte aussi des rappels opportuns pour les motards, comme remplacer son casque apr\u00e8s tout choc cons\u00e9cutif \u00e0 une chute, ou le changer tous les 5 \u00e0 7 ans (en page 4, attention fichier pdf, peut \u00eatre long \u00e0 ouvrir avec certaines connexions). <\/p>\n<p>Signalons aussi la volont\u00e9 de mettre en place un &quot;Code de la rue&quot; (dossier de presse, m\u00eame page) \u00e0 l&rsquo;image de ce qui existe d\u00e9j\u00e0 en Belgique, qui vise \u00e0 am\u00e9nager par voir r\u00e9glementaire le Code de la Route pour mieux prendre en compte les modes de d\u00e9placements &quot;doux&quot; (comprendre \u00e0 mon avis: pi\u00e9tons, bicyclettes voire rollers). Esp\u00e9rons que cela ne se fasse pas au d\u00e9triment des deux-roues motoris\u00e9s, m\u00eame si, h\u00e9las, on craint tous ici de conna\u00eetre d\u00e9j\u00e0 la r\u00e9ponse.<\/p>\n<p>Il existe en parall\u00e8le \u00e0 cette campagne d&rsquo;affichage, diff\u00e9rentes actions mises en place au niveau local, <a href=\"http:\/\/www.securiteroutiere.equipement.gouv.fr\/IMG\/pdf\/Semaine_actionspardepartement_deplacements.pdf\">par d\u00e9partement<\/a> (pdf, m\u00eame remarque) tels que des simulations de d\u00e9sincarc\u00e9ration de v\u00e9hicule, il est encore temps de s&rsquo;y joindre si vous le souhaitez. <\/p>\n<p><a href=\"http:\/\/clabedan.typepad.com\/.shared\/image.html?\/photos\/uncategorized\/2007\/10\/16\/scurit_routire_3.jpg\"><img loading=\"lazy\" decoding=\"async\" width=\"250\" height=\"353\"  alt=\"Scurit_routire_3\" src=\"http:\/\/www.leblogmoto.com\/images\/2007\/10\/16\/scurit_routire_3.jpg\" style=\"margin: 0px 5px 5px 0px;float: left\" \/><\/a>On voit bien que l&rsquo;accent est mis sur l&#8217;empathie au volant, au guidon, \u00e0 pied pour que chacun cesse d&rsquo;\u00eatre dans sa bulle. La campagne &quot;motards d&rsquo;un jour&quot; dans le Gers, entre autres, (juste pour citer un d\u00e9partement proche du mien) est r\u00e9v\u00e9latrice. Elle n&rsquo;est pas si nouvelle que \u00e7a, mais a l&rsquo;avantage de faire comprendre aux automobiliste purs et durs, la fragilit\u00e9 d&rsquo;\u00eatre \u00e0 deux-roues. Un sentiment de fragilit\u00e9 qui doit surpasser, de notre c\u00f4t\u00e9, le sentiment de puissance et de facilit\u00e9 que l&rsquo;on peut avoir au guidon.<\/p>\n","protected":false},"excerpt":{"rendered":"<p>Apr\u00e8s le &quot;Restez motard \u00e0 moto&quot;, la notion de partage de la route est au centre de la huiti\u00e8me \u00e9dition de la semaine de la s\u00e9curit\u00e9 routi\u00e8re. Une campagne qui vise \u00e9galement \u00e0 d\u00e9noncer ce qu&rsquo;on croit \u00eatre des infractions mineures au code de la route (non respect de la signalisation, l\u00e9ger d\u00e9passement de la [&hellip;]<\/p>\n","protected":false},"author":324,"featured_media":0,"comment_status":"open","ping_status":"open","sticky":false,"template":"","format":"standard","meta":{"footnotes":""},"categories":[3,27],"tags":[],"class_list":["post-1173","post","type-post","status-publish","format-standard","hentry","category-actualite","category-securite"],"yoast_head":"<!-- This site is optimized with the Yoast SEO plugin v26.0 - https:\/\/yoast.com\/wordpress\/plugins\/seo\/ -->\n<title>Huiti\u00e8me \u00e9dition de la semaine de la S\u00e9curit\u00e9 Routi\u00e8re - leblogmoto.com<\/title>\n<meta name=\"robots\" content=\"index, follow, max-snippet:-1, max-image-preview:large, max-video-preview:-1\" \/>\n<link rel=\"canonical\" href=\"https:\/\/blogs.thesocialmedia.com\/leblogmoto\/2007\/10\/17\/nouvelle-campag\/\" \/>\n<meta name=\"twitter:card\" content=\"summary_large_image\" \/>\n<meta name=\"twitter:title\" content=\"Huiti\u00e8me \u00e9dition de la semaine de la S\u00e9curit\u00e9 Routi\u00e8re - leblogmoto.com\" \/>\n<meta name=\"twitter:description\" content=\"Apr\u00e8s le &quot;Restez motard \u00e0 moto&quot;, la notion de partage de la route est au centre de la huiti\u00e8me \u00e9dition de la semaine de la s\u00e9curit\u00e9 routi\u00e8re. Une campagne qui vise \u00e9galement \u00e0 d\u00e9noncer ce qu&rsquo;on croit \u00eatre des infractions mineures au code de la route (non respect de la signalisation, l\u00e9ger d\u00e9passement de la [&hellip;]\" \/>\n<meta name=\"twitter:image\" content=\"http:\/\/www.leblogmoto.com\/images\/2007\/10\/16\/8me_scurit_routire_1_2.jpg\" \/>\n<meta name=\"twitter:label1\" content=\"\u00c9crit par\" \/>\n\t<meta name=\"twitter:data1\" content=\"benoit rieu\" \/>\n\t<meta name=\"twitter:label2\" content=\"Dur\u00e9e de lecture estim\u00e9e\" \/>\n\t<meta name=\"twitter:data2\" content=\"2 minutes\" \/>\n<script type=\"application\/ld+json\" class=\"yoast-schema-graph\">{\"@context\":\"https:\/\/schema.org\",\"@graph\":[{\"@type\":\"WebPage\",\"@id\":\"https:\/\/blogs.thesocialmedia.com\/leblogmoto\/2007\/10\/17\/nouvelle-campag\/\",\"url\":\"https:\/\/blogs.thesocialmedia.com\/leblogmoto\/2007\/10\/17\/nouvelle-campag\/\",\"name\":\"Huiti\u00e8me \u00e9dition de la semaine de la S\u00e9curit\u00e9 Routi\u00e8re - leblogmoto.com\",\"isPartOf\":{\"@id\":\"https:\/\/blogs.thesocialmedia.com\/leblogmoto\/#website\"},\"primaryImageOfPage\":{\"@id\":\"https:\/\/blogs.thesocialmedia.com\/leblogmoto\/2007\/10\/17\/nouvelle-campag\/#primaryimage\"},\"image\":{\"@id\":\"https:\/\/blogs.thesocialmedia.com\/leblogmoto\/2007\/10\/17\/nouvelle-campag\/#primaryimage\"},\"thumbnailUrl\":\"http:\/\/www.leblogmoto.com\/images\/2007\/10\/16\/8me_scurit_routire_1_2.jpg\",\"datePublished\":\"2007-10-17T01:10:40+00:00\",\"dateModified\":\"2012-07-11T14:49:21+00:00\",\"author\":{\"@id\":\"https:\/\/blogs.thesocialmedia.com\/leblogmoto\/#\/schema\/person\/18bfe773e5725ed6d24f743da805362a\"},\"breadcrumb\":{\"@id\":\"https:\/\/blogs.thesocialmedia.com\/leblogmoto\/2007\/10\/17\/nouvelle-campag\/#breadcrumb\"},\"inLanguage\":\"fr-FR\",\"potentialAction\":[{\"@type\":\"ReadAction\",\"target\":[\"https:\/\/blogs.thesocialmedia.com\/leblogmoto\/2007\/10\/17\/nouvelle-campag\/\"]}]},{\"@type\":\"ImageObject\",\"inLanguage\":\"fr-FR\",\"@id\":\"https:\/\/blogs.thesocialmedia.com\/leblogmoto\/2007\/10\/17\/nouvelle-campag\/#primaryimage\",\"url\":\"http:\/\/www.leblogmoto.com\/images\/2007\/10\/16\/8me_scurit_routire_1_2.jpg\",\"contentUrl\":\"http:\/\/www.leblogmoto.com\/images\/2007\/10\/16\/8me_scurit_routire_1_2.jpg\"},{\"@type\":\"BreadcrumbList\",\"@id\":\"https:\/\/blogs.thesocialmedia.com\/leblogmoto\/2007\/10\/17\/nouvelle-campag\/#breadcrumb\",\"itemListElement\":[{\"@type\":\"ListItem\",\"position\":1,\"name\":\"Accueil\",\"item\":\"https:\/\/blogs.thesocialmedia.com\/leblogmoto\/\"},{\"@type\":\"ListItem\",\"position\":2,\"name\":\"Huiti\u00e8me \u00e9dition de la semaine de la S\u00e9curit\u00e9 Routi\u00e8re\"}]},{\"@type\":\"WebSite\",\"@id\":\"https:\/\/blogs.thesocialmedia.com\/leblogmoto\/#website\",\"url\":\"https:\/\/blogs.thesocialmedia.com\/leblogmoto\/\",\"name\":\"leblogmoto\",\"description\":\"Toute l&#039;actualit\u00e9 des 2 roues\",\"potentialAction\":[{\"@type\":\"SearchAction\",\"target\":{\"@type\":\"EntryPoint\",\"urlTemplate\":\"https:\/\/blogs.thesocialmedia.com\/leblogmoto\/?s={search_term_string}\"},\"query-input\":{\"@type\":\"PropertyValueSpecification\",\"valueRequired\":true,\"valueName\":\"search_term_string\"}}],\"inLanguage\":\"fr-FR\"},{\"@type\":\"Person\",\"@id\":\"https:\/\/blogs.thesocialmedia.com\/leblogmoto\/#\/schema\/person\/18bfe773e5725ed6d24f743da805362a\",\"name\":\"benoit rieu\",\"image\":{\"@type\":\"ImageObject\",\"inLanguage\":\"fr-FR\",\"@id\":\"https:\/\/blogs.thesocialmedia.com\/leblogmoto\/#\/schema\/person\/image\/\",\"url\":\"https:\/\/secure.gravatar.com\/avatar\/?s=96&d=mm&r=g\",\"contentUrl\":\"https:\/\/secure.gravatar.com\/avatar\/?s=96&d=mm&r=g\",\"caption\":\"benoit rieu\"},\"url\":\"https:\/\/blogs.thesocialmedia.com\/leblogmoto\/author\/benoit-rieu\/\"}]}<\/script>\n<!-- \/ Yoast SEO plugin. -->","yoast_head_json":{"title":"Huiti\u00e8me \u00e9dition de la semaine de la S\u00e9curit\u00e9 Routi\u00e8re - leblogmoto.com","robots":{"index":"index","follow":"follow","max-snippet":"max-snippet:-1","max-image-preview":"max-image-preview:large","max-video-preview":"max-video-preview:-1"},"canonical":"https:\/\/blogs.thesocialmedia.com\/leblogmoto\/2007\/10\/17\/nouvelle-campag\/","twitter_card":"summary_large_image","twitter_title":"Huiti\u00e8me \u00e9dition de la semaine de la S\u00e9curit\u00e9 Routi\u00e8re - leblogmoto.com","twitter_description":"Apr\u00e8s le &quot;Restez motard \u00e0 moto&quot;, la notion de partage de la route est au centre de la huiti\u00e8me \u00e9dition de la semaine de la s\u00e9curit\u00e9 routi\u00e8re. Une campagne qui vise \u00e9galement \u00e0 d\u00e9noncer ce qu&rsquo;on croit \u00eatre des infractions mineures au code de la route (non respect de la signalisation, l\u00e9ger d\u00e9passement de la [&hellip;]","twitter_image":"http:\/\/www.leblogmoto.com\/images\/2007\/10\/16\/8me_scurit_routire_1_2.jpg","twitter_misc":{"\u00c9crit par":"benoit rieu","Dur\u00e9e de lecture estim\u00e9e":"2 minutes"},"schema":{"@context":"https:\/\/schema.org","@graph":[{"@type":"WebPage","@id":"https:\/\/blogs.thesocialmedia.com\/leblogmoto\/2007\/10\/17\/nouvelle-campag\/","url":"https:\/\/blogs.thesocialmedia.com\/leblogmoto\/2007\/10\/17\/nouvelle-campag\/","name":"Huiti\u00e8me \u00e9dition de la semaine de la S\u00e9curit\u00e9 Routi\u00e8re - leblogmoto.com","isPartOf":{"@id":"https:\/\/blogs.thesocialmedia.com\/leblogmoto\/#website"},"primaryImageOfPage":{"@id":"https:\/\/blogs.thesocialmedia.com\/leblogmoto\/2007\/10\/17\/nouvelle-campag\/#primaryimage"},"image":{"@id":"https:\/\/blogs.thesocialmedia.com\/leblogmoto\/2007\/10\/17\/nouvelle-campag\/#primaryimage"},"thumbnailUrl":"http:\/\/www.leblogmoto.com\/images\/2007\/10\/16\/8me_scurit_routire_1_2.jpg","datePublished":"2007-10-17T01:10:40+00:00","dateModified":"2012-07-11T14:49:21+00:00","author":{"@id":"https:\/\/blogs.thesocialmedia.com\/leblogmoto\/#\/schema\/person\/18bfe773e5725ed6d24f743da805362a"},"breadcrumb":{"@id":"https:\/\/blogs.thesocialmedia.com\/leblogmoto\/2007\/10\/17\/nouvelle-campag\/#breadcrumb"},"inLanguage":"fr-FR","potentialAction":[{"@type":"ReadAction","target":["https:\/\/blogs.thesocialmedia.com\/leblogmoto\/2007\/10\/17\/nouvelle-campag\/"]}]},{"@type":"ImageObject","inLanguage":"fr-FR","@id":"https:\/\/blogs.thesocialmedia.com\/leblogmoto\/2007\/10\/17\/nouvelle-campag\/#primaryimage","url":"http:\/\/www.leblogmoto.com\/images\/2007\/10\/16\/8me_scurit_routire_1_2.jpg","contentUrl":"http:\/\/www.leblogmoto.com\/images\/2007\/10\/16\/8me_scurit_routire_1_2.jpg"},{"@type":"BreadcrumbList","@id":"https:\/\/blogs.thesocialmedia.com\/leblogmoto\/2007\/10\/17\/nouvelle-campag\/#breadcrumb","itemListElement":[{"@type":"ListItem","position":1,"name":"Accueil","item":"https:\/\/blogs.thesocialmedia.com\/leblogmoto\/"},{"@type":"ListItem","position":2,"name":"Huiti\u00e8me \u00e9dition de la semaine de la S\u00e9curit\u00e9 Routi\u00e8re"}]},{"@type":"WebSite","@id":"https:\/\/blogs.thesocialmedia.com\/leblogmoto\/#website","url":"https:\/\/blogs.thesocialmedia.com\/leblogmoto\/","name":"leblogmoto","description":"Toute l&#039;actualit\u00e9 des 2 roues","potentialAction":[{"@type":"SearchAction","target":{"@type":"EntryPoint","urlTemplate":"https:\/\/blogs.thesocialmedia.com\/leblogmoto\/?s={search_term_string}"},"query-input":{"@type":"PropertyValueSpecification","valueRequired":true,"valueName":"search_term_string"}}],"inLanguage":"fr-FR"},{"@type":"Person","@id":"https:\/\/blogs.thesocialmedia.com\/leblogmoto\/#\/schema\/person\/18bfe773e5725ed6d24f743da805362a","name":"benoit rieu","image":{"@type":"ImageObject","inLanguage":"fr-FR","@id":"https:\/\/blogs.thesocialmedia.com\/leblogmoto\/#\/schema\/person\/image\/","url":"https:\/\/secure.gravatar.com\/avatar\/?s=96&d=mm&r=g","contentUrl":"https:\/\/secure.gravatar.com\/avatar\/?s=96&d=mm&r=g","caption":"benoit rieu"},"url":"https:\/\/blogs.thesocialmedia.com\/leblogmoto\/author\/benoit-rieu\/"}]}},"_links":{"self":[{"href":"https:\/\/blogs.thesocialmedia.com\/leblogmoto\/wp-json\/wp\/v2\/posts\/1173","targetHints":{"allow":["GET"]}}],"collection":[{"href":"https:\/\/blogs.thesocialmedia.com\/leblogmoto\/wp-json\/wp\/v2\/posts"}],"about":[{"href":"https:\/\/blogs.thesocialmedia.com\/leblogmoto\/wp-json\/wp\/v2\/types\/post"}],"author":[{"embeddable":true,"href":"https:\/\/blogs.thesocialmedia.com\/leblogmoto\/wp-json\/wp\/v2\/users\/324"}],"replies":[{"embeddable":true,"href":"https:\/\/blogs.thesocialmedia.com\/leblogmoto\/wp-json\/wp\/v2\/comments?post=1173"}],"version-history":[{"count":2,"href":"https:\/\/blogs.thesocialmedia.com\/leblogmoto\/wp-json\/wp\/v2\/posts\/1173\/revisions"}],"predecessor-version":[{"id":8907,"href":"https:\/\/blogs.thesocialmedia.com\/leblogmoto\/wp-json\/wp\/v2\/posts\/1173\/revisions\/8907"}],"wp:attachment":[{"href":"https:\/\/blogs.thesocialmedia.com\/leblogmoto\/wp-json\/wp\/v2\/media?parent=1173"}],"wp:term":[{"taxonomy":"category","embeddable":true,"href":"https:\/\/blogs.thesocialmedia.com\/leblogmoto\/wp-json\/wp\/v2\/categories?post=1173"},{"taxonomy":"post_tag","embeddable":true,"href":"https:\/\/blogs.thesocialmedia.com\/leblogmoto\/wp-json\/wp\/v2\/tags?post=1173"}],"curies":[{"name":"wp","href":"https:\/\/api.w.org\/{rel}","templated":true}]}}