{"id":1174,"date":"2007-10-16T12:41:59","date_gmt":"2007-10-16T12:41:59","guid":{"rendered":"http:\/\/blogs.thesocialmedia.com\/leblogmoto\/2007\/10\/16\/le-xnovo-de-sid\/"},"modified":"2012-07-11T14:49:17","modified_gmt":"2012-07-11T14:49:17","slug":"le-xnovo-de-sid","status":"publish","type":"post","link":"https:\/\/blogs.thesocialmedia.com\/leblogmoto\/2007\/10\/16\/le-xnovo-de-sid\/","title":{"rendered":"Le Xnovo, hybride de Renault Ublo, mp3 et C1."},"content":{"rendered":"<p><a href=\"http:\/\/blogs.thesocialmedia.com\/leblogmoto\/files\/2012\/07\/xnovo_.jpg\"><img loading=\"lazy\" decoding=\"async\" width=\"470\" height=\"321\"  src=\"http:\/\/www.leblogmoto.com\/images\/2007\/10\/15\/xnovo_.jpg\" alt=\"Xnovo_\" \/><\/a><br \/>On ne va pas y aller par quatre chemins: oui, malgr\u00e9 sa pr\u00e9sentation froide fa\u00e7on bureau d&rsquo;\u00e9tudes, ce v\u00e9hicule aux allures de joujou est bien destin\u00e9 \u00e0 \u00eatre produit et vendu par Sidam Motor, filiale de Sidam* Europe, en 2008. Contrairement \u00e0 d&rsquo;autres sites et magazines, nous avons volontairement d\u00e9cid\u00e9 de vous le pr\u00e9senter face \u00e0 ses principales &quot;sources d&rsquo;inspiration&quot;, le Piaggio mp3, le concept Renault Ublo et le BMW C1. C&rsquo;est parti&#8230; <\/p>\n<p><a href=\"http:\/\/blogs.thesocialmedia.com\/leblogmoto\/files\/2012\/07\/piaggio_mp3_2.jpg\"><img loading=\"lazy\" decoding=\"async\" width=\"470\" height=\"339\"  alt=\"Piaggio_mp3_2\" src=\"http:\/\/www.leblogmoto.com\/images\/2007\/10\/16\/piaggio_mp3_2.jpg\" \/><\/a> <\/p>\n<p>D&rsquo;aucuns estiment que le &quot;scooter&quot; de Piaggio est \u00e0 l&rsquo;origine de l&rsquo;exhumation du projet Ublo de Renault. Nul doute que certains ont vu avec gourmandise ce v\u00e9hicule grimper \u00e0 la cinqui\u00e8me place des ventes de scooters de 125cc alors que son prix, aux alentours des 5000 \u20ac, n&rsquo;a visiblement pas emp\u00each\u00e9 la marque italienne d&rsquo;en \u00e9couler 2700 exemplaires dans l&rsquo;Hexagone. <\/p>\n<p>Il se met sur l&rsquo;angle comme un mp3 (mais je doute que ce soit aussi facile). Cependant, \u00e0 l&rsquo;inverse de celui-ci il poss\u00e8de deux roues arri\u00e8res motrices, et malgr\u00e9 sa largeur plus importante, n&rsquo;est pas si \u00e9loign\u00e9 de lui en terme de look, puisque le XNovo sera propos\u00e9 dans diff\u00e9rents types de carrosseries, avec et sans toit.<\/p>\n<p>Mais alors que le mp3 est un deux-roues motoris\u00e9, le Xnovo est class\u00e9 comme tricycle \u00e0 moteur, ce qui permet d&rsquo;augmenter sa cylindr\u00e9e tout en le rendant pilotable par des titulaires du permis B. Bel avantage.<\/p>\n<p><a href=\"http:\/\/blogs.thesocialmedia.com\/leblogmoto\/files\/2012\/07\/renault_ublo.jpg\"><img loading=\"lazy\" decoding=\"async\" width=\"470\" height=\"313\"  alt=\"Renault_ublo\" src=\"http:\/\/www.leblogmoto.com\/images\/2007\/10\/15\/renault_ublo.jpg\" \/><\/a> <\/p>\n<p>Au sujet de la <a href=\"http:\/\/blogs.thesocialmedia.com\/leblogmoto\/files\/2012\/07\/concept-bike-ho.html_.png\">ND-01<\/a>, on ergotait la derni\u00e8re fois sur l&rsquo;utilit\u00e9 de vous pr\u00e9senter ici des prototypes et concept bikes, sachant que bien souvent ils ne seraient jamais produits \u00e0 grande \u00e9chelle. Pierre Laurent Chauvet et son \u00e9quipe nous font mentir \u00e0 ce sujet-l\u00e0, le directeur de Sidam \u00e9tant l&rsquo;ancien responsable du projet Ublo pour la branche Renault Sport. <\/p>\n<p>Et dans cette ambiance tr\u00e8s m\u00e9diatique sur les normes anti-pollution, il compte bien arriver \u00e0 terme \u00e0 proposer trois types de motorisations diff\u00e9rentes pour le XNovo: un moteur thermique pour un cubage estim\u00e9 \u00e0 500cc, un moteur \u00e9lectrique et un moteur hybride. <\/p>\n<p><a href=\"http:\/\/clabedan.typepad.com\/.shared\/image.html?\/photos\/uncategorized\/2007\/10\/15\/bmw_c1.jpg\"><img loading=\"lazy\" decoding=\"async\" width=\"470\" height=\"331\"  alt=\"Bmw_c1\" src=\"http:\/\/www.leblogmoto.com\/images\/2007\/10\/15\/bmw_c1.jpg\" \/><\/a><\/p>\n<p>M\u00eame s&rsquo;il poss\u00e8de comme lui un toit rigide, le Xnovo est un v\u00e9ritable deux-places, contrairement au C1 et sa place, derri\u00e8re la bulle, fa\u00e7on strapontin, ou plut\u00f4t selle de v\u00e9lo. Avec comme avantage pour le b\u00e9b\u00e9 de Sidam Motor d&rsquo;avoir plus de stabilit\u00e9 au freinage (je vous invite \u00e0 regarder ce que nous avions rapidement \u00e9crit \u00e0 propos des avantages au freinage des trike\/quad et autres sur les deux-roues, dans le topic d\u00e9di\u00e9 au <a href=\"http:\/\/www.leblogmoto.com\/2007\/10\/concept-bike-de.html\">Tesseract<\/a> de Yamaha). <\/p>\n<p>Mais qui pr\u00e9sentait l&rsquo;ind\u00e9niable avantage de deux ceintures de s\u00e9curit\u00e9, \u00e9vitant au conducteur le port du casque. Equipement difficilement envisageable dans le cadre d&rsquo;une selle type moto routi\u00e8re (quoi que beaucoup plus large) comme sur le Xnovo.<\/p>\n<p>Toujours \u00e0 l&rsquo;inverse de BMW, Sidam ne semble pas non plus se soucier d&rsquo;un positionnement &quot;rurbain(e) ais\u00e9(e)&quot; pour son v\u00e9hicule, puisqu&rsquo;il sera \u00e9galement disponible en version utilitaire. <\/p>\n<p>En esp\u00e9rant que contrairement au C1 et conform\u00e9ment au mp3, le Xnovo saura rester dans une fourchette de prix moyenne, pour ne pas le mettre indirectement en concurrence avec de maniables (et climatis\u00e9es !) petites voitures urbaines.<\/p>\n<p><em>*SIDAM pour Soci\u00e9t\u00e9 d&rsquo;Importation et de Distribution d&rsquo;Autos et Motos.<\/em><\/p>\n<p>Cr\u00e9dit Photos: Le Figaro et photos constructeurs. <\/p>\n","protected":false},"excerpt":{"rendered":"<p>On ne va pas y aller par quatre chemins: oui, malgr\u00e9 sa pr\u00e9sentation froide fa\u00e7on bureau d&rsquo;\u00e9tudes, ce v\u00e9hicule aux allures de joujou est bien destin\u00e9 \u00e0 \u00eatre produit et vendu par Sidam Motor, filiale de Sidam* Europe, en 2008. Contrairement \u00e0 d&rsquo;autres sites et magazines, nous avons volontairement d\u00e9cid\u00e9 de vous le pr\u00e9senter face [&hellip;]<\/p>\n","protected":false},"author":324,"featured_media":0,"comment_status":"open","ping_status":"open","sticky":false,"template":"","format":"standard","meta":{"footnotes":""},"categories":[30,33,19,52],"tags":[],"class_list":["post-1174","post","type-post","status-publish","format-standard","hentry","category-bio-carburantsvehicules-propres","category-concept-bike","category-scooter","category-trike"],"yoast_head":"<!-- This site is optimized with the Yoast SEO plugin v26.0 - https:\/\/yoast.com\/wordpress\/plugins\/seo\/ -->\n<title>Le Xnovo, hybride de Renault Ublo, mp3 et C1. - leblogmoto.com<\/title>\n<meta name=\"robots\" content=\"index, follow, max-snippet:-1, max-image-preview:large, max-video-preview:-1\" \/>\n<link rel=\"canonical\" href=\"https:\/\/blogs.thesocialmedia.com\/leblogmoto\/2007\/10\/16\/le-xnovo-de-sid\/\" \/>\n<meta name=\"twitter:card\" content=\"summary_large_image\" \/>\n<meta name=\"twitter:title\" content=\"Le Xnovo, hybride de Renault Ublo, mp3 et C1. - leblogmoto.com\" \/>\n<meta name=\"twitter:description\" content=\"On ne va pas y aller par quatre chemins: oui, malgr\u00e9 sa pr\u00e9sentation froide fa\u00e7on bureau d&rsquo;\u00e9tudes, ce v\u00e9hicule aux allures de joujou est bien destin\u00e9 \u00e0 \u00eatre produit et vendu par Sidam Motor, filiale de Sidam* Europe, en 2008. Contrairement \u00e0 d&rsquo;autres sites et magazines, nous avons volontairement d\u00e9cid\u00e9 de vous le pr\u00e9senter face [&hellip;]\" \/>\n<meta name=\"twitter:image\" content=\"http:\/\/www.leblogmoto.com\/images\/2007\/10\/15\/xnovo_.jpg\" \/>\n<meta name=\"twitter:label1\" content=\"\u00c9crit par\" \/>\n\t<meta name=\"twitter:data1\" content=\"benoit rieu\" \/>\n\t<meta name=\"twitter:label2\" content=\"Dur\u00e9e de lecture estim\u00e9e\" \/>\n\t<meta name=\"twitter:data2\" content=\"3 minutes\" \/>\n<script type=\"application\/ld+json\" class=\"yoast-schema-graph\">{\"@context\":\"https:\/\/schema.org\",\"@graph\":[{\"@type\":\"WebPage\",\"@id\":\"https:\/\/blogs.thesocialmedia.com\/leblogmoto\/2007\/10\/16\/le-xnovo-de-sid\/\",\"url\":\"https:\/\/blogs.thesocialmedia.com\/leblogmoto\/2007\/10\/16\/le-xnovo-de-sid\/\",\"name\":\"Le Xnovo, hybride de Renault Ublo, mp3 et C1. - leblogmoto.com\",\"isPartOf\":{\"@id\":\"https:\/\/blogs.thesocialmedia.com\/leblogmoto\/#website\"},\"primaryImageOfPage\":{\"@id\":\"https:\/\/blogs.thesocialmedia.com\/leblogmoto\/2007\/10\/16\/le-xnovo-de-sid\/#primaryimage\"},\"image\":{\"@id\":\"https:\/\/blogs.thesocialmedia.com\/leblogmoto\/2007\/10\/16\/le-xnovo-de-sid\/#primaryimage\"},\"thumbnailUrl\":\"http:\/\/www.leblogmoto.com\/images\/2007\/10\/15\/xnovo_.jpg\",\"datePublished\":\"2007-10-16T12:41:59+00:00\",\"dateModified\":\"2012-07-11T14:49:17+00:00\",\"author\":{\"@id\":\"https:\/\/blogs.thesocialmedia.com\/leblogmoto\/#\/schema\/person\/18bfe773e5725ed6d24f743da805362a\"},\"breadcrumb\":{\"@id\":\"https:\/\/blogs.thesocialmedia.com\/leblogmoto\/2007\/10\/16\/le-xnovo-de-sid\/#breadcrumb\"},\"inLanguage\":\"fr-FR\",\"potentialAction\":[{\"@type\":\"ReadAction\",\"target\":[\"https:\/\/blogs.thesocialmedia.com\/leblogmoto\/2007\/10\/16\/le-xnovo-de-sid\/\"]}]},{\"@type\":\"ImageObject\",\"inLanguage\":\"fr-FR\",\"@id\":\"https:\/\/blogs.thesocialmedia.com\/leblogmoto\/2007\/10\/16\/le-xnovo-de-sid\/#primaryimage\",\"url\":\"http:\/\/www.leblogmoto.com\/images\/2007\/10\/15\/xnovo_.jpg\",\"contentUrl\":\"http:\/\/www.leblogmoto.com\/images\/2007\/10\/15\/xnovo_.jpg\"},{\"@type\":\"BreadcrumbList\",\"@id\":\"https:\/\/blogs.thesocialmedia.com\/leblogmoto\/2007\/10\/16\/le-xnovo-de-sid\/#breadcrumb\",\"itemListElement\":[{\"@type\":\"ListItem\",\"position\":1,\"name\":\"Accueil\",\"item\":\"https:\/\/blogs.thesocialmedia.com\/leblogmoto\/\"},{\"@type\":\"ListItem\",\"position\":2,\"name\":\"Le Xnovo, hybride de Renault Ublo, mp3 et C1.\"}]},{\"@type\":\"WebSite\",\"@id\":\"https:\/\/blogs.thesocialmedia.com\/leblogmoto\/#website\",\"url\":\"https:\/\/blogs.thesocialmedia.com\/leblogmoto\/\",\"name\":\"leblogmoto\",\"description\":\"Toute l&#039;actualit\u00e9 des 2 roues\",\"potentialAction\":[{\"@type\":\"SearchAction\",\"target\":{\"@type\":\"EntryPoint\",\"urlTemplate\":\"https:\/\/blogs.thesocialmedia.com\/leblogmoto\/?s={search_term_string}\"},\"query-input\":{\"@type\":\"PropertyValueSpecification\",\"valueRequired\":true,\"valueName\":\"search_term_string\"}}],\"inLanguage\":\"fr-FR\"},{\"@type\":\"Person\",\"@id\":\"https:\/\/blogs.thesocialmedia.com\/leblogmoto\/#\/schema\/person\/18bfe773e5725ed6d24f743da805362a\",\"name\":\"benoit rieu\",\"image\":{\"@type\":\"ImageObject\",\"inLanguage\":\"fr-FR\",\"@id\":\"https:\/\/blogs.thesocialmedia.com\/leblogmoto\/#\/schema\/person\/image\/\",\"url\":\"https:\/\/secure.gravatar.com\/avatar\/?s=96&d=mm&r=g\",\"contentUrl\":\"https:\/\/secure.gravatar.com\/avatar\/?s=96&d=mm&r=g\",\"caption\":\"benoit rieu\"},\"url\":\"https:\/\/blogs.thesocialmedia.com\/leblogmoto\/author\/benoit-rieu\/\"}]}<\/script>\n<!-- \/ Yoast SEO plugin. -->","yoast_head_json":{"title":"Le Xnovo, hybride de Renault Ublo, mp3 et C1. - leblogmoto.com","robots":{"index":"index","follow":"follow","max-snippet":"max-snippet:-1","max-image-preview":"max-image-preview:large","max-video-preview":"max-video-preview:-1"},"canonical":"https:\/\/blogs.thesocialmedia.com\/leblogmoto\/2007\/10\/16\/le-xnovo-de-sid\/","twitter_card":"summary_large_image","twitter_title":"Le Xnovo, hybride de Renault Ublo, mp3 et C1. - leblogmoto.com","twitter_description":"On ne va pas y aller par quatre chemins: oui, malgr\u00e9 sa pr\u00e9sentation froide fa\u00e7on bureau d&rsquo;\u00e9tudes, ce v\u00e9hicule aux allures de joujou est bien destin\u00e9 \u00e0 \u00eatre produit et vendu par Sidam Motor, filiale de Sidam* Europe, en 2008. Contrairement \u00e0 d&rsquo;autres sites et magazines, nous avons volontairement d\u00e9cid\u00e9 de vous le pr\u00e9senter face [&hellip;]","twitter_image":"http:\/\/www.leblogmoto.com\/images\/2007\/10\/15\/xnovo_.jpg","twitter_misc":{"\u00c9crit par":"benoit rieu","Dur\u00e9e de lecture estim\u00e9e":"3 minutes"},"schema":{"@context":"https:\/\/schema.org","@graph":[{"@type":"WebPage","@id":"https:\/\/blogs.thesocialmedia.com\/leblogmoto\/2007\/10\/16\/le-xnovo-de-sid\/","url":"https:\/\/blogs.thesocialmedia.com\/leblogmoto\/2007\/10\/16\/le-xnovo-de-sid\/","name":"Le Xnovo, hybride de Renault Ublo, mp3 et C1. - leblogmoto.com","isPartOf":{"@id":"https:\/\/blogs.thesocialmedia.com\/leblogmoto\/#website"},"primaryImageOfPage":{"@id":"https:\/\/blogs.thesocialmedia.com\/leblogmoto\/2007\/10\/16\/le-xnovo-de-sid\/#primaryimage"},"image":{"@id":"https:\/\/blogs.thesocialmedia.com\/leblogmoto\/2007\/10\/16\/le-xnovo-de-sid\/#primaryimage"},"thumbnailUrl":"http:\/\/www.leblogmoto.com\/images\/2007\/10\/15\/xnovo_.jpg","datePublished":"2007-10-16T12:41:59+00:00","dateModified":"2012-07-11T14:49:17+00:00","author":{"@id":"https:\/\/blogs.thesocialmedia.com\/leblogmoto\/#\/schema\/person\/18bfe773e5725ed6d24f743da805362a"},"breadcrumb":{"@id":"https:\/\/blogs.thesocialmedia.com\/leblogmoto\/2007\/10\/16\/le-xnovo-de-sid\/#breadcrumb"},"inLanguage":"fr-FR","potentialAction":[{"@type":"ReadAction","target":["https:\/\/blogs.thesocialmedia.com\/leblogmoto\/2007\/10\/16\/le-xnovo-de-sid\/"]}]},{"@type":"ImageObject","inLanguage":"fr-FR","@id":"https:\/\/blogs.thesocialmedia.com\/leblogmoto\/2007\/10\/16\/le-xnovo-de-sid\/#primaryimage","url":"http:\/\/www.leblogmoto.com\/images\/2007\/10\/15\/xnovo_.jpg","contentUrl":"http:\/\/www.leblogmoto.com\/images\/2007\/10\/15\/xnovo_.jpg"},{"@type":"BreadcrumbList","@id":"https:\/\/blogs.thesocialmedia.com\/leblogmoto\/2007\/10\/16\/le-xnovo-de-sid\/#breadcrumb","itemListElement":[{"@type":"ListItem","position":1,"name":"Accueil","item":"https:\/\/blogs.thesocialmedia.com\/leblogmoto\/"},{"@type":"ListItem","position":2,"name":"Le Xnovo, hybride de Renault Ublo, mp3 et C1."}]},{"@type":"WebSite","@id":"https:\/\/blogs.thesocialmedia.com\/leblogmoto\/#website","url":"https:\/\/blogs.thesocialmedia.com\/leblogmoto\/","name":"leblogmoto","description":"Toute l&#039;actualit\u00e9 des 2 roues","potentialAction":[{"@type":"SearchAction","target":{"@type":"EntryPoint","urlTemplate":"https:\/\/blogs.thesocialmedia.com\/leblogmoto\/?s={search_term_string}"},"query-input":{"@type":"PropertyValueSpecification","valueRequired":true,"valueName":"search_term_string"}}],"inLanguage":"fr-FR"},{"@type":"Person","@id":"https:\/\/blogs.thesocialmedia.com\/leblogmoto\/#\/schema\/person\/18bfe773e5725ed6d24f743da805362a","name":"benoit rieu","image":{"@type":"ImageObject","inLanguage":"fr-FR","@id":"https:\/\/blogs.thesocialmedia.com\/leblogmoto\/#\/schema\/person\/image\/","url":"https:\/\/secure.gravatar.com\/avatar\/?s=96&d=mm&r=g","contentUrl":"https:\/\/secure.gravatar.com\/avatar\/?s=96&d=mm&r=g","caption":"benoit rieu"},"url":"https:\/\/blogs.thesocialmedia.com\/leblogmoto\/author\/benoit-rieu\/"}]}},"_links":{"self":[{"href":"https:\/\/blogs.thesocialmedia.com\/leblogmoto\/wp-json\/wp\/v2\/posts\/1174","targetHints":{"allow":["GET"]}}],"collection":[{"href":"https:\/\/blogs.thesocialmedia.com\/leblogmoto\/wp-json\/wp\/v2\/posts"}],"about":[{"href":"https:\/\/blogs.thesocialmedia.com\/leblogmoto\/wp-json\/wp\/v2\/types\/post"}],"author":[{"embeddable":true,"href":"https:\/\/blogs.thesocialmedia.com\/leblogmoto\/wp-json\/wp\/v2\/users\/324"}],"replies":[{"embeddable":true,"href":"https:\/\/blogs.thesocialmedia.com\/leblogmoto\/wp-json\/wp\/v2\/comments?post=1174"}],"version-history":[{"count":2,"href":"https:\/\/blogs.thesocialmedia.com\/leblogmoto\/wp-json\/wp\/v2\/posts\/1174\/revisions"}],"predecessor-version":[{"id":8904,"href":"https:\/\/blogs.thesocialmedia.com\/leblogmoto\/wp-json\/wp\/v2\/posts\/1174\/revisions\/8904"}],"wp:attachment":[{"href":"https:\/\/blogs.thesocialmedia.com\/leblogmoto\/wp-json\/wp\/v2\/media?parent=1174"}],"wp:term":[{"taxonomy":"category","embeddable":true,"href":"https:\/\/blogs.thesocialmedia.com\/leblogmoto\/wp-json\/wp\/v2\/categories?post=1174"},{"taxonomy":"post_tag","embeddable":true,"href":"https:\/\/blogs.thesocialmedia.com\/leblogmoto\/wp-json\/wp\/v2\/tags?post=1174"}],"curies":[{"name":"wp","href":"https:\/\/api.w.org\/{rel}","templated":true}]}}