{"id":1176,"date":"2007-10-15T07:04:31","date_gmt":"2007-10-15T07:04:31","guid":{"rendered":"http:\/\/blogs.thesocialmedia.com\/leblogmoto\/2007\/10\/15\/tim-potisek-rem\/"},"modified":"2012-07-11T14:49:12","modified_gmt":"2012-07-11T14:49:12","slug":"tim-potisek-rem","status":"publish","type":"post","link":"https:\/\/blogs.thesocialmedia.com\/leblogmoto\/2007\/10\/15\/tim-potisek-rem\/","title":{"rendered":"Tim Potisek remporte le Beach Cross pour la 2\u00e8me fois !"},"content":{"rendered":"<p><a href=\"http:\/\/blogs.thesocialmedia.com\/leblogmoto\/files\/2012\/07\/tim_potisek.jpg\"><img loading=\"lazy\" decoding=\"async\" width=\"470\" height=\"314\"  src=\"http:\/\/www.leblogmoto.com\/images\/2007\/10\/14\/tim_potisek.jpg\" alt=\"Tim_potisek\" \/><\/a><\/p>\n<p>Le Dunkerquois Timotei Potisek sur Honda, que l&rsquo;on voit ici en <a href=\"http:\/\/www.leblogmoto.com\/2006\/02\/enduropale_timo.html\">premier vainqueur de l&rsquo;Enduropale<\/a>, anciennement Enduro du Touquet, remporte le Beach Cross de Beck-sur-Mer devant les grands favoris de <a href=\"http:\/\/www.leblogmoto.com\/2007\/10\/llite-du-motocr.html\">l&rsquo;\u00e9preuve<\/a>, le champion du monde Steve Ramon et Arnaud Demeester, qui terminent respectivement sur les deuxi\u00e8me et troisi\u00e8me marches du podium.  <\/p>\n<p>Tim Potisek vainqueur des deux premi\u00e8res manches, se pr\u00e9sente en position de favori \u00e0 l&rsquo;entr\u00e9e de la Superfinale, pond\u00e9r\u00e9e d&rsquo;un coefficient de trois pour m\u00e9nager le suspense, mais un accrochage avec son fr\u00e8re Serge\u00ef, comme l&rsquo;ann\u00e9e derni\u00e8re au premier virage, permet au champion du monde belge de filer vers la victoire, l&rsquo;ancien vainqueur de 2005 d\u00e9crochant une seconde place acquise de haute lutte et surtout synonyme de victoire finale.<\/p>\n<p>Plus de news dans le courant de la journ\u00e9e. <\/p>\n<p>Source: <a href=\"http:\/\/www.lavoixdessports.com\/fr\/journal\/VDS\/2007\/10\/15\/AUTRES\/ART187030.phtml\">La Voix des Sports<\/a>, les pages sportives de la Voix du Nord.<\/p>\n","protected":false},"excerpt":{"rendered":"<p>Le Dunkerquois Timotei Potisek sur Honda, que l&rsquo;on voit ici en premier vainqueur de l&rsquo;Enduropale, anciennement Enduro du Touquet, remporte le Beach Cross de Beck-sur-Mer devant les grands favoris de l&rsquo;\u00e9preuve, le champion du monde Steve Ramon et Arnaud Demeester, qui terminent respectivement sur les deuxi\u00e8me et troisi\u00e8me marches du podium. Tim Potisek vainqueur des [&hellip;]<\/p>\n","protected":false},"author":324,"featured_media":0,"comment_status":"open","ping_status":"open","sticky":false,"template":"","format":"standard","meta":{"footnotes":""},"categories":[3,14,66],"tags":[],"class_list":["post-1176","post","type-post","status-publish","format-standard","hentry","category-actualite","category-honda","category-moto-cross"],"yoast_head":"<!-- This site is optimized with the Yoast SEO plugin v26.0 - https:\/\/yoast.com\/wordpress\/plugins\/seo\/ -->\n<title>Tim Potisek remporte le Beach Cross pour la 2\u00e8me fois ! - leblogmoto.com<\/title>\n<meta name=\"robots\" content=\"index, follow, max-snippet:-1, max-image-preview:large, max-video-preview:-1\" \/>\n<link rel=\"canonical\" href=\"https:\/\/blogs.thesocialmedia.com\/leblogmoto\/2007\/10\/15\/tim-potisek-rem\/\" \/>\n<meta name=\"twitter:card\" content=\"summary_large_image\" \/>\n<meta name=\"twitter:title\" content=\"Tim Potisek remporte le Beach Cross pour la 2\u00e8me fois ! - leblogmoto.com\" \/>\n<meta name=\"twitter:description\" content=\"Le Dunkerquois Timotei Potisek sur Honda, que l&rsquo;on voit ici en premier vainqueur de l&rsquo;Enduropale, anciennement Enduro du Touquet, remporte le Beach Cross de Beck-sur-Mer devant les grands favoris de l&rsquo;\u00e9preuve, le champion du monde Steve Ramon et Arnaud Demeester, qui terminent respectivement sur les deuxi\u00e8me et troisi\u00e8me marches du podium. Tim Potisek vainqueur des [&hellip;]\" \/>\n<meta name=\"twitter:image\" content=\"http:\/\/www.leblogmoto.com\/images\/2007\/10\/14\/tim_potisek.jpg\" \/>\n<meta name=\"twitter:label1\" content=\"\u00c9crit par\" \/>\n\t<meta name=\"twitter:data1\" content=\"benoit rieu\" \/>\n\t<meta name=\"twitter:label2\" content=\"Dur\u00e9e de lecture estim\u00e9e\" \/>\n\t<meta name=\"twitter:data2\" content=\"1 minute\" \/>\n<script type=\"application\/ld+json\" class=\"yoast-schema-graph\">{\"@context\":\"https:\/\/schema.org\",\"@graph\":[{\"@type\":\"WebPage\",\"@id\":\"https:\/\/blogs.thesocialmedia.com\/leblogmoto\/2007\/10\/15\/tim-potisek-rem\/\",\"url\":\"https:\/\/blogs.thesocialmedia.com\/leblogmoto\/2007\/10\/15\/tim-potisek-rem\/\",\"name\":\"Tim Potisek remporte le Beach Cross pour la 2\u00e8me fois ! - leblogmoto.com\",\"isPartOf\":{\"@id\":\"https:\/\/blogs.thesocialmedia.com\/leblogmoto\/#website\"},\"primaryImageOfPage\":{\"@id\":\"https:\/\/blogs.thesocialmedia.com\/leblogmoto\/2007\/10\/15\/tim-potisek-rem\/#primaryimage\"},\"image\":{\"@id\":\"https:\/\/blogs.thesocialmedia.com\/leblogmoto\/2007\/10\/15\/tim-potisek-rem\/#primaryimage\"},\"thumbnailUrl\":\"http:\/\/www.leblogmoto.com\/images\/2007\/10\/14\/tim_potisek.jpg\",\"datePublished\":\"2007-10-15T07:04:31+00:00\",\"dateModified\":\"2012-07-11T14:49:12+00:00\",\"author\":{\"@id\":\"https:\/\/blogs.thesocialmedia.com\/leblogmoto\/#\/schema\/person\/18bfe773e5725ed6d24f743da805362a\"},\"breadcrumb\":{\"@id\":\"https:\/\/blogs.thesocialmedia.com\/leblogmoto\/2007\/10\/15\/tim-potisek-rem\/#breadcrumb\"},\"inLanguage\":\"fr-FR\",\"potentialAction\":[{\"@type\":\"ReadAction\",\"target\":[\"https:\/\/blogs.thesocialmedia.com\/leblogmoto\/2007\/10\/15\/tim-potisek-rem\/\"]}]},{\"@type\":\"ImageObject\",\"inLanguage\":\"fr-FR\",\"@id\":\"https:\/\/blogs.thesocialmedia.com\/leblogmoto\/2007\/10\/15\/tim-potisek-rem\/#primaryimage\",\"url\":\"http:\/\/www.leblogmoto.com\/images\/2007\/10\/14\/tim_potisek.jpg\",\"contentUrl\":\"http:\/\/www.leblogmoto.com\/images\/2007\/10\/14\/tim_potisek.jpg\"},{\"@type\":\"BreadcrumbList\",\"@id\":\"https:\/\/blogs.thesocialmedia.com\/leblogmoto\/2007\/10\/15\/tim-potisek-rem\/#breadcrumb\",\"itemListElement\":[{\"@type\":\"ListItem\",\"position\":1,\"name\":\"Accueil\",\"item\":\"https:\/\/blogs.thesocialmedia.com\/leblogmoto\/\"},{\"@type\":\"ListItem\",\"position\":2,\"name\":\"Tim Potisek remporte le Beach Cross pour la 2\u00e8me fois !\"}]},{\"@type\":\"WebSite\",\"@id\":\"https:\/\/blogs.thesocialmedia.com\/leblogmoto\/#website\",\"url\":\"https:\/\/blogs.thesocialmedia.com\/leblogmoto\/\",\"name\":\"leblogmoto\",\"description\":\"Toute l&#039;actualit\u00e9 des 2 roues\",\"potentialAction\":[{\"@type\":\"SearchAction\",\"target\":{\"@type\":\"EntryPoint\",\"urlTemplate\":\"https:\/\/blogs.thesocialmedia.com\/leblogmoto\/?s={search_term_string}\"},\"query-input\":{\"@type\":\"PropertyValueSpecification\",\"valueRequired\":true,\"valueName\":\"search_term_string\"}}],\"inLanguage\":\"fr-FR\"},{\"@type\":\"Person\",\"@id\":\"https:\/\/blogs.thesocialmedia.com\/leblogmoto\/#\/schema\/person\/18bfe773e5725ed6d24f743da805362a\",\"name\":\"benoit rieu\",\"image\":{\"@type\":\"ImageObject\",\"inLanguage\":\"fr-FR\",\"@id\":\"https:\/\/blogs.thesocialmedia.com\/leblogmoto\/#\/schema\/person\/image\/\",\"url\":\"https:\/\/secure.gravatar.com\/avatar\/?s=96&d=mm&r=g\",\"contentUrl\":\"https:\/\/secure.gravatar.com\/avatar\/?s=96&d=mm&r=g\",\"caption\":\"benoit rieu\"},\"url\":\"https:\/\/blogs.thesocialmedia.com\/leblogmoto\/author\/benoit-rieu\/\"}]}<\/script>\n<!-- \/ Yoast SEO plugin. -->","yoast_head_json":{"title":"Tim Potisek remporte le Beach Cross pour la 2\u00e8me fois ! - leblogmoto.com","robots":{"index":"index","follow":"follow","max-snippet":"max-snippet:-1","max-image-preview":"max-image-preview:large","max-video-preview":"max-video-preview:-1"},"canonical":"https:\/\/blogs.thesocialmedia.com\/leblogmoto\/2007\/10\/15\/tim-potisek-rem\/","twitter_card":"summary_large_image","twitter_title":"Tim Potisek remporte le Beach Cross pour la 2\u00e8me fois ! - leblogmoto.com","twitter_description":"Le Dunkerquois Timotei Potisek sur Honda, que l&rsquo;on voit ici en premier vainqueur de l&rsquo;Enduropale, anciennement Enduro du Touquet, remporte le Beach Cross de Beck-sur-Mer devant les grands favoris de l&rsquo;\u00e9preuve, le champion du monde Steve Ramon et Arnaud Demeester, qui terminent respectivement sur les deuxi\u00e8me et troisi\u00e8me marches du podium. Tim Potisek vainqueur des [&hellip;]","twitter_image":"http:\/\/www.leblogmoto.com\/images\/2007\/10\/14\/tim_potisek.jpg","twitter_misc":{"\u00c9crit par":"benoit rieu","Dur\u00e9e de lecture estim\u00e9e":"1 minute"},"schema":{"@context":"https:\/\/schema.org","@graph":[{"@type":"WebPage","@id":"https:\/\/blogs.thesocialmedia.com\/leblogmoto\/2007\/10\/15\/tim-potisek-rem\/","url":"https:\/\/blogs.thesocialmedia.com\/leblogmoto\/2007\/10\/15\/tim-potisek-rem\/","name":"Tim Potisek remporte le Beach Cross pour la 2\u00e8me fois ! - leblogmoto.com","isPartOf":{"@id":"https:\/\/blogs.thesocialmedia.com\/leblogmoto\/#website"},"primaryImageOfPage":{"@id":"https:\/\/blogs.thesocialmedia.com\/leblogmoto\/2007\/10\/15\/tim-potisek-rem\/#primaryimage"},"image":{"@id":"https:\/\/blogs.thesocialmedia.com\/leblogmoto\/2007\/10\/15\/tim-potisek-rem\/#primaryimage"},"thumbnailUrl":"http:\/\/www.leblogmoto.com\/images\/2007\/10\/14\/tim_potisek.jpg","datePublished":"2007-10-15T07:04:31+00:00","dateModified":"2012-07-11T14:49:12+00:00","author":{"@id":"https:\/\/blogs.thesocialmedia.com\/leblogmoto\/#\/schema\/person\/18bfe773e5725ed6d24f743da805362a"},"breadcrumb":{"@id":"https:\/\/blogs.thesocialmedia.com\/leblogmoto\/2007\/10\/15\/tim-potisek-rem\/#breadcrumb"},"inLanguage":"fr-FR","potentialAction":[{"@type":"ReadAction","target":["https:\/\/blogs.thesocialmedia.com\/leblogmoto\/2007\/10\/15\/tim-potisek-rem\/"]}]},{"@type":"ImageObject","inLanguage":"fr-FR","@id":"https:\/\/blogs.thesocialmedia.com\/leblogmoto\/2007\/10\/15\/tim-potisek-rem\/#primaryimage","url":"http:\/\/www.leblogmoto.com\/images\/2007\/10\/14\/tim_potisek.jpg","contentUrl":"http:\/\/www.leblogmoto.com\/images\/2007\/10\/14\/tim_potisek.jpg"},{"@type":"BreadcrumbList","@id":"https:\/\/blogs.thesocialmedia.com\/leblogmoto\/2007\/10\/15\/tim-potisek-rem\/#breadcrumb","itemListElement":[{"@type":"ListItem","position":1,"name":"Accueil","item":"https:\/\/blogs.thesocialmedia.com\/leblogmoto\/"},{"@type":"ListItem","position":2,"name":"Tim Potisek remporte le Beach Cross pour la 2\u00e8me fois !"}]},{"@type":"WebSite","@id":"https:\/\/blogs.thesocialmedia.com\/leblogmoto\/#website","url":"https:\/\/blogs.thesocialmedia.com\/leblogmoto\/","name":"leblogmoto","description":"Toute l&#039;actualit\u00e9 des 2 roues","potentialAction":[{"@type":"SearchAction","target":{"@type":"EntryPoint","urlTemplate":"https:\/\/blogs.thesocialmedia.com\/leblogmoto\/?s={search_term_string}"},"query-input":{"@type":"PropertyValueSpecification","valueRequired":true,"valueName":"search_term_string"}}],"inLanguage":"fr-FR"},{"@type":"Person","@id":"https:\/\/blogs.thesocialmedia.com\/leblogmoto\/#\/schema\/person\/18bfe773e5725ed6d24f743da805362a","name":"benoit rieu","image":{"@type":"ImageObject","inLanguage":"fr-FR","@id":"https:\/\/blogs.thesocialmedia.com\/leblogmoto\/#\/schema\/person\/image\/","url":"https:\/\/secure.gravatar.com\/avatar\/?s=96&d=mm&r=g","contentUrl":"https:\/\/secure.gravatar.com\/avatar\/?s=96&d=mm&r=g","caption":"benoit rieu"},"url":"https:\/\/blogs.thesocialmedia.com\/leblogmoto\/author\/benoit-rieu\/"}]}},"_links":{"self":[{"href":"https:\/\/blogs.thesocialmedia.com\/leblogmoto\/wp-json\/wp\/v2\/posts\/1176","targetHints":{"allow":["GET"]}}],"collection":[{"href":"https:\/\/blogs.thesocialmedia.com\/leblogmoto\/wp-json\/wp\/v2\/posts"}],"about":[{"href":"https:\/\/blogs.thesocialmedia.com\/leblogmoto\/wp-json\/wp\/v2\/types\/post"}],"author":[{"embeddable":true,"href":"https:\/\/blogs.thesocialmedia.com\/leblogmoto\/wp-json\/wp\/v2\/users\/324"}],"replies":[{"embeddable":true,"href":"https:\/\/blogs.thesocialmedia.com\/leblogmoto\/wp-json\/wp\/v2\/comments?post=1176"}],"version-history":[{"count":2,"href":"https:\/\/blogs.thesocialmedia.com\/leblogmoto\/wp-json\/wp\/v2\/posts\/1176\/revisions"}],"predecessor-version":[{"id":8900,"href":"https:\/\/blogs.thesocialmedia.com\/leblogmoto\/wp-json\/wp\/v2\/posts\/1176\/revisions\/8900"}],"wp:attachment":[{"href":"https:\/\/blogs.thesocialmedia.com\/leblogmoto\/wp-json\/wp\/v2\/media?parent=1176"}],"wp:term":[{"taxonomy":"category","embeddable":true,"href":"https:\/\/blogs.thesocialmedia.com\/leblogmoto\/wp-json\/wp\/v2\/categories?post=1176"},{"taxonomy":"post_tag","embeddable":true,"href":"https:\/\/blogs.thesocialmedia.com\/leblogmoto\/wp-json\/wp\/v2\/tags?post=1176"}],"curies":[{"name":"wp","href":"https:\/\/api.w.org\/{rel}","templated":true}]}}