{"id":1179,"date":"2007-10-14T15:44:46","date_gmt":"2007-10-14T15:44:46","guid":{"rendered":"http:\/\/blogs.thesocialmedia.com\/leblogmoto\/2007\/10\/14\/victoire-de-sto\/"},"modified":"2012-07-11T14:49:07","modified_gmt":"2012-07-11T14:49:07","slug":"victoire-de-sto","status":"publish","type":"post","link":"https:\/\/blogs.thesocialmedia.com\/leblogmoto\/2007\/10\/14\/victoire-de-sto\/","title":{"rendered":"Stoner emm\u00e8ne les Ducati \u00e0 la victoire \u00e0 Phillip Island"},"content":{"rendered":"<p><a href=\"http:\/\/blogs.thesocialmedia.com\/leblogmoto\/files\/2012\/07\/casey_stoner_2007_ducati_27_.jpg\"><img loading=\"lazy\" decoding=\"async\" width=\"470\" height=\"326\"  alt=\"Casey_stoner_2007_ducati_27_\" src=\"http:\/\/www.leblogmoto.com\/images\/2007\/10\/14\/casey_stoner_2007_ducati_27_.jpg\" \/><\/a><\/p>\n<p>Dans un remake du baisser de rideau de la saison pr\u00e9c\u00e9dente \u00e0 Valencia, Ducati place deux de ses machines aux premi\u00e8res marches, devant la Yamaha du Doctor qui avait rev\u00eatu pour l&rsquo;occasion sa livr\u00e9e Fiat Abarth, si&#8230;hum, particuli\u00e8re*. Un final qui aura encore aliment\u00e9 la pol\u00e9mique sur les pneumatiques. Le d\u00e9part canon des deux champions du monde 2007 et 2006 qui d\u00e9posaient litt\u00e9ralement leurs adversaires, laissait pourtant augurer d&rsquo;un autre podium. <\/p>\n<p>Les sp\u00e9culations sur un manufacturier unique, justement, pourront redoubler apr\u00e8s les critiques \u00e0 mots couverts de Rossi, d\u00e9clarant qu&rsquo;en raison de la chaleur et de l&rsquo;usure pr\u00e9matur\u00e9e de son train de pneu il avait d\u00fb lever le pied en fin de course, par peur de glisser. Tout cela apr\u00e8s avoir avou\u00e9 hier qu&rsquo;il pr\u00e9f\u00e9rait les Bridgestone, joli coup de Jarnac adress\u00e9 \u00e0 la firme de Clermont-Ferrand avec qui (<em>gr\u00e2ce \u00e0 qui, <\/em>plut\u00f4t) il a glan\u00e9 tant de titres. <\/p>\n<p>Mais le quintuple champion du monde devait se sentir aussi frustr\u00e9, victime d&rsquo;un d\u00e9passement tout en autorit\u00e9 effectu\u00e9 par son compatriote Loris Capirossi en bout de ligne droite, un Capirex que le d\u00e9part prochain de son team semble porter au plus haut, depuis sa premi\u00e8re place \u00e0 Motegi il y a trois semaines. Colin Edwards, co\u00e9quipier de Valentino, que l&rsquo;on voit ici dans la fameuse livr\u00e9e en question, terminera 9\u00e8me.<\/p>\n<p><a href=\"http:\/\/blogs.thesocialmedia.com\/leblogmoto\/files\/2012\/07\/yamaha_livery_abarth_colin_edwards_.jpg\"><img loading=\"lazy\" decoding=\"async\" width=\"470\" height=\"326\"  src=\"http:\/\/www.leblogmoto.com\/images\/2007\/10\/14\/yamaha_livery_abarth_colin_edwards_.jpg\" alt=\"Yamaha_livery_abarth_colin_edwards_\" \/><\/a> <\/p>\n<p>Toujours concernant les r\u00e9criminations sur les gommes (on n&rsquo;en finit pas), Sylvain Guintoli (Yamaha Tech 3\/Dunlop) s&rsquo;est plaint de n&rsquo;avoir aucun grip \u00e0 l&rsquo;arri\u00e8re et de ne pas pouvoir piloter la moto pendant les premiers tours, il franchira la ligne \u00e0 la 14\u00e8me place, triste apr\u00e8s son top10 en qualification. Toujours chez les pilotes fran\u00e7ais, Randy de Puniet, apr\u00e8s son d\u00e9part (encore une fois) catastrophique finit 6\u00e8me, auteur d&rsquo;une jolie remont\u00e9e, lui qui a \u00e9t\u00e9 13\u00e8me au plus fort de la course.<\/p>\n<p>Carlos Checa dont nous vous <a href=\"http:\/\/blogs.thesocialmedia.com\/leblogmoto\/files\/2012\/07\/carlos-checa-du.html_.png\">parlions r\u00e9cemment<\/a>&nbsp; au sujet de son d\u00e9part du MotoGP pour le World SBK, finit \u00e0 la 11\u00e8me place. L&rsquo;un des grands gagnants de ce week-end est le Br\u00e9silien Alex Barros qui sur sa Ducati d&rsquo;Antin termine \u00e0 une \u00e9tonnante cinqui\u00e8me place.<\/p>\n<p>Ducati, l&rsquo;officielle cette fois, est aussi assur\u00e9e de remporter les trois championnats du monde, le championnat pilote avec Stoner, les championnats \u00e9curies et constructeurs avec Ducati MotoGP. Ce qui a fait dire \u00e0 Luvio Suppo manager de l&rsquo;\u00e9quipe: &quot;Ce doubl\u00e9 est une tr\u00e8s belle mani\u00e8re de f\u00eater ces championnats. C&rsquo;est notre deuxi\u00e8me doubl\u00e9 apr\u00e8s celui de Valence la saison pass\u00e9e avec Troy Bayliss et Loris Capirossi, donc a priori nous avons besoin d&rsquo;un Australien et d&rsquo;un Italien pour les r\u00e9aliser&quot;.<\/p>\n<p>Du c\u00f4t\u00e9 du vainqueur constructeur de l&rsquo;ann\u00e9e derni\u00e8re, Honda HRC, on notera la belle performance de Nicky Hayden&#8230; jusqu&rsquo;\u00e0 son abandon sur probl\u00e8mes m\u00e9caniques et qui semblait pouvoir contester la supr\u00e9matie des Italiennes, et la quatri\u00e8me place de Dani Pedrosa, une d\u00e9ception apr\u00e8s sa pole position qu&rsquo;il avait <a href=\"http:\/\/www.leblogmoto.com\/2007\/10\/au-final-dani-p.html\">arrach\u00e9e la veille<\/a> mais qui ne pouvait tenir le rythme impos\u00e9 par Vale et Stoner.<\/p>\n<p><a href=\"http:\/\/clabedan.typepad.com\/.shared\/image.html?\/photos\/uncategorized\/2007\/10\/14\/proton_kr.jpg\"><img loading=\"lazy\" decoding=\"async\" width=\"470\" height=\"313\"  alt=\"Proton_kr\" src=\"http:\/\/www.leblogmoto.com\/images\/2007\/10\/14\/proton_kr.jpg\" \/><\/a> <\/p>\n<p>Dans une semaine, direction Sepang en Malaisie, son beau circuit dessin\u00e9 par Herman Tilke, que les passionn\u00e9s de F1 connaissent bien, ses lignes droites et ses &quot;twisty turns&quot;: les Brembo vont chauffer. <\/p>\n<p>Circuit dont les tribunes peu anim\u00e9es trancheront avec la folie australienne. Surtout depuis le retrait de Proton, le producteur local, de la comp\u00e9tition MotoGP. Proton ? Si, si souvenez-vous&#8230; (photo de 2004 avec Kurtis Robert, le fr\u00e8re cadet de Kenny Roberts Jr., champion du monde 2000 et fils de Kenny Roberts Sr., aux trois couronnes mondiales).<\/p>\n<p>*<em>Yamaha pr\u00e9cise sur le site <a href=\"http:\/\/www.yamaha-racing.com\">Yamaha Racing<\/a> que ce sera la derni\u00e8re livr\u00e9e originale de la saison. Ouf.<\/em><\/p>\n<p>Cr\u00e9dits photos: Ducati Corse, Yamaha Racing et Proton.<\/p>\n","protected":false},"excerpt":{"rendered":"<p>Dans un remake du baisser de rideau de la saison pr\u00e9c\u00e9dente \u00e0 Valencia, Ducati place deux de ses machines aux premi\u00e8res marches, devant la Yamaha du Doctor qui avait rev\u00eatu pour l&rsquo;occasion sa livr\u00e9e Fiat Abarth, si&#8230;hum, particuli\u00e8re*. Un final qui aura encore aliment\u00e9 la pol\u00e9mique sur les pneumatiques. Le d\u00e9part canon des deux champions [&hellip;]<\/p>\n","protected":false},"author":324,"featured_media":0,"comment_status":"open","ping_status":"open","sticky":false,"template":"","format":"standard","meta":{"footnotes":""},"categories":[3,41,22,32],"tags":[],"class_list":["post-1179","post","type-post","status-publish","format-standard","hentry","category-actualite","category-ducati","category-motogp","category-sport-moto"],"yoast_head":"<!-- This site is optimized with the Yoast SEO plugin v26.0 - https:\/\/yoast.com\/wordpress\/plugins\/seo\/ -->\n<title>Stoner emm\u00e8ne les Ducati \u00e0 la victoire \u00e0 Phillip Island - leblogmoto.com<\/title>\n<meta name=\"robots\" content=\"index, follow, max-snippet:-1, max-image-preview:large, max-video-preview:-1\" \/>\n<link rel=\"canonical\" href=\"https:\/\/blogs.thesocialmedia.com\/leblogmoto\/2007\/10\/14\/victoire-de-sto\/\" \/>\n<meta name=\"twitter:card\" content=\"summary_large_image\" \/>\n<meta name=\"twitter:title\" content=\"Stoner emm\u00e8ne les Ducati \u00e0 la victoire \u00e0 Phillip Island - leblogmoto.com\" \/>\n<meta name=\"twitter:description\" content=\"Dans un remake du baisser de rideau de la saison pr\u00e9c\u00e9dente \u00e0 Valencia, Ducati place deux de ses machines aux premi\u00e8res marches, devant la Yamaha du Doctor qui avait rev\u00eatu pour l&rsquo;occasion sa livr\u00e9e Fiat Abarth, si&#8230;hum, particuli\u00e8re*. Un final qui aura encore aliment\u00e9 la pol\u00e9mique sur les pneumatiques. Le d\u00e9part canon des deux champions [&hellip;]\" \/>\n<meta name=\"twitter:image\" content=\"http:\/\/www.leblogmoto.com\/images\/2007\/10\/14\/casey_stoner_2007_ducati_27_.jpg\" \/>\n<meta name=\"twitter:label1\" content=\"\u00c9crit par\" \/>\n\t<meta name=\"twitter:data1\" content=\"benoit rieu\" \/>\n\t<meta name=\"twitter:label2\" content=\"Dur\u00e9e de lecture estim\u00e9e\" \/>\n\t<meta name=\"twitter:data2\" content=\"3 minutes\" \/>\n<script type=\"application\/ld+json\" class=\"yoast-schema-graph\">{\"@context\":\"https:\/\/schema.org\",\"@graph\":[{\"@type\":\"WebPage\",\"@id\":\"https:\/\/blogs.thesocialmedia.com\/leblogmoto\/2007\/10\/14\/victoire-de-sto\/\",\"url\":\"https:\/\/blogs.thesocialmedia.com\/leblogmoto\/2007\/10\/14\/victoire-de-sto\/\",\"name\":\"Stoner emm\u00e8ne les Ducati \u00e0 la victoire \u00e0 Phillip Island - leblogmoto.com\",\"isPartOf\":{\"@id\":\"https:\/\/blogs.thesocialmedia.com\/leblogmoto\/#website\"},\"primaryImageOfPage\":{\"@id\":\"https:\/\/blogs.thesocialmedia.com\/leblogmoto\/2007\/10\/14\/victoire-de-sto\/#primaryimage\"},\"image\":{\"@id\":\"https:\/\/blogs.thesocialmedia.com\/leblogmoto\/2007\/10\/14\/victoire-de-sto\/#primaryimage\"},\"thumbnailUrl\":\"http:\/\/www.leblogmoto.com\/images\/2007\/10\/14\/casey_stoner_2007_ducati_27_.jpg\",\"datePublished\":\"2007-10-14T15:44:46+00:00\",\"dateModified\":\"2012-07-11T14:49:07+00:00\",\"author\":{\"@id\":\"https:\/\/blogs.thesocialmedia.com\/leblogmoto\/#\/schema\/person\/18bfe773e5725ed6d24f743da805362a\"},\"breadcrumb\":{\"@id\":\"https:\/\/blogs.thesocialmedia.com\/leblogmoto\/2007\/10\/14\/victoire-de-sto\/#breadcrumb\"},\"inLanguage\":\"fr-FR\",\"potentialAction\":[{\"@type\":\"ReadAction\",\"target\":[\"https:\/\/blogs.thesocialmedia.com\/leblogmoto\/2007\/10\/14\/victoire-de-sto\/\"]}]},{\"@type\":\"ImageObject\",\"inLanguage\":\"fr-FR\",\"@id\":\"https:\/\/blogs.thesocialmedia.com\/leblogmoto\/2007\/10\/14\/victoire-de-sto\/#primaryimage\",\"url\":\"http:\/\/www.leblogmoto.com\/images\/2007\/10\/14\/casey_stoner_2007_ducati_27_.jpg\",\"contentUrl\":\"http:\/\/www.leblogmoto.com\/images\/2007\/10\/14\/casey_stoner_2007_ducati_27_.jpg\"},{\"@type\":\"BreadcrumbList\",\"@id\":\"https:\/\/blogs.thesocialmedia.com\/leblogmoto\/2007\/10\/14\/victoire-de-sto\/#breadcrumb\",\"itemListElement\":[{\"@type\":\"ListItem\",\"position\":1,\"name\":\"Accueil\",\"item\":\"https:\/\/blogs.thesocialmedia.com\/leblogmoto\/\"},{\"@type\":\"ListItem\",\"position\":2,\"name\":\"Stoner emm\u00e8ne les Ducati \u00e0 la victoire \u00e0 Phillip Island\"}]},{\"@type\":\"WebSite\",\"@id\":\"https:\/\/blogs.thesocialmedia.com\/leblogmoto\/#website\",\"url\":\"https:\/\/blogs.thesocialmedia.com\/leblogmoto\/\",\"name\":\"leblogmoto\",\"description\":\"Toute l&#039;actualit\u00e9 des 2 roues\",\"potentialAction\":[{\"@type\":\"SearchAction\",\"target\":{\"@type\":\"EntryPoint\",\"urlTemplate\":\"https:\/\/blogs.thesocialmedia.com\/leblogmoto\/?s={search_term_string}\"},\"query-input\":{\"@type\":\"PropertyValueSpecification\",\"valueRequired\":true,\"valueName\":\"search_term_string\"}}],\"inLanguage\":\"fr-FR\"},{\"@type\":\"Person\",\"@id\":\"https:\/\/blogs.thesocialmedia.com\/leblogmoto\/#\/schema\/person\/18bfe773e5725ed6d24f743da805362a\",\"name\":\"benoit rieu\",\"image\":{\"@type\":\"ImageObject\",\"inLanguage\":\"fr-FR\",\"@id\":\"https:\/\/blogs.thesocialmedia.com\/leblogmoto\/#\/schema\/person\/image\/\",\"url\":\"https:\/\/secure.gravatar.com\/avatar\/?s=96&d=mm&r=g\",\"contentUrl\":\"https:\/\/secure.gravatar.com\/avatar\/?s=96&d=mm&r=g\",\"caption\":\"benoit rieu\"},\"url\":\"https:\/\/blogs.thesocialmedia.com\/leblogmoto\/author\/benoit-rieu\/\"}]}<\/script>\n<!-- \/ Yoast SEO plugin. -->","yoast_head_json":{"title":"Stoner emm\u00e8ne les Ducati \u00e0 la victoire \u00e0 Phillip Island - leblogmoto.com","robots":{"index":"index","follow":"follow","max-snippet":"max-snippet:-1","max-image-preview":"max-image-preview:large","max-video-preview":"max-video-preview:-1"},"canonical":"https:\/\/blogs.thesocialmedia.com\/leblogmoto\/2007\/10\/14\/victoire-de-sto\/","twitter_card":"summary_large_image","twitter_title":"Stoner emm\u00e8ne les Ducati \u00e0 la victoire \u00e0 Phillip Island - leblogmoto.com","twitter_description":"Dans un remake du baisser de rideau de la saison pr\u00e9c\u00e9dente \u00e0 Valencia, Ducati place deux de ses machines aux premi\u00e8res marches, devant la Yamaha du Doctor qui avait rev\u00eatu pour l&rsquo;occasion sa livr\u00e9e Fiat Abarth, si&#8230;hum, particuli\u00e8re*. Un final qui aura encore aliment\u00e9 la pol\u00e9mique sur les pneumatiques. Le d\u00e9part canon des deux champions [&hellip;]","twitter_image":"http:\/\/www.leblogmoto.com\/images\/2007\/10\/14\/casey_stoner_2007_ducati_27_.jpg","twitter_misc":{"\u00c9crit par":"benoit rieu","Dur\u00e9e de lecture estim\u00e9e":"3 minutes"},"schema":{"@context":"https:\/\/schema.org","@graph":[{"@type":"WebPage","@id":"https:\/\/blogs.thesocialmedia.com\/leblogmoto\/2007\/10\/14\/victoire-de-sto\/","url":"https:\/\/blogs.thesocialmedia.com\/leblogmoto\/2007\/10\/14\/victoire-de-sto\/","name":"Stoner emm\u00e8ne les Ducati \u00e0 la victoire \u00e0 Phillip Island - leblogmoto.com","isPartOf":{"@id":"https:\/\/blogs.thesocialmedia.com\/leblogmoto\/#website"},"primaryImageOfPage":{"@id":"https:\/\/blogs.thesocialmedia.com\/leblogmoto\/2007\/10\/14\/victoire-de-sto\/#primaryimage"},"image":{"@id":"https:\/\/blogs.thesocialmedia.com\/leblogmoto\/2007\/10\/14\/victoire-de-sto\/#primaryimage"},"thumbnailUrl":"http:\/\/www.leblogmoto.com\/images\/2007\/10\/14\/casey_stoner_2007_ducati_27_.jpg","datePublished":"2007-10-14T15:44:46+00:00","dateModified":"2012-07-11T14:49:07+00:00","author":{"@id":"https:\/\/blogs.thesocialmedia.com\/leblogmoto\/#\/schema\/person\/18bfe773e5725ed6d24f743da805362a"},"breadcrumb":{"@id":"https:\/\/blogs.thesocialmedia.com\/leblogmoto\/2007\/10\/14\/victoire-de-sto\/#breadcrumb"},"inLanguage":"fr-FR","potentialAction":[{"@type":"ReadAction","target":["https:\/\/blogs.thesocialmedia.com\/leblogmoto\/2007\/10\/14\/victoire-de-sto\/"]}]},{"@type":"ImageObject","inLanguage":"fr-FR","@id":"https:\/\/blogs.thesocialmedia.com\/leblogmoto\/2007\/10\/14\/victoire-de-sto\/#primaryimage","url":"http:\/\/www.leblogmoto.com\/images\/2007\/10\/14\/casey_stoner_2007_ducati_27_.jpg","contentUrl":"http:\/\/www.leblogmoto.com\/images\/2007\/10\/14\/casey_stoner_2007_ducati_27_.jpg"},{"@type":"BreadcrumbList","@id":"https:\/\/blogs.thesocialmedia.com\/leblogmoto\/2007\/10\/14\/victoire-de-sto\/#breadcrumb","itemListElement":[{"@type":"ListItem","position":1,"name":"Accueil","item":"https:\/\/blogs.thesocialmedia.com\/leblogmoto\/"},{"@type":"ListItem","position":2,"name":"Stoner emm\u00e8ne les Ducati \u00e0 la victoire \u00e0 Phillip Island"}]},{"@type":"WebSite","@id":"https:\/\/blogs.thesocialmedia.com\/leblogmoto\/#website","url":"https:\/\/blogs.thesocialmedia.com\/leblogmoto\/","name":"leblogmoto","description":"Toute l&#039;actualit\u00e9 des 2 roues","potentialAction":[{"@type":"SearchAction","target":{"@type":"EntryPoint","urlTemplate":"https:\/\/blogs.thesocialmedia.com\/leblogmoto\/?s={search_term_string}"},"query-input":{"@type":"PropertyValueSpecification","valueRequired":true,"valueName":"search_term_string"}}],"inLanguage":"fr-FR"},{"@type":"Person","@id":"https:\/\/blogs.thesocialmedia.com\/leblogmoto\/#\/schema\/person\/18bfe773e5725ed6d24f743da805362a","name":"benoit rieu","image":{"@type":"ImageObject","inLanguage":"fr-FR","@id":"https:\/\/blogs.thesocialmedia.com\/leblogmoto\/#\/schema\/person\/image\/","url":"https:\/\/secure.gravatar.com\/avatar\/?s=96&d=mm&r=g","contentUrl":"https:\/\/secure.gravatar.com\/avatar\/?s=96&d=mm&r=g","caption":"benoit rieu"},"url":"https:\/\/blogs.thesocialmedia.com\/leblogmoto\/author\/benoit-rieu\/"}]}},"_links":{"self":[{"href":"https:\/\/blogs.thesocialmedia.com\/leblogmoto\/wp-json\/wp\/v2\/posts\/1179","targetHints":{"allow":["GET"]}}],"collection":[{"href":"https:\/\/blogs.thesocialmedia.com\/leblogmoto\/wp-json\/wp\/v2\/posts"}],"about":[{"href":"https:\/\/blogs.thesocialmedia.com\/leblogmoto\/wp-json\/wp\/v2\/types\/post"}],"author":[{"embeddable":true,"href":"https:\/\/blogs.thesocialmedia.com\/leblogmoto\/wp-json\/wp\/v2\/users\/324"}],"replies":[{"embeddable":true,"href":"https:\/\/blogs.thesocialmedia.com\/leblogmoto\/wp-json\/wp\/v2\/comments?post=1179"}],"version-history":[{"count":2,"href":"https:\/\/blogs.thesocialmedia.com\/leblogmoto\/wp-json\/wp\/v2\/posts\/1179\/revisions"}],"predecessor-version":[{"id":8894,"href":"https:\/\/blogs.thesocialmedia.com\/leblogmoto\/wp-json\/wp\/v2\/posts\/1179\/revisions\/8894"}],"wp:attachment":[{"href":"https:\/\/blogs.thesocialmedia.com\/leblogmoto\/wp-json\/wp\/v2\/media?parent=1179"}],"wp:term":[{"taxonomy":"category","embeddable":true,"href":"https:\/\/blogs.thesocialmedia.com\/leblogmoto\/wp-json\/wp\/v2\/categories?post=1179"},{"taxonomy":"post_tag","embeddable":true,"href":"https:\/\/blogs.thesocialmedia.com\/leblogmoto\/wp-json\/wp\/v2\/tags?post=1179"}],"curies":[{"name":"wp","href":"https:\/\/api.w.org\/{rel}","templated":true}]}}