{"id":1180,"date":"2007-10-13T21:05:07","date_gmt":"2007-10-13T21:05:07","guid":{"rendered":"http:\/\/blogs.thesocialmedia.com\/leblogmoto\/2007\/10\/13\/steve-et-clark\/"},"modified":"2012-07-11T14:49:03","modified_gmt":"2012-07-11T14:49:03","slug":"steve-et-clark","status":"publish","type":"post","link":"https:\/\/blogs.thesocialmedia.com\/leblogmoto\/2007\/10\/13\/steve-et-clark\/","title":{"rendered":"Steve et Clark \u00e0 l&rsquo;encan \u00e0 L.A."},"content":{"rendered":"<p><a href=\"http:\/\/blogs.thesocialmedia.com\/leblogmoto\/files\/2012\/07\/erez_2.jpg\"><img loading=\"lazy\" decoding=\"async\" width=\"235\" height=\"286\"  src=\"http:\/\/www.leblogmoto.com\/images\/2007\/10\/13\/erez_2.jpg\" alt=\"Erez_2\" style=\"margin: 0px 5px 5px 0px;float: left\" \/><\/a> Si jamais vous \u00eates en Californie le mois prochain, disons autour du 10 novembre, et qu&rsquo;un petit d\u00e9tour par le <a href=\"http:\/\/www.petersen.org\/\">Petersen Automotive Museum<\/a> de Los Angeles pourrait vous semblez une assez agr\u00e9able distraction de toutes ces vedettes, ennuyantes \u00e0 p\u00e9rir de toute fa\u00e7on, arpentant les trottoirs poursuivis par une horde de paparazzis, cette d\u00e9cision pourrait \u00eatre la bonne. La maison <a href=\"http:\/\/www.bonhams.com\/petersen\/\">Bonhams &amp; Butterfields<\/a> mettra alors \u00e0 l&rsquo;ench\u00e8re quelques morceaux d&rsquo;histoires ayant appartenu aux Steve McQueen,&nbsp; Peter Fonda et Clark Gable entre autres.<br \/>Paradis des nostalgiques pour certains, ces ventes aux ench\u00e8res regorgent n\u00e9anmoins d&rsquo;authentiques merveilles. Prenez uniquement pour preuve ce casque ci-contre, oeuvre du fameux \u00abpinstriper\u00bb <a href=\"http:\/\/www.vondutch.com\/\">Von Dutch<\/a>. Je trouve extr\u00eamement stimulant d&rsquo;\u00eatre confront\u00e9 \u00e0 ce type de cr\u00e9ativit\u00e9 compl\u00e8tement d\u00e9brid\u00e9e. Bon d&rsquo;accord, je l&rsquo;admets, la t\u00e9tine sur le dessus du casque nous ram\u00e8ne sur terre, mais le d\u00e9calage est partie prenante de ce monde.<\/p>\n<p><a href=\"http:\/\/clabedan.typepad.com\/.shared\/image.html?\/photos\/uncategorized\/2007\/10\/13\/122_0710_02_zsteve_mcqueen_motorc_2.jpg\"><img loading=\"lazy\" decoding=\"async\" width=\"470\" height=\"352\"  src=\"http:\/\/www.leblogmoto.com\/images\/2007\/10\/13\/122_0710_02_zsteve_mcqueen_motorc_2.jpg\" alt=\"122_0710_02_zsteve_mcqueen_motorc_2\" \/><\/a> <\/p>\n<p><a href=\"http:\/\/blogs.thesocialmedia.com\/leblogmoto\/files\/2012\/07\/122_0710_01_zsteve_mcqueen_motorc_2.jpg\"><img loading=\"lazy\" decoding=\"async\" width=\"470\" height=\"352\"  src=\"http:\/\/www.leblogmoto.com\/images\/2007\/10\/13\/122_0710_01_zsteve_mcqueen_motorc_2.jpg\" alt=\"122_0710_01_zsteve_mcqueen_motorc_2\" \/><\/a> <\/p>\n<p><a href=\"http:\/\/blogs.thesocialmedia.com\/leblogmoto\/files\/2012\/07\/encan1_2.jpg\"><img loading=\"lazy\" decoding=\"async\" width=\"470\" height=\"382\"  src=\"http:\/\/www.leblogmoto.com\/images\/2007\/10\/13\/encan1_2.jpg\" alt=\"Encan1_2\" \/><\/a> <\/p>\n","protected":false},"excerpt":{"rendered":"<p>Si jamais vous \u00eates en Californie le mois prochain, disons autour du 10 novembre, et qu&rsquo;un petit d\u00e9tour par le Petersen Automotive Museum de Los Angeles pourrait vous semblez une assez agr\u00e9able distraction de toutes ces vedettes, ennuyantes \u00e0 p\u00e9rir de toute fa\u00e7on, arpentant les trottoirs poursuivis par une horde de paparazzis, cette d\u00e9cision pourrait [&hellip;]<\/p>\n","protected":false},"author":325,"featured_media":0,"comment_status":"open","ping_status":"open","sticky":false,"template":"","format":"standard","meta":{"footnotes":""},"categories":[3,9,58],"tags":[],"class_list":["post-1180","post","type-post","status-publish","format-standard","hentry","category-actualite","category-historique","category-insolite"],"yoast_head":"<!-- This site is optimized with the Yoast SEO plugin v26.0 - https:\/\/yoast.com\/wordpress\/plugins\/seo\/ -->\n<title>Steve et Clark \u00e0 l&#039;encan \u00e0 L.A. - leblogmoto.com<\/title>\n<meta name=\"robots\" content=\"index, follow, max-snippet:-1, max-image-preview:large, max-video-preview:-1\" \/>\n<link rel=\"canonical\" href=\"https:\/\/blogs.thesocialmedia.com\/leblogmoto\/2007\/10\/13\/steve-et-clark\/\" \/>\n<meta name=\"twitter:card\" content=\"summary_large_image\" \/>\n<meta name=\"twitter:title\" content=\"Steve et Clark \u00e0 l&#039;encan \u00e0 L.A. - leblogmoto.com\" \/>\n<meta name=\"twitter:description\" content=\"Si jamais vous \u00eates en Californie le mois prochain, disons autour du 10 novembre, et qu&rsquo;un petit d\u00e9tour par le Petersen Automotive Museum de Los Angeles pourrait vous semblez une assez agr\u00e9able distraction de toutes ces vedettes, ennuyantes \u00e0 p\u00e9rir de toute fa\u00e7on, arpentant les trottoirs poursuivis par une horde de paparazzis, cette d\u00e9cision pourrait [&hellip;]\" \/>\n<meta name=\"twitter:image\" content=\"http:\/\/www.leblogmoto.com\/images\/2007\/10\/13\/erez_2.jpg\" \/>\n<meta name=\"twitter:label1\" content=\"\u00c9crit par\" \/>\n\t<meta name=\"twitter:data1\" content=\"jacques lesage\" \/>\n\t<meta name=\"twitter:label2\" content=\"Dur\u00e9e de lecture estim\u00e9e\" \/>\n\t<meta name=\"twitter:data2\" content=\"1 minute\" \/>\n<script type=\"application\/ld+json\" class=\"yoast-schema-graph\">{\"@context\":\"https:\/\/schema.org\",\"@graph\":[{\"@type\":\"WebPage\",\"@id\":\"https:\/\/blogs.thesocialmedia.com\/leblogmoto\/2007\/10\/13\/steve-et-clark\/\",\"url\":\"https:\/\/blogs.thesocialmedia.com\/leblogmoto\/2007\/10\/13\/steve-et-clark\/\",\"name\":\"Steve et Clark \u00e0 l'encan \u00e0 L.A. - leblogmoto.com\",\"isPartOf\":{\"@id\":\"https:\/\/blogs.thesocialmedia.com\/leblogmoto\/#website\"},\"primaryImageOfPage\":{\"@id\":\"https:\/\/blogs.thesocialmedia.com\/leblogmoto\/2007\/10\/13\/steve-et-clark\/#primaryimage\"},\"image\":{\"@id\":\"https:\/\/blogs.thesocialmedia.com\/leblogmoto\/2007\/10\/13\/steve-et-clark\/#primaryimage\"},\"thumbnailUrl\":\"http:\/\/www.leblogmoto.com\/images\/2007\/10\/13\/erez_2.jpg\",\"datePublished\":\"2007-10-13T21:05:07+00:00\",\"dateModified\":\"2012-07-11T14:49:03+00:00\",\"author\":{\"@id\":\"https:\/\/blogs.thesocialmedia.com\/leblogmoto\/#\/schema\/person\/e82a0ca8a9a63d031586097a3ed58526\"},\"breadcrumb\":{\"@id\":\"https:\/\/blogs.thesocialmedia.com\/leblogmoto\/2007\/10\/13\/steve-et-clark\/#breadcrumb\"},\"inLanguage\":\"fr-FR\",\"potentialAction\":[{\"@type\":\"ReadAction\",\"target\":[\"https:\/\/blogs.thesocialmedia.com\/leblogmoto\/2007\/10\/13\/steve-et-clark\/\"]}]},{\"@type\":\"ImageObject\",\"inLanguage\":\"fr-FR\",\"@id\":\"https:\/\/blogs.thesocialmedia.com\/leblogmoto\/2007\/10\/13\/steve-et-clark\/#primaryimage\",\"url\":\"http:\/\/www.leblogmoto.com\/images\/2007\/10\/13\/erez_2.jpg\",\"contentUrl\":\"http:\/\/www.leblogmoto.com\/images\/2007\/10\/13\/erez_2.jpg\"},{\"@type\":\"BreadcrumbList\",\"@id\":\"https:\/\/blogs.thesocialmedia.com\/leblogmoto\/2007\/10\/13\/steve-et-clark\/#breadcrumb\",\"itemListElement\":[{\"@type\":\"ListItem\",\"position\":1,\"name\":\"Accueil\",\"item\":\"https:\/\/blogs.thesocialmedia.com\/leblogmoto\/\"},{\"@type\":\"ListItem\",\"position\":2,\"name\":\"Steve et Clark \u00e0 l&rsquo;encan \u00e0 L.A.\"}]},{\"@type\":\"WebSite\",\"@id\":\"https:\/\/blogs.thesocialmedia.com\/leblogmoto\/#website\",\"url\":\"https:\/\/blogs.thesocialmedia.com\/leblogmoto\/\",\"name\":\"leblogmoto\",\"description\":\"Toute l&#039;actualit\u00e9 des 2 roues\",\"potentialAction\":[{\"@type\":\"SearchAction\",\"target\":{\"@type\":\"EntryPoint\",\"urlTemplate\":\"https:\/\/blogs.thesocialmedia.com\/leblogmoto\/?s={search_term_string}\"},\"query-input\":{\"@type\":\"PropertyValueSpecification\",\"valueRequired\":true,\"valueName\":\"search_term_string\"}}],\"inLanguage\":\"fr-FR\"},{\"@type\":\"Person\",\"@id\":\"https:\/\/blogs.thesocialmedia.com\/leblogmoto\/#\/schema\/person\/e82a0ca8a9a63d031586097a3ed58526\",\"name\":\"jacques lesage\",\"image\":{\"@type\":\"ImageObject\",\"inLanguage\":\"fr-FR\",\"@id\":\"https:\/\/blogs.thesocialmedia.com\/leblogmoto\/#\/schema\/person\/image\/\",\"url\":\"https:\/\/secure.gravatar.com\/avatar\/?s=96&d=mm&r=g\",\"contentUrl\":\"https:\/\/secure.gravatar.com\/avatar\/?s=96&d=mm&r=g\",\"caption\":\"jacques lesage\"},\"url\":\"https:\/\/blogs.thesocialmedia.com\/leblogmoto\/author\/jacques-lesage\/\"}]}<\/script>\n<!-- \/ Yoast SEO plugin. -->","yoast_head_json":{"title":"Steve et Clark \u00e0 l'encan \u00e0 L.A. - leblogmoto.com","robots":{"index":"index","follow":"follow","max-snippet":"max-snippet:-1","max-image-preview":"max-image-preview:large","max-video-preview":"max-video-preview:-1"},"canonical":"https:\/\/blogs.thesocialmedia.com\/leblogmoto\/2007\/10\/13\/steve-et-clark\/","twitter_card":"summary_large_image","twitter_title":"Steve et Clark \u00e0 l'encan \u00e0 L.A. - leblogmoto.com","twitter_description":"Si jamais vous \u00eates en Californie le mois prochain, disons autour du 10 novembre, et qu&rsquo;un petit d\u00e9tour par le Petersen Automotive Museum de Los Angeles pourrait vous semblez une assez agr\u00e9able distraction de toutes ces vedettes, ennuyantes \u00e0 p\u00e9rir de toute fa\u00e7on, arpentant les trottoirs poursuivis par une horde de paparazzis, cette d\u00e9cision pourrait [&hellip;]","twitter_image":"http:\/\/www.leblogmoto.com\/images\/2007\/10\/13\/erez_2.jpg","twitter_misc":{"\u00c9crit par":"jacques lesage","Dur\u00e9e de lecture estim\u00e9e":"1 minute"},"schema":{"@context":"https:\/\/schema.org","@graph":[{"@type":"WebPage","@id":"https:\/\/blogs.thesocialmedia.com\/leblogmoto\/2007\/10\/13\/steve-et-clark\/","url":"https:\/\/blogs.thesocialmedia.com\/leblogmoto\/2007\/10\/13\/steve-et-clark\/","name":"Steve et Clark \u00e0 l'encan \u00e0 L.A. - leblogmoto.com","isPartOf":{"@id":"https:\/\/blogs.thesocialmedia.com\/leblogmoto\/#website"},"primaryImageOfPage":{"@id":"https:\/\/blogs.thesocialmedia.com\/leblogmoto\/2007\/10\/13\/steve-et-clark\/#primaryimage"},"image":{"@id":"https:\/\/blogs.thesocialmedia.com\/leblogmoto\/2007\/10\/13\/steve-et-clark\/#primaryimage"},"thumbnailUrl":"http:\/\/www.leblogmoto.com\/images\/2007\/10\/13\/erez_2.jpg","datePublished":"2007-10-13T21:05:07+00:00","dateModified":"2012-07-11T14:49:03+00:00","author":{"@id":"https:\/\/blogs.thesocialmedia.com\/leblogmoto\/#\/schema\/person\/e82a0ca8a9a63d031586097a3ed58526"},"breadcrumb":{"@id":"https:\/\/blogs.thesocialmedia.com\/leblogmoto\/2007\/10\/13\/steve-et-clark\/#breadcrumb"},"inLanguage":"fr-FR","potentialAction":[{"@type":"ReadAction","target":["https:\/\/blogs.thesocialmedia.com\/leblogmoto\/2007\/10\/13\/steve-et-clark\/"]}]},{"@type":"ImageObject","inLanguage":"fr-FR","@id":"https:\/\/blogs.thesocialmedia.com\/leblogmoto\/2007\/10\/13\/steve-et-clark\/#primaryimage","url":"http:\/\/www.leblogmoto.com\/images\/2007\/10\/13\/erez_2.jpg","contentUrl":"http:\/\/www.leblogmoto.com\/images\/2007\/10\/13\/erez_2.jpg"},{"@type":"BreadcrumbList","@id":"https:\/\/blogs.thesocialmedia.com\/leblogmoto\/2007\/10\/13\/steve-et-clark\/#breadcrumb","itemListElement":[{"@type":"ListItem","position":1,"name":"Accueil","item":"https:\/\/blogs.thesocialmedia.com\/leblogmoto\/"},{"@type":"ListItem","position":2,"name":"Steve et Clark \u00e0 l&rsquo;encan \u00e0 L.A."}]},{"@type":"WebSite","@id":"https:\/\/blogs.thesocialmedia.com\/leblogmoto\/#website","url":"https:\/\/blogs.thesocialmedia.com\/leblogmoto\/","name":"leblogmoto","description":"Toute l&#039;actualit\u00e9 des 2 roues","potentialAction":[{"@type":"SearchAction","target":{"@type":"EntryPoint","urlTemplate":"https:\/\/blogs.thesocialmedia.com\/leblogmoto\/?s={search_term_string}"},"query-input":{"@type":"PropertyValueSpecification","valueRequired":true,"valueName":"search_term_string"}}],"inLanguage":"fr-FR"},{"@type":"Person","@id":"https:\/\/blogs.thesocialmedia.com\/leblogmoto\/#\/schema\/person\/e82a0ca8a9a63d031586097a3ed58526","name":"jacques lesage","image":{"@type":"ImageObject","inLanguage":"fr-FR","@id":"https:\/\/blogs.thesocialmedia.com\/leblogmoto\/#\/schema\/person\/image\/","url":"https:\/\/secure.gravatar.com\/avatar\/?s=96&d=mm&r=g","contentUrl":"https:\/\/secure.gravatar.com\/avatar\/?s=96&d=mm&r=g","caption":"jacques lesage"},"url":"https:\/\/blogs.thesocialmedia.com\/leblogmoto\/author\/jacques-lesage\/"}]}},"_links":{"self":[{"href":"https:\/\/blogs.thesocialmedia.com\/leblogmoto\/wp-json\/wp\/v2\/posts\/1180","targetHints":{"allow":["GET"]}}],"collection":[{"href":"https:\/\/blogs.thesocialmedia.com\/leblogmoto\/wp-json\/wp\/v2\/posts"}],"about":[{"href":"https:\/\/blogs.thesocialmedia.com\/leblogmoto\/wp-json\/wp\/v2\/types\/post"}],"author":[{"embeddable":true,"href":"https:\/\/blogs.thesocialmedia.com\/leblogmoto\/wp-json\/wp\/v2\/users\/325"}],"replies":[{"embeddable":true,"href":"https:\/\/blogs.thesocialmedia.com\/leblogmoto\/wp-json\/wp\/v2\/comments?post=1180"}],"version-history":[{"count":2,"href":"https:\/\/blogs.thesocialmedia.com\/leblogmoto\/wp-json\/wp\/v2\/posts\/1180\/revisions"}],"predecessor-version":[{"id":8891,"href":"https:\/\/blogs.thesocialmedia.com\/leblogmoto\/wp-json\/wp\/v2\/posts\/1180\/revisions\/8891"}],"wp:attachment":[{"href":"https:\/\/blogs.thesocialmedia.com\/leblogmoto\/wp-json\/wp\/v2\/media?parent=1180"}],"wp:term":[{"taxonomy":"category","embeddable":true,"href":"https:\/\/blogs.thesocialmedia.com\/leblogmoto\/wp-json\/wp\/v2\/categories?post=1180"},{"taxonomy":"post_tag","embeddable":true,"href":"https:\/\/blogs.thesocialmedia.com\/leblogmoto\/wp-json\/wp\/v2\/tags?post=1180"}],"curies":[{"name":"wp","href":"https:\/\/api.w.org\/{rel}","templated":true}]}}