{"id":1181,"date":"2007-10-13T13:03:40","date_gmt":"2007-10-13T13:03:40","guid":{"rendered":"http:\/\/blogs.thesocialmedia.com\/leblogmoto\/2007\/10\/13\/llite-du-motocr\/"},"modified":"2012-07-11T14:48:57","modified_gmt":"2012-07-11T14:48:57","slug":"llite-du-motocr","status":"publish","type":"post","link":"https:\/\/blogs.thesocialmedia.com\/leblogmoto\/2007\/10\/13\/llite-du-motocr\/","title":{"rendered":"L&rsquo;\u00e9lite du Motocross est ce week-end \u00e0 Berck-sur-mer"},"content":{"rendered":"<p><a href=\"http:\/\/blogs.thesocialmedia.com\/leblogmoto\/files\/2012\/07\/josh_coppins.jpg\"><img loading=\"lazy\" decoding=\"async\" width=\"470\" height=\"319\"  src=\"http:\/\/www.leblogmoto.com\/images\/2007\/10\/13\/josh_coppins.jpg\" alt=\"Josh_coppins\" \/><\/a> <\/p>\n<p>Quatri\u00e8me <a href=\"http:\/\/www.opale-sud.com\/sources\/popup\/evenement\/evenement.html\">Beach Cross<\/a> ces samedi 13 et dimanche 14 octobre dans le Pas-de-Calais. L&rsquo;ann\u00e9e derni\u00e8re 45000 spectateurs avaient fait le d\u00e9placement pour cette \u00e9preuve de r\u00e9f\u00e9rence du calendrier, et voir pr\u00e8s de 500 pilotes professionnels (dont Micka\u00ebl Pichon) ou amateurs, se battre dans les quatre cat\u00e9gories* et sur une piste d&rsquo;un peu plus de trois kilom\u00e8tres.&nbsp; <\/p>\n<p>Qui succ\u00e8dera au palmar\u00e8s \u00e0 Arnaud Demeester, Timote\u00ef Potisek et Joshua Coppins (en photo) ? <\/p>\n<p>Pour cette ann\u00e9e 2007, les pr\u00e9tendants au titre sont s\u00fbrement \u00e0 chercher parmi le sextuple vainqueur de l&rsquo;Enduro du Touquet (devenu l&rsquo;Enduropale), Arnaud Demeester, pr\u00e9cit\u00e9 et couronn\u00e9 ici en 2004, et l&rsquo;actuel champion du monde Steve Ramon, ainsi que Marc DeReuver en outsider.<\/p>\n<p>Plus ouverts semblent les pronostics en Quad avec les absences de Blaise Parent et de Romain Couprie, le vainqueur 2006.<\/p>\n<p><em>*Cat\u00e9gorie 1: Cylindr\u00e9es 125 2 temps &#8211; 250 4 temps. <br \/>Cat\u00e9gorie 2: Cylindr\u00e9es 250 2 temps &#8211; 450 4 temps<br \/>Cat\u00e9gorie 3: V\u00e9t\u00e9rans &gt; 36 ans <br \/>Cat\u00e9gorie 4: Quads de 350cc minimum.<\/em><\/p>\n","protected":false},"excerpt":{"rendered":"<p>Quatri\u00e8me Beach Cross ces samedi 13 et dimanche 14 octobre dans le Pas-de-Calais. L&rsquo;ann\u00e9e derni\u00e8re 45000 spectateurs avaient fait le d\u00e9placement pour cette \u00e9preuve de r\u00e9f\u00e9rence du calendrier, et voir pr\u00e8s de 500 pilotes professionnels (dont Micka\u00ebl Pichon) ou amateurs, se battre dans les quatre cat\u00e9gories* et sur une piste d&rsquo;un peu plus de trois [&hellip;]<\/p>\n","protected":false},"author":324,"featured_media":0,"comment_status":"open","ping_status":"open","sticky":false,"template":"","format":"standard","meta":{"footnotes":""},"categories":[3,66,70],"tags":[],"class_list":["post-1181","post","type-post","status-publish","format-standard","hentry","category-actualite","category-moto-cross","category-quad"],"yoast_head":"<!-- This site is optimized with the Yoast SEO plugin v26.0 - https:\/\/yoast.com\/wordpress\/plugins\/seo\/ -->\n<title>L&#039;\u00e9lite du Motocross est ce week-end \u00e0 Berck-sur-mer - leblogmoto.com<\/title>\n<meta name=\"robots\" content=\"index, follow, max-snippet:-1, max-image-preview:large, max-video-preview:-1\" \/>\n<link rel=\"canonical\" href=\"https:\/\/blogs.thesocialmedia.com\/leblogmoto\/2007\/10\/13\/llite-du-motocr\/\" \/>\n<meta name=\"twitter:card\" content=\"summary_large_image\" \/>\n<meta name=\"twitter:title\" content=\"L&#039;\u00e9lite du Motocross est ce week-end \u00e0 Berck-sur-mer - leblogmoto.com\" \/>\n<meta name=\"twitter:description\" content=\"Quatri\u00e8me Beach Cross ces samedi 13 et dimanche 14 octobre dans le Pas-de-Calais. L&rsquo;ann\u00e9e derni\u00e8re 45000 spectateurs avaient fait le d\u00e9placement pour cette \u00e9preuve de r\u00e9f\u00e9rence du calendrier, et voir pr\u00e8s de 500 pilotes professionnels (dont Micka\u00ebl Pichon) ou amateurs, se battre dans les quatre cat\u00e9gories* et sur une piste d&rsquo;un peu plus de trois [&hellip;]\" \/>\n<meta name=\"twitter:image\" content=\"http:\/\/www.leblogmoto.com\/images\/2007\/10\/13\/josh_coppins.jpg\" \/>\n<meta name=\"twitter:label1\" content=\"\u00c9crit par\" \/>\n\t<meta name=\"twitter:data1\" content=\"benoit rieu\" \/>\n\t<meta name=\"twitter:label2\" content=\"Dur\u00e9e de lecture estim\u00e9e\" \/>\n\t<meta name=\"twitter:data2\" content=\"1 minute\" \/>\n<script type=\"application\/ld+json\" class=\"yoast-schema-graph\">{\"@context\":\"https:\/\/schema.org\",\"@graph\":[{\"@type\":\"WebPage\",\"@id\":\"https:\/\/blogs.thesocialmedia.com\/leblogmoto\/2007\/10\/13\/llite-du-motocr\/\",\"url\":\"https:\/\/blogs.thesocialmedia.com\/leblogmoto\/2007\/10\/13\/llite-du-motocr\/\",\"name\":\"L'\u00e9lite du Motocross est ce week-end \u00e0 Berck-sur-mer - leblogmoto.com\",\"isPartOf\":{\"@id\":\"https:\/\/blogs.thesocialmedia.com\/leblogmoto\/#website\"},\"primaryImageOfPage\":{\"@id\":\"https:\/\/blogs.thesocialmedia.com\/leblogmoto\/2007\/10\/13\/llite-du-motocr\/#primaryimage\"},\"image\":{\"@id\":\"https:\/\/blogs.thesocialmedia.com\/leblogmoto\/2007\/10\/13\/llite-du-motocr\/#primaryimage\"},\"thumbnailUrl\":\"http:\/\/www.leblogmoto.com\/images\/2007\/10\/13\/josh_coppins.jpg\",\"datePublished\":\"2007-10-13T13:03:40+00:00\",\"dateModified\":\"2012-07-11T14:48:57+00:00\",\"author\":{\"@id\":\"https:\/\/blogs.thesocialmedia.com\/leblogmoto\/#\/schema\/person\/18bfe773e5725ed6d24f743da805362a\"},\"breadcrumb\":{\"@id\":\"https:\/\/blogs.thesocialmedia.com\/leblogmoto\/2007\/10\/13\/llite-du-motocr\/#breadcrumb\"},\"inLanguage\":\"fr-FR\",\"potentialAction\":[{\"@type\":\"ReadAction\",\"target\":[\"https:\/\/blogs.thesocialmedia.com\/leblogmoto\/2007\/10\/13\/llite-du-motocr\/\"]}]},{\"@type\":\"ImageObject\",\"inLanguage\":\"fr-FR\",\"@id\":\"https:\/\/blogs.thesocialmedia.com\/leblogmoto\/2007\/10\/13\/llite-du-motocr\/#primaryimage\",\"url\":\"http:\/\/www.leblogmoto.com\/images\/2007\/10\/13\/josh_coppins.jpg\",\"contentUrl\":\"http:\/\/www.leblogmoto.com\/images\/2007\/10\/13\/josh_coppins.jpg\"},{\"@type\":\"BreadcrumbList\",\"@id\":\"https:\/\/blogs.thesocialmedia.com\/leblogmoto\/2007\/10\/13\/llite-du-motocr\/#breadcrumb\",\"itemListElement\":[{\"@type\":\"ListItem\",\"position\":1,\"name\":\"Accueil\",\"item\":\"https:\/\/blogs.thesocialmedia.com\/leblogmoto\/\"},{\"@type\":\"ListItem\",\"position\":2,\"name\":\"L&rsquo;\u00e9lite du Motocross est ce week-end \u00e0 Berck-sur-mer\"}]},{\"@type\":\"WebSite\",\"@id\":\"https:\/\/blogs.thesocialmedia.com\/leblogmoto\/#website\",\"url\":\"https:\/\/blogs.thesocialmedia.com\/leblogmoto\/\",\"name\":\"leblogmoto\",\"description\":\"Toute l&#039;actualit\u00e9 des 2 roues\",\"potentialAction\":[{\"@type\":\"SearchAction\",\"target\":{\"@type\":\"EntryPoint\",\"urlTemplate\":\"https:\/\/blogs.thesocialmedia.com\/leblogmoto\/?s={search_term_string}\"},\"query-input\":{\"@type\":\"PropertyValueSpecification\",\"valueRequired\":true,\"valueName\":\"search_term_string\"}}],\"inLanguage\":\"fr-FR\"},{\"@type\":\"Person\",\"@id\":\"https:\/\/blogs.thesocialmedia.com\/leblogmoto\/#\/schema\/person\/18bfe773e5725ed6d24f743da805362a\",\"name\":\"benoit rieu\",\"image\":{\"@type\":\"ImageObject\",\"inLanguage\":\"fr-FR\",\"@id\":\"https:\/\/blogs.thesocialmedia.com\/leblogmoto\/#\/schema\/person\/image\/\",\"url\":\"https:\/\/secure.gravatar.com\/avatar\/?s=96&d=mm&r=g\",\"contentUrl\":\"https:\/\/secure.gravatar.com\/avatar\/?s=96&d=mm&r=g\",\"caption\":\"benoit rieu\"},\"url\":\"https:\/\/blogs.thesocialmedia.com\/leblogmoto\/author\/benoit-rieu\/\"}]}<\/script>\n<!-- \/ Yoast SEO plugin. -->","yoast_head_json":{"title":"L'\u00e9lite du Motocross est ce week-end \u00e0 Berck-sur-mer - leblogmoto.com","robots":{"index":"index","follow":"follow","max-snippet":"max-snippet:-1","max-image-preview":"max-image-preview:large","max-video-preview":"max-video-preview:-1"},"canonical":"https:\/\/blogs.thesocialmedia.com\/leblogmoto\/2007\/10\/13\/llite-du-motocr\/","twitter_card":"summary_large_image","twitter_title":"L'\u00e9lite du Motocross est ce week-end \u00e0 Berck-sur-mer - leblogmoto.com","twitter_description":"Quatri\u00e8me Beach Cross ces samedi 13 et dimanche 14 octobre dans le Pas-de-Calais. L&rsquo;ann\u00e9e derni\u00e8re 45000 spectateurs avaient fait le d\u00e9placement pour cette \u00e9preuve de r\u00e9f\u00e9rence du calendrier, et voir pr\u00e8s de 500 pilotes professionnels (dont Micka\u00ebl Pichon) ou amateurs, se battre dans les quatre cat\u00e9gories* et sur une piste d&rsquo;un peu plus de trois [&hellip;]","twitter_image":"http:\/\/www.leblogmoto.com\/images\/2007\/10\/13\/josh_coppins.jpg","twitter_misc":{"\u00c9crit par":"benoit rieu","Dur\u00e9e de lecture estim\u00e9e":"1 minute"},"schema":{"@context":"https:\/\/schema.org","@graph":[{"@type":"WebPage","@id":"https:\/\/blogs.thesocialmedia.com\/leblogmoto\/2007\/10\/13\/llite-du-motocr\/","url":"https:\/\/blogs.thesocialmedia.com\/leblogmoto\/2007\/10\/13\/llite-du-motocr\/","name":"L'\u00e9lite du Motocross est ce week-end \u00e0 Berck-sur-mer - leblogmoto.com","isPartOf":{"@id":"https:\/\/blogs.thesocialmedia.com\/leblogmoto\/#website"},"primaryImageOfPage":{"@id":"https:\/\/blogs.thesocialmedia.com\/leblogmoto\/2007\/10\/13\/llite-du-motocr\/#primaryimage"},"image":{"@id":"https:\/\/blogs.thesocialmedia.com\/leblogmoto\/2007\/10\/13\/llite-du-motocr\/#primaryimage"},"thumbnailUrl":"http:\/\/www.leblogmoto.com\/images\/2007\/10\/13\/josh_coppins.jpg","datePublished":"2007-10-13T13:03:40+00:00","dateModified":"2012-07-11T14:48:57+00:00","author":{"@id":"https:\/\/blogs.thesocialmedia.com\/leblogmoto\/#\/schema\/person\/18bfe773e5725ed6d24f743da805362a"},"breadcrumb":{"@id":"https:\/\/blogs.thesocialmedia.com\/leblogmoto\/2007\/10\/13\/llite-du-motocr\/#breadcrumb"},"inLanguage":"fr-FR","potentialAction":[{"@type":"ReadAction","target":["https:\/\/blogs.thesocialmedia.com\/leblogmoto\/2007\/10\/13\/llite-du-motocr\/"]}]},{"@type":"ImageObject","inLanguage":"fr-FR","@id":"https:\/\/blogs.thesocialmedia.com\/leblogmoto\/2007\/10\/13\/llite-du-motocr\/#primaryimage","url":"http:\/\/www.leblogmoto.com\/images\/2007\/10\/13\/josh_coppins.jpg","contentUrl":"http:\/\/www.leblogmoto.com\/images\/2007\/10\/13\/josh_coppins.jpg"},{"@type":"BreadcrumbList","@id":"https:\/\/blogs.thesocialmedia.com\/leblogmoto\/2007\/10\/13\/llite-du-motocr\/#breadcrumb","itemListElement":[{"@type":"ListItem","position":1,"name":"Accueil","item":"https:\/\/blogs.thesocialmedia.com\/leblogmoto\/"},{"@type":"ListItem","position":2,"name":"L&rsquo;\u00e9lite du Motocross est ce week-end \u00e0 Berck-sur-mer"}]},{"@type":"WebSite","@id":"https:\/\/blogs.thesocialmedia.com\/leblogmoto\/#website","url":"https:\/\/blogs.thesocialmedia.com\/leblogmoto\/","name":"leblogmoto","description":"Toute l&#039;actualit\u00e9 des 2 roues","potentialAction":[{"@type":"SearchAction","target":{"@type":"EntryPoint","urlTemplate":"https:\/\/blogs.thesocialmedia.com\/leblogmoto\/?s={search_term_string}"},"query-input":{"@type":"PropertyValueSpecification","valueRequired":true,"valueName":"search_term_string"}}],"inLanguage":"fr-FR"},{"@type":"Person","@id":"https:\/\/blogs.thesocialmedia.com\/leblogmoto\/#\/schema\/person\/18bfe773e5725ed6d24f743da805362a","name":"benoit rieu","image":{"@type":"ImageObject","inLanguage":"fr-FR","@id":"https:\/\/blogs.thesocialmedia.com\/leblogmoto\/#\/schema\/person\/image\/","url":"https:\/\/secure.gravatar.com\/avatar\/?s=96&d=mm&r=g","contentUrl":"https:\/\/secure.gravatar.com\/avatar\/?s=96&d=mm&r=g","caption":"benoit rieu"},"url":"https:\/\/blogs.thesocialmedia.com\/leblogmoto\/author\/benoit-rieu\/"}]}},"_links":{"self":[{"href":"https:\/\/blogs.thesocialmedia.com\/leblogmoto\/wp-json\/wp\/v2\/posts\/1181","targetHints":{"allow":["GET"]}}],"collection":[{"href":"https:\/\/blogs.thesocialmedia.com\/leblogmoto\/wp-json\/wp\/v2\/posts"}],"about":[{"href":"https:\/\/blogs.thesocialmedia.com\/leblogmoto\/wp-json\/wp\/v2\/types\/post"}],"author":[{"embeddable":true,"href":"https:\/\/blogs.thesocialmedia.com\/leblogmoto\/wp-json\/wp\/v2\/users\/324"}],"replies":[{"embeddable":true,"href":"https:\/\/blogs.thesocialmedia.com\/leblogmoto\/wp-json\/wp\/v2\/comments?post=1181"}],"version-history":[{"count":2,"href":"https:\/\/blogs.thesocialmedia.com\/leblogmoto\/wp-json\/wp\/v2\/posts\/1181\/revisions"}],"predecessor-version":[{"id":8887,"href":"https:\/\/blogs.thesocialmedia.com\/leblogmoto\/wp-json\/wp\/v2\/posts\/1181\/revisions\/8887"}],"wp:attachment":[{"href":"https:\/\/blogs.thesocialmedia.com\/leblogmoto\/wp-json\/wp\/v2\/media?parent=1181"}],"wp:term":[{"taxonomy":"category","embeddable":true,"href":"https:\/\/blogs.thesocialmedia.com\/leblogmoto\/wp-json\/wp\/v2\/categories?post=1181"},{"taxonomy":"post_tag","embeddable":true,"href":"https:\/\/blogs.thesocialmedia.com\/leblogmoto\/wp-json\/wp\/v2\/tags?post=1181"}],"curies":[{"name":"wp","href":"https:\/\/api.w.org\/{rel}","templated":true}]}}