{"id":1186,"date":"2007-10-12T23:51:56","date_gmt":"2007-10-12T23:51:56","guid":{"rendered":"http:\/\/blogs.thesocialmedia.com\/leblogmoto\/2007\/10\/12\/mondial-du-deux\/"},"modified":"2012-07-11T14:48:45","modified_gmt":"2012-07-11T14:48:45","slug":"mondial-du-deux","status":"publish","type":"post","link":"https:\/\/blogs.thesocialmedia.com\/leblogmoto\/2007\/10\/12\/mondial-du-deux\/","title":{"rendered":"Mondial du deux roues 2007 : Bilan"},"content":{"rendered":"<p><a href=\"http:\/\/blogs.thesocialmedia.com\/leblogmoto\/files\/2012\/07\/mondial_2roues_20071.jpg\"><img loading=\"lazy\" decoding=\"async\" height=\"188\" alt=\"Mondial_2roues_2007\" src=\"http:\/\/www.leblogmoto.com\/images\/2007\/10\/12\/mondial_2roues_2007.jpg\" width=\"250\"  \/><\/a> Succ\u00e8s confirm\u00e9 pour le <a href=\"http:\/\/www.mondial-deuxroues.com\">Mondial du Deux Roues<\/a> 2007 puisqu&rsquo;il aura enregistr\u00e9 cette ann\u00e9e pr\u00e8s de 400 000 visiteurs. En progression par rapport aux \u00e9ditions pr\u00e9c\u00e9dentes, les chiffres exacts sont de 383 487 visiteurs et 2592 journalistes venant de 48 pays.<\/p>\n<p>Le succ\u00e8s du Mondial du Deux Roues s\u2019est \u00e9galement exprim\u00e9 avec la pr\u00e9sence, sur quelque 80 000 m2 d\u2019exposition, des plus grands constructeurs mondiaux de cycle et de moto. De nombreuses nouveaut\u00e9s y ont \u00e9t\u00e9 d\u00e9voil\u00e9es en exclusivit\u00e9 avec une part croissante de v\u00e9hicules \u00e0 \u00e9missions r\u00e9duites gr\u00e2ce \u00e0 leur motorisation (ou assistance pour les v\u00e9los) \u00e9lectrique ou hybride. Pour sa deuxi\u00e8me \u00e9dition le Salon de la Moto d\u2019Occasion a vendu plus de 500 motos soit pr\u00e8s du double du chiffre de 2005. <\/p>\n<p>Le Salon du Cycle dont la surface d\u2019exposition et le nombre d\u2019exposants a augment\u00e9 de plus de 20% par rapport \u00e0 2005, a remport\u00e9 un vif succ\u00e8s avec plus de 100 000 visiteurs. Il a confirm\u00e9 sa place comme v\u00e9ritable Salon International, vitrine de la profession.<\/p>\n<p>A quelques jours de l\u2019ouverture du Grenelle de l\u2019Environnement, la nouveaut\u00e9 de cette \u00e9dition 2007 du Mondial du Deux Roues reposait \u00e9galement dans l\u2019innovant <a href=\"\/t\/trackback\/80157\/20956763\">Village Ecotechnic<\/a> , que je vous ai pr\u00e9sent\u00e9 pr\u00e9c\u00e9demment, plac\u00e9 sous le parrainage de David Douillet. D\u00e9couverte des processus de recyclage de pneus et de lubrifiants, ateliers contr\u00f4le de s\u00e9curit\u00e9 gratuits mis \u00e0 disposition des motards pendant leur visite du Salon : ce village a d\u00e9montr\u00e9 la volont\u00e9 du monde du deux-roues de s\u2019int\u00e9grer dans une politique globale de respect de l\u2019environnement.<\/p>\n<p>Succ\u00e8s encore des animations et des forums, avec un accent port\u00e9 sur la formation et la s\u00e9curit\u00e9 gr\u00e2ce \u00e0 des pistes \u00e0 encadrement d\u00e9di\u00e9, mises en place autour des halls d\u2019exposition. Succ\u00e8s enfin avec l\u2019exposition &quot;<a href=\"\/t\/trackback\/80157\/20957049\">La Moto et le Cin\u00e9ma<\/a>&quot;, regroupant 20 machines marquantes de l\u2019histoire du 7e art, que les visiteurs ont pu appr\u00e9cier en marge des motos actuelles.<\/p>\n<p>Notez donc sur vos agendas que le prochain Mondial du Deux Roues aura lieu du 26 septembre au 4 octobre 2009 \u00e0 Paris-Expo Porte de Versailles.<\/p>\n<p>Source : <a href=\"http:\/\/www.mondial-deuxroues.com\">Mondial du Deux Roues<\/a><\/p>\n","protected":false},"excerpt":{"rendered":"<p>Succ\u00e8s confirm\u00e9 pour le Mondial du Deux Roues 2007 puisqu&rsquo;il aura enregistr\u00e9 cette ann\u00e9e pr\u00e8s de 400 000 visiteurs. En progression par rapport aux \u00e9ditions pr\u00e9c\u00e9dentes, les chiffres exacts sont de 383 487 visiteurs et 2592 journalistes venant de 48 pays. Le succ\u00e8s du Mondial du Deux Roues s\u2019est \u00e9galement exprim\u00e9 avec la pr\u00e9sence, sur [&hellip;]<\/p>\n","protected":false},"author":329,"featured_media":0,"comment_status":"open","ping_status":"open","sticky":false,"template":"","format":"standard","meta":{"footnotes":""},"categories":[36],"tags":[],"class_list":["post-1186","post","type-post","status-publish","format-standard","hentry","category-salons"],"yoast_head":"<!-- This site is optimized with the Yoast SEO plugin v26.0 - https:\/\/yoast.com\/wordpress\/plugins\/seo\/ -->\n<title>Mondial du deux roues 2007 : Bilan - leblogmoto.com<\/title>\n<meta name=\"robots\" content=\"index, follow, max-snippet:-1, max-image-preview:large, max-video-preview:-1\" \/>\n<link rel=\"canonical\" href=\"https:\/\/blogs.thesocialmedia.com\/leblogmoto\/2007\/10\/12\/mondial-du-deux\/\" \/>\n<meta name=\"twitter:card\" content=\"summary_large_image\" \/>\n<meta name=\"twitter:title\" content=\"Mondial du deux roues 2007 : Bilan - leblogmoto.com\" \/>\n<meta name=\"twitter:description\" content=\"Succ\u00e8s confirm\u00e9 pour le Mondial du Deux Roues 2007 puisqu&rsquo;il aura enregistr\u00e9 cette ann\u00e9e pr\u00e8s de 400 000 visiteurs. En progression par rapport aux \u00e9ditions pr\u00e9c\u00e9dentes, les chiffres exacts sont de 383 487 visiteurs et 2592 journalistes venant de 48 pays. Le succ\u00e8s du Mondial du Deux Roues s\u2019est \u00e9galement exprim\u00e9 avec la pr\u00e9sence, sur [&hellip;]\" \/>\n<meta name=\"twitter:image\" content=\"http:\/\/www.leblogmoto.com\/images\/2007\/10\/12\/mondial_2roues_2007.jpg\" \/>\n<meta name=\"twitter:label1\" content=\"\u00c9crit par\" \/>\n\t<meta name=\"twitter:data1\" content=\"gregory boucaud\" \/>\n\t<meta name=\"twitter:label2\" content=\"Dur\u00e9e de lecture estim\u00e9e\" \/>\n\t<meta name=\"twitter:data2\" content=\"2 minutes\" \/>\n<script type=\"application\/ld+json\" class=\"yoast-schema-graph\">{\"@context\":\"https:\/\/schema.org\",\"@graph\":[{\"@type\":\"WebPage\",\"@id\":\"https:\/\/blogs.thesocialmedia.com\/leblogmoto\/2007\/10\/12\/mondial-du-deux\/\",\"url\":\"https:\/\/blogs.thesocialmedia.com\/leblogmoto\/2007\/10\/12\/mondial-du-deux\/\",\"name\":\"Mondial du deux roues 2007 : Bilan - leblogmoto.com\",\"isPartOf\":{\"@id\":\"https:\/\/blogs.thesocialmedia.com\/leblogmoto\/#website\"},\"primaryImageOfPage\":{\"@id\":\"https:\/\/blogs.thesocialmedia.com\/leblogmoto\/2007\/10\/12\/mondial-du-deux\/#primaryimage\"},\"image\":{\"@id\":\"https:\/\/blogs.thesocialmedia.com\/leblogmoto\/2007\/10\/12\/mondial-du-deux\/#primaryimage\"},\"thumbnailUrl\":\"http:\/\/www.leblogmoto.com\/images\/2007\/10\/12\/mondial_2roues_2007.jpg\",\"datePublished\":\"2007-10-12T23:51:56+00:00\",\"dateModified\":\"2012-07-11T14:48:45+00:00\",\"author\":{\"@id\":\"https:\/\/blogs.thesocialmedia.com\/leblogmoto\/#\/schema\/person\/769623f89741cc3381675029a37764f8\"},\"breadcrumb\":{\"@id\":\"https:\/\/blogs.thesocialmedia.com\/leblogmoto\/2007\/10\/12\/mondial-du-deux\/#breadcrumb\"},\"inLanguage\":\"fr-FR\",\"potentialAction\":[{\"@type\":\"ReadAction\",\"target\":[\"https:\/\/blogs.thesocialmedia.com\/leblogmoto\/2007\/10\/12\/mondial-du-deux\/\"]}]},{\"@type\":\"ImageObject\",\"inLanguage\":\"fr-FR\",\"@id\":\"https:\/\/blogs.thesocialmedia.com\/leblogmoto\/2007\/10\/12\/mondial-du-deux\/#primaryimage\",\"url\":\"http:\/\/www.leblogmoto.com\/images\/2007\/10\/12\/mondial_2roues_2007.jpg\",\"contentUrl\":\"http:\/\/www.leblogmoto.com\/images\/2007\/10\/12\/mondial_2roues_2007.jpg\"},{\"@type\":\"BreadcrumbList\",\"@id\":\"https:\/\/blogs.thesocialmedia.com\/leblogmoto\/2007\/10\/12\/mondial-du-deux\/#breadcrumb\",\"itemListElement\":[{\"@type\":\"ListItem\",\"position\":1,\"name\":\"Accueil\",\"item\":\"https:\/\/blogs.thesocialmedia.com\/leblogmoto\/\"},{\"@type\":\"ListItem\",\"position\":2,\"name\":\"Mondial du deux roues 2007 : Bilan\"}]},{\"@type\":\"WebSite\",\"@id\":\"https:\/\/blogs.thesocialmedia.com\/leblogmoto\/#website\",\"url\":\"https:\/\/blogs.thesocialmedia.com\/leblogmoto\/\",\"name\":\"leblogmoto\",\"description\":\"Toute l&#039;actualit\u00e9 des 2 roues\",\"potentialAction\":[{\"@type\":\"SearchAction\",\"target\":{\"@type\":\"EntryPoint\",\"urlTemplate\":\"https:\/\/blogs.thesocialmedia.com\/leblogmoto\/?s={search_term_string}\"},\"query-input\":{\"@type\":\"PropertyValueSpecification\",\"valueRequired\":true,\"valueName\":\"search_term_string\"}}],\"inLanguage\":\"fr-FR\"},{\"@type\":\"Person\",\"@id\":\"https:\/\/blogs.thesocialmedia.com\/leblogmoto\/#\/schema\/person\/769623f89741cc3381675029a37764f8\",\"name\":\"gregory boucaud\",\"image\":{\"@type\":\"ImageObject\",\"inLanguage\":\"fr-FR\",\"@id\":\"https:\/\/blogs.thesocialmedia.com\/leblogmoto\/#\/schema\/person\/image\/\",\"url\":\"https:\/\/secure.gravatar.com\/avatar\/?s=96&d=mm&r=g\",\"contentUrl\":\"https:\/\/secure.gravatar.com\/avatar\/?s=96&d=mm&r=g\",\"caption\":\"gregory boucaud\"},\"url\":\"https:\/\/blogs.thesocialmedia.com\/leblogmoto\/author\/gregory-boucaud\/\"}]}<\/script>\n<!-- \/ Yoast SEO plugin. -->","yoast_head_json":{"title":"Mondial du deux roues 2007 : Bilan - leblogmoto.com","robots":{"index":"index","follow":"follow","max-snippet":"max-snippet:-1","max-image-preview":"max-image-preview:large","max-video-preview":"max-video-preview:-1"},"canonical":"https:\/\/blogs.thesocialmedia.com\/leblogmoto\/2007\/10\/12\/mondial-du-deux\/","twitter_card":"summary_large_image","twitter_title":"Mondial du deux roues 2007 : Bilan - leblogmoto.com","twitter_description":"Succ\u00e8s confirm\u00e9 pour le Mondial du Deux Roues 2007 puisqu&rsquo;il aura enregistr\u00e9 cette ann\u00e9e pr\u00e8s de 400 000 visiteurs. En progression par rapport aux \u00e9ditions pr\u00e9c\u00e9dentes, les chiffres exacts sont de 383 487 visiteurs et 2592 journalistes venant de 48 pays. Le succ\u00e8s du Mondial du Deux Roues s\u2019est \u00e9galement exprim\u00e9 avec la pr\u00e9sence, sur [&hellip;]","twitter_image":"http:\/\/www.leblogmoto.com\/images\/2007\/10\/12\/mondial_2roues_2007.jpg","twitter_misc":{"\u00c9crit par":"gregory boucaud","Dur\u00e9e de lecture estim\u00e9e":"2 minutes"},"schema":{"@context":"https:\/\/schema.org","@graph":[{"@type":"WebPage","@id":"https:\/\/blogs.thesocialmedia.com\/leblogmoto\/2007\/10\/12\/mondial-du-deux\/","url":"https:\/\/blogs.thesocialmedia.com\/leblogmoto\/2007\/10\/12\/mondial-du-deux\/","name":"Mondial du deux roues 2007 : Bilan - leblogmoto.com","isPartOf":{"@id":"https:\/\/blogs.thesocialmedia.com\/leblogmoto\/#website"},"primaryImageOfPage":{"@id":"https:\/\/blogs.thesocialmedia.com\/leblogmoto\/2007\/10\/12\/mondial-du-deux\/#primaryimage"},"image":{"@id":"https:\/\/blogs.thesocialmedia.com\/leblogmoto\/2007\/10\/12\/mondial-du-deux\/#primaryimage"},"thumbnailUrl":"http:\/\/www.leblogmoto.com\/images\/2007\/10\/12\/mondial_2roues_2007.jpg","datePublished":"2007-10-12T23:51:56+00:00","dateModified":"2012-07-11T14:48:45+00:00","author":{"@id":"https:\/\/blogs.thesocialmedia.com\/leblogmoto\/#\/schema\/person\/769623f89741cc3381675029a37764f8"},"breadcrumb":{"@id":"https:\/\/blogs.thesocialmedia.com\/leblogmoto\/2007\/10\/12\/mondial-du-deux\/#breadcrumb"},"inLanguage":"fr-FR","potentialAction":[{"@type":"ReadAction","target":["https:\/\/blogs.thesocialmedia.com\/leblogmoto\/2007\/10\/12\/mondial-du-deux\/"]}]},{"@type":"ImageObject","inLanguage":"fr-FR","@id":"https:\/\/blogs.thesocialmedia.com\/leblogmoto\/2007\/10\/12\/mondial-du-deux\/#primaryimage","url":"http:\/\/www.leblogmoto.com\/images\/2007\/10\/12\/mondial_2roues_2007.jpg","contentUrl":"http:\/\/www.leblogmoto.com\/images\/2007\/10\/12\/mondial_2roues_2007.jpg"},{"@type":"BreadcrumbList","@id":"https:\/\/blogs.thesocialmedia.com\/leblogmoto\/2007\/10\/12\/mondial-du-deux\/#breadcrumb","itemListElement":[{"@type":"ListItem","position":1,"name":"Accueil","item":"https:\/\/blogs.thesocialmedia.com\/leblogmoto\/"},{"@type":"ListItem","position":2,"name":"Mondial du deux roues 2007 : Bilan"}]},{"@type":"WebSite","@id":"https:\/\/blogs.thesocialmedia.com\/leblogmoto\/#website","url":"https:\/\/blogs.thesocialmedia.com\/leblogmoto\/","name":"leblogmoto","description":"Toute l&#039;actualit\u00e9 des 2 roues","potentialAction":[{"@type":"SearchAction","target":{"@type":"EntryPoint","urlTemplate":"https:\/\/blogs.thesocialmedia.com\/leblogmoto\/?s={search_term_string}"},"query-input":{"@type":"PropertyValueSpecification","valueRequired":true,"valueName":"search_term_string"}}],"inLanguage":"fr-FR"},{"@type":"Person","@id":"https:\/\/blogs.thesocialmedia.com\/leblogmoto\/#\/schema\/person\/769623f89741cc3381675029a37764f8","name":"gregory boucaud","image":{"@type":"ImageObject","inLanguage":"fr-FR","@id":"https:\/\/blogs.thesocialmedia.com\/leblogmoto\/#\/schema\/person\/image\/","url":"https:\/\/secure.gravatar.com\/avatar\/?s=96&d=mm&r=g","contentUrl":"https:\/\/secure.gravatar.com\/avatar\/?s=96&d=mm&r=g","caption":"gregory boucaud"},"url":"https:\/\/blogs.thesocialmedia.com\/leblogmoto\/author\/gregory-boucaud\/"}]}},"_links":{"self":[{"href":"https:\/\/blogs.thesocialmedia.com\/leblogmoto\/wp-json\/wp\/v2\/posts\/1186","targetHints":{"allow":["GET"]}}],"collection":[{"href":"https:\/\/blogs.thesocialmedia.com\/leblogmoto\/wp-json\/wp\/v2\/posts"}],"about":[{"href":"https:\/\/blogs.thesocialmedia.com\/leblogmoto\/wp-json\/wp\/v2\/types\/post"}],"author":[{"embeddable":true,"href":"https:\/\/blogs.thesocialmedia.com\/leblogmoto\/wp-json\/wp\/v2\/users\/329"}],"replies":[{"embeddable":true,"href":"https:\/\/blogs.thesocialmedia.com\/leblogmoto\/wp-json\/wp\/v2\/comments?post=1186"}],"version-history":[{"count":2,"href":"https:\/\/blogs.thesocialmedia.com\/leblogmoto\/wp-json\/wp\/v2\/posts\/1186\/revisions"}],"predecessor-version":[{"id":8878,"href":"https:\/\/blogs.thesocialmedia.com\/leblogmoto\/wp-json\/wp\/v2\/posts\/1186\/revisions\/8878"}],"wp:attachment":[{"href":"https:\/\/blogs.thesocialmedia.com\/leblogmoto\/wp-json\/wp\/v2\/media?parent=1186"}],"wp:term":[{"taxonomy":"category","embeddable":true,"href":"https:\/\/blogs.thesocialmedia.com\/leblogmoto\/wp-json\/wp\/v2\/categories?post=1186"},{"taxonomy":"post_tag","embeddable":true,"href":"https:\/\/blogs.thesocialmedia.com\/leblogmoto\/wp-json\/wp\/v2\/tags?post=1186"}],"curies":[{"name":"wp","href":"https:\/\/api.w.org\/{rel}","templated":true}]}}