{"id":1187,"date":"2007-10-12T23:32:52","date_gmt":"2007-10-12T23:32:52","guid":{"rendered":"http:\/\/blogs.thesocialmedia.com\/leblogmoto\/2007\/10\/12\/insolite-george\/"},"modified":"2012-07-11T14:48:43","modified_gmt":"2012-07-11T14:48:43","slug":"insolite-george","status":"publish","type":"post","link":"https:\/\/blogs.thesocialmedia.com\/leblogmoto\/2007\/10\/12\/insolite-george\/","title":{"rendered":"Insolite : George Clooney, accident et suspensions"},"content":{"rendered":"<p><a href=\"http:\/\/blogs.thesocialmedia.com\/leblogmoto\/files\/2012\/07\/george_clooney.jpg\"><img loading=\"lazy\" decoding=\"async\" height=\"125\" alt=\"George_clooney\" src=\"http:\/\/www.leblogmoto.com\/images\/2007\/10\/12\/george_clooney.jpg\" width=\"250\"  \/><\/a> Malheureusement, m\u00eame les acteurs c\u00e9l\u00e8bres ne sont pas \u00e0 l&rsquo;abris des accidents de moto. Cette fois-ci, c&rsquo;est donc au tour de <a href=\"http:\/\/fr.wikipedia.org\/wiki\/George_Clooney\">George Clooney<\/a> de passer sur le devant de la sc\u00e8ne. Non pas pour son accident, mais pour ce qu&rsquo;il a pu causer comme ennuis \u00e0 27 employ\u00e9s d&rsquo;un h\u00f4pital am\u00e9ricain.<\/p>\n<p><a href=\"http:\/\/clabedan.typepad.com\/.shared\/image.html?\/photos\/uncategorized\/2007\/10\/12\/george_clooney_2.jpg\"><\/a>Vous vous demandez surement pourquoi cela ?<br \/>Bien ces 27 employ\u00e9s sont accus\u00e9s d&rsquo;avoir r\u00e9v\u00e9l\u00e9 \u00e0 la presse que le com\u00e9dien George Clooney avait \u00e9t\u00e9 admis dans l&rsquo;\u00e9tablissement apr\u00e8s un accident de moto, a rapport\u00e9 mercredi le New York Post. <br \/>C&rsquo;est donc pour cela que le <a href=\"http:\/\/palisadesmedical.org\/\">centre m\u00e9dical Palisades<\/a> dans le New Jersey a suspendu ces employ\u00e9s pour un mois et sans versement de salaire, qualifiant la rupture de la confidentialit\u00e9 m\u00e9dicale d&rsquo;un patient \u00e0 &quot;probl\u00e8mes tr\u00e8s s\u00e9rieux&quot;, a ajout\u00e9 le journal. <\/p>\n<p>Et le principal concern\u00e9, qu&rsquo;en dit-il?<br \/>M\u00eame si sa c\u00f4te a \u00e9t\u00e9 f\u00e9l\u00e9e, il r\u00e9pond que &quot;M\u00eame si je crois profond\u00e9ment au droit \u00e0 la protection de la vie priv\u00e9e d&rsquo;un patient, j&rsquo;aurais esp\u00e9r\u00e9 que cela soit r\u00e9gl\u00e9 sans la suspension de travailleurs m\u00e9dicaux&quot;.<\/p>\n<p>Rappelons qu&rsquo;il se trouvait avec son amie Sarah Larson lorsque la moto qu&rsquo;il conduisait a \u00e9t\u00e9 heurt\u00e9e par une voiture. Sarah Larson, \u00e2g\u00e9e de 28 ans, a eu le pied cass\u00e9.<\/p>\n<p>Souhaitons tout de m\u00eame un prompt r\u00e9tablissement \u00e0 cet acteur qui vient d&rsquo;avoir 46 ans cette ann\u00e9e.<\/p>\n<p>Source : <a href=\"http:\/\/afp.google.com\/\">AFP<\/a><\/p>\n","protected":false},"excerpt":{"rendered":"<p>Malheureusement, m\u00eame les acteurs c\u00e9l\u00e8bres ne sont pas \u00e0 l&rsquo;abris des accidents de moto. Cette fois-ci, c&rsquo;est donc au tour de George Clooney de passer sur le devant de la sc\u00e8ne. Non pas pour son accident, mais pour ce qu&rsquo;il a pu causer comme ennuis \u00e0 27 employ\u00e9s d&rsquo;un h\u00f4pital am\u00e9ricain. Vous vous demandez surement [&hellip;]<\/p>\n","protected":false},"author":329,"featured_media":0,"comment_status":"open","ping_status":"open","sticky":false,"template":"","format":"standard","meta":{"footnotes":""},"categories":[58],"tags":[],"class_list":["post-1187","post","type-post","status-publish","format-standard","hentry","category-insolite"],"yoast_head":"<!-- This site is optimized with the Yoast SEO plugin v26.0 - https:\/\/yoast.com\/wordpress\/plugins\/seo\/ -->\n<title>Insolite : George Clooney, accident et suspensions - leblogmoto.com<\/title>\n<meta name=\"robots\" content=\"index, follow, max-snippet:-1, max-image-preview:large, max-video-preview:-1\" \/>\n<link rel=\"canonical\" href=\"https:\/\/blogs.thesocialmedia.com\/leblogmoto\/2007\/10\/12\/insolite-george\/\" \/>\n<meta name=\"twitter:card\" content=\"summary_large_image\" \/>\n<meta name=\"twitter:title\" content=\"Insolite : George Clooney, accident et suspensions - leblogmoto.com\" \/>\n<meta name=\"twitter:description\" content=\"Malheureusement, m\u00eame les acteurs c\u00e9l\u00e8bres ne sont pas \u00e0 l&rsquo;abris des accidents de moto. Cette fois-ci, c&rsquo;est donc au tour de George Clooney de passer sur le devant de la sc\u00e8ne. Non pas pour son accident, mais pour ce qu&rsquo;il a pu causer comme ennuis \u00e0 27 employ\u00e9s d&rsquo;un h\u00f4pital am\u00e9ricain. Vous vous demandez surement [&hellip;]\" \/>\n<meta name=\"twitter:image\" content=\"http:\/\/www.leblogmoto.com\/images\/2007\/10\/12\/george_clooney.jpg\" \/>\n<meta name=\"twitter:label1\" content=\"\u00c9crit par\" \/>\n\t<meta name=\"twitter:data1\" content=\"gregory boucaud\" \/>\n\t<meta name=\"twitter:label2\" content=\"Dur\u00e9e de lecture estim\u00e9e\" \/>\n\t<meta name=\"twitter:data2\" content=\"1 minute\" \/>\n<script type=\"application\/ld+json\" class=\"yoast-schema-graph\">{\"@context\":\"https:\/\/schema.org\",\"@graph\":[{\"@type\":\"WebPage\",\"@id\":\"https:\/\/blogs.thesocialmedia.com\/leblogmoto\/2007\/10\/12\/insolite-george\/\",\"url\":\"https:\/\/blogs.thesocialmedia.com\/leblogmoto\/2007\/10\/12\/insolite-george\/\",\"name\":\"Insolite : George Clooney, accident et suspensions - leblogmoto.com\",\"isPartOf\":{\"@id\":\"https:\/\/blogs.thesocialmedia.com\/leblogmoto\/#website\"},\"primaryImageOfPage\":{\"@id\":\"https:\/\/blogs.thesocialmedia.com\/leblogmoto\/2007\/10\/12\/insolite-george\/#primaryimage\"},\"image\":{\"@id\":\"https:\/\/blogs.thesocialmedia.com\/leblogmoto\/2007\/10\/12\/insolite-george\/#primaryimage\"},\"thumbnailUrl\":\"http:\/\/www.leblogmoto.com\/images\/2007\/10\/12\/george_clooney.jpg\",\"datePublished\":\"2007-10-12T23:32:52+00:00\",\"dateModified\":\"2012-07-11T14:48:43+00:00\",\"author\":{\"@id\":\"https:\/\/blogs.thesocialmedia.com\/leblogmoto\/#\/schema\/person\/769623f89741cc3381675029a37764f8\"},\"breadcrumb\":{\"@id\":\"https:\/\/blogs.thesocialmedia.com\/leblogmoto\/2007\/10\/12\/insolite-george\/#breadcrumb\"},\"inLanguage\":\"fr-FR\",\"potentialAction\":[{\"@type\":\"ReadAction\",\"target\":[\"https:\/\/blogs.thesocialmedia.com\/leblogmoto\/2007\/10\/12\/insolite-george\/\"]}]},{\"@type\":\"ImageObject\",\"inLanguage\":\"fr-FR\",\"@id\":\"https:\/\/blogs.thesocialmedia.com\/leblogmoto\/2007\/10\/12\/insolite-george\/#primaryimage\",\"url\":\"http:\/\/www.leblogmoto.com\/images\/2007\/10\/12\/george_clooney.jpg\",\"contentUrl\":\"http:\/\/www.leblogmoto.com\/images\/2007\/10\/12\/george_clooney.jpg\"},{\"@type\":\"BreadcrumbList\",\"@id\":\"https:\/\/blogs.thesocialmedia.com\/leblogmoto\/2007\/10\/12\/insolite-george\/#breadcrumb\",\"itemListElement\":[{\"@type\":\"ListItem\",\"position\":1,\"name\":\"Accueil\",\"item\":\"https:\/\/blogs.thesocialmedia.com\/leblogmoto\/\"},{\"@type\":\"ListItem\",\"position\":2,\"name\":\"Insolite : George Clooney, accident et suspensions\"}]},{\"@type\":\"WebSite\",\"@id\":\"https:\/\/blogs.thesocialmedia.com\/leblogmoto\/#website\",\"url\":\"https:\/\/blogs.thesocialmedia.com\/leblogmoto\/\",\"name\":\"leblogmoto\",\"description\":\"Toute l&#039;actualit\u00e9 des 2 roues\",\"potentialAction\":[{\"@type\":\"SearchAction\",\"target\":{\"@type\":\"EntryPoint\",\"urlTemplate\":\"https:\/\/blogs.thesocialmedia.com\/leblogmoto\/?s={search_term_string}\"},\"query-input\":{\"@type\":\"PropertyValueSpecification\",\"valueRequired\":true,\"valueName\":\"search_term_string\"}}],\"inLanguage\":\"fr-FR\"},{\"@type\":\"Person\",\"@id\":\"https:\/\/blogs.thesocialmedia.com\/leblogmoto\/#\/schema\/person\/769623f89741cc3381675029a37764f8\",\"name\":\"gregory boucaud\",\"image\":{\"@type\":\"ImageObject\",\"inLanguage\":\"fr-FR\",\"@id\":\"https:\/\/blogs.thesocialmedia.com\/leblogmoto\/#\/schema\/person\/image\/\",\"url\":\"https:\/\/secure.gravatar.com\/avatar\/?s=96&d=mm&r=g\",\"contentUrl\":\"https:\/\/secure.gravatar.com\/avatar\/?s=96&d=mm&r=g\",\"caption\":\"gregory boucaud\"},\"url\":\"https:\/\/blogs.thesocialmedia.com\/leblogmoto\/author\/gregory-boucaud\/\"}]}<\/script>\n<!-- \/ Yoast SEO plugin. -->","yoast_head_json":{"title":"Insolite : George Clooney, accident et suspensions - leblogmoto.com","robots":{"index":"index","follow":"follow","max-snippet":"max-snippet:-1","max-image-preview":"max-image-preview:large","max-video-preview":"max-video-preview:-1"},"canonical":"https:\/\/blogs.thesocialmedia.com\/leblogmoto\/2007\/10\/12\/insolite-george\/","twitter_card":"summary_large_image","twitter_title":"Insolite : George Clooney, accident et suspensions - leblogmoto.com","twitter_description":"Malheureusement, m\u00eame les acteurs c\u00e9l\u00e8bres ne sont pas \u00e0 l&rsquo;abris des accidents de moto. Cette fois-ci, c&rsquo;est donc au tour de George Clooney de passer sur le devant de la sc\u00e8ne. Non pas pour son accident, mais pour ce qu&rsquo;il a pu causer comme ennuis \u00e0 27 employ\u00e9s d&rsquo;un h\u00f4pital am\u00e9ricain. Vous vous demandez surement [&hellip;]","twitter_image":"http:\/\/www.leblogmoto.com\/images\/2007\/10\/12\/george_clooney.jpg","twitter_misc":{"\u00c9crit par":"gregory boucaud","Dur\u00e9e de lecture estim\u00e9e":"1 minute"},"schema":{"@context":"https:\/\/schema.org","@graph":[{"@type":"WebPage","@id":"https:\/\/blogs.thesocialmedia.com\/leblogmoto\/2007\/10\/12\/insolite-george\/","url":"https:\/\/blogs.thesocialmedia.com\/leblogmoto\/2007\/10\/12\/insolite-george\/","name":"Insolite : George Clooney, accident et suspensions - leblogmoto.com","isPartOf":{"@id":"https:\/\/blogs.thesocialmedia.com\/leblogmoto\/#website"},"primaryImageOfPage":{"@id":"https:\/\/blogs.thesocialmedia.com\/leblogmoto\/2007\/10\/12\/insolite-george\/#primaryimage"},"image":{"@id":"https:\/\/blogs.thesocialmedia.com\/leblogmoto\/2007\/10\/12\/insolite-george\/#primaryimage"},"thumbnailUrl":"http:\/\/www.leblogmoto.com\/images\/2007\/10\/12\/george_clooney.jpg","datePublished":"2007-10-12T23:32:52+00:00","dateModified":"2012-07-11T14:48:43+00:00","author":{"@id":"https:\/\/blogs.thesocialmedia.com\/leblogmoto\/#\/schema\/person\/769623f89741cc3381675029a37764f8"},"breadcrumb":{"@id":"https:\/\/blogs.thesocialmedia.com\/leblogmoto\/2007\/10\/12\/insolite-george\/#breadcrumb"},"inLanguage":"fr-FR","potentialAction":[{"@type":"ReadAction","target":["https:\/\/blogs.thesocialmedia.com\/leblogmoto\/2007\/10\/12\/insolite-george\/"]}]},{"@type":"ImageObject","inLanguage":"fr-FR","@id":"https:\/\/blogs.thesocialmedia.com\/leblogmoto\/2007\/10\/12\/insolite-george\/#primaryimage","url":"http:\/\/www.leblogmoto.com\/images\/2007\/10\/12\/george_clooney.jpg","contentUrl":"http:\/\/www.leblogmoto.com\/images\/2007\/10\/12\/george_clooney.jpg"},{"@type":"BreadcrumbList","@id":"https:\/\/blogs.thesocialmedia.com\/leblogmoto\/2007\/10\/12\/insolite-george\/#breadcrumb","itemListElement":[{"@type":"ListItem","position":1,"name":"Accueil","item":"https:\/\/blogs.thesocialmedia.com\/leblogmoto\/"},{"@type":"ListItem","position":2,"name":"Insolite : George Clooney, accident et suspensions"}]},{"@type":"WebSite","@id":"https:\/\/blogs.thesocialmedia.com\/leblogmoto\/#website","url":"https:\/\/blogs.thesocialmedia.com\/leblogmoto\/","name":"leblogmoto","description":"Toute l&#039;actualit\u00e9 des 2 roues","potentialAction":[{"@type":"SearchAction","target":{"@type":"EntryPoint","urlTemplate":"https:\/\/blogs.thesocialmedia.com\/leblogmoto\/?s={search_term_string}"},"query-input":{"@type":"PropertyValueSpecification","valueRequired":true,"valueName":"search_term_string"}}],"inLanguage":"fr-FR"},{"@type":"Person","@id":"https:\/\/blogs.thesocialmedia.com\/leblogmoto\/#\/schema\/person\/769623f89741cc3381675029a37764f8","name":"gregory boucaud","image":{"@type":"ImageObject","inLanguage":"fr-FR","@id":"https:\/\/blogs.thesocialmedia.com\/leblogmoto\/#\/schema\/person\/image\/","url":"https:\/\/secure.gravatar.com\/avatar\/?s=96&d=mm&r=g","contentUrl":"https:\/\/secure.gravatar.com\/avatar\/?s=96&d=mm&r=g","caption":"gregory boucaud"},"url":"https:\/\/blogs.thesocialmedia.com\/leblogmoto\/author\/gregory-boucaud\/"}]}},"_links":{"self":[{"href":"https:\/\/blogs.thesocialmedia.com\/leblogmoto\/wp-json\/wp\/v2\/posts\/1187","targetHints":{"allow":["GET"]}}],"collection":[{"href":"https:\/\/blogs.thesocialmedia.com\/leblogmoto\/wp-json\/wp\/v2\/posts"}],"about":[{"href":"https:\/\/blogs.thesocialmedia.com\/leblogmoto\/wp-json\/wp\/v2\/types\/post"}],"author":[{"embeddable":true,"href":"https:\/\/blogs.thesocialmedia.com\/leblogmoto\/wp-json\/wp\/v2\/users\/329"}],"replies":[{"embeddable":true,"href":"https:\/\/blogs.thesocialmedia.com\/leblogmoto\/wp-json\/wp\/v2\/comments?post=1187"}],"version-history":[{"count":2,"href":"https:\/\/blogs.thesocialmedia.com\/leblogmoto\/wp-json\/wp\/v2\/posts\/1187\/revisions"}],"predecessor-version":[{"id":8876,"href":"https:\/\/blogs.thesocialmedia.com\/leblogmoto\/wp-json\/wp\/v2\/posts\/1187\/revisions\/8876"}],"wp:attachment":[{"href":"https:\/\/blogs.thesocialmedia.com\/leblogmoto\/wp-json\/wp\/v2\/media?parent=1187"}],"wp:term":[{"taxonomy":"category","embeddable":true,"href":"https:\/\/blogs.thesocialmedia.com\/leblogmoto\/wp-json\/wp\/v2\/categories?post=1187"},{"taxonomy":"post_tag","embeddable":true,"href":"https:\/\/blogs.thesocialmedia.com\/leblogmoto\/wp-json\/wp\/v2\/tags?post=1187"}],"curies":[{"name":"wp","href":"https:\/\/api.w.org\/{rel}","templated":true}]}}