{"id":1188,"date":"2007-10-12T23:09:38","date_gmt":"2007-10-12T23:09:38","guid":{"rendered":"http:\/\/blogs.thesocialmedia.com\/leblogmoto\/2007\/10\/12\/prvention-routi-2\/"},"modified":"2012-07-11T14:48:42","modified_gmt":"2012-07-11T14:48:42","slug":"prvention-routi-2","status":"publish","type":"post","link":"https:\/\/blogs.thesocialmedia.com\/leblogmoto\/2007\/10\/12\/prvention-routi-2\/","title":{"rendered":"Pr\u00e9vention routi\u00e8re : Clichy fait sa semaine"},"content":{"rendered":"<p><a href=\"http:\/\/blogs.thesocialmedia.com\/leblogmoto\/files\/2012\/07\/news_securite_routiere_deux_roues.jpg\"><img loading=\"lazy\" decoding=\"async\" height=\"390\" alt=\"News_securite_routiere_deux_roues\" src=\"http:\/\/www.leblogmoto.com\/images\/2007\/10\/12\/news_securite_routiere_deux_roues.jpg\" width=\"470\"  \/><\/a> Du 15 au 20 octobre 2007 aura lieu la semaine de la pr\u00e9vention routi\u00e8re \u00e0 <a href=\"http:\/\/www.ville-clichy.fr\/\">Clichy<\/a> (Hauts-de-Seine) sous le th\u00e8me &quot;Ta ville c&rsquo;est pas un circuit&quot;.<\/p>\n<p>Au del\u00e0 de l&rsquo;arr\u00eat\u00e9 interdisant l&rsquo;usage de 2 roues non homologu\u00e9s sur la commune (pocket bike, quad&#8230;), la ville de Clichy souhaite mettre en place des actions de pr\u00e9vention aupr\u00e8s de ses jeunes. Au cours de la semaine du 15 au 22 octobre, plusieurs actions seront men\u00e9es : <br \/>&#8211; Distribution par les membres du <a href=\"http:\/\/www.ville-clichy.fr\/index.php?Rub=144\">CCEJ<\/a> et les m\u00e9diateurs de la Maison du Droit et de la Pr\u00e9vention du CD audio &quot;des fois la vie \u00e7a tient juste \u00e0 un casque&quot; co-r\u00e9alis\u00e9 avec le groupe de rap clichois DAILAND accompagn\u00e9 d&rsquo;une plaquette d&rsquo;information sur la s\u00e9curit\u00e9 routi\u00e8re, \u00e0 tous les coll\u00e9giens de 4\u00e8me et de 3\u00e8me au cours de la semaine du 15 au 21 octobre 2007.<\/p>\n<p>&#8211; Un professionnel de la Pr\u00e9vention Routi\u00e8re, le Major Thin\u00e8s, Policier r\u00e9f\u00e9rent, sera pr\u00e9sent \u00e0 cette occasion afin qu&rsquo;il puisse intervenir dans les classes des diff\u00e9rents coll\u00e8ges. &#8211; Des commer\u00e7ants de 2 roues participeront \u00e0 cette semaine en mettant \u00e0 la disposition du public de la documentation relative \u00e0 la pr\u00e9vention routi\u00e8re (Freon motto : 1 bd jean Jaur\u00e8s, Confort Auto: 10 rue Madame de Sanzillion, Action Scooters : 140 rue Martre et Dok-Scooter : 2 rue bonnet).<\/p>\n<p>Le 20 octobre 2007, un professionnel proposera une formation sur l&rsquo;utilisation de deux roues dans la cour de l&rsquo;\u00e9cole Jean Jaur\u00e8s.<br \/>&#8211; La Maison de Quartier Mozart organisera une action de pr\u00e9vention au sein de l&rsquo;\u00e9cole Aragon du 29 octobre au 2 novembre 2007. A ce titre un cours th\u00e9orique sera dispens\u00e9 le matin et un cours pratique l&rsquo;apr\u00e8s midi. Cette action sera r\u00e9alis\u00e9e en partenariat avec l&rsquo;association Asteria Pr\u00e9vention. Cette association dispose de formateurs dipl\u00f4m\u00e9s en mati\u00e8re de pr\u00e9vention des risques li\u00e9s \u00e0 l&rsquo;utilisation de deux roues.<\/p>\n<p>&#8211; Le passage du Brevet de S\u00e9curit\u00e9 Routi\u00e8re \u00e0 destination d&rsquo;une vingtaine de jeunes sera organis\u00e9 par le service jeunesse au cours des vacances de la Toussaint (les 5 et 6 novembre 2007).<br \/>&#8211; Un court m\u00e9trage dont le th\u00e8me est la Pr\u00e9vention routi\u00e8re en mati\u00e8re de deux roues sera \u00e9galement r\u00e9alis\u00e9 par les jeunes de la Maison de quartier APA Fournier. Ce cours m\u00e9trage commencera le 29 octobre 2007 et sera l&rsquo;occasion de d\u00e9battre sur le th\u00e8me de la s\u00e9curit\u00e9 routi\u00e8re lors de sa diffusion au th\u00e9\u00e2tre Rutebeuf. <\/p>\n<p>Bref si vous vous rendez dans cette ville pendant cette semaine de pr\u00e9vention, profitez-en pour vous arr\u00eater car une piq\u00fbre de rappel n&rsquo;est jamais inutile&#8230;<\/p>\n<p>Source : <a href=\"http:\/\/www.newspress.fr\/\">Newspress<\/a><\/p>\n","protected":false},"excerpt":{"rendered":"<p>Du 15 au 20 octobre 2007 aura lieu la semaine de la pr\u00e9vention routi\u00e8re \u00e0 Clichy (Hauts-de-Seine) sous le th\u00e8me &quot;Ta ville c&rsquo;est pas un circuit&quot;. Au del\u00e0 de l&rsquo;arr\u00eat\u00e9 interdisant l&rsquo;usage de 2 roues non homologu\u00e9s sur la commune (pocket bike, quad&#8230;), la ville de Clichy souhaite mettre en place des actions de pr\u00e9vention [&hellip;]<\/p>\n","protected":false},"author":329,"featured_media":0,"comment_status":"open","ping_status":"open","sticky":false,"template":"","format":"standard","meta":{"footnotes":""},"categories":[27],"tags":[],"class_list":["post-1188","post","type-post","status-publish","format-standard","hentry","category-securite"],"yoast_head":"<!-- This site is optimized with the Yoast SEO plugin v26.0 - https:\/\/yoast.com\/wordpress\/plugins\/seo\/ -->\n<title>Pr\u00e9vention routi\u00e8re : Clichy fait sa semaine - leblogmoto.com<\/title>\n<meta name=\"robots\" content=\"index, follow, max-snippet:-1, max-image-preview:large, max-video-preview:-1\" \/>\n<link rel=\"canonical\" href=\"https:\/\/blogs.thesocialmedia.com\/leblogmoto\/2007\/10\/12\/prvention-routi-2\/\" \/>\n<meta name=\"twitter:card\" content=\"summary_large_image\" \/>\n<meta name=\"twitter:title\" content=\"Pr\u00e9vention routi\u00e8re : Clichy fait sa semaine - leblogmoto.com\" \/>\n<meta name=\"twitter:description\" content=\"Du 15 au 20 octobre 2007 aura lieu la semaine de la pr\u00e9vention routi\u00e8re \u00e0 Clichy (Hauts-de-Seine) sous le th\u00e8me &quot;Ta ville c&rsquo;est pas un circuit&quot;. Au del\u00e0 de l&rsquo;arr\u00eat\u00e9 interdisant l&rsquo;usage de 2 roues non homologu\u00e9s sur la commune (pocket bike, quad&#8230;), la ville de Clichy souhaite mettre en place des actions de pr\u00e9vention [&hellip;]\" \/>\n<meta name=\"twitter:image\" content=\"http:\/\/www.leblogmoto.com\/images\/2007\/10\/12\/news_securite_routiere_deux_roues.jpg\" \/>\n<meta name=\"twitter:label1\" content=\"\u00c9crit par\" \/>\n\t<meta name=\"twitter:data1\" content=\"gregory boucaud\" \/>\n\t<meta name=\"twitter:label2\" content=\"Dur\u00e9e de lecture estim\u00e9e\" \/>\n\t<meta name=\"twitter:data2\" content=\"2 minutes\" \/>\n<script type=\"application\/ld+json\" class=\"yoast-schema-graph\">{\"@context\":\"https:\/\/schema.org\",\"@graph\":[{\"@type\":\"WebPage\",\"@id\":\"https:\/\/blogs.thesocialmedia.com\/leblogmoto\/2007\/10\/12\/prvention-routi-2\/\",\"url\":\"https:\/\/blogs.thesocialmedia.com\/leblogmoto\/2007\/10\/12\/prvention-routi-2\/\",\"name\":\"Pr\u00e9vention routi\u00e8re : Clichy fait sa semaine - leblogmoto.com\",\"isPartOf\":{\"@id\":\"https:\/\/blogs.thesocialmedia.com\/leblogmoto\/#website\"},\"primaryImageOfPage\":{\"@id\":\"https:\/\/blogs.thesocialmedia.com\/leblogmoto\/2007\/10\/12\/prvention-routi-2\/#primaryimage\"},\"image\":{\"@id\":\"https:\/\/blogs.thesocialmedia.com\/leblogmoto\/2007\/10\/12\/prvention-routi-2\/#primaryimage\"},\"thumbnailUrl\":\"http:\/\/www.leblogmoto.com\/images\/2007\/10\/12\/news_securite_routiere_deux_roues.jpg\",\"datePublished\":\"2007-10-12T23:09:38+00:00\",\"dateModified\":\"2012-07-11T14:48:42+00:00\",\"author\":{\"@id\":\"https:\/\/blogs.thesocialmedia.com\/leblogmoto\/#\/schema\/person\/769623f89741cc3381675029a37764f8\"},\"breadcrumb\":{\"@id\":\"https:\/\/blogs.thesocialmedia.com\/leblogmoto\/2007\/10\/12\/prvention-routi-2\/#breadcrumb\"},\"inLanguage\":\"fr-FR\",\"potentialAction\":[{\"@type\":\"ReadAction\",\"target\":[\"https:\/\/blogs.thesocialmedia.com\/leblogmoto\/2007\/10\/12\/prvention-routi-2\/\"]}]},{\"@type\":\"ImageObject\",\"inLanguage\":\"fr-FR\",\"@id\":\"https:\/\/blogs.thesocialmedia.com\/leblogmoto\/2007\/10\/12\/prvention-routi-2\/#primaryimage\",\"url\":\"http:\/\/www.leblogmoto.com\/images\/2007\/10\/12\/news_securite_routiere_deux_roues.jpg\",\"contentUrl\":\"http:\/\/www.leblogmoto.com\/images\/2007\/10\/12\/news_securite_routiere_deux_roues.jpg\"},{\"@type\":\"BreadcrumbList\",\"@id\":\"https:\/\/blogs.thesocialmedia.com\/leblogmoto\/2007\/10\/12\/prvention-routi-2\/#breadcrumb\",\"itemListElement\":[{\"@type\":\"ListItem\",\"position\":1,\"name\":\"Accueil\",\"item\":\"https:\/\/blogs.thesocialmedia.com\/leblogmoto\/\"},{\"@type\":\"ListItem\",\"position\":2,\"name\":\"Pr\u00e9vention routi\u00e8re : Clichy fait sa semaine\"}]},{\"@type\":\"WebSite\",\"@id\":\"https:\/\/blogs.thesocialmedia.com\/leblogmoto\/#website\",\"url\":\"https:\/\/blogs.thesocialmedia.com\/leblogmoto\/\",\"name\":\"leblogmoto\",\"description\":\"Toute l&#039;actualit\u00e9 des 2 roues\",\"potentialAction\":[{\"@type\":\"SearchAction\",\"target\":{\"@type\":\"EntryPoint\",\"urlTemplate\":\"https:\/\/blogs.thesocialmedia.com\/leblogmoto\/?s={search_term_string}\"},\"query-input\":{\"@type\":\"PropertyValueSpecification\",\"valueRequired\":true,\"valueName\":\"search_term_string\"}}],\"inLanguage\":\"fr-FR\"},{\"@type\":\"Person\",\"@id\":\"https:\/\/blogs.thesocialmedia.com\/leblogmoto\/#\/schema\/person\/769623f89741cc3381675029a37764f8\",\"name\":\"gregory boucaud\",\"image\":{\"@type\":\"ImageObject\",\"inLanguage\":\"fr-FR\",\"@id\":\"https:\/\/blogs.thesocialmedia.com\/leblogmoto\/#\/schema\/person\/image\/\",\"url\":\"https:\/\/secure.gravatar.com\/avatar\/?s=96&d=mm&r=g\",\"contentUrl\":\"https:\/\/secure.gravatar.com\/avatar\/?s=96&d=mm&r=g\",\"caption\":\"gregory boucaud\"},\"url\":\"https:\/\/blogs.thesocialmedia.com\/leblogmoto\/author\/gregory-boucaud\/\"}]}<\/script>\n<!-- \/ Yoast SEO plugin. -->","yoast_head_json":{"title":"Pr\u00e9vention routi\u00e8re : Clichy fait sa semaine - leblogmoto.com","robots":{"index":"index","follow":"follow","max-snippet":"max-snippet:-1","max-image-preview":"max-image-preview:large","max-video-preview":"max-video-preview:-1"},"canonical":"https:\/\/blogs.thesocialmedia.com\/leblogmoto\/2007\/10\/12\/prvention-routi-2\/","twitter_card":"summary_large_image","twitter_title":"Pr\u00e9vention routi\u00e8re : Clichy fait sa semaine - leblogmoto.com","twitter_description":"Du 15 au 20 octobre 2007 aura lieu la semaine de la pr\u00e9vention routi\u00e8re \u00e0 Clichy (Hauts-de-Seine) sous le th\u00e8me &quot;Ta ville c&rsquo;est pas un circuit&quot;. Au del\u00e0 de l&rsquo;arr\u00eat\u00e9 interdisant l&rsquo;usage de 2 roues non homologu\u00e9s sur la commune (pocket bike, quad&#8230;), la ville de Clichy souhaite mettre en place des actions de pr\u00e9vention [&hellip;]","twitter_image":"http:\/\/www.leblogmoto.com\/images\/2007\/10\/12\/news_securite_routiere_deux_roues.jpg","twitter_misc":{"\u00c9crit par":"gregory boucaud","Dur\u00e9e de lecture estim\u00e9e":"2 minutes"},"schema":{"@context":"https:\/\/schema.org","@graph":[{"@type":"WebPage","@id":"https:\/\/blogs.thesocialmedia.com\/leblogmoto\/2007\/10\/12\/prvention-routi-2\/","url":"https:\/\/blogs.thesocialmedia.com\/leblogmoto\/2007\/10\/12\/prvention-routi-2\/","name":"Pr\u00e9vention routi\u00e8re : Clichy fait sa semaine - leblogmoto.com","isPartOf":{"@id":"https:\/\/blogs.thesocialmedia.com\/leblogmoto\/#website"},"primaryImageOfPage":{"@id":"https:\/\/blogs.thesocialmedia.com\/leblogmoto\/2007\/10\/12\/prvention-routi-2\/#primaryimage"},"image":{"@id":"https:\/\/blogs.thesocialmedia.com\/leblogmoto\/2007\/10\/12\/prvention-routi-2\/#primaryimage"},"thumbnailUrl":"http:\/\/www.leblogmoto.com\/images\/2007\/10\/12\/news_securite_routiere_deux_roues.jpg","datePublished":"2007-10-12T23:09:38+00:00","dateModified":"2012-07-11T14:48:42+00:00","author":{"@id":"https:\/\/blogs.thesocialmedia.com\/leblogmoto\/#\/schema\/person\/769623f89741cc3381675029a37764f8"},"breadcrumb":{"@id":"https:\/\/blogs.thesocialmedia.com\/leblogmoto\/2007\/10\/12\/prvention-routi-2\/#breadcrumb"},"inLanguage":"fr-FR","potentialAction":[{"@type":"ReadAction","target":["https:\/\/blogs.thesocialmedia.com\/leblogmoto\/2007\/10\/12\/prvention-routi-2\/"]}]},{"@type":"ImageObject","inLanguage":"fr-FR","@id":"https:\/\/blogs.thesocialmedia.com\/leblogmoto\/2007\/10\/12\/prvention-routi-2\/#primaryimage","url":"http:\/\/www.leblogmoto.com\/images\/2007\/10\/12\/news_securite_routiere_deux_roues.jpg","contentUrl":"http:\/\/www.leblogmoto.com\/images\/2007\/10\/12\/news_securite_routiere_deux_roues.jpg"},{"@type":"BreadcrumbList","@id":"https:\/\/blogs.thesocialmedia.com\/leblogmoto\/2007\/10\/12\/prvention-routi-2\/#breadcrumb","itemListElement":[{"@type":"ListItem","position":1,"name":"Accueil","item":"https:\/\/blogs.thesocialmedia.com\/leblogmoto\/"},{"@type":"ListItem","position":2,"name":"Pr\u00e9vention routi\u00e8re : Clichy fait sa semaine"}]},{"@type":"WebSite","@id":"https:\/\/blogs.thesocialmedia.com\/leblogmoto\/#website","url":"https:\/\/blogs.thesocialmedia.com\/leblogmoto\/","name":"leblogmoto","description":"Toute l&#039;actualit\u00e9 des 2 roues","potentialAction":[{"@type":"SearchAction","target":{"@type":"EntryPoint","urlTemplate":"https:\/\/blogs.thesocialmedia.com\/leblogmoto\/?s={search_term_string}"},"query-input":{"@type":"PropertyValueSpecification","valueRequired":true,"valueName":"search_term_string"}}],"inLanguage":"fr-FR"},{"@type":"Person","@id":"https:\/\/blogs.thesocialmedia.com\/leblogmoto\/#\/schema\/person\/769623f89741cc3381675029a37764f8","name":"gregory boucaud","image":{"@type":"ImageObject","inLanguage":"fr-FR","@id":"https:\/\/blogs.thesocialmedia.com\/leblogmoto\/#\/schema\/person\/image\/","url":"https:\/\/secure.gravatar.com\/avatar\/?s=96&d=mm&r=g","contentUrl":"https:\/\/secure.gravatar.com\/avatar\/?s=96&d=mm&r=g","caption":"gregory boucaud"},"url":"https:\/\/blogs.thesocialmedia.com\/leblogmoto\/author\/gregory-boucaud\/"}]}},"_links":{"self":[{"href":"https:\/\/blogs.thesocialmedia.com\/leblogmoto\/wp-json\/wp\/v2\/posts\/1188","targetHints":{"allow":["GET"]}}],"collection":[{"href":"https:\/\/blogs.thesocialmedia.com\/leblogmoto\/wp-json\/wp\/v2\/posts"}],"about":[{"href":"https:\/\/blogs.thesocialmedia.com\/leblogmoto\/wp-json\/wp\/v2\/types\/post"}],"author":[{"embeddable":true,"href":"https:\/\/blogs.thesocialmedia.com\/leblogmoto\/wp-json\/wp\/v2\/users\/329"}],"replies":[{"embeddable":true,"href":"https:\/\/blogs.thesocialmedia.com\/leblogmoto\/wp-json\/wp\/v2\/comments?post=1188"}],"version-history":[{"count":2,"href":"https:\/\/blogs.thesocialmedia.com\/leblogmoto\/wp-json\/wp\/v2\/posts\/1188\/revisions"}],"predecessor-version":[{"id":8874,"href":"https:\/\/blogs.thesocialmedia.com\/leblogmoto\/wp-json\/wp\/v2\/posts\/1188\/revisions\/8874"}],"wp:attachment":[{"href":"https:\/\/blogs.thesocialmedia.com\/leblogmoto\/wp-json\/wp\/v2\/media?parent=1188"}],"wp:term":[{"taxonomy":"category","embeddable":true,"href":"https:\/\/blogs.thesocialmedia.com\/leblogmoto\/wp-json\/wp\/v2\/categories?post=1188"},{"taxonomy":"post_tag","embeddable":true,"href":"https:\/\/blogs.thesocialmedia.com\/leblogmoto\/wp-json\/wp\/v2\/tags?post=1188"}],"curies":[{"name":"wp","href":"https:\/\/api.w.org\/{rel}","templated":true}]}}