{"id":1189,"date":"2007-10-12T11:26:36","date_gmt":"2007-10-12T11:26:36","guid":{"rendered":"http:\/\/blogs.thesocialmedia.com\/leblogmoto\/2007\/10\/12\/video-futur-max\/"},"modified":"2012-07-11T14:48:40","modified_gmt":"2012-07-11T14:48:40","slug":"video-futur-max","status":"publish","type":"post","link":"https:\/\/blogs.thesocialmedia.com\/leblogmoto\/2007\/10\/12\/video-futur-max\/","title":{"rendered":"Vid\u00e9o : Un Maxiscooter chez Vespa ?"},"content":{"rendered":"<p><a href=\"http:\/\/blogs.thesocialmedia.com\/leblogmoto\/files\/2012\/07\/vespa_scooter.jpg\"><img loading=\"lazy\" decoding=\"async\" height=\"148\" alt=\"Vespa_scooter\" src=\"http:\/\/www.leblogmoto.com\/images\/2007\/10\/12\/vespa_scooter.jpg\" width=\"250\"  \/><\/a>Les ing\u00e9nieurs de chez <a href=\"http:\/\/blogs.thesocialmedia.com\/leblogmoto\/files\/2012\/07\/index.html_64.png\">Vespa<\/a> seraient-ils en train de pr\u00e9parer une offensive aux Yamaha <a href=\"http:\/\/www.leblogmoto.com\/2007\/10\/yamaha-tmax-200.html#more\">TMAX<\/a>, Gilera GP800 et <a href=\"http:\/\/www.leblogmoto.com\/2006\/05\/suzuki_le_burgm.html#more\">Suzuki Burgman 650<\/a> ? &#8230;. La r\u00e9ponse en vid\u00e9o avec la premi\u00e8re Vespa de 750cm3.<\/p>\n<div><embed src=\"http:\/\/www.dailymotion.com\/swf\/1eSVdBdzBNbU6dxwl\" width=\"425\" height=\"356\" type=\"application\/x-shockwave-flash\"><\/embed><\/div>\n<div><\/div>\n<div>Bon le concept n&rsquo;est pas totalement abouti : avec un moteur de 750 cm3 mont\u00e9 au lieu du moulin de 50cm3 d&rsquo;origine, le r\u00e9sultat est radical, \u00e9tonnant. <\/div>\n<div><\/div>\n<div>Ces petits bricoleurs italiens ont quand m\u00eame le merite de ne pas avoir froid aux yeux et surtout de mettre de bonne humeur. Bon vendredi \u00e0 tous.<\/div>\n<div><a href=\"http:\/\/clabedan.typepad.com\/.shared\/image.html?\/photos\/uncategorized\/2007\/10\/12\/vespa_scooter2.jpg\"><img loading=\"lazy\" decoding=\"async\" height=\"269\" alt=\"Vespa_scooter2\" src=\"http:\/\/www.leblogmoto.com\/images\/2007\/10\/12\/vespa_scooter2.jpg\" width=\"470\"  \/><\/a><\/div>\n<div><\/div>\n<div><\/div>\n<div><\/div>\n<div><\/div>\n","protected":false},"excerpt":{"rendered":"<p>Les ing\u00e9nieurs de chez Vespa seraient-ils en train de pr\u00e9parer une offensive aux Yamaha TMAX, Gilera GP800 et Suzuki Burgman 650 ? &#8230;. La r\u00e9ponse en vid\u00e9o avec la premi\u00e8re Vespa de 750cm3. Bon le concept n&rsquo;est pas totalement abouti : avec un moteur de 750 cm3 mont\u00e9 au lieu du moulin de 50cm3 d&rsquo;origine, [&hellip;]<\/p>\n","protected":false},"author":328,"featured_media":0,"comment_status":"open","ping_status":"open","sticky":false,"template":"","format":"standard","meta":{"footnotes":""},"categories":[16,17,20,12],"tags":[],"class_list":["post-1189","post","type-post","status-publish","format-standard","hentry","category-art-moto","category-divers","category-vespa","category-videos"],"yoast_head":"<!-- This site is optimized with the Yoast SEO plugin v26.0 - https:\/\/yoast.com\/wordpress\/plugins\/seo\/ -->\n<title>Vid\u00e9o : Un Maxiscooter chez Vespa ? - leblogmoto.com<\/title>\n<meta name=\"robots\" content=\"index, follow, max-snippet:-1, max-image-preview:large, max-video-preview:-1\" \/>\n<link rel=\"canonical\" href=\"https:\/\/blogs.thesocialmedia.com\/leblogmoto\/2007\/10\/12\/video-futur-max\/\" \/>\n<meta name=\"twitter:card\" content=\"summary_large_image\" \/>\n<meta name=\"twitter:title\" content=\"Vid\u00e9o : Un Maxiscooter chez Vespa ? - leblogmoto.com\" \/>\n<meta name=\"twitter:description\" content=\"Les ing\u00e9nieurs de chez Vespa seraient-ils en train de pr\u00e9parer une offensive aux Yamaha TMAX, Gilera GP800 et Suzuki Burgman 650 ? &#8230;. La r\u00e9ponse en vid\u00e9o avec la premi\u00e8re Vespa de 750cm3. Bon le concept n&rsquo;est pas totalement abouti : avec un moteur de 750 cm3 mont\u00e9 au lieu du moulin de 50cm3 d&rsquo;origine, [&hellip;]\" \/>\n<meta name=\"twitter:image\" content=\"http:\/\/www.leblogmoto.com\/images\/2007\/10\/12\/vespa_scooter.jpg\" \/>\n<meta name=\"twitter:label1\" content=\"\u00c9crit par\" \/>\n\t<meta name=\"twitter:data1\" content=\"thomas ceccaldi\" \/>\n<script type=\"application\/ld+json\" class=\"yoast-schema-graph\">{\"@context\":\"https:\/\/schema.org\",\"@graph\":[{\"@type\":\"WebPage\",\"@id\":\"https:\/\/blogs.thesocialmedia.com\/leblogmoto\/2007\/10\/12\/video-futur-max\/\",\"url\":\"https:\/\/blogs.thesocialmedia.com\/leblogmoto\/2007\/10\/12\/video-futur-max\/\",\"name\":\"Vid\u00e9o : Un Maxiscooter chez Vespa ? - leblogmoto.com\",\"isPartOf\":{\"@id\":\"https:\/\/blogs.thesocialmedia.com\/leblogmoto\/#website\"},\"primaryImageOfPage\":{\"@id\":\"https:\/\/blogs.thesocialmedia.com\/leblogmoto\/2007\/10\/12\/video-futur-max\/#primaryimage\"},\"image\":{\"@id\":\"https:\/\/blogs.thesocialmedia.com\/leblogmoto\/2007\/10\/12\/video-futur-max\/#primaryimage\"},\"thumbnailUrl\":\"http:\/\/www.leblogmoto.com\/images\/2007\/10\/12\/vespa_scooter.jpg\",\"datePublished\":\"2007-10-12T11:26:36+00:00\",\"dateModified\":\"2012-07-11T14:48:40+00:00\",\"author\":{\"@id\":\"https:\/\/blogs.thesocialmedia.com\/leblogmoto\/#\/schema\/person\/55a1b27eb27b853144bd098e110e31f7\"},\"breadcrumb\":{\"@id\":\"https:\/\/blogs.thesocialmedia.com\/leblogmoto\/2007\/10\/12\/video-futur-max\/#breadcrumb\"},\"inLanguage\":\"fr-FR\",\"potentialAction\":[{\"@type\":\"ReadAction\",\"target\":[\"https:\/\/blogs.thesocialmedia.com\/leblogmoto\/2007\/10\/12\/video-futur-max\/\"]}]},{\"@type\":\"ImageObject\",\"inLanguage\":\"fr-FR\",\"@id\":\"https:\/\/blogs.thesocialmedia.com\/leblogmoto\/2007\/10\/12\/video-futur-max\/#primaryimage\",\"url\":\"http:\/\/www.leblogmoto.com\/images\/2007\/10\/12\/vespa_scooter.jpg\",\"contentUrl\":\"http:\/\/www.leblogmoto.com\/images\/2007\/10\/12\/vespa_scooter.jpg\"},{\"@type\":\"BreadcrumbList\",\"@id\":\"https:\/\/blogs.thesocialmedia.com\/leblogmoto\/2007\/10\/12\/video-futur-max\/#breadcrumb\",\"itemListElement\":[{\"@type\":\"ListItem\",\"position\":1,\"name\":\"Accueil\",\"item\":\"https:\/\/blogs.thesocialmedia.com\/leblogmoto\/\"},{\"@type\":\"ListItem\",\"position\":2,\"name\":\"Vid\u00e9o : Un Maxiscooter chez Vespa ?\"}]},{\"@type\":\"WebSite\",\"@id\":\"https:\/\/blogs.thesocialmedia.com\/leblogmoto\/#website\",\"url\":\"https:\/\/blogs.thesocialmedia.com\/leblogmoto\/\",\"name\":\"leblogmoto\",\"description\":\"Toute l&#039;actualit\u00e9 des 2 roues\",\"potentialAction\":[{\"@type\":\"SearchAction\",\"target\":{\"@type\":\"EntryPoint\",\"urlTemplate\":\"https:\/\/blogs.thesocialmedia.com\/leblogmoto\/?s={search_term_string}\"},\"query-input\":{\"@type\":\"PropertyValueSpecification\",\"valueRequired\":true,\"valueName\":\"search_term_string\"}}],\"inLanguage\":\"fr-FR\"},{\"@type\":\"Person\",\"@id\":\"https:\/\/blogs.thesocialmedia.com\/leblogmoto\/#\/schema\/person\/55a1b27eb27b853144bd098e110e31f7\",\"name\":\"thomas ceccaldi\",\"image\":{\"@type\":\"ImageObject\",\"inLanguage\":\"fr-FR\",\"@id\":\"https:\/\/blogs.thesocialmedia.com\/leblogmoto\/#\/schema\/person\/image\/\",\"url\":\"https:\/\/secure.gravatar.com\/avatar\/?s=96&d=mm&r=g\",\"contentUrl\":\"https:\/\/secure.gravatar.com\/avatar\/?s=96&d=mm&r=g\",\"caption\":\"thomas ceccaldi\"},\"url\":\"https:\/\/blogs.thesocialmedia.com\/leblogmoto\/author\/thomas-ceccaldi\/\"}]}<\/script>\n<!-- \/ Yoast SEO plugin. -->","yoast_head_json":{"title":"Vid\u00e9o : Un Maxiscooter chez Vespa ? - leblogmoto.com","robots":{"index":"index","follow":"follow","max-snippet":"max-snippet:-1","max-image-preview":"max-image-preview:large","max-video-preview":"max-video-preview:-1"},"canonical":"https:\/\/blogs.thesocialmedia.com\/leblogmoto\/2007\/10\/12\/video-futur-max\/","twitter_card":"summary_large_image","twitter_title":"Vid\u00e9o : Un Maxiscooter chez Vespa ? - leblogmoto.com","twitter_description":"Les ing\u00e9nieurs de chez Vespa seraient-ils en train de pr\u00e9parer une offensive aux Yamaha TMAX, Gilera GP800 et Suzuki Burgman 650 ? &#8230;. La r\u00e9ponse en vid\u00e9o avec la premi\u00e8re Vespa de 750cm3. Bon le concept n&rsquo;est pas totalement abouti : avec un moteur de 750 cm3 mont\u00e9 au lieu du moulin de 50cm3 d&rsquo;origine, [&hellip;]","twitter_image":"http:\/\/www.leblogmoto.com\/images\/2007\/10\/12\/vespa_scooter.jpg","twitter_misc":{"\u00c9crit par":"thomas ceccaldi"},"schema":{"@context":"https:\/\/schema.org","@graph":[{"@type":"WebPage","@id":"https:\/\/blogs.thesocialmedia.com\/leblogmoto\/2007\/10\/12\/video-futur-max\/","url":"https:\/\/blogs.thesocialmedia.com\/leblogmoto\/2007\/10\/12\/video-futur-max\/","name":"Vid\u00e9o : Un Maxiscooter chez Vespa ? - leblogmoto.com","isPartOf":{"@id":"https:\/\/blogs.thesocialmedia.com\/leblogmoto\/#website"},"primaryImageOfPage":{"@id":"https:\/\/blogs.thesocialmedia.com\/leblogmoto\/2007\/10\/12\/video-futur-max\/#primaryimage"},"image":{"@id":"https:\/\/blogs.thesocialmedia.com\/leblogmoto\/2007\/10\/12\/video-futur-max\/#primaryimage"},"thumbnailUrl":"http:\/\/www.leblogmoto.com\/images\/2007\/10\/12\/vespa_scooter.jpg","datePublished":"2007-10-12T11:26:36+00:00","dateModified":"2012-07-11T14:48:40+00:00","author":{"@id":"https:\/\/blogs.thesocialmedia.com\/leblogmoto\/#\/schema\/person\/55a1b27eb27b853144bd098e110e31f7"},"breadcrumb":{"@id":"https:\/\/blogs.thesocialmedia.com\/leblogmoto\/2007\/10\/12\/video-futur-max\/#breadcrumb"},"inLanguage":"fr-FR","potentialAction":[{"@type":"ReadAction","target":["https:\/\/blogs.thesocialmedia.com\/leblogmoto\/2007\/10\/12\/video-futur-max\/"]}]},{"@type":"ImageObject","inLanguage":"fr-FR","@id":"https:\/\/blogs.thesocialmedia.com\/leblogmoto\/2007\/10\/12\/video-futur-max\/#primaryimage","url":"http:\/\/www.leblogmoto.com\/images\/2007\/10\/12\/vespa_scooter.jpg","contentUrl":"http:\/\/www.leblogmoto.com\/images\/2007\/10\/12\/vespa_scooter.jpg"},{"@type":"BreadcrumbList","@id":"https:\/\/blogs.thesocialmedia.com\/leblogmoto\/2007\/10\/12\/video-futur-max\/#breadcrumb","itemListElement":[{"@type":"ListItem","position":1,"name":"Accueil","item":"https:\/\/blogs.thesocialmedia.com\/leblogmoto\/"},{"@type":"ListItem","position":2,"name":"Vid\u00e9o : Un Maxiscooter chez Vespa ?"}]},{"@type":"WebSite","@id":"https:\/\/blogs.thesocialmedia.com\/leblogmoto\/#website","url":"https:\/\/blogs.thesocialmedia.com\/leblogmoto\/","name":"leblogmoto","description":"Toute l&#039;actualit\u00e9 des 2 roues","potentialAction":[{"@type":"SearchAction","target":{"@type":"EntryPoint","urlTemplate":"https:\/\/blogs.thesocialmedia.com\/leblogmoto\/?s={search_term_string}"},"query-input":{"@type":"PropertyValueSpecification","valueRequired":true,"valueName":"search_term_string"}}],"inLanguage":"fr-FR"},{"@type":"Person","@id":"https:\/\/blogs.thesocialmedia.com\/leblogmoto\/#\/schema\/person\/55a1b27eb27b853144bd098e110e31f7","name":"thomas ceccaldi","image":{"@type":"ImageObject","inLanguage":"fr-FR","@id":"https:\/\/blogs.thesocialmedia.com\/leblogmoto\/#\/schema\/person\/image\/","url":"https:\/\/secure.gravatar.com\/avatar\/?s=96&d=mm&r=g","contentUrl":"https:\/\/secure.gravatar.com\/avatar\/?s=96&d=mm&r=g","caption":"thomas ceccaldi"},"url":"https:\/\/blogs.thesocialmedia.com\/leblogmoto\/author\/thomas-ceccaldi\/"}]}},"_links":{"self":[{"href":"https:\/\/blogs.thesocialmedia.com\/leblogmoto\/wp-json\/wp\/v2\/posts\/1189","targetHints":{"allow":["GET"]}}],"collection":[{"href":"https:\/\/blogs.thesocialmedia.com\/leblogmoto\/wp-json\/wp\/v2\/posts"}],"about":[{"href":"https:\/\/blogs.thesocialmedia.com\/leblogmoto\/wp-json\/wp\/v2\/types\/post"}],"author":[{"embeddable":true,"href":"https:\/\/blogs.thesocialmedia.com\/leblogmoto\/wp-json\/wp\/v2\/users\/328"}],"replies":[{"embeddable":true,"href":"https:\/\/blogs.thesocialmedia.com\/leblogmoto\/wp-json\/wp\/v2\/comments?post=1189"}],"version-history":[{"count":2,"href":"https:\/\/blogs.thesocialmedia.com\/leblogmoto\/wp-json\/wp\/v2\/posts\/1189\/revisions"}],"predecessor-version":[{"id":8872,"href":"https:\/\/blogs.thesocialmedia.com\/leblogmoto\/wp-json\/wp\/v2\/posts\/1189\/revisions\/8872"}],"wp:attachment":[{"href":"https:\/\/blogs.thesocialmedia.com\/leblogmoto\/wp-json\/wp\/v2\/media?parent=1189"}],"wp:term":[{"taxonomy":"category","embeddable":true,"href":"https:\/\/blogs.thesocialmedia.com\/leblogmoto\/wp-json\/wp\/v2\/categories?post=1189"},{"taxonomy":"post_tag","embeddable":true,"href":"https:\/\/blogs.thesocialmedia.com\/leblogmoto\/wp-json\/wp\/v2\/tags?post=1189"}],"curies":[{"name":"wp","href":"https:\/\/api.w.org\/{rel}","templated":true}]}}