{"id":1192,"date":"2007-10-11T18:36:41","date_gmt":"2007-10-11T18:36:41","guid":{"rendered":"http:\/\/blogs.thesocialmedia.com\/leblogmoto\/2007\/10\/11\/charpentier-rac\/"},"modified":"2012-07-11T14:48:32","modified_gmt":"2012-07-11T14:48:32","slug":"charpentier-rac","status":"publish","type":"post","link":"https:\/\/blogs.thesocialmedia.com\/leblogmoto\/2007\/10\/11\/charpentier-rac\/","title":{"rendered":"Double champion Supersport, Charpentier raccroche"},"content":{"rendered":"<p><a href=\"http:\/\/blogs.thesocialmedia.com\/leblogmoto\/files\/2012\/07\/charpentier_close_up_honda_tkr_te_2.jpg\"><img loading=\"lazy\" decoding=\"async\" width=\"470\" height=\"309\"  alt=\"Charpentier_close_up_honda_tkr_te_2\" src=\"http:\/\/www.leblogmoto.com\/images\/2007\/10\/10\/charpentier_close_up_honda_tkr_te_2.jpg\" \/><\/a><\/p>\n<p>A 34 ans*, S\u00e9bastien Charpentier, le plus injustement m\u00e9connu de nos surdou\u00e9s pilotes (oui pire, dans le style, que S\u00e9bastien Bourdais), a d\u00e9cid\u00e9 qu&rsquo;il ne s&rsquo;engagerait pas pour un nouveau Mondial de Supersport, alors pourtant qu&rsquo;il disait avoir sign\u00e9 avec le team Honda Althea en vue des saisons 2008 et 2009. Il est photographi\u00e9 ici, entre la Honda 52 de James Toseland et la 54 de son co\u00e9quipier et nouveau roi de la cat\u00e9gorie, le Turc Kenan Sofuoglu. Retour sur une carri\u00e8re exceptionnelle&#8230; <\/p>\n<p>On peut \u00e9grener son palmar\u00e8s, des lauriers que la quasi-totalit\u00e9 d&rsquo;entre nous ne peuvent m\u00eame pas caresser en r\u00eave, mais l\u00e0 seule question qui vous \u00e9treint \u00e0 la r\u00e9daction de l&rsquo;article est &quot;Par o\u00f9 vais-je commencer ?&quot;  <\/p>\n<p>C&rsquo;est qu&rsquo;il y aurait de quoi \u00e9crire, de sa premi\u00e8re victoire \u00e0 Pau Arnos en 1992, jusqu&rsquo;au sommet de la cat\u00e9gorie Supersport, qu&rsquo;il dominera en \u00e9tant le seul pilote \u00e0 y \u00eatre couronn\u00e9 deux fois**. Dans l&rsquo;intervalle il \u00e9crasa en 1996 la pourtant tr\u00e8s disput\u00e9e Honda CB 500 Cup France en y remportant sept des huit courses, et fut vainqueur des 24 heures du Mans et troisi\u00e8me au Bol d&rsquo;Or en 2000.<\/p>\n<p>Au rayon de ces clins d&rsquo;oeil que vous adresse parfois le destin, on citera \u00e9galement sa victoire \u00e0 Brand Hatch en European Supersport Championship, conclue en prenant le dessus sur un certain James Toseland.<\/p>\n<p><a href=\"http:\/\/blogs.thesocialmedia.com\/leblogmoto\/files\/2012\/07\/winston_ten_kate_honda_charpentie_2.jpg\"><img loading=\"lazy\" decoding=\"async\" width=\"469\" height=\"312\"  src=\"http:\/\/www.leblogmoto.com\/images\/2007\/10\/11\/winston_ten_kate_honda_charpentie_2.jpg\" alt=\"Winston_ten_kate_honda_charpentie_2\" \/><\/a> <\/p>\n<p>En 2005 il devient champion en World Supersport au sein du Winston Ten Kate Honda Racing (voir ces photos au moment de son couronnement \u00e0 Assen) et devient le troisi\u00e8me champion fran\u00e7ais de la discipline apr\u00e8s Chambon en 1999 et Foret en 2002. <\/p>\n<p>Il remet le couvert en 2006 chez Hannspree Ten Kate Honda, ceci dans des conditions particuli\u00e8rement difficiles en coiffant aux points l&rsquo;Australien Curtain, apr\u00e8s s&rsquo;\u00eatre bless\u00e9 \u00e0 Brno et une participation d\u00e9sastreuse au Lausitzring (abandon apr\u00e8s s&rsquo;\u00eatre retrouv\u00e9 coinc\u00e9 au milieu d&rsquo;une barri\u00e8re de pneus, et s&rsquo;\u00eatre cass\u00e9 un doigt dans l&rsquo;op\u00e9ration). <\/p>\n<p>Tout au plus peut on lui reprocher de ne pas trop avoir su se vendre aux m\u00e9dias, l&rsquo;annonce de sa retraite est en ce sens assez r\u00e9v\u00e9latrice. Au moment o\u00f9 les d\u00e9cisions des pilotes sont annonc\u00e9es sur leurs sites perso ou sur les sites sp\u00e9cialis\u00e9s et prestigieux, on remarquera sa communication pour le moins d\u00e9cal\u00e9e et hors des nouveaux canaux modernes &#8211; quels que soient les liens qui le lient \u00e0 ce quotidien &#8211; puisqu&rsquo;il annon\u00e7a sa d\u00e9cision hier dans&#8230; <em>La Charente Libre, <\/em>un peu avant<em> Moto-Journal.<\/em><\/p>\n<p>Tr\u00e8s appr\u00e9ci\u00e9 des autres pilotes, il \u00e9tait connu pour ses interventions lors des <em>paddock parties <\/em>o\u00f9 ce fan de House (music) aimait \u00e0 jouer les DJ, mais une certaine lassitude de la comp\u00e9tition se faisait sentir. <\/p>\n<p>Il d\u00e9clarait au quotidien sus-cit\u00e9: &quot;Il faut \u00eatre \u00e0 100%, mentalement et physiquement pour gagner des courses. L\u00e0 je ne le suis plus et \u00e7a ne m&rsquo;int\u00e9resse pas de finir 7\u00e8me ou 8\u00e8me \u00e0 chaque course&quot;. Tandis que dans les raisons invoqu\u00e9s lors de l&rsquo;interview de Moto-Journal, ce jeune p\u00e8re annon\u00e7ait ne plus pouvoir supporter la pression de la course. <\/p>\n<p><a href=\"http:\/\/blogs.thesocialmedia.com\/leblogmoto\/files\/2012\/07\/sbastien_charpentier_2005_assen_2.jpg\"><img loading=\"lazy\" decoding=\"async\" width=\"469\" height=\"312\"  src=\"http:\/\/www.leblogmoto.com\/images\/2007\/10\/11\/sbastien_charpentier_2005_assen_2.jpg\" alt=\"Sbastien_charpentier_2005_assen_2\" \/><\/a> <\/p>\n<p>C&rsquo;est donc apr\u00e8s la derni\u00e8re \u00e9preuve, sur son circuit pr\u00e9f\u00e9r\u00e9 de Nevers Magny-Cours, car c&rsquo;est l\u00e0 dit-il qu&rsquo;il peut &quot;sentir tout l&rsquo;amour de ses supporters&quot;*** (et o\u00f9 il y a remport\u00e9 un second titre inesp\u00e9r\u00e9 en 2006), qu&rsquo;il a d\u00e9cid\u00e9 de se retirer, apr\u00e8s ce qui reste une saison blanche pour lui, puisqu&rsquo;il n&rsquo;a donc remport\u00e9 aucune victoire, ni termin\u00e9 sur aucun podium et se retrouve \u00e0 la 11\u00e8me place du classement final.<\/p>\n<p>Pilote de tr\u00e8s grande valeur, son retrait de la comp\u00e9tition laisse un grand vide dans sa cat\u00e9gorie et au-del\u00e0, malgr\u00e9 tout le talent de Fabien Foret.<\/p>\n<p> Sans m\u00e9chancet\u00e9 aucune, on me pardonnera j&rsquo;esp\u00e8re de ne pas avoir fait de parall\u00e8le dans cet article avec la retraite d&rsquo;Olivier Jacque cette m\u00eame ann\u00e9e. A mes yeux, \u00e0 part le formidable final de la saison 2000 face \u00e0 Nakano, ce n&rsquo;est pas du tout le m\u00eame gabarit, ni la m\u00eame \u00e9toffe. <\/p>\n<p>A ce sujet, s&rsquo;il y a des wikipedien(ne)s parmi vous, vous pouvez vous atteler si vous le souhaitez \u00e0 la r\u00e9daction d&rsquo;un article sur Seb: c&rsquo;est simple (et incompr\u00e9hensible), il n&rsquo;y en a pas. Il me semblait que le Wiki de Wikipedia signifiait &quot;rapide&quot; en Hawa\u00efen, non !? Je vous charie gentiment hein&#8230;<\/p>\n<p><em>*N\u00e9 le 26 Mars 1973 \u00e0 La Rochefoucauld.<br \/><\/em><\/p>\n<p><em>**Malgr\u00e9 tout le prestige \u00e0 attribuer aux capacit\u00e9s hors normes de S\u00e9bastien Charpentier, il est vrai que l&rsquo;absence d&rsquo;autres pilotes multi-titr\u00e9s r\u00e9sulte aussi du turn-over qu&rsquo;il y a en Supersport.<br \/><\/em><\/p>\n<p><em>***&quot;I like every track we use in the season but surely Magny-Cours is special to me, because I can feel the love of my supporters&quot;.<\/em><\/p>\n","protected":false},"excerpt":{"rendered":"<p>A 34 ans*, S\u00e9bastien Charpentier, le plus injustement m\u00e9connu de nos surdou\u00e9s pilotes (oui pire, dans le style, que S\u00e9bastien Bourdais), a d\u00e9cid\u00e9 qu&rsquo;il ne s&rsquo;engagerait pas pour un nouveau Mondial de Supersport, alors pourtant qu&rsquo;il disait avoir sign\u00e9 avec le team Honda Althea en vue des saisons 2008 et 2009. Il est photographi\u00e9 ici, [&hellip;]<\/p>\n","protected":false},"author":324,"featured_media":0,"comment_status":"open","ping_status":"open","sticky":false,"template":"","format":"standard","meta":{"footnotes":""},"categories":[3,14,32],"tags":[],"class_list":["post-1192","post","type-post","status-publish","format-standard","hentry","category-actualite","category-honda","category-sport-moto"],"yoast_head":"<!-- This site is optimized with the Yoast SEO plugin v26.0 - https:\/\/yoast.com\/wordpress\/plugins\/seo\/ -->\n<title>Double champion Supersport, Charpentier raccroche - leblogmoto.com<\/title>\n<meta name=\"robots\" content=\"index, follow, max-snippet:-1, max-image-preview:large, max-video-preview:-1\" \/>\n<link rel=\"canonical\" href=\"https:\/\/blogs.thesocialmedia.com\/leblogmoto\/2007\/10\/11\/charpentier-rac\/\" \/>\n<meta name=\"twitter:card\" content=\"summary_large_image\" \/>\n<meta name=\"twitter:title\" content=\"Double champion Supersport, Charpentier raccroche - leblogmoto.com\" \/>\n<meta name=\"twitter:description\" content=\"A 34 ans*, S\u00e9bastien Charpentier, le plus injustement m\u00e9connu de nos surdou\u00e9s pilotes (oui pire, dans le style, que S\u00e9bastien Bourdais), a d\u00e9cid\u00e9 qu&rsquo;il ne s&rsquo;engagerait pas pour un nouveau Mondial de Supersport, alors pourtant qu&rsquo;il disait avoir sign\u00e9 avec le team Honda Althea en vue des saisons 2008 et 2009. Il est photographi\u00e9 ici, [&hellip;]\" \/>\n<meta name=\"twitter:image\" content=\"http:\/\/www.leblogmoto.com\/images\/2007\/10\/10\/charpentier_close_up_honda_tkr_te_2.jpg\" \/>\n<meta name=\"twitter:label1\" content=\"\u00c9crit par\" \/>\n\t<meta name=\"twitter:data1\" content=\"benoit rieu\" \/>\n\t<meta name=\"twitter:label2\" content=\"Dur\u00e9e de lecture estim\u00e9e\" \/>\n\t<meta name=\"twitter:data2\" content=\"4 minutes\" \/>\n<script type=\"application\/ld+json\" class=\"yoast-schema-graph\">{\"@context\":\"https:\/\/schema.org\",\"@graph\":[{\"@type\":\"WebPage\",\"@id\":\"https:\/\/blogs.thesocialmedia.com\/leblogmoto\/2007\/10\/11\/charpentier-rac\/\",\"url\":\"https:\/\/blogs.thesocialmedia.com\/leblogmoto\/2007\/10\/11\/charpentier-rac\/\",\"name\":\"Double champion Supersport, Charpentier raccroche - leblogmoto.com\",\"isPartOf\":{\"@id\":\"https:\/\/blogs.thesocialmedia.com\/leblogmoto\/#website\"},\"primaryImageOfPage\":{\"@id\":\"https:\/\/blogs.thesocialmedia.com\/leblogmoto\/2007\/10\/11\/charpentier-rac\/#primaryimage\"},\"image\":{\"@id\":\"https:\/\/blogs.thesocialmedia.com\/leblogmoto\/2007\/10\/11\/charpentier-rac\/#primaryimage\"},\"thumbnailUrl\":\"http:\/\/www.leblogmoto.com\/images\/2007\/10\/10\/charpentier_close_up_honda_tkr_te_2.jpg\",\"datePublished\":\"2007-10-11T18:36:41+00:00\",\"dateModified\":\"2012-07-11T14:48:32+00:00\",\"author\":{\"@id\":\"https:\/\/blogs.thesocialmedia.com\/leblogmoto\/#\/schema\/person\/18bfe773e5725ed6d24f743da805362a\"},\"breadcrumb\":{\"@id\":\"https:\/\/blogs.thesocialmedia.com\/leblogmoto\/2007\/10\/11\/charpentier-rac\/#breadcrumb\"},\"inLanguage\":\"fr-FR\",\"potentialAction\":[{\"@type\":\"ReadAction\",\"target\":[\"https:\/\/blogs.thesocialmedia.com\/leblogmoto\/2007\/10\/11\/charpentier-rac\/\"]}]},{\"@type\":\"ImageObject\",\"inLanguage\":\"fr-FR\",\"@id\":\"https:\/\/blogs.thesocialmedia.com\/leblogmoto\/2007\/10\/11\/charpentier-rac\/#primaryimage\",\"url\":\"http:\/\/www.leblogmoto.com\/images\/2007\/10\/10\/charpentier_close_up_honda_tkr_te_2.jpg\",\"contentUrl\":\"http:\/\/www.leblogmoto.com\/images\/2007\/10\/10\/charpentier_close_up_honda_tkr_te_2.jpg\"},{\"@type\":\"BreadcrumbList\",\"@id\":\"https:\/\/blogs.thesocialmedia.com\/leblogmoto\/2007\/10\/11\/charpentier-rac\/#breadcrumb\",\"itemListElement\":[{\"@type\":\"ListItem\",\"position\":1,\"name\":\"Accueil\",\"item\":\"https:\/\/blogs.thesocialmedia.com\/leblogmoto\/\"},{\"@type\":\"ListItem\",\"position\":2,\"name\":\"Double champion Supersport, Charpentier raccroche\"}]},{\"@type\":\"WebSite\",\"@id\":\"https:\/\/blogs.thesocialmedia.com\/leblogmoto\/#website\",\"url\":\"https:\/\/blogs.thesocialmedia.com\/leblogmoto\/\",\"name\":\"leblogmoto\",\"description\":\"Toute l&#039;actualit\u00e9 des 2 roues\",\"potentialAction\":[{\"@type\":\"SearchAction\",\"target\":{\"@type\":\"EntryPoint\",\"urlTemplate\":\"https:\/\/blogs.thesocialmedia.com\/leblogmoto\/?s={search_term_string}\"},\"query-input\":{\"@type\":\"PropertyValueSpecification\",\"valueRequired\":true,\"valueName\":\"search_term_string\"}}],\"inLanguage\":\"fr-FR\"},{\"@type\":\"Person\",\"@id\":\"https:\/\/blogs.thesocialmedia.com\/leblogmoto\/#\/schema\/person\/18bfe773e5725ed6d24f743da805362a\",\"name\":\"benoit rieu\",\"image\":{\"@type\":\"ImageObject\",\"inLanguage\":\"fr-FR\",\"@id\":\"https:\/\/blogs.thesocialmedia.com\/leblogmoto\/#\/schema\/person\/image\/\",\"url\":\"https:\/\/secure.gravatar.com\/avatar\/?s=96&d=mm&r=g\",\"contentUrl\":\"https:\/\/secure.gravatar.com\/avatar\/?s=96&d=mm&r=g\",\"caption\":\"benoit rieu\"},\"url\":\"https:\/\/blogs.thesocialmedia.com\/leblogmoto\/author\/benoit-rieu\/\"}]}<\/script>\n<!-- \/ Yoast SEO plugin. -->","yoast_head_json":{"title":"Double champion Supersport, Charpentier raccroche - leblogmoto.com","robots":{"index":"index","follow":"follow","max-snippet":"max-snippet:-1","max-image-preview":"max-image-preview:large","max-video-preview":"max-video-preview:-1"},"canonical":"https:\/\/blogs.thesocialmedia.com\/leblogmoto\/2007\/10\/11\/charpentier-rac\/","twitter_card":"summary_large_image","twitter_title":"Double champion Supersport, Charpentier raccroche - leblogmoto.com","twitter_description":"A 34 ans*, S\u00e9bastien Charpentier, le plus injustement m\u00e9connu de nos surdou\u00e9s pilotes (oui pire, dans le style, que S\u00e9bastien Bourdais), a d\u00e9cid\u00e9 qu&rsquo;il ne s&rsquo;engagerait pas pour un nouveau Mondial de Supersport, alors pourtant qu&rsquo;il disait avoir sign\u00e9 avec le team Honda Althea en vue des saisons 2008 et 2009. Il est photographi\u00e9 ici, [&hellip;]","twitter_image":"http:\/\/www.leblogmoto.com\/images\/2007\/10\/10\/charpentier_close_up_honda_tkr_te_2.jpg","twitter_misc":{"\u00c9crit par":"benoit rieu","Dur\u00e9e de lecture estim\u00e9e":"4 minutes"},"schema":{"@context":"https:\/\/schema.org","@graph":[{"@type":"WebPage","@id":"https:\/\/blogs.thesocialmedia.com\/leblogmoto\/2007\/10\/11\/charpentier-rac\/","url":"https:\/\/blogs.thesocialmedia.com\/leblogmoto\/2007\/10\/11\/charpentier-rac\/","name":"Double champion Supersport, Charpentier raccroche - leblogmoto.com","isPartOf":{"@id":"https:\/\/blogs.thesocialmedia.com\/leblogmoto\/#website"},"primaryImageOfPage":{"@id":"https:\/\/blogs.thesocialmedia.com\/leblogmoto\/2007\/10\/11\/charpentier-rac\/#primaryimage"},"image":{"@id":"https:\/\/blogs.thesocialmedia.com\/leblogmoto\/2007\/10\/11\/charpentier-rac\/#primaryimage"},"thumbnailUrl":"http:\/\/www.leblogmoto.com\/images\/2007\/10\/10\/charpentier_close_up_honda_tkr_te_2.jpg","datePublished":"2007-10-11T18:36:41+00:00","dateModified":"2012-07-11T14:48:32+00:00","author":{"@id":"https:\/\/blogs.thesocialmedia.com\/leblogmoto\/#\/schema\/person\/18bfe773e5725ed6d24f743da805362a"},"breadcrumb":{"@id":"https:\/\/blogs.thesocialmedia.com\/leblogmoto\/2007\/10\/11\/charpentier-rac\/#breadcrumb"},"inLanguage":"fr-FR","potentialAction":[{"@type":"ReadAction","target":["https:\/\/blogs.thesocialmedia.com\/leblogmoto\/2007\/10\/11\/charpentier-rac\/"]}]},{"@type":"ImageObject","inLanguage":"fr-FR","@id":"https:\/\/blogs.thesocialmedia.com\/leblogmoto\/2007\/10\/11\/charpentier-rac\/#primaryimage","url":"http:\/\/www.leblogmoto.com\/images\/2007\/10\/10\/charpentier_close_up_honda_tkr_te_2.jpg","contentUrl":"http:\/\/www.leblogmoto.com\/images\/2007\/10\/10\/charpentier_close_up_honda_tkr_te_2.jpg"},{"@type":"BreadcrumbList","@id":"https:\/\/blogs.thesocialmedia.com\/leblogmoto\/2007\/10\/11\/charpentier-rac\/#breadcrumb","itemListElement":[{"@type":"ListItem","position":1,"name":"Accueil","item":"https:\/\/blogs.thesocialmedia.com\/leblogmoto\/"},{"@type":"ListItem","position":2,"name":"Double champion Supersport, Charpentier raccroche"}]},{"@type":"WebSite","@id":"https:\/\/blogs.thesocialmedia.com\/leblogmoto\/#website","url":"https:\/\/blogs.thesocialmedia.com\/leblogmoto\/","name":"leblogmoto","description":"Toute l&#039;actualit\u00e9 des 2 roues","potentialAction":[{"@type":"SearchAction","target":{"@type":"EntryPoint","urlTemplate":"https:\/\/blogs.thesocialmedia.com\/leblogmoto\/?s={search_term_string}"},"query-input":{"@type":"PropertyValueSpecification","valueRequired":true,"valueName":"search_term_string"}}],"inLanguage":"fr-FR"},{"@type":"Person","@id":"https:\/\/blogs.thesocialmedia.com\/leblogmoto\/#\/schema\/person\/18bfe773e5725ed6d24f743da805362a","name":"benoit rieu","image":{"@type":"ImageObject","inLanguage":"fr-FR","@id":"https:\/\/blogs.thesocialmedia.com\/leblogmoto\/#\/schema\/person\/image\/","url":"https:\/\/secure.gravatar.com\/avatar\/?s=96&d=mm&r=g","contentUrl":"https:\/\/secure.gravatar.com\/avatar\/?s=96&d=mm&r=g","caption":"benoit rieu"},"url":"https:\/\/blogs.thesocialmedia.com\/leblogmoto\/author\/benoit-rieu\/"}]}},"_links":{"self":[{"href":"https:\/\/blogs.thesocialmedia.com\/leblogmoto\/wp-json\/wp\/v2\/posts\/1192","targetHints":{"allow":["GET"]}}],"collection":[{"href":"https:\/\/blogs.thesocialmedia.com\/leblogmoto\/wp-json\/wp\/v2\/posts"}],"about":[{"href":"https:\/\/blogs.thesocialmedia.com\/leblogmoto\/wp-json\/wp\/v2\/types\/post"}],"author":[{"embeddable":true,"href":"https:\/\/blogs.thesocialmedia.com\/leblogmoto\/wp-json\/wp\/v2\/users\/324"}],"replies":[{"embeddable":true,"href":"https:\/\/blogs.thesocialmedia.com\/leblogmoto\/wp-json\/wp\/v2\/comments?post=1192"}],"version-history":[{"count":2,"href":"https:\/\/blogs.thesocialmedia.com\/leblogmoto\/wp-json\/wp\/v2\/posts\/1192\/revisions"}],"predecessor-version":[{"id":8864,"href":"https:\/\/blogs.thesocialmedia.com\/leblogmoto\/wp-json\/wp\/v2\/posts\/1192\/revisions\/8864"}],"wp:attachment":[{"href":"https:\/\/blogs.thesocialmedia.com\/leblogmoto\/wp-json\/wp\/v2\/media?parent=1192"}],"wp:term":[{"taxonomy":"category","embeddable":true,"href":"https:\/\/blogs.thesocialmedia.com\/leblogmoto\/wp-json\/wp\/v2\/categories?post=1192"},{"taxonomy":"post_tag","embeddable":true,"href":"https:\/\/blogs.thesocialmedia.com\/leblogmoto\/wp-json\/wp\/v2\/tags?post=1192"}],"curies":[{"name":"wp","href":"https:\/\/api.w.org\/{rel}","templated":true}]}}