{"id":12,"date":"2009-12-12T20:37:50","date_gmt":"2009-12-12T18:37:50","guid":{"rendered":"http:\/\/blogs.thesocialmedia.com\/leblogmoto\/2009\/12\/12\/les-minsk-du-vietnam\/"},"modified":"2012-07-19T22:41:00","modified_gmt":"2012-07-19T20:41:00","slug":"les-minsk-du-vietnam","status":"publish","type":"post","link":"https:\/\/blogs.thesocialmedia.com\/leblogmoto\/2009\/12\/12\/les-minsk-du-vietnam\/","title":{"rendered":"Les Minsk du Vietnam"},"content":{"rendered":"<p><a href=\"http:\/\/blogs.thesocialmedia.com\/leblogmoto\/files\/2012\/07\/6a00d83451b18369e20128764b312e970c-popup.png\"><img decoding=\"async\" alt=\"Minsk\" class=\"asset asset-image at-xid-6a00d83451b18369e20128764b312e970c \" src=\"http:\/\/blogs.thesocialmedia.com\/leblogmoto\/files\/2012\/07\/6a00d83451b18369e20128764b312e970c-500wi.jpg\" style=\"width: 470px\" \/><\/a>  <\/p>\n<p>Ah! les plaisirs d\u00e9mod\u00e9s d&#039;une moto simple. C&#039;est d&#039;une autre \u00e9poque o\u00f9 les machines \u00e9taient humbles comme ces Minsk vietnamiennes. N\u00e9es allemandes (<a href=\"http:\/\/blogs.thesocialmedia.com\/leblogmoto\/files\/2012\/07\/moskva-m1a.html_.png\">son histoire ici<\/a>), fabriqu\u00e9es \u00e0 Minsk en Russie apr\u00e8s la Seconde Guerre mondiale, elles se sont retrouv\u00e9es au Vietnam, communisme aidant, o\u00f9 elles font toujours le bonheur de leurs propri\u00e9taires.<br \/>Photos de <a href=\"http:\/\/www.photoshelter.com\/c\/julianwainwright\">Julian Abram Wainwright<\/a>.<\/p>\n<p><a href=\"http:\/\/clabedan.typepad.com\/.a\/6a00d83451b18369e20128764b341c970c-popup\"><img decoding=\"async\" alt=\"Minsk8\" class=\"asset asset-image at-xid-6a00d83451b18369e20128764b341c970c \" src=\"http:\/\/blogs.thesocialmedia.com\/leblogmoto\/files\/2012\/07\/6a00d83451b18369e20128764b341c970c-500wi.jpg\" style=\"width: 470px\" \/><\/a> <\/p>\n<p><a href=\"http:\/\/blogs.thesocialmedia.com\/leblogmoto\/files\/2012\/07\/6a00d83451b18369e20128764b33f5970c-popup.png\"><img decoding=\"async\" alt=\"Minsk7\" class=\"asset asset-image at-xid-6a00d83451b18369e20128764b33f5970c \" src=\"http:\/\/blogs.thesocialmedia.com\/leblogmoto\/files\/2012\/07\/6a00d83451b18369e20128764b33f5970c-500wi.jpg\" style=\"width: 470px\" \/><\/a> <\/p>\n<p><a href=\"http:\/\/blogs.thesocialmedia.com\/leblogmoto\/files\/2012\/07\/6a00d83451b18369e20120a7483f2a970b-popup.png\"><img decoding=\"async\" alt=\"Minsk6\" class=\"asset asset-image at-xid-6a00d83451b18369e20120a7483f2a970b \" src=\"http:\/\/blogs.thesocialmedia.com\/leblogmoto\/files\/2012\/07\/6a00d83451b18369e20120a7483f2a970b-500wi.jpg\" style=\"width: 470px\" \/><\/a> <\/p>\n<p><a href=\"http:\/\/blogs.thesocialmedia.com\/leblogmoto\/files\/2012\/07\/6a00d83451b18369e20128764b333e970c-popup.png\"><img decoding=\"async\" alt=\"Minsk5\" class=\"asset asset-image at-xid-6a00d83451b18369e20128764b333e970c \" src=\"http:\/\/blogs.thesocialmedia.com\/leblogmoto\/files\/2012\/07\/6a00d83451b18369e20128764b333e970c-500wi.jpg\" style=\"width: 470px\" \/><\/a> <\/p>\n<p><a href=\"http:\/\/blogs.thesocialmedia.com\/leblogmoto\/files\/2012\/07\/6a00d83451b18369e20120a7483e98970b-popup.png\"><img decoding=\"async\" alt=\"Minsk4\" class=\"asset asset-image at-xid-6a00d83451b18369e20120a7483e98970b \" src=\"http:\/\/blogs.thesocialmedia.com\/leblogmoto\/files\/2012\/07\/6a00d83451b18369e20120a7483e98970b-500wi.jpg\" style=\"width: 470px\" \/><\/a> <\/p>\n<p><a href=\"http:\/\/blogs.thesocialmedia.com\/leblogmoto\/files\/2012\/07\/6a00d83451b18369e20120a7483e35970b-popup.png\"><img decoding=\"async\" alt=\"Minsk3\" class=\"asset asset-image at-xid-6a00d83451b18369e20120a7483e35970b \" src=\"http:\/\/blogs.thesocialmedia.com\/leblogmoto\/files\/2012\/07\/6a00d83451b18369e20120a7483e35970b-500wi.jpg\" style=\"width: 470px\" \/><\/a> <\/p>\n<p><a href=\"http:\/\/blogs.thesocialmedia.com\/leblogmoto\/files\/2012\/07\/6a00d83451b18369e20128764b3289970c-popup.png\"><img decoding=\"async\" alt=\"Minsk2\" class=\"asset asset-image at-xid-6a00d83451b18369e20128764b3289970c \" src=\"http:\/\/blogs.thesocialmedia.com\/leblogmoto\/files\/2012\/07\/6a00d83451b18369e20128764b3289970c-500wi.jpg\" style=\"width: 470px\" \/><\/a> <\/p>\n<p><a href=\"http:\/\/blogs.thesocialmedia.com\/leblogmoto\/files\/2012\/07\/6a00d83451b18369e20120a7483da9970b-popup.png\"><img decoding=\"async\" alt=\"Minsk1\" class=\"asset asset-image at-xid-6a00d83451b18369e20120a7483da9970b \" src=\"http:\/\/blogs.thesocialmedia.com\/leblogmoto\/files\/2012\/07\/6a00d83451b18369e20120a7483da9970b-500wi.jpg\" style=\"width: 470px\" \/><\/a> <\/p>\n","protected":false},"excerpt":{"rendered":"<p>Ah! les plaisirs d\u00e9mod\u00e9s d&#039;une moto simple. C&#039;est d&#039;une autre \u00e9poque o\u00f9 les machines \u00e9taient humbles comme ces Minsk vietnamiennes. N\u00e9es allemandes (son histoire ici), fabriqu\u00e9es \u00e0 Minsk en Russie apr\u00e8s la Seconde Guerre mondiale, elles se sont retrouv\u00e9es au Vietnam, communisme aidant, o\u00f9 elles font toujours le bonheur de leurs propri\u00e9taires.Photos de Julian Abram [&hellip;]<\/p>\n","protected":false},"author":325,"featured_media":14464,"comment_status":"open","ping_status":"open","sticky":false,"template":"","format":"standard","meta":{"footnotes":""},"categories":[13,9],"tags":[157],"class_list":["post-12","post","type-post","status-publish","format-standard","has-post-thumbnail","hentry","category-aventure","category-historique","tag-sliders"],"yoast_head":"<!-- This site is optimized with the Yoast SEO plugin v26.0 - https:\/\/yoast.com\/wordpress\/plugins\/seo\/ -->\n<title>Les Minsk du Vietnam - leblogmoto.com<\/title>\n<meta name=\"robots\" content=\"index, follow, max-snippet:-1, max-image-preview:large, max-video-preview:-1\" \/>\n<link rel=\"canonical\" href=\"https:\/\/blogs.thesocialmedia.com\/leblogmoto\/2009\/12\/12\/les-minsk-du-vietnam\/\" \/>\n<meta name=\"twitter:card\" content=\"summary_large_image\" \/>\n<meta name=\"twitter:title\" content=\"Les Minsk du Vietnam - leblogmoto.com\" \/>\n<meta name=\"twitter:description\" content=\"Ah! les plaisirs d\u00e9mod\u00e9s d&#039;une moto simple. C&#039;est d&#039;une autre \u00e9poque o\u00f9 les machines \u00e9taient humbles comme ces Minsk vietnamiennes. N\u00e9es allemandes (son histoire ici), fabriqu\u00e9es \u00e0 Minsk en Russie apr\u00e8s la Seconde Guerre mondiale, elles se sont retrouv\u00e9es au Vietnam, communisme aidant, o\u00f9 elles font toujours le bonheur de leurs propri\u00e9taires.Photos de Julian Abram [&hellip;]\" \/>\n<meta name=\"twitter:image\" content=\"https:\/\/blogs.thesocialmedia.com\/leblogmoto\/files\/2012\/07\/6a00d83451b18369e20128764b312e970c-500wi.jpg\" \/>\n<meta name=\"twitter:label1\" content=\"\u00c9crit par\" \/>\n\t<meta name=\"twitter:data1\" content=\"jacques lesage\" \/>\n<script type=\"application\/ld+json\" class=\"yoast-schema-graph\">{\"@context\":\"https:\/\/schema.org\",\"@graph\":[{\"@type\":\"WebPage\",\"@id\":\"https:\/\/blogs.thesocialmedia.com\/leblogmoto\/2009\/12\/12\/les-minsk-du-vietnam\/\",\"url\":\"https:\/\/blogs.thesocialmedia.com\/leblogmoto\/2009\/12\/12\/les-minsk-du-vietnam\/\",\"name\":\"Les Minsk du Vietnam - leblogmoto.com\",\"isPartOf\":{\"@id\":\"https:\/\/blogs.thesocialmedia.com\/leblogmoto\/#website\"},\"primaryImageOfPage\":{\"@id\":\"https:\/\/blogs.thesocialmedia.com\/leblogmoto\/2009\/12\/12\/les-minsk-du-vietnam\/#primaryimage\"},\"image\":{\"@id\":\"https:\/\/blogs.thesocialmedia.com\/leblogmoto\/2009\/12\/12\/les-minsk-du-vietnam\/#primaryimage\"},\"thumbnailUrl\":\"https:\/\/blogs.thesocialmedia.com\/leblogmoto\/files\/2012\/07\/6a00d83451b18369e20128764b312e970c-500wi.jpg\",\"datePublished\":\"2009-12-12T18:37:50+00:00\",\"dateModified\":\"2012-07-19T20:41:00+00:00\",\"author\":{\"@id\":\"https:\/\/blogs.thesocialmedia.com\/leblogmoto\/#\/schema\/person\/e82a0ca8a9a63d031586097a3ed58526\"},\"breadcrumb\":{\"@id\":\"https:\/\/blogs.thesocialmedia.com\/leblogmoto\/2009\/12\/12\/les-minsk-du-vietnam\/#breadcrumb\"},\"inLanguage\":\"fr-FR\",\"potentialAction\":[{\"@type\":\"ReadAction\",\"target\":[\"https:\/\/blogs.thesocialmedia.com\/leblogmoto\/2009\/12\/12\/les-minsk-du-vietnam\/\"]}]},{\"@type\":\"ImageObject\",\"inLanguage\":\"fr-FR\",\"@id\":\"https:\/\/blogs.thesocialmedia.com\/leblogmoto\/2009\/12\/12\/les-minsk-du-vietnam\/#primaryimage\",\"url\":\"https:\/\/blogs.thesocialmedia.com\/leblogmoto\/files\/2012\/07\/6a00d83451b18369e20128764b312e970c-500wi.jpg\",\"contentUrl\":\"https:\/\/blogs.thesocialmedia.com\/leblogmoto\/files\/2012\/07\/6a00d83451b18369e20128764b312e970c-500wi.jpg\",\"width\":\"500\",\"height\":\"333\"},{\"@type\":\"BreadcrumbList\",\"@id\":\"https:\/\/blogs.thesocialmedia.com\/leblogmoto\/2009\/12\/12\/les-minsk-du-vietnam\/#breadcrumb\",\"itemListElement\":[{\"@type\":\"ListItem\",\"position\":1,\"name\":\"Accueil\",\"item\":\"https:\/\/blogs.thesocialmedia.com\/leblogmoto\/\"},{\"@type\":\"ListItem\",\"position\":2,\"name\":\"Les Minsk du Vietnam\"}]},{\"@type\":\"WebSite\",\"@id\":\"https:\/\/blogs.thesocialmedia.com\/leblogmoto\/#website\",\"url\":\"https:\/\/blogs.thesocialmedia.com\/leblogmoto\/\",\"name\":\"leblogmoto\",\"description\":\"Toute l&#039;actualit\u00e9 des 2 roues\",\"potentialAction\":[{\"@type\":\"SearchAction\",\"target\":{\"@type\":\"EntryPoint\",\"urlTemplate\":\"https:\/\/blogs.thesocialmedia.com\/leblogmoto\/?s={search_term_string}\"},\"query-input\":{\"@type\":\"PropertyValueSpecification\",\"valueRequired\":true,\"valueName\":\"search_term_string\"}}],\"inLanguage\":\"fr-FR\"},{\"@type\":\"Person\",\"@id\":\"https:\/\/blogs.thesocialmedia.com\/leblogmoto\/#\/schema\/person\/e82a0ca8a9a63d031586097a3ed58526\",\"name\":\"jacques lesage\",\"image\":{\"@type\":\"ImageObject\",\"inLanguage\":\"fr-FR\",\"@id\":\"https:\/\/blogs.thesocialmedia.com\/leblogmoto\/#\/schema\/person\/image\/\",\"url\":\"https:\/\/secure.gravatar.com\/avatar\/?s=96&d=mm&r=g\",\"contentUrl\":\"https:\/\/secure.gravatar.com\/avatar\/?s=96&d=mm&r=g\",\"caption\":\"jacques lesage\"},\"url\":\"https:\/\/blogs.thesocialmedia.com\/leblogmoto\/author\/jacques-lesage\/\"}]}<\/script>\n<!-- \/ Yoast SEO plugin. -->","yoast_head_json":{"title":"Les Minsk du Vietnam - leblogmoto.com","robots":{"index":"index","follow":"follow","max-snippet":"max-snippet:-1","max-image-preview":"max-image-preview:large","max-video-preview":"max-video-preview:-1"},"canonical":"https:\/\/blogs.thesocialmedia.com\/leblogmoto\/2009\/12\/12\/les-minsk-du-vietnam\/","twitter_card":"summary_large_image","twitter_title":"Les Minsk du Vietnam - leblogmoto.com","twitter_description":"Ah! les plaisirs d\u00e9mod\u00e9s d&#039;une moto simple. C&#039;est d&#039;une autre \u00e9poque o\u00f9 les machines \u00e9taient humbles comme ces Minsk vietnamiennes. N\u00e9es allemandes (son histoire ici), fabriqu\u00e9es \u00e0 Minsk en Russie apr\u00e8s la Seconde Guerre mondiale, elles se sont retrouv\u00e9es au Vietnam, communisme aidant, o\u00f9 elles font toujours le bonheur de leurs propri\u00e9taires.Photos de Julian Abram [&hellip;]","twitter_image":"https:\/\/blogs.thesocialmedia.com\/leblogmoto\/files\/2012\/07\/6a00d83451b18369e20128764b312e970c-500wi.jpg","twitter_misc":{"\u00c9crit par":"jacques lesage"},"schema":{"@context":"https:\/\/schema.org","@graph":[{"@type":"WebPage","@id":"https:\/\/blogs.thesocialmedia.com\/leblogmoto\/2009\/12\/12\/les-minsk-du-vietnam\/","url":"https:\/\/blogs.thesocialmedia.com\/leblogmoto\/2009\/12\/12\/les-minsk-du-vietnam\/","name":"Les Minsk du Vietnam - leblogmoto.com","isPartOf":{"@id":"https:\/\/blogs.thesocialmedia.com\/leblogmoto\/#website"},"primaryImageOfPage":{"@id":"https:\/\/blogs.thesocialmedia.com\/leblogmoto\/2009\/12\/12\/les-minsk-du-vietnam\/#primaryimage"},"image":{"@id":"https:\/\/blogs.thesocialmedia.com\/leblogmoto\/2009\/12\/12\/les-minsk-du-vietnam\/#primaryimage"},"thumbnailUrl":"https:\/\/blogs.thesocialmedia.com\/leblogmoto\/files\/2012\/07\/6a00d83451b18369e20128764b312e970c-500wi.jpg","datePublished":"2009-12-12T18:37:50+00:00","dateModified":"2012-07-19T20:41:00+00:00","author":{"@id":"https:\/\/blogs.thesocialmedia.com\/leblogmoto\/#\/schema\/person\/e82a0ca8a9a63d031586097a3ed58526"},"breadcrumb":{"@id":"https:\/\/blogs.thesocialmedia.com\/leblogmoto\/2009\/12\/12\/les-minsk-du-vietnam\/#breadcrumb"},"inLanguage":"fr-FR","potentialAction":[{"@type":"ReadAction","target":["https:\/\/blogs.thesocialmedia.com\/leblogmoto\/2009\/12\/12\/les-minsk-du-vietnam\/"]}]},{"@type":"ImageObject","inLanguage":"fr-FR","@id":"https:\/\/blogs.thesocialmedia.com\/leblogmoto\/2009\/12\/12\/les-minsk-du-vietnam\/#primaryimage","url":"https:\/\/blogs.thesocialmedia.com\/leblogmoto\/files\/2012\/07\/6a00d83451b18369e20128764b312e970c-500wi.jpg","contentUrl":"https:\/\/blogs.thesocialmedia.com\/leblogmoto\/files\/2012\/07\/6a00d83451b18369e20128764b312e970c-500wi.jpg","width":"500","height":"333"},{"@type":"BreadcrumbList","@id":"https:\/\/blogs.thesocialmedia.com\/leblogmoto\/2009\/12\/12\/les-minsk-du-vietnam\/#breadcrumb","itemListElement":[{"@type":"ListItem","position":1,"name":"Accueil","item":"https:\/\/blogs.thesocialmedia.com\/leblogmoto\/"},{"@type":"ListItem","position":2,"name":"Les Minsk du Vietnam"}]},{"@type":"WebSite","@id":"https:\/\/blogs.thesocialmedia.com\/leblogmoto\/#website","url":"https:\/\/blogs.thesocialmedia.com\/leblogmoto\/","name":"leblogmoto","description":"Toute l&#039;actualit\u00e9 des 2 roues","potentialAction":[{"@type":"SearchAction","target":{"@type":"EntryPoint","urlTemplate":"https:\/\/blogs.thesocialmedia.com\/leblogmoto\/?s={search_term_string}"},"query-input":{"@type":"PropertyValueSpecification","valueRequired":true,"valueName":"search_term_string"}}],"inLanguage":"fr-FR"},{"@type":"Person","@id":"https:\/\/blogs.thesocialmedia.com\/leblogmoto\/#\/schema\/person\/e82a0ca8a9a63d031586097a3ed58526","name":"jacques lesage","image":{"@type":"ImageObject","inLanguage":"fr-FR","@id":"https:\/\/blogs.thesocialmedia.com\/leblogmoto\/#\/schema\/person\/image\/","url":"https:\/\/secure.gravatar.com\/avatar\/?s=96&d=mm&r=g","contentUrl":"https:\/\/secure.gravatar.com\/avatar\/?s=96&d=mm&r=g","caption":"jacques lesage"},"url":"https:\/\/blogs.thesocialmedia.com\/leblogmoto\/author\/jacques-lesage\/"}]}},"_links":{"self":[{"href":"https:\/\/blogs.thesocialmedia.com\/leblogmoto\/wp-json\/wp\/v2\/posts\/12","targetHints":{"allow":["GET"]}}],"collection":[{"href":"https:\/\/blogs.thesocialmedia.com\/leblogmoto\/wp-json\/wp\/v2\/posts"}],"about":[{"href":"https:\/\/blogs.thesocialmedia.com\/leblogmoto\/wp-json\/wp\/v2\/types\/post"}],"author":[{"embeddable":true,"href":"https:\/\/blogs.thesocialmedia.com\/leblogmoto\/wp-json\/wp\/v2\/users\/325"}],"replies":[{"embeddable":true,"href":"https:\/\/blogs.thesocialmedia.com\/leblogmoto\/wp-json\/wp\/v2\/comments?post=12"}],"version-history":[{"count":3,"href":"https:\/\/blogs.thesocialmedia.com\/leblogmoto\/wp-json\/wp\/v2\/posts\/12\/revisions"}],"predecessor-version":[{"id":14507,"href":"https:\/\/blogs.thesocialmedia.com\/leblogmoto\/wp-json\/wp\/v2\/posts\/12\/revisions\/14507"}],"wp:featuredmedia":[{"embeddable":true,"href":"https:\/\/blogs.thesocialmedia.com\/leblogmoto\/wp-json\/wp\/v2\/media\/14464"}],"wp:attachment":[{"href":"https:\/\/blogs.thesocialmedia.com\/leblogmoto\/wp-json\/wp\/v2\/media?parent=12"}],"wp:term":[{"taxonomy":"category","embeddable":true,"href":"https:\/\/blogs.thesocialmedia.com\/leblogmoto\/wp-json\/wp\/v2\/categories?post=12"},{"taxonomy":"post_tag","embeddable":true,"href":"https:\/\/blogs.thesocialmedia.com\/leblogmoto\/wp-json\/wp\/v2\/tags?post=12"}],"curies":[{"name":"wp","href":"https:\/\/api.w.org\/{rel}","templated":true}]}}