{"id":120,"date":"2009-05-27T15:09:46","date_gmt":"2009-05-27T15:09:46","guid":{"rendered":"http:\/\/blogs.thesocialmedia.com\/leblogmoto\/2009\/05\/27\/ducati-dans-le-prochain-terminator\/"},"modified":"2012-07-11T17:30:06","modified_gmt":"2012-07-11T17:30:06","slug":"ducati-dans-le-prochain-terminator","status":"publish","type":"post","link":"https:\/\/blogs.thesocialmedia.com\/leblogmoto\/2009\/05\/27\/ducati-dans-le-prochain-terminator\/","title":{"rendered":"Ducati dans le prochain Terminator"},"content":{"rendered":"<p><a href=\"http:\/\/blogs.thesocialmedia.com\/leblogmoto\/files\/2012\/07\/6a00d83451b18369e2011570a97139970b-pi.jpg\"><img decoding=\"async\" alt=\"Salvation Terminator 4\" class=\"at-xid-6a00d83451b18369e2011570a97139970b \" src=\"http:\/\/blogs.thesocialmedia.com\/leblogmoto\/files\/2012\/07\/6a00d83451b18369e2011570a97139970b-500wi.jpg\" style=\"width: 470px\" \/><\/a> <\/p>\n<p>Rien de mieux pour vendre des motos qu&#039;une bonne exposition au cin\u00e9ma. Dans le prochain Terminator, c&#039;est la marque italienne <a href=\"http:\/\/blogs.thesocialmedia.com\/leblogmoto\/files\/2012\/07\/index.html_71.png\" target=\"_blank\">Ducati<\/a> qui remporte la palme avec sa participation \u00e0 la fabrication des m\u00e9chantes motos et en exposant son gentil Hypermotard&#8230; <\/p>\n<\/p>\n<p>Dans ce film le futur est pire que le pire de vos cauchemars. Pire que Mad Max.<\/p>\n<p> Les motos n&#039;ont plus besoin d&#039;humain pour se diriger mais des canons pour contr\u00f4ler leur inclinaison dans les virages et leurs trajectoires. Elles n&#039;ont m\u00eame plus de selle et sont pilot\u00e9es \u00e0 distance par le tr\u00e8s m\u00e9chant ordinateur de Skynet qui en veut beaucoup aux humains.<\/p>\n<p><a href=\"http:\/\/clabedan.typepad.com\/.a\/6a00d83451b18369e201156fb439bb970c-popup\"><img decoding=\"async\" alt=\"Terminator 3\" class=\"at-xid-6a00d83451b18369e201156fb439bb970c \" src=\"http:\/\/blogs.thesocialmedia.com\/leblogmoto\/files\/2012\/07\/6a00d83451b18369e201156fb439bb970c-500wi.jpg\" \/><\/a> <\/p>\n<\/p>\n<\/p>\n<\/p>\n<p><object height=\"340\" width=\"560\"><param name=\"movie\" value=\"http:\/\/www.youtube.com\/v\/3ECwPQ3xINI&amp;hl=en&amp;fs=1\" \/><param name=\"allowFullScreen\" value=\"true\" \/><param name=\"allowscriptaccess\" value=\"always\" \/><embed height=\"365\" src=\"http:\/\/www.youtube.com\/v\/3ECwPQ3xINI&amp;hl=en&amp;fs=1\" type=\"application\/x-shockwave-flash\" width=\"490\" \/><\/object><\/p>\n<p><object height=\"340\" width=\"560\"><param name=\"movie\" value=\"http:\/\/www.youtube.com\/v\/IcYdjHpJUV8&amp;hl=en&amp;fs=1\" \/><param name=\"allowFullScreen\" value=\"true\" \/><param name=\"allowscriptaccess\" value=\"always\" \/><embed height=\"365\" src=\"http:\/\/www.youtube.com\/v\/IcYdjHpJUV8&amp;hl=en&amp;fs=1\" type=\"application\/x-shockwave-flash\" width=\"490\" \/><\/object><\/p>\n<p>Serons nous sauv\u00e9 par la <a href=\"http:\/\/blogs.thesocialmedia.com\/leblogmoto\/files\/2012\/07\/index.html_71.png\">Ducati Hypermotard<\/a> ? R\u00e9ponse le 3 juin au cin\u00e9ma<\/p>\n","protected":false},"excerpt":{"rendered":"<p>Rien de mieux pour vendre des motos qu&#039;une bonne exposition au cin\u00e9ma. Dans le prochain Terminator, c&#039;est la marque italienne Ducati qui remporte la palme avec sa participation \u00e0 la fabrication des m\u00e9chantes motos et en exposant son gentil Hypermotard&#8230; Dans ce film le futur est pire que le pire de vos cauchemars. Pire que [&hellip;]<\/p>\n","protected":false},"author":323,"featured_media":13723,"comment_status":"open","ping_status":"open","sticky":false,"template":"","format":"standard","meta":{"footnotes":""},"categories":[3,58,12],"tags":[],"class_list":["post-120","post","type-post","status-publish","format-standard","has-post-thumbnail","hentry","category-actualite","category-insolite","category-videos"],"yoast_head":"<!-- This site is optimized with the Yoast SEO plugin v26.0 - https:\/\/yoast.com\/wordpress\/plugins\/seo\/ -->\n<title>Ducati dans le prochain Terminator - leblogmoto.com<\/title>\n<meta name=\"robots\" content=\"index, follow, max-snippet:-1, max-image-preview:large, max-video-preview:-1\" \/>\n<link rel=\"canonical\" href=\"https:\/\/blogs.thesocialmedia.com\/leblogmoto\/2009\/05\/27\/ducati-dans-le-prochain-terminator\/\" \/>\n<meta name=\"twitter:card\" content=\"summary_large_image\" \/>\n<meta name=\"twitter:title\" content=\"Ducati dans le prochain Terminator - leblogmoto.com\" \/>\n<meta name=\"twitter:description\" content=\"Rien de mieux pour vendre des motos qu&#039;une bonne exposition au cin\u00e9ma. Dans le prochain Terminator, c&#039;est la marque italienne Ducati qui remporte la palme avec sa participation \u00e0 la fabrication des m\u00e9chantes motos et en exposant son gentil Hypermotard&#8230; Dans ce film le futur est pire que le pire de vos cauchemars. Pire que [&hellip;]\" \/>\n<meta name=\"twitter:image\" content=\"https:\/\/blogs.thesocialmedia.com\/leblogmoto\/files\/2012\/07\/6a00d83451b18369e2011570a97139970b-500wi.jpg\" \/>\n<meta name=\"twitter:label1\" content=\"\u00c9crit par\" \/>\n\t<meta name=\"twitter:data1\" content=\"albin le guyader\" \/>\n\t<meta name=\"twitter:label2\" content=\"Dur\u00e9e de lecture estim\u00e9e\" \/>\n\t<meta name=\"twitter:data2\" content=\"1 minute\" \/>\n<script type=\"application\/ld+json\" class=\"yoast-schema-graph\">{\"@context\":\"https:\/\/schema.org\",\"@graph\":[{\"@type\":\"WebPage\",\"@id\":\"https:\/\/blogs.thesocialmedia.com\/leblogmoto\/2009\/05\/27\/ducati-dans-le-prochain-terminator\/\",\"url\":\"https:\/\/blogs.thesocialmedia.com\/leblogmoto\/2009\/05\/27\/ducati-dans-le-prochain-terminator\/\",\"name\":\"Ducati dans le prochain Terminator - leblogmoto.com\",\"isPartOf\":{\"@id\":\"https:\/\/blogs.thesocialmedia.com\/leblogmoto\/#website\"},\"primaryImageOfPage\":{\"@id\":\"https:\/\/blogs.thesocialmedia.com\/leblogmoto\/2009\/05\/27\/ducati-dans-le-prochain-terminator\/#primaryimage\"},\"image\":{\"@id\":\"https:\/\/blogs.thesocialmedia.com\/leblogmoto\/2009\/05\/27\/ducati-dans-le-prochain-terminator\/#primaryimage\"},\"thumbnailUrl\":\"https:\/\/blogs.thesocialmedia.com\/leblogmoto\/files\/2012\/07\/6a00d83451b18369e2011570a97139970b-500wi.jpg\",\"datePublished\":\"2009-05-27T15:09:46+00:00\",\"dateModified\":\"2012-07-11T17:30:06+00:00\",\"author\":{\"@id\":\"https:\/\/blogs.thesocialmedia.com\/leblogmoto\/#\/schema\/person\/b496d27c898c29a39678e2425cafb9ae\"},\"breadcrumb\":{\"@id\":\"https:\/\/blogs.thesocialmedia.com\/leblogmoto\/2009\/05\/27\/ducati-dans-le-prochain-terminator\/#breadcrumb\"},\"inLanguage\":\"fr-FR\",\"potentialAction\":[{\"@type\":\"ReadAction\",\"target\":[\"https:\/\/blogs.thesocialmedia.com\/leblogmoto\/2009\/05\/27\/ducati-dans-le-prochain-terminator\/\"]}]},{\"@type\":\"ImageObject\",\"inLanguage\":\"fr-FR\",\"@id\":\"https:\/\/blogs.thesocialmedia.com\/leblogmoto\/2009\/05\/27\/ducati-dans-le-prochain-terminator\/#primaryimage\",\"url\":\"https:\/\/blogs.thesocialmedia.com\/leblogmoto\/files\/2012\/07\/6a00d83451b18369e2011570a97139970b-500wi.jpg\",\"contentUrl\":\"https:\/\/blogs.thesocialmedia.com\/leblogmoto\/files\/2012\/07\/6a00d83451b18369e2011570a97139970b-500wi.jpg\",\"width\":\"500\",\"height\":\"244\"},{\"@type\":\"BreadcrumbList\",\"@id\":\"https:\/\/blogs.thesocialmedia.com\/leblogmoto\/2009\/05\/27\/ducati-dans-le-prochain-terminator\/#breadcrumb\",\"itemListElement\":[{\"@type\":\"ListItem\",\"position\":1,\"name\":\"Accueil\",\"item\":\"https:\/\/blogs.thesocialmedia.com\/leblogmoto\/\"},{\"@type\":\"ListItem\",\"position\":2,\"name\":\"Ducati dans le prochain Terminator\"}]},{\"@type\":\"WebSite\",\"@id\":\"https:\/\/blogs.thesocialmedia.com\/leblogmoto\/#website\",\"url\":\"https:\/\/blogs.thesocialmedia.com\/leblogmoto\/\",\"name\":\"leblogmoto\",\"description\":\"Toute l&#039;actualit\u00e9 des 2 roues\",\"potentialAction\":[{\"@type\":\"SearchAction\",\"target\":{\"@type\":\"EntryPoint\",\"urlTemplate\":\"https:\/\/blogs.thesocialmedia.com\/leblogmoto\/?s={search_term_string}\"},\"query-input\":{\"@type\":\"PropertyValueSpecification\",\"valueRequired\":true,\"valueName\":\"search_term_string\"}}],\"inLanguage\":\"fr-FR\"},{\"@type\":\"Person\",\"@id\":\"https:\/\/blogs.thesocialmedia.com\/leblogmoto\/#\/schema\/person\/b496d27c898c29a39678e2425cafb9ae\",\"name\":\"albin le guyader\",\"image\":{\"@type\":\"ImageObject\",\"inLanguage\":\"fr-FR\",\"@id\":\"https:\/\/blogs.thesocialmedia.com\/leblogmoto\/#\/schema\/person\/image\/\",\"url\":\"https:\/\/secure.gravatar.com\/avatar\/?s=96&d=mm&r=g\",\"contentUrl\":\"https:\/\/secure.gravatar.com\/avatar\/?s=96&d=mm&r=g\",\"caption\":\"albin le guyader\"},\"url\":\"https:\/\/blogs.thesocialmedia.com\/leblogmoto\/author\/albin-le-guyader\/\"}]}<\/script>\n<!-- \/ Yoast SEO plugin. -->","yoast_head_json":{"title":"Ducati dans le prochain Terminator - leblogmoto.com","robots":{"index":"index","follow":"follow","max-snippet":"max-snippet:-1","max-image-preview":"max-image-preview:large","max-video-preview":"max-video-preview:-1"},"canonical":"https:\/\/blogs.thesocialmedia.com\/leblogmoto\/2009\/05\/27\/ducati-dans-le-prochain-terminator\/","twitter_card":"summary_large_image","twitter_title":"Ducati dans le prochain Terminator - leblogmoto.com","twitter_description":"Rien de mieux pour vendre des motos qu&#039;une bonne exposition au cin\u00e9ma. Dans le prochain Terminator, c&#039;est la marque italienne Ducati qui remporte la palme avec sa participation \u00e0 la fabrication des m\u00e9chantes motos et en exposant son gentil Hypermotard&#8230; Dans ce film le futur est pire que le pire de vos cauchemars. Pire que [&hellip;]","twitter_image":"https:\/\/blogs.thesocialmedia.com\/leblogmoto\/files\/2012\/07\/6a00d83451b18369e2011570a97139970b-500wi.jpg","twitter_misc":{"\u00c9crit par":"albin le guyader","Dur\u00e9e de lecture estim\u00e9e":"1 minute"},"schema":{"@context":"https:\/\/schema.org","@graph":[{"@type":"WebPage","@id":"https:\/\/blogs.thesocialmedia.com\/leblogmoto\/2009\/05\/27\/ducati-dans-le-prochain-terminator\/","url":"https:\/\/blogs.thesocialmedia.com\/leblogmoto\/2009\/05\/27\/ducati-dans-le-prochain-terminator\/","name":"Ducati dans le prochain Terminator - leblogmoto.com","isPartOf":{"@id":"https:\/\/blogs.thesocialmedia.com\/leblogmoto\/#website"},"primaryImageOfPage":{"@id":"https:\/\/blogs.thesocialmedia.com\/leblogmoto\/2009\/05\/27\/ducati-dans-le-prochain-terminator\/#primaryimage"},"image":{"@id":"https:\/\/blogs.thesocialmedia.com\/leblogmoto\/2009\/05\/27\/ducati-dans-le-prochain-terminator\/#primaryimage"},"thumbnailUrl":"https:\/\/blogs.thesocialmedia.com\/leblogmoto\/files\/2012\/07\/6a00d83451b18369e2011570a97139970b-500wi.jpg","datePublished":"2009-05-27T15:09:46+00:00","dateModified":"2012-07-11T17:30:06+00:00","author":{"@id":"https:\/\/blogs.thesocialmedia.com\/leblogmoto\/#\/schema\/person\/b496d27c898c29a39678e2425cafb9ae"},"breadcrumb":{"@id":"https:\/\/blogs.thesocialmedia.com\/leblogmoto\/2009\/05\/27\/ducati-dans-le-prochain-terminator\/#breadcrumb"},"inLanguage":"fr-FR","potentialAction":[{"@type":"ReadAction","target":["https:\/\/blogs.thesocialmedia.com\/leblogmoto\/2009\/05\/27\/ducati-dans-le-prochain-terminator\/"]}]},{"@type":"ImageObject","inLanguage":"fr-FR","@id":"https:\/\/blogs.thesocialmedia.com\/leblogmoto\/2009\/05\/27\/ducati-dans-le-prochain-terminator\/#primaryimage","url":"https:\/\/blogs.thesocialmedia.com\/leblogmoto\/files\/2012\/07\/6a00d83451b18369e2011570a97139970b-500wi.jpg","contentUrl":"https:\/\/blogs.thesocialmedia.com\/leblogmoto\/files\/2012\/07\/6a00d83451b18369e2011570a97139970b-500wi.jpg","width":"500","height":"244"},{"@type":"BreadcrumbList","@id":"https:\/\/blogs.thesocialmedia.com\/leblogmoto\/2009\/05\/27\/ducati-dans-le-prochain-terminator\/#breadcrumb","itemListElement":[{"@type":"ListItem","position":1,"name":"Accueil","item":"https:\/\/blogs.thesocialmedia.com\/leblogmoto\/"},{"@type":"ListItem","position":2,"name":"Ducati dans le prochain Terminator"}]},{"@type":"WebSite","@id":"https:\/\/blogs.thesocialmedia.com\/leblogmoto\/#website","url":"https:\/\/blogs.thesocialmedia.com\/leblogmoto\/","name":"leblogmoto","description":"Toute l&#039;actualit\u00e9 des 2 roues","potentialAction":[{"@type":"SearchAction","target":{"@type":"EntryPoint","urlTemplate":"https:\/\/blogs.thesocialmedia.com\/leblogmoto\/?s={search_term_string}"},"query-input":{"@type":"PropertyValueSpecification","valueRequired":true,"valueName":"search_term_string"}}],"inLanguage":"fr-FR"},{"@type":"Person","@id":"https:\/\/blogs.thesocialmedia.com\/leblogmoto\/#\/schema\/person\/b496d27c898c29a39678e2425cafb9ae","name":"albin le guyader","image":{"@type":"ImageObject","inLanguage":"fr-FR","@id":"https:\/\/blogs.thesocialmedia.com\/leblogmoto\/#\/schema\/person\/image\/","url":"https:\/\/secure.gravatar.com\/avatar\/?s=96&d=mm&r=g","contentUrl":"https:\/\/secure.gravatar.com\/avatar\/?s=96&d=mm&r=g","caption":"albin le guyader"},"url":"https:\/\/blogs.thesocialmedia.com\/leblogmoto\/author\/albin-le-guyader\/"}]}},"_links":{"self":[{"href":"https:\/\/blogs.thesocialmedia.com\/leblogmoto\/wp-json\/wp\/v2\/posts\/120","targetHints":{"allow":["GET"]}}],"collection":[{"href":"https:\/\/blogs.thesocialmedia.com\/leblogmoto\/wp-json\/wp\/v2\/posts"}],"about":[{"href":"https:\/\/blogs.thesocialmedia.com\/leblogmoto\/wp-json\/wp\/v2\/types\/post"}],"author":[{"embeddable":true,"href":"https:\/\/blogs.thesocialmedia.com\/leblogmoto\/wp-json\/wp\/v2\/users\/323"}],"replies":[{"embeddable":true,"href":"https:\/\/blogs.thesocialmedia.com\/leblogmoto\/wp-json\/wp\/v2\/comments?post=120"}],"version-history":[{"count":2,"href":"https:\/\/blogs.thesocialmedia.com\/leblogmoto\/wp-json\/wp\/v2\/posts\/120\/revisions"}],"predecessor-version":[{"id":13726,"href":"https:\/\/blogs.thesocialmedia.com\/leblogmoto\/wp-json\/wp\/v2\/posts\/120\/revisions\/13726"}],"wp:featuredmedia":[{"embeddable":true,"href":"https:\/\/blogs.thesocialmedia.com\/leblogmoto\/wp-json\/wp\/v2\/media\/13723"}],"wp:attachment":[{"href":"https:\/\/blogs.thesocialmedia.com\/leblogmoto\/wp-json\/wp\/v2\/media?parent=120"}],"wp:term":[{"taxonomy":"category","embeddable":true,"href":"https:\/\/blogs.thesocialmedia.com\/leblogmoto\/wp-json\/wp\/v2\/categories?post=120"},{"taxonomy":"post_tag","embeddable":true,"href":"https:\/\/blogs.thesocialmedia.com\/leblogmoto\/wp-json\/wp\/v2\/tags?post=120"}],"curies":[{"name":"wp","href":"https:\/\/api.w.org\/{rel}","templated":true}]}}