{"id":1201,"date":"2007-10-09T01:12:30","date_gmt":"2007-10-09T01:12:30","guid":{"rendered":"http:\/\/blogs.thesocialmedia.com\/leblogmoto\/2007\/10\/09\/electrobike-pi\/"},"modified":"2012-07-11T14:47:47","modified_gmt":"2012-07-11T14:47:47","slug":"electrobike-pi","status":"publish","type":"post","link":"https:\/\/blogs.thesocialmedia.com\/leblogmoto\/2007\/10\/09\/electrobike-pi\/","title":{"rendered":"Electrobike Pi, le li\u00e8vre et la tortue"},"content":{"rendered":"<p><a href=\"http:\/\/blogs.thesocialmedia.com\/leblogmoto\/files\/2012\/07\/pi_nb.gif\"><img loading=\"lazy\" decoding=\"async\" width=\"250\" height=\"198\"  alt=\"Pi_nb\" src=\"http:\/\/www.leblogmoto.com\/images\/2007\/10\/08\/pi_nb.gif\" style=\"margin: 0px 5px 5px 0px;float: left\" \/><\/a> Deux roues et un moteur, c&rsquo;est bien une moto. Mais l&rsquo;<a href=\"http:\/\/www.electrobike.com\/index.html\">Electrobike Pi<\/a> et ses d\u00e9riv\u00e9s ne sont pas des motos, ce serait plut\u00f4t une descendance exotique du Solex, et encore, juste \u00e0 voir, \u00e7a ne ressemble \u00e0 rien de connu.<br \/>D&rsquo;accord, ce n&rsquo;est qu&rsquo;un v\u00e9lo assist\u00e9 par un petit moteur \u00e9lectrique, mais sa forme le place d&#8217;embl\u00e9e dans la cat\u00e9gorie des curiosit\u00e9s, de celles que l&rsquo;on garde \u00e0 la maison dans un coin du salon pour \u00e9pater la galerie.<\/p>\n<p><a href=\"http:\/\/clabedan.typepad.com\/.shared\/image.html?\/photos\/uncategorized\/2007\/10\/08\/pi_1_2.jpg\"><img loading=\"lazy\" decoding=\"async\" width=\"470\" height=\"283\"  alt=\"Pi_1_2\" src=\"http:\/\/www.leblogmoto.com\/images\/2007\/10\/08\/pi_1_2.jpg\" \/><\/a> <\/p>\n<p>Parce qu&rsquo;il faut bien l&rsquo;admettre, cela demande du courage pour prendre la rue avec ce qui ressemble plus \u00e0 un dessin humoristique qu&rsquo;\u00e0 un moyen de transport. Parlant de courage, ils offrent aussi la version trompe-la-mort, l&rsquo;Electrobike Pi X Bonneville Racer. Parfait pour impressionner sa copine des beaux-arts qui appr\u00e9ciera la courbe du cadre. Pour 7,500 $ (5,300 \u20ac), c&rsquo;est le mod\u00e8le de base, mais avec 40,000 $ (28,300 \u20ac) c&rsquo;est le Bonneville et toute sa puissance.<\/p>\n<p><a href=\"http:\/\/blogs.thesocialmedia.com\/leblogmoto\/files\/2012\/07\/pix_21.jpg\"><img loading=\"lazy\" decoding=\"async\" width=\"470\" height=\"244\"  alt=\"Pix_21\" src=\"http:\/\/www.leblogmoto.com\/images\/2007\/10\/08\/pix_21.jpg\" \/><\/a> <\/p>\n<p>On peut voir la <a href=\"http:\/\/www.latimes.com\/classified\/automotive\/highway1\/la-hy-throttle26sep26,0,4360280.story?coll=la-class-autos-highway1\">b\u00eate en action<\/a> sur le site du LATimes avec les impressions de Susan Carpenter.<br \/>Et puis comme le v\u00e9lo \u00e0 assistance \u00e9lectrique ou avec ce bon vieux moteur \u00e0 explosion ne date pas d&rsquo;hier, voici quelques autres options: <a href=\"http:\/\/www.izipusa.com\/\">Izip<\/a>, <a href=\"http:\/\/www.ultramotor.com\/USA\/index.aspx\">Ultra Motor<\/a>, <a href=\"http:\/\/www.myebike.com\/bikes\/index.html\">The Electric Bike Network<\/a>.<\/p>\n","protected":false},"excerpt":{"rendered":"<p>Deux roues et un moteur, c&rsquo;est bien une moto. Mais l&rsquo;Electrobike Pi et ses d\u00e9riv\u00e9s ne sont pas des motos, ce serait plut\u00f4t une descendance exotique du Solex, et encore, juste \u00e0 voir, \u00e7a ne ressemble \u00e0 rien de connu.D&rsquo;accord, ce n&rsquo;est qu&rsquo;un v\u00e9lo assist\u00e9 par un petit moteur \u00e9lectrique, mais sa forme le place [&hellip;]<\/p>\n","protected":false},"author":325,"featured_media":0,"comment_status":"open","ping_status":"open","sticky":false,"template":"","format":"standard","meta":{"footnotes":""},"categories":[3,16,30,33],"tags":[],"class_list":["post-1201","post","type-post","status-publish","format-standard","hentry","category-actualite","category-art-moto","category-bio-carburantsvehicules-propres","category-concept-bike"],"yoast_head":"<!-- This site is optimized with the Yoast SEO plugin v26.0 - https:\/\/yoast.com\/wordpress\/plugins\/seo\/ -->\n<title>Electrobike Pi, le li\u00e8vre et la tortue - leblogmoto.com<\/title>\n<meta name=\"robots\" content=\"index, follow, max-snippet:-1, max-image-preview:large, max-video-preview:-1\" \/>\n<link rel=\"canonical\" href=\"https:\/\/blogs.thesocialmedia.com\/leblogmoto\/2007\/10\/09\/electrobike-pi\/\" \/>\n<meta name=\"twitter:card\" content=\"summary_large_image\" \/>\n<meta name=\"twitter:title\" content=\"Electrobike Pi, le li\u00e8vre et la tortue - leblogmoto.com\" \/>\n<meta name=\"twitter:description\" content=\"Deux roues et un moteur, c&rsquo;est bien une moto. Mais l&rsquo;Electrobike Pi et ses d\u00e9riv\u00e9s ne sont pas des motos, ce serait plut\u00f4t une descendance exotique du Solex, et encore, juste \u00e0 voir, \u00e7a ne ressemble \u00e0 rien de connu.D&rsquo;accord, ce n&rsquo;est qu&rsquo;un v\u00e9lo assist\u00e9 par un petit moteur \u00e9lectrique, mais sa forme le place [&hellip;]\" \/>\n<meta name=\"twitter:image\" content=\"http:\/\/www.leblogmoto.com\/images\/2007\/10\/08\/pi_nb.gif\" \/>\n<meta name=\"twitter:label1\" content=\"\u00c9crit par\" \/>\n\t<meta name=\"twitter:data1\" content=\"jacques lesage\" \/>\n\t<meta name=\"twitter:label2\" content=\"Dur\u00e9e de lecture estim\u00e9e\" \/>\n\t<meta name=\"twitter:data2\" content=\"1 minute\" \/>\n<script type=\"application\/ld+json\" class=\"yoast-schema-graph\">{\"@context\":\"https:\/\/schema.org\",\"@graph\":[{\"@type\":\"WebPage\",\"@id\":\"https:\/\/blogs.thesocialmedia.com\/leblogmoto\/2007\/10\/09\/electrobike-pi\/\",\"url\":\"https:\/\/blogs.thesocialmedia.com\/leblogmoto\/2007\/10\/09\/electrobike-pi\/\",\"name\":\"Electrobike Pi, le li\u00e8vre et la tortue - leblogmoto.com\",\"isPartOf\":{\"@id\":\"https:\/\/blogs.thesocialmedia.com\/leblogmoto\/#website\"},\"primaryImageOfPage\":{\"@id\":\"https:\/\/blogs.thesocialmedia.com\/leblogmoto\/2007\/10\/09\/electrobike-pi\/#primaryimage\"},\"image\":{\"@id\":\"https:\/\/blogs.thesocialmedia.com\/leblogmoto\/2007\/10\/09\/electrobike-pi\/#primaryimage\"},\"thumbnailUrl\":\"http:\/\/www.leblogmoto.com\/images\/2007\/10\/08\/pi_nb.gif\",\"datePublished\":\"2007-10-09T01:12:30+00:00\",\"dateModified\":\"2012-07-11T14:47:47+00:00\",\"author\":{\"@id\":\"https:\/\/blogs.thesocialmedia.com\/leblogmoto\/#\/schema\/person\/e82a0ca8a9a63d031586097a3ed58526\"},\"breadcrumb\":{\"@id\":\"https:\/\/blogs.thesocialmedia.com\/leblogmoto\/2007\/10\/09\/electrobike-pi\/#breadcrumb\"},\"inLanguage\":\"fr-FR\",\"potentialAction\":[{\"@type\":\"ReadAction\",\"target\":[\"https:\/\/blogs.thesocialmedia.com\/leblogmoto\/2007\/10\/09\/electrobike-pi\/\"]}]},{\"@type\":\"ImageObject\",\"inLanguage\":\"fr-FR\",\"@id\":\"https:\/\/blogs.thesocialmedia.com\/leblogmoto\/2007\/10\/09\/electrobike-pi\/#primaryimage\",\"url\":\"http:\/\/www.leblogmoto.com\/images\/2007\/10\/08\/pi_nb.gif\",\"contentUrl\":\"http:\/\/www.leblogmoto.com\/images\/2007\/10\/08\/pi_nb.gif\"},{\"@type\":\"BreadcrumbList\",\"@id\":\"https:\/\/blogs.thesocialmedia.com\/leblogmoto\/2007\/10\/09\/electrobike-pi\/#breadcrumb\",\"itemListElement\":[{\"@type\":\"ListItem\",\"position\":1,\"name\":\"Accueil\",\"item\":\"https:\/\/blogs.thesocialmedia.com\/leblogmoto\/\"},{\"@type\":\"ListItem\",\"position\":2,\"name\":\"Electrobike Pi, le li\u00e8vre et la tortue\"}]},{\"@type\":\"WebSite\",\"@id\":\"https:\/\/blogs.thesocialmedia.com\/leblogmoto\/#website\",\"url\":\"https:\/\/blogs.thesocialmedia.com\/leblogmoto\/\",\"name\":\"leblogmoto\",\"description\":\"Toute l&#039;actualit\u00e9 des 2 roues\",\"potentialAction\":[{\"@type\":\"SearchAction\",\"target\":{\"@type\":\"EntryPoint\",\"urlTemplate\":\"https:\/\/blogs.thesocialmedia.com\/leblogmoto\/?s={search_term_string}\"},\"query-input\":{\"@type\":\"PropertyValueSpecification\",\"valueRequired\":true,\"valueName\":\"search_term_string\"}}],\"inLanguage\":\"fr-FR\"},{\"@type\":\"Person\",\"@id\":\"https:\/\/blogs.thesocialmedia.com\/leblogmoto\/#\/schema\/person\/e82a0ca8a9a63d031586097a3ed58526\",\"name\":\"jacques lesage\",\"image\":{\"@type\":\"ImageObject\",\"inLanguage\":\"fr-FR\",\"@id\":\"https:\/\/blogs.thesocialmedia.com\/leblogmoto\/#\/schema\/person\/image\/\",\"url\":\"https:\/\/secure.gravatar.com\/avatar\/?s=96&d=mm&r=g\",\"contentUrl\":\"https:\/\/secure.gravatar.com\/avatar\/?s=96&d=mm&r=g\",\"caption\":\"jacques lesage\"},\"url\":\"https:\/\/blogs.thesocialmedia.com\/leblogmoto\/author\/jacques-lesage\/\"}]}<\/script>\n<!-- \/ Yoast SEO plugin. -->","yoast_head_json":{"title":"Electrobike Pi, le li\u00e8vre et la tortue - leblogmoto.com","robots":{"index":"index","follow":"follow","max-snippet":"max-snippet:-1","max-image-preview":"max-image-preview:large","max-video-preview":"max-video-preview:-1"},"canonical":"https:\/\/blogs.thesocialmedia.com\/leblogmoto\/2007\/10\/09\/electrobike-pi\/","twitter_card":"summary_large_image","twitter_title":"Electrobike Pi, le li\u00e8vre et la tortue - leblogmoto.com","twitter_description":"Deux roues et un moteur, c&rsquo;est bien une moto. Mais l&rsquo;Electrobike Pi et ses d\u00e9riv\u00e9s ne sont pas des motos, ce serait plut\u00f4t une descendance exotique du Solex, et encore, juste \u00e0 voir, \u00e7a ne ressemble \u00e0 rien de connu.D&rsquo;accord, ce n&rsquo;est qu&rsquo;un v\u00e9lo assist\u00e9 par un petit moteur \u00e9lectrique, mais sa forme le place [&hellip;]","twitter_image":"http:\/\/www.leblogmoto.com\/images\/2007\/10\/08\/pi_nb.gif","twitter_misc":{"\u00c9crit par":"jacques lesage","Dur\u00e9e de lecture estim\u00e9e":"1 minute"},"schema":{"@context":"https:\/\/schema.org","@graph":[{"@type":"WebPage","@id":"https:\/\/blogs.thesocialmedia.com\/leblogmoto\/2007\/10\/09\/electrobike-pi\/","url":"https:\/\/blogs.thesocialmedia.com\/leblogmoto\/2007\/10\/09\/electrobike-pi\/","name":"Electrobike Pi, le li\u00e8vre et la tortue - leblogmoto.com","isPartOf":{"@id":"https:\/\/blogs.thesocialmedia.com\/leblogmoto\/#website"},"primaryImageOfPage":{"@id":"https:\/\/blogs.thesocialmedia.com\/leblogmoto\/2007\/10\/09\/electrobike-pi\/#primaryimage"},"image":{"@id":"https:\/\/blogs.thesocialmedia.com\/leblogmoto\/2007\/10\/09\/electrobike-pi\/#primaryimage"},"thumbnailUrl":"http:\/\/www.leblogmoto.com\/images\/2007\/10\/08\/pi_nb.gif","datePublished":"2007-10-09T01:12:30+00:00","dateModified":"2012-07-11T14:47:47+00:00","author":{"@id":"https:\/\/blogs.thesocialmedia.com\/leblogmoto\/#\/schema\/person\/e82a0ca8a9a63d031586097a3ed58526"},"breadcrumb":{"@id":"https:\/\/blogs.thesocialmedia.com\/leblogmoto\/2007\/10\/09\/electrobike-pi\/#breadcrumb"},"inLanguage":"fr-FR","potentialAction":[{"@type":"ReadAction","target":["https:\/\/blogs.thesocialmedia.com\/leblogmoto\/2007\/10\/09\/electrobike-pi\/"]}]},{"@type":"ImageObject","inLanguage":"fr-FR","@id":"https:\/\/blogs.thesocialmedia.com\/leblogmoto\/2007\/10\/09\/electrobike-pi\/#primaryimage","url":"http:\/\/www.leblogmoto.com\/images\/2007\/10\/08\/pi_nb.gif","contentUrl":"http:\/\/www.leblogmoto.com\/images\/2007\/10\/08\/pi_nb.gif"},{"@type":"BreadcrumbList","@id":"https:\/\/blogs.thesocialmedia.com\/leblogmoto\/2007\/10\/09\/electrobike-pi\/#breadcrumb","itemListElement":[{"@type":"ListItem","position":1,"name":"Accueil","item":"https:\/\/blogs.thesocialmedia.com\/leblogmoto\/"},{"@type":"ListItem","position":2,"name":"Electrobike Pi, le li\u00e8vre et la tortue"}]},{"@type":"WebSite","@id":"https:\/\/blogs.thesocialmedia.com\/leblogmoto\/#website","url":"https:\/\/blogs.thesocialmedia.com\/leblogmoto\/","name":"leblogmoto","description":"Toute l&#039;actualit\u00e9 des 2 roues","potentialAction":[{"@type":"SearchAction","target":{"@type":"EntryPoint","urlTemplate":"https:\/\/blogs.thesocialmedia.com\/leblogmoto\/?s={search_term_string}"},"query-input":{"@type":"PropertyValueSpecification","valueRequired":true,"valueName":"search_term_string"}}],"inLanguage":"fr-FR"},{"@type":"Person","@id":"https:\/\/blogs.thesocialmedia.com\/leblogmoto\/#\/schema\/person\/e82a0ca8a9a63d031586097a3ed58526","name":"jacques lesage","image":{"@type":"ImageObject","inLanguage":"fr-FR","@id":"https:\/\/blogs.thesocialmedia.com\/leblogmoto\/#\/schema\/person\/image\/","url":"https:\/\/secure.gravatar.com\/avatar\/?s=96&d=mm&r=g","contentUrl":"https:\/\/secure.gravatar.com\/avatar\/?s=96&d=mm&r=g","caption":"jacques lesage"},"url":"https:\/\/blogs.thesocialmedia.com\/leblogmoto\/author\/jacques-lesage\/"}]}},"_links":{"self":[{"href":"https:\/\/blogs.thesocialmedia.com\/leblogmoto\/wp-json\/wp\/v2\/posts\/1201","targetHints":{"allow":["GET"]}}],"collection":[{"href":"https:\/\/blogs.thesocialmedia.com\/leblogmoto\/wp-json\/wp\/v2\/posts"}],"about":[{"href":"https:\/\/blogs.thesocialmedia.com\/leblogmoto\/wp-json\/wp\/v2\/types\/post"}],"author":[{"embeddable":true,"href":"https:\/\/blogs.thesocialmedia.com\/leblogmoto\/wp-json\/wp\/v2\/users\/325"}],"replies":[{"embeddable":true,"href":"https:\/\/blogs.thesocialmedia.com\/leblogmoto\/wp-json\/wp\/v2\/comments?post=1201"}],"version-history":[{"count":2,"href":"https:\/\/blogs.thesocialmedia.com\/leblogmoto\/wp-json\/wp\/v2\/posts\/1201\/revisions"}],"predecessor-version":[{"id":8829,"href":"https:\/\/blogs.thesocialmedia.com\/leblogmoto\/wp-json\/wp\/v2\/posts\/1201\/revisions\/8829"}],"wp:attachment":[{"href":"https:\/\/blogs.thesocialmedia.com\/leblogmoto\/wp-json\/wp\/v2\/media?parent=1201"}],"wp:term":[{"taxonomy":"category","embeddable":true,"href":"https:\/\/blogs.thesocialmedia.com\/leblogmoto\/wp-json\/wp\/v2\/categories?post=1201"},{"taxonomy":"post_tag","embeddable":true,"href":"https:\/\/blogs.thesocialmedia.com\/leblogmoto\/wp-json\/wp\/v2\/tags?post=1201"}],"curies":[{"name":"wp","href":"https:\/\/api.w.org\/{rel}","templated":true}]}}