{"id":1203,"date":"2007-10-08T17:53:00","date_gmt":"2007-10-08T17:53:00","guid":{"rendered":"http:\/\/blogs.thesocialmedia.com\/leblogmoto\/2007\/10\/08\/outre-atlantiqu\/"},"modified":"2012-07-11T14:47:44","modified_gmt":"2012-07-11T14:47:44","slug":"outre-atlantiqu","status":"publish","type":"post","link":"https:\/\/blogs.thesocialmedia.com\/leblogmoto\/2007\/10\/08\/outre-atlantiqu\/","title":{"rendered":"Outre atlantique: Hausse des tarifs"},"content":{"rendered":"<p><a href=\"http:\/\/blogs.thesocialmedia.com\/leblogmoto\/files\/2012\/07\/071006motoshuntingdon_n.jpg\"><img loading=\"lazy\" decoding=\"async\" height=\"187\" alt=\"071006motoshuntingdon_n\" src=\"http:\/\/www.leblogmoto.com\/images\/2007\/10\/08\/071006motoshuntingdon_n.jpg\" width=\"250\"  \/><\/a> Samedi 6 octobre, ce ne sont pas moins de 1500 motards qui ont r\u00e9pondu \u00e0 l&rsquo;appel du <a href=\"http:\/\/www.capm.qc.ca\/cms\/index.html\">Comit\u00e9 d&rsquo;Action Politique Motocycliste<\/a> (CAPM) bas\u00e9 \u00e0 Huntingdon, Qu\u00e9bec. Tous \u00e9taient l\u00e0 pour manifester contre la hausse des frais d\u2019assurances, variant de 88 CAD \u00e0 319 CAD selon le type de moto, que la Soci\u00e9t\u00e9 <a href=\"http:\/\/www.saaq.gouv.qc.ca\/index.php\">d\u2019assurance-automobile du Qu\u00e9bec<\/a> (SAAQ) veut imposer pour l&rsquo;ann\u00e9e 2008.<\/p>\n<p>D&rsquo;autant que d&rsquo;autres augmentations seraient pr\u00e9vues pour 2009 et 2010 pour chacun des 130 000 motards qu\u00e9becois.<br \/>&quot; Une discrimination sera faite, \u00e0 compter de janvier 2008, entre les permis de conduire au d\u00e9triment de ceux pour conduire une motocyclette. Une surcharge visant la motocyclette, \u00e9quivalent \u00e0 un deuxi\u00e8me permis de conduire, sera ajout\u00e9e au permis de conduire actuel. Les motocyclistes seront les seuls conducteurs \u00e0 devoir payer cette surcharge. De plus, les motocyclettes seront cat\u00e9goris\u00e9es avec des tarifs diff\u00e9rents allant de 600 $ jusqu\u2019\u00e0 plus de 1 000 $ en 2010&quot;, a indiqu\u00e9 M. P\u00e9pin, porte parole du <a href=\"http:\/\/www.capm.qc.ca\/cms\/index.html\">CAPM<\/a>.<\/p>\n<p>Esp\u00e9rons que les politiques leur ont donn\u00e9 raison&#8230;<\/p>\n<p>Sources : <a href=\"http:\/\/www.radio-canada.ca\/\">Radio Canada<\/a>, <a href=\"http:\/\/www2.canoe.com\/\">Cano\u00eb<\/a>, <a href=\"http:\/\/www.motodirect.net\/\">Motodirect<\/a><\/p>\n","protected":false},"excerpt":{"rendered":"<p>Samedi 6 octobre, ce ne sont pas moins de 1500 motards qui ont r\u00e9pondu \u00e0 l&rsquo;appel du Comit\u00e9 d&rsquo;Action Politique Motocycliste (CAPM) bas\u00e9 \u00e0 Huntingdon, Qu\u00e9bec. Tous \u00e9taient l\u00e0 pour manifester contre la hausse des frais d\u2019assurances, variant de 88 CAD \u00e0 319 CAD selon le type de moto, que la Soci\u00e9t\u00e9 d\u2019assurance-automobile du Qu\u00e9bec [&hellip;]<\/p>\n","protected":false},"author":329,"featured_media":0,"comment_status":"open","ping_status":"open","sticky":false,"template":"","format":"standard","meta":{"footnotes":""},"categories":[3],"tags":[],"class_list":["post-1203","post","type-post","status-publish","format-standard","hentry","category-actualite"],"yoast_head":"<!-- This site is optimized with the Yoast SEO plugin v26.0 - https:\/\/yoast.com\/wordpress\/plugins\/seo\/ -->\n<title>Outre atlantique: Hausse des tarifs - leblogmoto.com<\/title>\n<meta name=\"robots\" content=\"index, follow, max-snippet:-1, max-image-preview:large, max-video-preview:-1\" \/>\n<link rel=\"canonical\" href=\"https:\/\/blogs.thesocialmedia.com\/leblogmoto\/2007\/10\/08\/outre-atlantiqu\/\" \/>\n<meta name=\"twitter:card\" content=\"summary_large_image\" \/>\n<meta name=\"twitter:title\" content=\"Outre atlantique: Hausse des tarifs - leblogmoto.com\" \/>\n<meta name=\"twitter:description\" content=\"Samedi 6 octobre, ce ne sont pas moins de 1500 motards qui ont r\u00e9pondu \u00e0 l&rsquo;appel du Comit\u00e9 d&rsquo;Action Politique Motocycliste (CAPM) bas\u00e9 \u00e0 Huntingdon, Qu\u00e9bec. Tous \u00e9taient l\u00e0 pour manifester contre la hausse des frais d\u2019assurances, variant de 88 CAD \u00e0 319 CAD selon le type de moto, que la Soci\u00e9t\u00e9 d\u2019assurance-automobile du Qu\u00e9bec [&hellip;]\" \/>\n<meta name=\"twitter:image\" content=\"http:\/\/www.leblogmoto.com\/images\/2007\/10\/08\/071006motoshuntingdon_n.jpg\" \/>\n<meta name=\"twitter:label1\" content=\"\u00c9crit par\" \/>\n\t<meta name=\"twitter:data1\" content=\"gregory boucaud\" \/>\n\t<meta name=\"twitter:label2\" content=\"Dur\u00e9e de lecture estim\u00e9e\" \/>\n\t<meta name=\"twitter:data2\" content=\"1 minute\" \/>\n<script type=\"application\/ld+json\" class=\"yoast-schema-graph\">{\"@context\":\"https:\/\/schema.org\",\"@graph\":[{\"@type\":\"WebPage\",\"@id\":\"https:\/\/blogs.thesocialmedia.com\/leblogmoto\/2007\/10\/08\/outre-atlantiqu\/\",\"url\":\"https:\/\/blogs.thesocialmedia.com\/leblogmoto\/2007\/10\/08\/outre-atlantiqu\/\",\"name\":\"Outre atlantique: Hausse des tarifs - leblogmoto.com\",\"isPartOf\":{\"@id\":\"https:\/\/blogs.thesocialmedia.com\/leblogmoto\/#website\"},\"primaryImageOfPage\":{\"@id\":\"https:\/\/blogs.thesocialmedia.com\/leblogmoto\/2007\/10\/08\/outre-atlantiqu\/#primaryimage\"},\"image\":{\"@id\":\"https:\/\/blogs.thesocialmedia.com\/leblogmoto\/2007\/10\/08\/outre-atlantiqu\/#primaryimage\"},\"thumbnailUrl\":\"http:\/\/www.leblogmoto.com\/images\/2007\/10\/08\/071006motoshuntingdon_n.jpg\",\"datePublished\":\"2007-10-08T17:53:00+00:00\",\"dateModified\":\"2012-07-11T14:47:44+00:00\",\"author\":{\"@id\":\"https:\/\/blogs.thesocialmedia.com\/leblogmoto\/#\/schema\/person\/769623f89741cc3381675029a37764f8\"},\"breadcrumb\":{\"@id\":\"https:\/\/blogs.thesocialmedia.com\/leblogmoto\/2007\/10\/08\/outre-atlantiqu\/#breadcrumb\"},\"inLanguage\":\"fr-FR\",\"potentialAction\":[{\"@type\":\"ReadAction\",\"target\":[\"https:\/\/blogs.thesocialmedia.com\/leblogmoto\/2007\/10\/08\/outre-atlantiqu\/\"]}]},{\"@type\":\"ImageObject\",\"inLanguage\":\"fr-FR\",\"@id\":\"https:\/\/blogs.thesocialmedia.com\/leblogmoto\/2007\/10\/08\/outre-atlantiqu\/#primaryimage\",\"url\":\"http:\/\/www.leblogmoto.com\/images\/2007\/10\/08\/071006motoshuntingdon_n.jpg\",\"contentUrl\":\"http:\/\/www.leblogmoto.com\/images\/2007\/10\/08\/071006motoshuntingdon_n.jpg\"},{\"@type\":\"BreadcrumbList\",\"@id\":\"https:\/\/blogs.thesocialmedia.com\/leblogmoto\/2007\/10\/08\/outre-atlantiqu\/#breadcrumb\",\"itemListElement\":[{\"@type\":\"ListItem\",\"position\":1,\"name\":\"Accueil\",\"item\":\"https:\/\/blogs.thesocialmedia.com\/leblogmoto\/\"},{\"@type\":\"ListItem\",\"position\":2,\"name\":\"Outre atlantique: Hausse des tarifs\"}]},{\"@type\":\"WebSite\",\"@id\":\"https:\/\/blogs.thesocialmedia.com\/leblogmoto\/#website\",\"url\":\"https:\/\/blogs.thesocialmedia.com\/leblogmoto\/\",\"name\":\"leblogmoto\",\"description\":\"Toute l&#039;actualit\u00e9 des 2 roues\",\"potentialAction\":[{\"@type\":\"SearchAction\",\"target\":{\"@type\":\"EntryPoint\",\"urlTemplate\":\"https:\/\/blogs.thesocialmedia.com\/leblogmoto\/?s={search_term_string}\"},\"query-input\":{\"@type\":\"PropertyValueSpecification\",\"valueRequired\":true,\"valueName\":\"search_term_string\"}}],\"inLanguage\":\"fr-FR\"},{\"@type\":\"Person\",\"@id\":\"https:\/\/blogs.thesocialmedia.com\/leblogmoto\/#\/schema\/person\/769623f89741cc3381675029a37764f8\",\"name\":\"gregory boucaud\",\"image\":{\"@type\":\"ImageObject\",\"inLanguage\":\"fr-FR\",\"@id\":\"https:\/\/blogs.thesocialmedia.com\/leblogmoto\/#\/schema\/person\/image\/\",\"url\":\"https:\/\/secure.gravatar.com\/avatar\/?s=96&d=mm&r=g\",\"contentUrl\":\"https:\/\/secure.gravatar.com\/avatar\/?s=96&d=mm&r=g\",\"caption\":\"gregory boucaud\"},\"url\":\"https:\/\/blogs.thesocialmedia.com\/leblogmoto\/author\/gregory-boucaud\/\"}]}<\/script>\n<!-- \/ Yoast SEO plugin. -->","yoast_head_json":{"title":"Outre atlantique: Hausse des tarifs - leblogmoto.com","robots":{"index":"index","follow":"follow","max-snippet":"max-snippet:-1","max-image-preview":"max-image-preview:large","max-video-preview":"max-video-preview:-1"},"canonical":"https:\/\/blogs.thesocialmedia.com\/leblogmoto\/2007\/10\/08\/outre-atlantiqu\/","twitter_card":"summary_large_image","twitter_title":"Outre atlantique: Hausse des tarifs - leblogmoto.com","twitter_description":"Samedi 6 octobre, ce ne sont pas moins de 1500 motards qui ont r\u00e9pondu \u00e0 l&rsquo;appel du Comit\u00e9 d&rsquo;Action Politique Motocycliste (CAPM) bas\u00e9 \u00e0 Huntingdon, Qu\u00e9bec. Tous \u00e9taient l\u00e0 pour manifester contre la hausse des frais d\u2019assurances, variant de 88 CAD \u00e0 319 CAD selon le type de moto, que la Soci\u00e9t\u00e9 d\u2019assurance-automobile du Qu\u00e9bec [&hellip;]","twitter_image":"http:\/\/www.leblogmoto.com\/images\/2007\/10\/08\/071006motoshuntingdon_n.jpg","twitter_misc":{"\u00c9crit par":"gregory boucaud","Dur\u00e9e de lecture estim\u00e9e":"1 minute"},"schema":{"@context":"https:\/\/schema.org","@graph":[{"@type":"WebPage","@id":"https:\/\/blogs.thesocialmedia.com\/leblogmoto\/2007\/10\/08\/outre-atlantiqu\/","url":"https:\/\/blogs.thesocialmedia.com\/leblogmoto\/2007\/10\/08\/outre-atlantiqu\/","name":"Outre atlantique: Hausse des tarifs - leblogmoto.com","isPartOf":{"@id":"https:\/\/blogs.thesocialmedia.com\/leblogmoto\/#website"},"primaryImageOfPage":{"@id":"https:\/\/blogs.thesocialmedia.com\/leblogmoto\/2007\/10\/08\/outre-atlantiqu\/#primaryimage"},"image":{"@id":"https:\/\/blogs.thesocialmedia.com\/leblogmoto\/2007\/10\/08\/outre-atlantiqu\/#primaryimage"},"thumbnailUrl":"http:\/\/www.leblogmoto.com\/images\/2007\/10\/08\/071006motoshuntingdon_n.jpg","datePublished":"2007-10-08T17:53:00+00:00","dateModified":"2012-07-11T14:47:44+00:00","author":{"@id":"https:\/\/blogs.thesocialmedia.com\/leblogmoto\/#\/schema\/person\/769623f89741cc3381675029a37764f8"},"breadcrumb":{"@id":"https:\/\/blogs.thesocialmedia.com\/leblogmoto\/2007\/10\/08\/outre-atlantiqu\/#breadcrumb"},"inLanguage":"fr-FR","potentialAction":[{"@type":"ReadAction","target":["https:\/\/blogs.thesocialmedia.com\/leblogmoto\/2007\/10\/08\/outre-atlantiqu\/"]}]},{"@type":"ImageObject","inLanguage":"fr-FR","@id":"https:\/\/blogs.thesocialmedia.com\/leblogmoto\/2007\/10\/08\/outre-atlantiqu\/#primaryimage","url":"http:\/\/www.leblogmoto.com\/images\/2007\/10\/08\/071006motoshuntingdon_n.jpg","contentUrl":"http:\/\/www.leblogmoto.com\/images\/2007\/10\/08\/071006motoshuntingdon_n.jpg"},{"@type":"BreadcrumbList","@id":"https:\/\/blogs.thesocialmedia.com\/leblogmoto\/2007\/10\/08\/outre-atlantiqu\/#breadcrumb","itemListElement":[{"@type":"ListItem","position":1,"name":"Accueil","item":"https:\/\/blogs.thesocialmedia.com\/leblogmoto\/"},{"@type":"ListItem","position":2,"name":"Outre atlantique: Hausse des tarifs"}]},{"@type":"WebSite","@id":"https:\/\/blogs.thesocialmedia.com\/leblogmoto\/#website","url":"https:\/\/blogs.thesocialmedia.com\/leblogmoto\/","name":"leblogmoto","description":"Toute l&#039;actualit\u00e9 des 2 roues","potentialAction":[{"@type":"SearchAction","target":{"@type":"EntryPoint","urlTemplate":"https:\/\/blogs.thesocialmedia.com\/leblogmoto\/?s={search_term_string}"},"query-input":{"@type":"PropertyValueSpecification","valueRequired":true,"valueName":"search_term_string"}}],"inLanguage":"fr-FR"},{"@type":"Person","@id":"https:\/\/blogs.thesocialmedia.com\/leblogmoto\/#\/schema\/person\/769623f89741cc3381675029a37764f8","name":"gregory boucaud","image":{"@type":"ImageObject","inLanguage":"fr-FR","@id":"https:\/\/blogs.thesocialmedia.com\/leblogmoto\/#\/schema\/person\/image\/","url":"https:\/\/secure.gravatar.com\/avatar\/?s=96&d=mm&r=g","contentUrl":"https:\/\/secure.gravatar.com\/avatar\/?s=96&d=mm&r=g","caption":"gregory boucaud"},"url":"https:\/\/blogs.thesocialmedia.com\/leblogmoto\/author\/gregory-boucaud\/"}]}},"_links":{"self":[{"href":"https:\/\/blogs.thesocialmedia.com\/leblogmoto\/wp-json\/wp\/v2\/posts\/1203","targetHints":{"allow":["GET"]}}],"collection":[{"href":"https:\/\/blogs.thesocialmedia.com\/leblogmoto\/wp-json\/wp\/v2\/posts"}],"about":[{"href":"https:\/\/blogs.thesocialmedia.com\/leblogmoto\/wp-json\/wp\/v2\/types\/post"}],"author":[{"embeddable":true,"href":"https:\/\/blogs.thesocialmedia.com\/leblogmoto\/wp-json\/wp\/v2\/users\/329"}],"replies":[{"embeddable":true,"href":"https:\/\/blogs.thesocialmedia.com\/leblogmoto\/wp-json\/wp\/v2\/comments?post=1203"}],"version-history":[{"count":2,"href":"https:\/\/blogs.thesocialmedia.com\/leblogmoto\/wp-json\/wp\/v2\/posts\/1203\/revisions"}],"predecessor-version":[{"id":8826,"href":"https:\/\/blogs.thesocialmedia.com\/leblogmoto\/wp-json\/wp\/v2\/posts\/1203\/revisions\/8826"}],"wp:attachment":[{"href":"https:\/\/blogs.thesocialmedia.com\/leblogmoto\/wp-json\/wp\/v2\/media?parent=1203"}],"wp:term":[{"taxonomy":"category","embeddable":true,"href":"https:\/\/blogs.thesocialmedia.com\/leblogmoto\/wp-json\/wp\/v2\/categories?post=1203"},{"taxonomy":"post_tag","embeddable":true,"href":"https:\/\/blogs.thesocialmedia.com\/leblogmoto\/wp-json\/wp\/v2\/tags?post=1203"}],"curies":[{"name":"wp","href":"https:\/\/api.w.org\/{rel}","templated":true}]}}