{"id":1204,"date":"2007-10-08T17:23:42","date_gmt":"2007-10-08T17:23:42","guid":{"rendered":"http:\/\/blogs.thesocialmedia.com\/leblogmoto\/2007\/10\/08\/shopping-aprs-l\/"},"modified":"2012-07-11T14:47:43","modified_gmt":"2012-07-11T14:47:43","slug":"shopping-aprs-l","status":"publish","type":"post","link":"https:\/\/blogs.thesocialmedia.com\/leblogmoto\/2007\/10\/08\/shopping-aprs-l\/","title":{"rendered":"Shopping apr\u00e8s le Mondial ?"},"content":{"rendered":"<p><a href=\"http:\/\/blogs.thesocialmedia.com\/leblogmoto\/files\/2012\/07\/motoshopping.jpg\"><img loading=\"lazy\" decoding=\"async\" height=\"211\" alt=\"Motoshopping\" src=\"http:\/\/www.leblogmoto.com\/images\/2007\/10\/08\/motoshopping.jpg\" width=\"250\"  \/><\/a> Pour ceux qui n&rsquo;ont pas pu se rendre au <a href=\"http:\/\/www.mondial-deuxroues.com\/\">Mondial du Deux Roues<\/a> ou pour ceux qui n&rsquo;avaient pas d&rsquo;argent sur place pour s&rsquo;\u00e9quiper (\u00e7a arrive aussi), sachez que la soci\u00e9t\u00e9 West Bike vient de lancer un magasin de vente en ligne baptis\u00e9 <a href=\"http:\/\/www.motoshopping.fr\/\">Motoshopping<\/a>.<br \/>L&rsquo;occasion pour vous de vous \u00e9quiper en casques, vestes, bagageries et j&rsquo;en passe&#8230;<br \/>Pour le moment le catalogue m\u00e9riterait d&rsquo;\u00eatre plus \u00e9toff\u00e9 mais pour un d\u00e9but, c&rsquo;est d\u00e9j\u00e0 pas mal sachant que d&rsquo;autres articles sont pr\u00e9vus au cours des mois \u00e0 venir. <\/p>\n<p>De plus, si vous vous inscrivez, en payant 7\u20ac, vous pourrez b\u00e9n\u00e9ficiez de tarifs &quot;membre&quot; pr\u00e9f\u00e9rentiels. A voir&#8230;<br \/>Vous pourrez aussi consulter ou t\u00e9l\u00e9charger sur le site internet, le magazine du site qui regroupe quelques essais, interviews et autres news.<\/p>\n<p>Des points de vente sont aussi disponibles, pour plus d&rsquo;informations, rendez-vous <a href=\"http:\/\/www.motoshopping.fr\/\">ici<\/a> .<\/p>\n","protected":false},"excerpt":{"rendered":"<p>Pour ceux qui n&rsquo;ont pas pu se rendre au Mondial du Deux Roues ou pour ceux qui n&rsquo;avaient pas d&rsquo;argent sur place pour s&rsquo;\u00e9quiper (\u00e7a arrive aussi), sachez que la soci\u00e9t\u00e9 West Bike vient de lancer un magasin de vente en ligne baptis\u00e9 Motoshopping.L&rsquo;occasion pour vous de vous \u00e9quiper en casques, vestes, bagageries et j&rsquo;en [&hellip;]<\/p>\n","protected":false},"author":329,"featured_media":0,"comment_status":"open","ping_status":"open","sticky":false,"template":"","format":"standard","meta":{"footnotes":""},"categories":[80],"tags":[],"class_list":["post-1204","post","type-post","status-publish","format-standard","hentry","category-trucs-et-astuces"],"yoast_head":"<!-- This site is optimized with the Yoast SEO plugin v26.0 - https:\/\/yoast.com\/wordpress\/plugins\/seo\/ -->\n<title>Shopping apr\u00e8s le Mondial ? - leblogmoto.com<\/title>\n<meta name=\"robots\" content=\"index, follow, max-snippet:-1, max-image-preview:large, max-video-preview:-1\" \/>\n<link rel=\"canonical\" href=\"https:\/\/blogs.thesocialmedia.com\/leblogmoto\/2007\/10\/08\/shopping-aprs-l\/\" \/>\n<meta name=\"twitter:card\" content=\"summary_large_image\" \/>\n<meta name=\"twitter:title\" content=\"Shopping apr\u00e8s le Mondial ? - leblogmoto.com\" \/>\n<meta name=\"twitter:description\" content=\"Pour ceux qui n&rsquo;ont pas pu se rendre au Mondial du Deux Roues ou pour ceux qui n&rsquo;avaient pas d&rsquo;argent sur place pour s&rsquo;\u00e9quiper (\u00e7a arrive aussi), sachez que la soci\u00e9t\u00e9 West Bike vient de lancer un magasin de vente en ligne baptis\u00e9 Motoshopping.L&rsquo;occasion pour vous de vous \u00e9quiper en casques, vestes, bagageries et j&rsquo;en [&hellip;]\" \/>\n<meta name=\"twitter:image\" content=\"http:\/\/www.leblogmoto.com\/images\/2007\/10\/08\/motoshopping.jpg\" \/>\n<meta name=\"twitter:label1\" content=\"\u00c9crit par\" \/>\n\t<meta name=\"twitter:data1\" content=\"gregory boucaud\" \/>\n\t<meta name=\"twitter:label2\" content=\"Dur\u00e9e de lecture estim\u00e9e\" \/>\n\t<meta name=\"twitter:data2\" content=\"1 minute\" \/>\n<script type=\"application\/ld+json\" class=\"yoast-schema-graph\">{\"@context\":\"https:\/\/schema.org\",\"@graph\":[{\"@type\":\"WebPage\",\"@id\":\"https:\/\/blogs.thesocialmedia.com\/leblogmoto\/2007\/10\/08\/shopping-aprs-l\/\",\"url\":\"https:\/\/blogs.thesocialmedia.com\/leblogmoto\/2007\/10\/08\/shopping-aprs-l\/\",\"name\":\"Shopping apr\u00e8s le Mondial ? - leblogmoto.com\",\"isPartOf\":{\"@id\":\"https:\/\/blogs.thesocialmedia.com\/leblogmoto\/#website\"},\"primaryImageOfPage\":{\"@id\":\"https:\/\/blogs.thesocialmedia.com\/leblogmoto\/2007\/10\/08\/shopping-aprs-l\/#primaryimage\"},\"image\":{\"@id\":\"https:\/\/blogs.thesocialmedia.com\/leblogmoto\/2007\/10\/08\/shopping-aprs-l\/#primaryimage\"},\"thumbnailUrl\":\"http:\/\/www.leblogmoto.com\/images\/2007\/10\/08\/motoshopping.jpg\",\"datePublished\":\"2007-10-08T17:23:42+00:00\",\"dateModified\":\"2012-07-11T14:47:43+00:00\",\"author\":{\"@id\":\"https:\/\/blogs.thesocialmedia.com\/leblogmoto\/#\/schema\/person\/769623f89741cc3381675029a37764f8\"},\"breadcrumb\":{\"@id\":\"https:\/\/blogs.thesocialmedia.com\/leblogmoto\/2007\/10\/08\/shopping-aprs-l\/#breadcrumb\"},\"inLanguage\":\"fr-FR\",\"potentialAction\":[{\"@type\":\"ReadAction\",\"target\":[\"https:\/\/blogs.thesocialmedia.com\/leblogmoto\/2007\/10\/08\/shopping-aprs-l\/\"]}]},{\"@type\":\"ImageObject\",\"inLanguage\":\"fr-FR\",\"@id\":\"https:\/\/blogs.thesocialmedia.com\/leblogmoto\/2007\/10\/08\/shopping-aprs-l\/#primaryimage\",\"url\":\"http:\/\/www.leblogmoto.com\/images\/2007\/10\/08\/motoshopping.jpg\",\"contentUrl\":\"http:\/\/www.leblogmoto.com\/images\/2007\/10\/08\/motoshopping.jpg\"},{\"@type\":\"BreadcrumbList\",\"@id\":\"https:\/\/blogs.thesocialmedia.com\/leblogmoto\/2007\/10\/08\/shopping-aprs-l\/#breadcrumb\",\"itemListElement\":[{\"@type\":\"ListItem\",\"position\":1,\"name\":\"Accueil\",\"item\":\"https:\/\/blogs.thesocialmedia.com\/leblogmoto\/\"},{\"@type\":\"ListItem\",\"position\":2,\"name\":\"Shopping apr\u00e8s le Mondial ?\"}]},{\"@type\":\"WebSite\",\"@id\":\"https:\/\/blogs.thesocialmedia.com\/leblogmoto\/#website\",\"url\":\"https:\/\/blogs.thesocialmedia.com\/leblogmoto\/\",\"name\":\"leblogmoto\",\"description\":\"Toute l&#039;actualit\u00e9 des 2 roues\",\"potentialAction\":[{\"@type\":\"SearchAction\",\"target\":{\"@type\":\"EntryPoint\",\"urlTemplate\":\"https:\/\/blogs.thesocialmedia.com\/leblogmoto\/?s={search_term_string}\"},\"query-input\":{\"@type\":\"PropertyValueSpecification\",\"valueRequired\":true,\"valueName\":\"search_term_string\"}}],\"inLanguage\":\"fr-FR\"},{\"@type\":\"Person\",\"@id\":\"https:\/\/blogs.thesocialmedia.com\/leblogmoto\/#\/schema\/person\/769623f89741cc3381675029a37764f8\",\"name\":\"gregory boucaud\",\"image\":{\"@type\":\"ImageObject\",\"inLanguage\":\"fr-FR\",\"@id\":\"https:\/\/blogs.thesocialmedia.com\/leblogmoto\/#\/schema\/person\/image\/\",\"url\":\"https:\/\/secure.gravatar.com\/avatar\/?s=96&d=mm&r=g\",\"contentUrl\":\"https:\/\/secure.gravatar.com\/avatar\/?s=96&d=mm&r=g\",\"caption\":\"gregory boucaud\"},\"url\":\"https:\/\/blogs.thesocialmedia.com\/leblogmoto\/author\/gregory-boucaud\/\"}]}<\/script>\n<!-- \/ Yoast SEO plugin. -->","yoast_head_json":{"title":"Shopping apr\u00e8s le Mondial ? - leblogmoto.com","robots":{"index":"index","follow":"follow","max-snippet":"max-snippet:-1","max-image-preview":"max-image-preview:large","max-video-preview":"max-video-preview:-1"},"canonical":"https:\/\/blogs.thesocialmedia.com\/leblogmoto\/2007\/10\/08\/shopping-aprs-l\/","twitter_card":"summary_large_image","twitter_title":"Shopping apr\u00e8s le Mondial ? - leblogmoto.com","twitter_description":"Pour ceux qui n&rsquo;ont pas pu se rendre au Mondial du Deux Roues ou pour ceux qui n&rsquo;avaient pas d&rsquo;argent sur place pour s&rsquo;\u00e9quiper (\u00e7a arrive aussi), sachez que la soci\u00e9t\u00e9 West Bike vient de lancer un magasin de vente en ligne baptis\u00e9 Motoshopping.L&rsquo;occasion pour vous de vous \u00e9quiper en casques, vestes, bagageries et j&rsquo;en [&hellip;]","twitter_image":"http:\/\/www.leblogmoto.com\/images\/2007\/10\/08\/motoshopping.jpg","twitter_misc":{"\u00c9crit par":"gregory boucaud","Dur\u00e9e de lecture estim\u00e9e":"1 minute"},"schema":{"@context":"https:\/\/schema.org","@graph":[{"@type":"WebPage","@id":"https:\/\/blogs.thesocialmedia.com\/leblogmoto\/2007\/10\/08\/shopping-aprs-l\/","url":"https:\/\/blogs.thesocialmedia.com\/leblogmoto\/2007\/10\/08\/shopping-aprs-l\/","name":"Shopping apr\u00e8s le Mondial ? - leblogmoto.com","isPartOf":{"@id":"https:\/\/blogs.thesocialmedia.com\/leblogmoto\/#website"},"primaryImageOfPage":{"@id":"https:\/\/blogs.thesocialmedia.com\/leblogmoto\/2007\/10\/08\/shopping-aprs-l\/#primaryimage"},"image":{"@id":"https:\/\/blogs.thesocialmedia.com\/leblogmoto\/2007\/10\/08\/shopping-aprs-l\/#primaryimage"},"thumbnailUrl":"http:\/\/www.leblogmoto.com\/images\/2007\/10\/08\/motoshopping.jpg","datePublished":"2007-10-08T17:23:42+00:00","dateModified":"2012-07-11T14:47:43+00:00","author":{"@id":"https:\/\/blogs.thesocialmedia.com\/leblogmoto\/#\/schema\/person\/769623f89741cc3381675029a37764f8"},"breadcrumb":{"@id":"https:\/\/blogs.thesocialmedia.com\/leblogmoto\/2007\/10\/08\/shopping-aprs-l\/#breadcrumb"},"inLanguage":"fr-FR","potentialAction":[{"@type":"ReadAction","target":["https:\/\/blogs.thesocialmedia.com\/leblogmoto\/2007\/10\/08\/shopping-aprs-l\/"]}]},{"@type":"ImageObject","inLanguage":"fr-FR","@id":"https:\/\/blogs.thesocialmedia.com\/leblogmoto\/2007\/10\/08\/shopping-aprs-l\/#primaryimage","url":"http:\/\/www.leblogmoto.com\/images\/2007\/10\/08\/motoshopping.jpg","contentUrl":"http:\/\/www.leblogmoto.com\/images\/2007\/10\/08\/motoshopping.jpg"},{"@type":"BreadcrumbList","@id":"https:\/\/blogs.thesocialmedia.com\/leblogmoto\/2007\/10\/08\/shopping-aprs-l\/#breadcrumb","itemListElement":[{"@type":"ListItem","position":1,"name":"Accueil","item":"https:\/\/blogs.thesocialmedia.com\/leblogmoto\/"},{"@type":"ListItem","position":2,"name":"Shopping apr\u00e8s le Mondial ?"}]},{"@type":"WebSite","@id":"https:\/\/blogs.thesocialmedia.com\/leblogmoto\/#website","url":"https:\/\/blogs.thesocialmedia.com\/leblogmoto\/","name":"leblogmoto","description":"Toute l&#039;actualit\u00e9 des 2 roues","potentialAction":[{"@type":"SearchAction","target":{"@type":"EntryPoint","urlTemplate":"https:\/\/blogs.thesocialmedia.com\/leblogmoto\/?s={search_term_string}"},"query-input":{"@type":"PropertyValueSpecification","valueRequired":true,"valueName":"search_term_string"}}],"inLanguage":"fr-FR"},{"@type":"Person","@id":"https:\/\/blogs.thesocialmedia.com\/leblogmoto\/#\/schema\/person\/769623f89741cc3381675029a37764f8","name":"gregory boucaud","image":{"@type":"ImageObject","inLanguage":"fr-FR","@id":"https:\/\/blogs.thesocialmedia.com\/leblogmoto\/#\/schema\/person\/image\/","url":"https:\/\/secure.gravatar.com\/avatar\/?s=96&d=mm&r=g","contentUrl":"https:\/\/secure.gravatar.com\/avatar\/?s=96&d=mm&r=g","caption":"gregory boucaud"},"url":"https:\/\/blogs.thesocialmedia.com\/leblogmoto\/author\/gregory-boucaud\/"}]}},"_links":{"self":[{"href":"https:\/\/blogs.thesocialmedia.com\/leblogmoto\/wp-json\/wp\/v2\/posts\/1204","targetHints":{"allow":["GET"]}}],"collection":[{"href":"https:\/\/blogs.thesocialmedia.com\/leblogmoto\/wp-json\/wp\/v2\/posts"}],"about":[{"href":"https:\/\/blogs.thesocialmedia.com\/leblogmoto\/wp-json\/wp\/v2\/types\/post"}],"author":[{"embeddable":true,"href":"https:\/\/blogs.thesocialmedia.com\/leblogmoto\/wp-json\/wp\/v2\/users\/329"}],"replies":[{"embeddable":true,"href":"https:\/\/blogs.thesocialmedia.com\/leblogmoto\/wp-json\/wp\/v2\/comments?post=1204"}],"version-history":[{"count":2,"href":"https:\/\/blogs.thesocialmedia.com\/leblogmoto\/wp-json\/wp\/v2\/posts\/1204\/revisions"}],"predecessor-version":[{"id":8824,"href":"https:\/\/blogs.thesocialmedia.com\/leblogmoto\/wp-json\/wp\/v2\/posts\/1204\/revisions\/8824"}],"wp:attachment":[{"href":"https:\/\/blogs.thesocialmedia.com\/leblogmoto\/wp-json\/wp\/v2\/media?parent=1204"}],"wp:term":[{"taxonomy":"category","embeddable":true,"href":"https:\/\/blogs.thesocialmedia.com\/leblogmoto\/wp-json\/wp\/v2\/categories?post=1204"},{"taxonomy":"post_tag","embeddable":true,"href":"https:\/\/blogs.thesocialmedia.com\/leblogmoto\/wp-json\/wp\/v2\/tags?post=1204"}],"curies":[{"name":"wp","href":"https:\/\/api.w.org\/{rel}","templated":true}]}}