{"id":1206,"date":"2007-10-07T22:28:56","date_gmt":"2007-10-07T22:28:56","guid":{"rendered":"http:\/\/blogs.thesocialmedia.com\/leblogmoto\/2007\/10\/07\/magny-cours-jam\/"},"modified":"2012-07-11T14:47:40","modified_gmt":"2012-07-11T14:47:40","slug":"magny-cours-jam","status":"publish","type":"post","link":"https:\/\/blogs.thesocialmedia.com\/leblogmoto\/2007\/10\/07\/magny-cours-jam\/","title":{"rendered":"Magny-Cours: 2nd titre pour J.Toseland en Superbike !"},"content":{"rendered":"<p><a href=\"http:\/\/blogs.thesocialmedia.com\/leblogmoto\/files\/2012\/07\/james_toseland_honda_n52.jpg\"><img loading=\"lazy\" decoding=\"async\" width=\"470\" height=\"313\"  src=\"http:\/\/www.leblogmoto.com\/images\/2007\/10\/07\/james_toseland_honda_n52.jpg\" alt=\"James_toseland_honda_n52\" \/><\/a> <\/p>\n<p>James Toseland commencera sa carri\u00e8re en MotoGP aur\u00e9ol\u00e9 d&rsquo;un titre de champion du monde en Superbike, le second en fait, apr\u00e8s celui obtenu en 2004 au guidon d&rsquo;une Ducati officielle. Un titre acquis de haute lutte, avec deux petits points d&rsquo;avance lors de la derni\u00e8re course du championnat (tout comme en 2004), face \u00e0 un de ses poursuivants Noriyuki Haga qui dans une tentative d\u00e9sesp\u00e9r\u00e9e remportera les deux manches.<\/p>\n<p>Auteur pourtant de la Superpole samedi, Toseland pointe \u00e0 la 7\u00e8me place \u00e0 l&rsquo;issue de la premi\u00e8re manche apr\u00e8s avoir heurt\u00e9 l&rsquo;arri\u00e8re de la Ducati de Lorenzo Lanzi et utilis\u00e9 sa Honda n\u00b052 plus en mode moto verte ou supermotard qu&rsquo;en mode superbike, et \u00eatre remont\u00e9 de la derni\u00e8re place. Une manche qui aura \u00e9cr\u00e9m\u00e9 parmi les pr\u00e9tendants au titre, ne restant plus que le Britannique et le Japonais. Terminant \u00e0 la sixi\u00e8me place, <a href=\"http:\/\/www.max-biaggi.com\/index_en.php\">Max Biaggi<\/a> et son sacr\u00e9 caract\u00e8re ne pourront que ruminer et prendre date pour la suite. Les pr\u00e9c\u00e9dents champions du monde, les deux Troy, Bayliss et Corser, terminent respectivement \u00e0 la&nbsp; deuxi\u00e8me et troisi\u00e8me place.<\/p>\n<p><a href=\"http:\/\/clabedan.typepad.com\/.shared\/image.html?\/photos\/uncategorized\/2007\/10\/07\/james_toseland_sans_casque_sponsor.jpg\"><img loading=\"lazy\" decoding=\"async\" width=\"470\" height=\"287\"  alt=\"James_toseland_sans_casque_sponsor\" src=\"http:\/\/www.leblogmoto.com\/images\/2007\/10\/07\/james_toseland_sans_casque_sponsor.jpg\" \/><\/a> <\/p>\n<p> Haga remportera \u00e9galement la seconde manche loin devant un Max Biaggi auteur d&rsquo;un baroud d&rsquo;honneur pour sa premi\u00e8re ann\u00e9e dans cette discipline, et la Kawasaki de Fonsi Nieto. Les Australiens qui n&rsquo;auront pas arr\u00eat\u00e9 de se marquer \u00e0 la culotte tout au long de ce weekend d\u00e9cisif pour l&rsquo;attribution du titre, finissent \u00e0 la 4\u00e8me (Bayliss) et 5\u00e8me place (Corser). Avec 415 points <a href=\"http:\/\/www.jamestoseland.com\/index.asp\">James Toseland<\/a> et sa Winston Ten Kate Honda sont les nouveaux champions du monde, vainqueurs d&rsquo;une courte t\u00eate devant Haga avec 413 points et les 397 points de Biaggi.<\/p>\n<p><a href=\"http:\/\/clabedan.typepad.com\/.shared\/image.html?\/photos\/uncategorized\/2007\/10\/07\/james_toseland_season_opening.jpg\"><img loading=\"lazy\" decoding=\"async\" width=\"470\" height=\"312\"  alt=\"James_toseland_season_opening\" src=\"http:\/\/www.leblogmoto.com\/images\/2007\/10\/07\/james_toseland_season_opening.jpg\" \/><\/a>  <\/p>\n<p>Rendez-vous pour l&rsquo;Anglais en 2008 au sein du team Yamaha Tech 3 de MotoGP, avec cette fois pour co\u00e9quipier <a href=\"http:\/\/www.ceracing.com\/\">Colin Edwards<\/a>, la &quot;Texas Tornado&quot;, lui-m\u00eame ancien lieutenant du &quot;Doctor&quot; et ancien champion du monde de&#8230; Superbike en 2000 et 2002.<\/p>\n","protected":false},"excerpt":{"rendered":"<p>James Toseland commencera sa carri\u00e8re en MotoGP aur\u00e9ol\u00e9 d&rsquo;un titre de champion du monde en Superbike, le second en fait, apr\u00e8s celui obtenu en 2004 au guidon d&rsquo;une Ducati officielle. Un titre acquis de haute lutte, avec deux petits points d&rsquo;avance lors de la derni\u00e8re course du championnat (tout comme en 2004), face \u00e0 un [&hellip;]<\/p>\n","protected":false},"author":324,"featured_media":0,"comment_status":"open","ping_status":"open","sticky":false,"template":"","format":"standard","meta":{"footnotes":""},"categories":[14,22,32,46],"tags":[],"class_list":["post-1206","post","type-post","status-publish","format-standard","hentry","category-honda","category-motogp","category-sport-moto","category-superbike"],"yoast_head":"<!-- This site is optimized with the Yoast SEO plugin v26.0 - https:\/\/yoast.com\/wordpress\/plugins\/seo\/ -->\n<title>Magny-Cours: 2nd titre pour J.Toseland en Superbike ! - leblogmoto.com<\/title>\n<meta name=\"robots\" content=\"index, follow, max-snippet:-1, max-image-preview:large, max-video-preview:-1\" \/>\n<link rel=\"canonical\" href=\"https:\/\/blogs.thesocialmedia.com\/leblogmoto\/2007\/10\/07\/magny-cours-jam\/\" \/>\n<meta name=\"twitter:card\" content=\"summary_large_image\" \/>\n<meta name=\"twitter:title\" content=\"Magny-Cours: 2nd titre pour J.Toseland en Superbike ! - leblogmoto.com\" \/>\n<meta name=\"twitter:description\" content=\"James Toseland commencera sa carri\u00e8re en MotoGP aur\u00e9ol\u00e9 d&rsquo;un titre de champion du monde en Superbike, le second en fait, apr\u00e8s celui obtenu en 2004 au guidon d&rsquo;une Ducati officielle. Un titre acquis de haute lutte, avec deux petits points d&rsquo;avance lors de la derni\u00e8re course du championnat (tout comme en 2004), face \u00e0 un [&hellip;]\" \/>\n<meta name=\"twitter:image\" content=\"http:\/\/www.leblogmoto.com\/images\/2007\/10\/07\/james_toseland_honda_n52.jpg\" \/>\n<meta name=\"twitter:label1\" content=\"\u00c9crit par\" \/>\n\t<meta name=\"twitter:data1\" content=\"benoit rieu\" \/>\n\t<meta name=\"twitter:label2\" content=\"Dur\u00e9e de lecture estim\u00e9e\" \/>\n\t<meta name=\"twitter:data2\" content=\"2 minutes\" \/>\n<script type=\"application\/ld+json\" class=\"yoast-schema-graph\">{\"@context\":\"https:\/\/schema.org\",\"@graph\":[{\"@type\":\"WebPage\",\"@id\":\"https:\/\/blogs.thesocialmedia.com\/leblogmoto\/2007\/10\/07\/magny-cours-jam\/\",\"url\":\"https:\/\/blogs.thesocialmedia.com\/leblogmoto\/2007\/10\/07\/magny-cours-jam\/\",\"name\":\"Magny-Cours: 2nd titre pour J.Toseland en Superbike ! - leblogmoto.com\",\"isPartOf\":{\"@id\":\"https:\/\/blogs.thesocialmedia.com\/leblogmoto\/#website\"},\"primaryImageOfPage\":{\"@id\":\"https:\/\/blogs.thesocialmedia.com\/leblogmoto\/2007\/10\/07\/magny-cours-jam\/#primaryimage\"},\"image\":{\"@id\":\"https:\/\/blogs.thesocialmedia.com\/leblogmoto\/2007\/10\/07\/magny-cours-jam\/#primaryimage\"},\"thumbnailUrl\":\"http:\/\/www.leblogmoto.com\/images\/2007\/10\/07\/james_toseland_honda_n52.jpg\",\"datePublished\":\"2007-10-07T22:28:56+00:00\",\"dateModified\":\"2012-07-11T14:47:40+00:00\",\"author\":{\"@id\":\"https:\/\/blogs.thesocialmedia.com\/leblogmoto\/#\/schema\/person\/18bfe773e5725ed6d24f743da805362a\"},\"breadcrumb\":{\"@id\":\"https:\/\/blogs.thesocialmedia.com\/leblogmoto\/2007\/10\/07\/magny-cours-jam\/#breadcrumb\"},\"inLanguage\":\"fr-FR\",\"potentialAction\":[{\"@type\":\"ReadAction\",\"target\":[\"https:\/\/blogs.thesocialmedia.com\/leblogmoto\/2007\/10\/07\/magny-cours-jam\/\"]}]},{\"@type\":\"ImageObject\",\"inLanguage\":\"fr-FR\",\"@id\":\"https:\/\/blogs.thesocialmedia.com\/leblogmoto\/2007\/10\/07\/magny-cours-jam\/#primaryimage\",\"url\":\"http:\/\/www.leblogmoto.com\/images\/2007\/10\/07\/james_toseland_honda_n52.jpg\",\"contentUrl\":\"http:\/\/www.leblogmoto.com\/images\/2007\/10\/07\/james_toseland_honda_n52.jpg\"},{\"@type\":\"BreadcrumbList\",\"@id\":\"https:\/\/blogs.thesocialmedia.com\/leblogmoto\/2007\/10\/07\/magny-cours-jam\/#breadcrumb\",\"itemListElement\":[{\"@type\":\"ListItem\",\"position\":1,\"name\":\"Accueil\",\"item\":\"https:\/\/blogs.thesocialmedia.com\/leblogmoto\/\"},{\"@type\":\"ListItem\",\"position\":2,\"name\":\"Magny-Cours: 2nd titre pour J.Toseland en Superbike !\"}]},{\"@type\":\"WebSite\",\"@id\":\"https:\/\/blogs.thesocialmedia.com\/leblogmoto\/#website\",\"url\":\"https:\/\/blogs.thesocialmedia.com\/leblogmoto\/\",\"name\":\"leblogmoto\",\"description\":\"Toute l&#039;actualit\u00e9 des 2 roues\",\"potentialAction\":[{\"@type\":\"SearchAction\",\"target\":{\"@type\":\"EntryPoint\",\"urlTemplate\":\"https:\/\/blogs.thesocialmedia.com\/leblogmoto\/?s={search_term_string}\"},\"query-input\":{\"@type\":\"PropertyValueSpecification\",\"valueRequired\":true,\"valueName\":\"search_term_string\"}}],\"inLanguage\":\"fr-FR\"},{\"@type\":\"Person\",\"@id\":\"https:\/\/blogs.thesocialmedia.com\/leblogmoto\/#\/schema\/person\/18bfe773e5725ed6d24f743da805362a\",\"name\":\"benoit rieu\",\"image\":{\"@type\":\"ImageObject\",\"inLanguage\":\"fr-FR\",\"@id\":\"https:\/\/blogs.thesocialmedia.com\/leblogmoto\/#\/schema\/person\/image\/\",\"url\":\"https:\/\/secure.gravatar.com\/avatar\/?s=96&d=mm&r=g\",\"contentUrl\":\"https:\/\/secure.gravatar.com\/avatar\/?s=96&d=mm&r=g\",\"caption\":\"benoit rieu\"},\"url\":\"https:\/\/blogs.thesocialmedia.com\/leblogmoto\/author\/benoit-rieu\/\"}]}<\/script>\n<!-- \/ Yoast SEO plugin. -->","yoast_head_json":{"title":"Magny-Cours: 2nd titre pour J.Toseland en Superbike ! - leblogmoto.com","robots":{"index":"index","follow":"follow","max-snippet":"max-snippet:-1","max-image-preview":"max-image-preview:large","max-video-preview":"max-video-preview:-1"},"canonical":"https:\/\/blogs.thesocialmedia.com\/leblogmoto\/2007\/10\/07\/magny-cours-jam\/","twitter_card":"summary_large_image","twitter_title":"Magny-Cours: 2nd titre pour J.Toseland en Superbike ! - leblogmoto.com","twitter_description":"James Toseland commencera sa carri\u00e8re en MotoGP aur\u00e9ol\u00e9 d&rsquo;un titre de champion du monde en Superbike, le second en fait, apr\u00e8s celui obtenu en 2004 au guidon d&rsquo;une Ducati officielle. Un titre acquis de haute lutte, avec deux petits points d&rsquo;avance lors de la derni\u00e8re course du championnat (tout comme en 2004), face \u00e0 un [&hellip;]","twitter_image":"http:\/\/www.leblogmoto.com\/images\/2007\/10\/07\/james_toseland_honda_n52.jpg","twitter_misc":{"\u00c9crit par":"benoit rieu","Dur\u00e9e de lecture estim\u00e9e":"2 minutes"},"schema":{"@context":"https:\/\/schema.org","@graph":[{"@type":"WebPage","@id":"https:\/\/blogs.thesocialmedia.com\/leblogmoto\/2007\/10\/07\/magny-cours-jam\/","url":"https:\/\/blogs.thesocialmedia.com\/leblogmoto\/2007\/10\/07\/magny-cours-jam\/","name":"Magny-Cours: 2nd titre pour J.Toseland en Superbike ! - leblogmoto.com","isPartOf":{"@id":"https:\/\/blogs.thesocialmedia.com\/leblogmoto\/#website"},"primaryImageOfPage":{"@id":"https:\/\/blogs.thesocialmedia.com\/leblogmoto\/2007\/10\/07\/magny-cours-jam\/#primaryimage"},"image":{"@id":"https:\/\/blogs.thesocialmedia.com\/leblogmoto\/2007\/10\/07\/magny-cours-jam\/#primaryimage"},"thumbnailUrl":"http:\/\/www.leblogmoto.com\/images\/2007\/10\/07\/james_toseland_honda_n52.jpg","datePublished":"2007-10-07T22:28:56+00:00","dateModified":"2012-07-11T14:47:40+00:00","author":{"@id":"https:\/\/blogs.thesocialmedia.com\/leblogmoto\/#\/schema\/person\/18bfe773e5725ed6d24f743da805362a"},"breadcrumb":{"@id":"https:\/\/blogs.thesocialmedia.com\/leblogmoto\/2007\/10\/07\/magny-cours-jam\/#breadcrumb"},"inLanguage":"fr-FR","potentialAction":[{"@type":"ReadAction","target":["https:\/\/blogs.thesocialmedia.com\/leblogmoto\/2007\/10\/07\/magny-cours-jam\/"]}]},{"@type":"ImageObject","inLanguage":"fr-FR","@id":"https:\/\/blogs.thesocialmedia.com\/leblogmoto\/2007\/10\/07\/magny-cours-jam\/#primaryimage","url":"http:\/\/www.leblogmoto.com\/images\/2007\/10\/07\/james_toseland_honda_n52.jpg","contentUrl":"http:\/\/www.leblogmoto.com\/images\/2007\/10\/07\/james_toseland_honda_n52.jpg"},{"@type":"BreadcrumbList","@id":"https:\/\/blogs.thesocialmedia.com\/leblogmoto\/2007\/10\/07\/magny-cours-jam\/#breadcrumb","itemListElement":[{"@type":"ListItem","position":1,"name":"Accueil","item":"https:\/\/blogs.thesocialmedia.com\/leblogmoto\/"},{"@type":"ListItem","position":2,"name":"Magny-Cours: 2nd titre pour J.Toseland en Superbike !"}]},{"@type":"WebSite","@id":"https:\/\/blogs.thesocialmedia.com\/leblogmoto\/#website","url":"https:\/\/blogs.thesocialmedia.com\/leblogmoto\/","name":"leblogmoto","description":"Toute l&#039;actualit\u00e9 des 2 roues","potentialAction":[{"@type":"SearchAction","target":{"@type":"EntryPoint","urlTemplate":"https:\/\/blogs.thesocialmedia.com\/leblogmoto\/?s={search_term_string}"},"query-input":{"@type":"PropertyValueSpecification","valueRequired":true,"valueName":"search_term_string"}}],"inLanguage":"fr-FR"},{"@type":"Person","@id":"https:\/\/blogs.thesocialmedia.com\/leblogmoto\/#\/schema\/person\/18bfe773e5725ed6d24f743da805362a","name":"benoit rieu","image":{"@type":"ImageObject","inLanguage":"fr-FR","@id":"https:\/\/blogs.thesocialmedia.com\/leblogmoto\/#\/schema\/person\/image\/","url":"https:\/\/secure.gravatar.com\/avatar\/?s=96&d=mm&r=g","contentUrl":"https:\/\/secure.gravatar.com\/avatar\/?s=96&d=mm&r=g","caption":"benoit rieu"},"url":"https:\/\/blogs.thesocialmedia.com\/leblogmoto\/author\/benoit-rieu\/"}]}},"_links":{"self":[{"href":"https:\/\/blogs.thesocialmedia.com\/leblogmoto\/wp-json\/wp\/v2\/posts\/1206","targetHints":{"allow":["GET"]}}],"collection":[{"href":"https:\/\/blogs.thesocialmedia.com\/leblogmoto\/wp-json\/wp\/v2\/posts"}],"about":[{"href":"https:\/\/blogs.thesocialmedia.com\/leblogmoto\/wp-json\/wp\/v2\/types\/post"}],"author":[{"embeddable":true,"href":"https:\/\/blogs.thesocialmedia.com\/leblogmoto\/wp-json\/wp\/v2\/users\/324"}],"replies":[{"embeddable":true,"href":"https:\/\/blogs.thesocialmedia.com\/leblogmoto\/wp-json\/wp\/v2\/comments?post=1206"}],"version-history":[{"count":2,"href":"https:\/\/blogs.thesocialmedia.com\/leblogmoto\/wp-json\/wp\/v2\/posts\/1206\/revisions"}],"predecessor-version":[{"id":8820,"href":"https:\/\/blogs.thesocialmedia.com\/leblogmoto\/wp-json\/wp\/v2\/posts\/1206\/revisions\/8820"}],"wp:attachment":[{"href":"https:\/\/blogs.thesocialmedia.com\/leblogmoto\/wp-json\/wp\/v2\/media?parent=1206"}],"wp:term":[{"taxonomy":"category","embeddable":true,"href":"https:\/\/blogs.thesocialmedia.com\/leblogmoto\/wp-json\/wp\/v2\/categories?post=1206"},{"taxonomy":"post_tag","embeddable":true,"href":"https:\/\/blogs.thesocialmedia.com\/leblogmoto\/wp-json\/wp\/v2\/tags?post=1206"}],"curies":[{"name":"wp","href":"https:\/\/api.w.org\/{rel}","templated":true}]}}