{"id":1208,"date":"2007-10-06T10:03:23","date_gmt":"2007-10-06T10:03:23","guid":{"rendered":"http:\/\/blogs.thesocialmedia.com\/leblogmoto\/2007\/10\/06\/lapptit-retrouv\/"},"modified":"2012-07-11T14:47:26","modified_gmt":"2012-07-11T14:47:26","slug":"lapptit-retrouv","status":"publish","type":"post","link":"https:\/\/blogs.thesocialmedia.com\/leblogmoto\/2007\/10\/06\/lapptit-retrouv\/","title":{"rendered":"BMW retrouve l&rsquo;app\u00e9tit: apr\u00e8s l&rsquo;Endurance, le Superbike."},"content":{"rendered":"<p><a href=\"http:\/\/blogs.thesocialmedia.com\/leblogmoto\/files\/2012\/07\/bmw_le_mans_2007_r1200s_bquille_ate.jpg\"><img loading=\"lazy\" decoding=\"async\" width=\"470\" height=\"314\"  src=\"http:\/\/www.leblogmoto.com\/images\/2007\/10\/06\/bmw_le_mans_2007_r1200s_bquille_ate.jpg\" alt=\"Bmw_le_mans_2007_r1200s_bquille_ate\" \/><\/a><\/p>\n<p>Au moment o\u00f9 la pluie brouillait les cartes \u00e0 Magny-Cours en Superbike lors de la s\u00e9ance d&rsquo;essais chronom\u00e9tr\u00e9s, for\u00e7ant les pilotes (dont un Toseland revanchard et press\u00e9 d&rsquo;en finir) \u00e0 courir dans une mis\u00e9rable fen\u00eatre de quinze minutes, Peter M\u00fcller annon\u00e7ait lors du Salon du deux-roues parisien, l&rsquo;engagement de la firme bavaroise dans cette cat\u00e9gorie pour 2009, en parrall\u00e8le aux \u00e9preuves d&rsquo;Endurance.<\/p>\n<p>Cette annonce du responsable du D\u00e9veloppement et S\u00e9ries de BMW Motorrad, pressentie depuis quelque temps d\u00e9j\u00e0, est dans la droite ligne de la politique sportive de la marque qui vise un retour en sport (sous ses propres couleurs) et qui envisage enfin &#8211; apr\u00e8s des d\u00e9cennies de d\u00e9ni &#8211; le circuit comme vitrine publicitaire. L&rsquo;effet Formule 1 sans doute.<\/p>\n<p>Comme vous l&rsquo;avait annonc\u00e9 Gr\u00e9gory en <a href=\"http:\/\/www.leblogmoto.com\/2007\/04\/24h_du_mans_bmw_2.html\">avril dernier<\/a>, ce retour avait d\u00e9but\u00e9, apr\u00e8s 50 ans d&rsquo;absence (!), par une honorable 16\u00e8me place de l&rsquo;\u00e9preuve mancelle avec la moto n\u00b017 (photo) du trio Hinterreiter &#8211; Penzkofer &#8211; Barth, BMW pr\u00e9f\u00e9rant mettre en avant sa premi\u00e8re place en cat\u00e9gorie Open (la Suzuki GSX-R du trio Costes-Dietrich-Neukirchner remporta l&rsquo;\u00e9preuve). <\/p>\n<p>Pour l&rsquo;anecdote, on a un peu le m\u00eame l&rsquo;\u00e9quivalent, toujours au Mans, mais \u00e0 quatre roues, o\u00f9 les Proto et GT se partagent les titres en 24h auto. Les premiers \u00e9crasent ces seconds, un monde les s\u00e9parant (en a\u00e9rodynamique, motorisation, moyens financiers&#8230;). Mais de la m\u00eame fa\u00e7on que BMW en moto, cette ann\u00e9e, Aston Martin a aussi communiqu\u00e9 sur sa premi\u00e8re place en GT (en fait LMGT1) alors qu&rsquo;elle f\u00fbt 5\u00e8me au g\u00e9n\u00e9ral. <\/p>\n<p>Souhaitons bonne chance \u00e0 un Motorrad enfin volontaire dans son approche du sport moto, tout en observant avec impatience et curiosit\u00e9 les noms des pilotes qu&rsquo;elle alignera. Pour cela il faudra attendre plus d&rsquo;un an encore avant l&rsquo;annonce officielle de son line-up pour la saison 2009.<\/p>\n","protected":false},"excerpt":{"rendered":"<p>Au moment o\u00f9 la pluie brouillait les cartes \u00e0 Magny-Cours en Superbike lors de la s\u00e9ance d&rsquo;essais chronom\u00e9tr\u00e9s, for\u00e7ant les pilotes (dont un Toseland revanchard et press\u00e9 d&rsquo;en finir) \u00e0 courir dans une mis\u00e9rable fen\u00eatre de quinze minutes, Peter M\u00fcller annon\u00e7ait lors du Salon du deux-roues parisien, l&rsquo;engagement de la firme bavaroise dans cette cat\u00e9gorie [&hellip;]<\/p>\n","protected":false},"author":324,"featured_media":0,"comment_status":"open","ping_status":"open","sticky":false,"template":"","format":"standard","meta":{"footnotes":""},"categories":[7,36,32,46],"tags":[],"class_list":["post-1208","post","type-post","status-publish","format-standard","hentry","category-bmw","category-salons","category-sport-moto","category-superbike"],"yoast_head":"<!-- This site is optimized with the Yoast SEO plugin v26.0 - https:\/\/yoast.com\/wordpress\/plugins\/seo\/ -->\n<title>BMW retrouve l&#039;app\u00e9tit: apr\u00e8s l&#039;Endurance, le Superbike. - leblogmoto.com<\/title>\n<meta name=\"robots\" content=\"index, follow, max-snippet:-1, max-image-preview:large, max-video-preview:-1\" \/>\n<link rel=\"canonical\" href=\"https:\/\/blogs.thesocialmedia.com\/leblogmoto\/2007\/10\/06\/lapptit-retrouv\/\" \/>\n<meta name=\"twitter:card\" content=\"summary_large_image\" \/>\n<meta name=\"twitter:title\" content=\"BMW retrouve l&#039;app\u00e9tit: apr\u00e8s l&#039;Endurance, le Superbike. - leblogmoto.com\" \/>\n<meta name=\"twitter:description\" content=\"Au moment o\u00f9 la pluie brouillait les cartes \u00e0 Magny-Cours en Superbike lors de la s\u00e9ance d&rsquo;essais chronom\u00e9tr\u00e9s, for\u00e7ant les pilotes (dont un Toseland revanchard et press\u00e9 d&rsquo;en finir) \u00e0 courir dans une mis\u00e9rable fen\u00eatre de quinze minutes, Peter M\u00fcller annon\u00e7ait lors du Salon du deux-roues parisien, l&rsquo;engagement de la firme bavaroise dans cette cat\u00e9gorie [&hellip;]\" \/>\n<meta name=\"twitter:image\" content=\"http:\/\/www.leblogmoto.com\/images\/2007\/10\/06\/bmw_le_mans_2007_r1200s_bquille_ate.jpg\" \/>\n<meta name=\"twitter:label1\" content=\"\u00c9crit par\" \/>\n\t<meta name=\"twitter:data1\" content=\"benoit rieu\" \/>\n\t<meta name=\"twitter:label2\" content=\"Dur\u00e9e de lecture estim\u00e9e\" \/>\n\t<meta name=\"twitter:data2\" content=\"2 minutes\" \/>\n<script type=\"application\/ld+json\" class=\"yoast-schema-graph\">{\"@context\":\"https:\/\/schema.org\",\"@graph\":[{\"@type\":\"WebPage\",\"@id\":\"https:\/\/blogs.thesocialmedia.com\/leblogmoto\/2007\/10\/06\/lapptit-retrouv\/\",\"url\":\"https:\/\/blogs.thesocialmedia.com\/leblogmoto\/2007\/10\/06\/lapptit-retrouv\/\",\"name\":\"BMW retrouve l'app\u00e9tit: apr\u00e8s l'Endurance, le Superbike. - leblogmoto.com\",\"isPartOf\":{\"@id\":\"https:\/\/blogs.thesocialmedia.com\/leblogmoto\/#website\"},\"primaryImageOfPage\":{\"@id\":\"https:\/\/blogs.thesocialmedia.com\/leblogmoto\/2007\/10\/06\/lapptit-retrouv\/#primaryimage\"},\"image\":{\"@id\":\"https:\/\/blogs.thesocialmedia.com\/leblogmoto\/2007\/10\/06\/lapptit-retrouv\/#primaryimage\"},\"thumbnailUrl\":\"http:\/\/www.leblogmoto.com\/images\/2007\/10\/06\/bmw_le_mans_2007_r1200s_bquille_ate.jpg\",\"datePublished\":\"2007-10-06T10:03:23+00:00\",\"dateModified\":\"2012-07-11T14:47:26+00:00\",\"author\":{\"@id\":\"https:\/\/blogs.thesocialmedia.com\/leblogmoto\/#\/schema\/person\/18bfe773e5725ed6d24f743da805362a\"},\"breadcrumb\":{\"@id\":\"https:\/\/blogs.thesocialmedia.com\/leblogmoto\/2007\/10\/06\/lapptit-retrouv\/#breadcrumb\"},\"inLanguage\":\"fr-FR\",\"potentialAction\":[{\"@type\":\"ReadAction\",\"target\":[\"https:\/\/blogs.thesocialmedia.com\/leblogmoto\/2007\/10\/06\/lapptit-retrouv\/\"]}]},{\"@type\":\"ImageObject\",\"inLanguage\":\"fr-FR\",\"@id\":\"https:\/\/blogs.thesocialmedia.com\/leblogmoto\/2007\/10\/06\/lapptit-retrouv\/#primaryimage\",\"url\":\"http:\/\/www.leblogmoto.com\/images\/2007\/10\/06\/bmw_le_mans_2007_r1200s_bquille_ate.jpg\",\"contentUrl\":\"http:\/\/www.leblogmoto.com\/images\/2007\/10\/06\/bmw_le_mans_2007_r1200s_bquille_ate.jpg\"},{\"@type\":\"BreadcrumbList\",\"@id\":\"https:\/\/blogs.thesocialmedia.com\/leblogmoto\/2007\/10\/06\/lapptit-retrouv\/#breadcrumb\",\"itemListElement\":[{\"@type\":\"ListItem\",\"position\":1,\"name\":\"Accueil\",\"item\":\"https:\/\/blogs.thesocialmedia.com\/leblogmoto\/\"},{\"@type\":\"ListItem\",\"position\":2,\"name\":\"BMW retrouve l&rsquo;app\u00e9tit: apr\u00e8s l&rsquo;Endurance, le Superbike.\"}]},{\"@type\":\"WebSite\",\"@id\":\"https:\/\/blogs.thesocialmedia.com\/leblogmoto\/#website\",\"url\":\"https:\/\/blogs.thesocialmedia.com\/leblogmoto\/\",\"name\":\"leblogmoto\",\"description\":\"Toute l&#039;actualit\u00e9 des 2 roues\",\"potentialAction\":[{\"@type\":\"SearchAction\",\"target\":{\"@type\":\"EntryPoint\",\"urlTemplate\":\"https:\/\/blogs.thesocialmedia.com\/leblogmoto\/?s={search_term_string}\"},\"query-input\":{\"@type\":\"PropertyValueSpecification\",\"valueRequired\":true,\"valueName\":\"search_term_string\"}}],\"inLanguage\":\"fr-FR\"},{\"@type\":\"Person\",\"@id\":\"https:\/\/blogs.thesocialmedia.com\/leblogmoto\/#\/schema\/person\/18bfe773e5725ed6d24f743da805362a\",\"name\":\"benoit rieu\",\"image\":{\"@type\":\"ImageObject\",\"inLanguage\":\"fr-FR\",\"@id\":\"https:\/\/blogs.thesocialmedia.com\/leblogmoto\/#\/schema\/person\/image\/\",\"url\":\"https:\/\/secure.gravatar.com\/avatar\/?s=96&d=mm&r=g\",\"contentUrl\":\"https:\/\/secure.gravatar.com\/avatar\/?s=96&d=mm&r=g\",\"caption\":\"benoit rieu\"},\"url\":\"https:\/\/blogs.thesocialmedia.com\/leblogmoto\/author\/benoit-rieu\/\"}]}<\/script>\n<!-- \/ Yoast SEO plugin. -->","yoast_head_json":{"title":"BMW retrouve l'app\u00e9tit: apr\u00e8s l'Endurance, le Superbike. - leblogmoto.com","robots":{"index":"index","follow":"follow","max-snippet":"max-snippet:-1","max-image-preview":"max-image-preview:large","max-video-preview":"max-video-preview:-1"},"canonical":"https:\/\/blogs.thesocialmedia.com\/leblogmoto\/2007\/10\/06\/lapptit-retrouv\/","twitter_card":"summary_large_image","twitter_title":"BMW retrouve l'app\u00e9tit: apr\u00e8s l'Endurance, le Superbike. - leblogmoto.com","twitter_description":"Au moment o\u00f9 la pluie brouillait les cartes \u00e0 Magny-Cours en Superbike lors de la s\u00e9ance d&rsquo;essais chronom\u00e9tr\u00e9s, for\u00e7ant les pilotes (dont un Toseland revanchard et press\u00e9 d&rsquo;en finir) \u00e0 courir dans une mis\u00e9rable fen\u00eatre de quinze minutes, Peter M\u00fcller annon\u00e7ait lors du Salon du deux-roues parisien, l&rsquo;engagement de la firme bavaroise dans cette cat\u00e9gorie [&hellip;]","twitter_image":"http:\/\/www.leblogmoto.com\/images\/2007\/10\/06\/bmw_le_mans_2007_r1200s_bquille_ate.jpg","twitter_misc":{"\u00c9crit par":"benoit rieu","Dur\u00e9e de lecture estim\u00e9e":"2 minutes"},"schema":{"@context":"https:\/\/schema.org","@graph":[{"@type":"WebPage","@id":"https:\/\/blogs.thesocialmedia.com\/leblogmoto\/2007\/10\/06\/lapptit-retrouv\/","url":"https:\/\/blogs.thesocialmedia.com\/leblogmoto\/2007\/10\/06\/lapptit-retrouv\/","name":"BMW retrouve l'app\u00e9tit: apr\u00e8s l'Endurance, le Superbike. - leblogmoto.com","isPartOf":{"@id":"https:\/\/blogs.thesocialmedia.com\/leblogmoto\/#website"},"primaryImageOfPage":{"@id":"https:\/\/blogs.thesocialmedia.com\/leblogmoto\/2007\/10\/06\/lapptit-retrouv\/#primaryimage"},"image":{"@id":"https:\/\/blogs.thesocialmedia.com\/leblogmoto\/2007\/10\/06\/lapptit-retrouv\/#primaryimage"},"thumbnailUrl":"http:\/\/www.leblogmoto.com\/images\/2007\/10\/06\/bmw_le_mans_2007_r1200s_bquille_ate.jpg","datePublished":"2007-10-06T10:03:23+00:00","dateModified":"2012-07-11T14:47:26+00:00","author":{"@id":"https:\/\/blogs.thesocialmedia.com\/leblogmoto\/#\/schema\/person\/18bfe773e5725ed6d24f743da805362a"},"breadcrumb":{"@id":"https:\/\/blogs.thesocialmedia.com\/leblogmoto\/2007\/10\/06\/lapptit-retrouv\/#breadcrumb"},"inLanguage":"fr-FR","potentialAction":[{"@type":"ReadAction","target":["https:\/\/blogs.thesocialmedia.com\/leblogmoto\/2007\/10\/06\/lapptit-retrouv\/"]}]},{"@type":"ImageObject","inLanguage":"fr-FR","@id":"https:\/\/blogs.thesocialmedia.com\/leblogmoto\/2007\/10\/06\/lapptit-retrouv\/#primaryimage","url":"http:\/\/www.leblogmoto.com\/images\/2007\/10\/06\/bmw_le_mans_2007_r1200s_bquille_ate.jpg","contentUrl":"http:\/\/www.leblogmoto.com\/images\/2007\/10\/06\/bmw_le_mans_2007_r1200s_bquille_ate.jpg"},{"@type":"BreadcrumbList","@id":"https:\/\/blogs.thesocialmedia.com\/leblogmoto\/2007\/10\/06\/lapptit-retrouv\/#breadcrumb","itemListElement":[{"@type":"ListItem","position":1,"name":"Accueil","item":"https:\/\/blogs.thesocialmedia.com\/leblogmoto\/"},{"@type":"ListItem","position":2,"name":"BMW retrouve l&rsquo;app\u00e9tit: apr\u00e8s l&rsquo;Endurance, le Superbike."}]},{"@type":"WebSite","@id":"https:\/\/blogs.thesocialmedia.com\/leblogmoto\/#website","url":"https:\/\/blogs.thesocialmedia.com\/leblogmoto\/","name":"leblogmoto","description":"Toute l&#039;actualit\u00e9 des 2 roues","potentialAction":[{"@type":"SearchAction","target":{"@type":"EntryPoint","urlTemplate":"https:\/\/blogs.thesocialmedia.com\/leblogmoto\/?s={search_term_string}"},"query-input":{"@type":"PropertyValueSpecification","valueRequired":true,"valueName":"search_term_string"}}],"inLanguage":"fr-FR"},{"@type":"Person","@id":"https:\/\/blogs.thesocialmedia.com\/leblogmoto\/#\/schema\/person\/18bfe773e5725ed6d24f743da805362a","name":"benoit rieu","image":{"@type":"ImageObject","inLanguage":"fr-FR","@id":"https:\/\/blogs.thesocialmedia.com\/leblogmoto\/#\/schema\/person\/image\/","url":"https:\/\/secure.gravatar.com\/avatar\/?s=96&d=mm&r=g","contentUrl":"https:\/\/secure.gravatar.com\/avatar\/?s=96&d=mm&r=g","caption":"benoit rieu"},"url":"https:\/\/blogs.thesocialmedia.com\/leblogmoto\/author\/benoit-rieu\/"}]}},"_links":{"self":[{"href":"https:\/\/blogs.thesocialmedia.com\/leblogmoto\/wp-json\/wp\/v2\/posts\/1208","targetHints":{"allow":["GET"]}}],"collection":[{"href":"https:\/\/blogs.thesocialmedia.com\/leblogmoto\/wp-json\/wp\/v2\/posts"}],"about":[{"href":"https:\/\/blogs.thesocialmedia.com\/leblogmoto\/wp-json\/wp\/v2\/types\/post"}],"author":[{"embeddable":true,"href":"https:\/\/blogs.thesocialmedia.com\/leblogmoto\/wp-json\/wp\/v2\/users\/324"}],"replies":[{"embeddable":true,"href":"https:\/\/blogs.thesocialmedia.com\/leblogmoto\/wp-json\/wp\/v2\/comments?post=1208"}],"version-history":[{"count":2,"href":"https:\/\/blogs.thesocialmedia.com\/leblogmoto\/wp-json\/wp\/v2\/posts\/1208\/revisions"}],"predecessor-version":[{"id":8814,"href":"https:\/\/blogs.thesocialmedia.com\/leblogmoto\/wp-json\/wp\/v2\/posts\/1208\/revisions\/8814"}],"wp:attachment":[{"href":"https:\/\/blogs.thesocialmedia.com\/leblogmoto\/wp-json\/wp\/v2\/media?parent=1208"}],"wp:term":[{"taxonomy":"category","embeddable":true,"href":"https:\/\/blogs.thesocialmedia.com\/leblogmoto\/wp-json\/wp\/v2\/categories?post=1208"},{"taxonomy":"post_tag","embeddable":true,"href":"https:\/\/blogs.thesocialmedia.com\/leblogmoto\/wp-json\/wp\/v2\/tags?post=1208"}],"curies":[{"name":"wp","href":"https:\/\/api.w.org\/{rel}","templated":true}]}}