{"id":121,"date":"2009-05-27T14:39:52","date_gmt":"2009-05-27T14:39:52","guid":{"rendered":"http:\/\/blogs.thesocialmedia.com\/leblogmoto\/2009\/05\/27\/58-permis-retires-pendant-le-gp-de-france\/"},"modified":"2012-07-11T17:29:59","modified_gmt":"2012-07-11T17:29:59","slug":"58-permis-retires-pendant-le-gp-de-france","status":"publish","type":"post","link":"https:\/\/blogs.thesocialmedia.com\/leblogmoto\/2009\/05\/27\/58-permis-retires-pendant-le-gp-de-france\/","title":{"rendered":"58 permis retir\u00e9s au GP de France"},"content":{"rendered":"<p><a href=\"http:\/\/blogs.thesocialmedia.com\/leblogmoto\/files\/2012\/07\/6a00d83451b18369e2011570a983d2970b-popup.png\"><img decoding=\"async\" alt=\"Permis\" class=\"at-xid-6a00d83451b18369e2011570a983d2970b \" src=\"http:\/\/blogs.thesocialmedia.com\/leblogmoto\/files\/2012\/07\/6a00d83451b18369e2011570a983d2970b-500wi.jpg\" style=\"width: 470px\" \/><\/a> <\/p>\n<p>Plus de 300 gendarmes \u00e9taient mobilis\u00e9s pour assurer la s\u00e9curit\u00e9 de nos routes autour du circuit pendant la <a href=\"http:\/\/blogs.thesocialmedia.com\/leblogmoto\/files\/2012\/07\/jorge-lorenzo-premier-valentino-rossi-dernier.html_.png\" target=\"_blank\">derni\u00e8re \u00e9dition du Grand Prix de France<\/a>. Au cours du week end et de leurs diff\u00e9rents contr\u00f4les ils ont \u00e9t\u00e9 amen\u00e9 \u00e0 retirer 58 permis sur le champ \u00e0 des motardes et motards&#8230; <\/p>\n<p><a href=\"http:\/\/clabedan.typepad.com\/.a\/6a00d83451b18369e2011570a9fb39970b-pi\"><img decoding=\"async\" alt=\"MotoGP Subaru\" class=\"at-xid-6a00d83451b18369e2011570a9fb39970b \" src=\"http:\/\/blogs.thesocialmedia.com\/leblogmoto\/files\/2012\/07\/6a00d83451b18369e2011570a9fb39970b-500wi.jpg\" \/><\/a> <\/p>\n<p>Sur 2382 contr\u00f4les alcootest 28 motards ont \u00e9t\u00e9 d\u00e9clar\u00e9s positifs. <\/p>\n<p>Concernant les d\u00e9pistages anti stup\u00e9fiants ce sont 25 motards sur 46 contr\u00f4les qui ont \u00e9t\u00e9 positifs.&#160; <\/p>\n<p>Ils ont aussi constat\u00e9 1366 exc\u00e8s de vitesse et dress\u00e9 plus de 150 PV pour des infractions diverses \u00e0 la circulation routi\u00e8re&#8230;<\/p>\n","protected":false},"excerpt":{"rendered":"<p>Plus de 300 gendarmes \u00e9taient mobilis\u00e9s pour assurer la s\u00e9curit\u00e9 de nos routes autour du circuit pendant la derni\u00e8re \u00e9dition du Grand Prix de France. Au cours du week end et de leurs diff\u00e9rents contr\u00f4les ils ont \u00e9t\u00e9 amen\u00e9 \u00e0 retirer 58 permis sur le champ \u00e0 des motardes et motards&#8230; Sur 2382 contr\u00f4les alcootest [&hellip;]<\/p>\n","protected":false},"author":323,"featured_media":13719,"comment_status":"open","ping_status":"open","sticky":false,"template":"","format":"standard","meta":{"footnotes":""},"categories":[3,22,27],"tags":[],"class_list":["post-121","post","type-post","status-publish","format-standard","has-post-thumbnail","hentry","category-actualite","category-motogp","category-securite"],"yoast_head":"<!-- This site is optimized with the Yoast SEO plugin v26.0 - https:\/\/yoast.com\/wordpress\/plugins\/seo\/ -->\n<title>58 permis retir\u00e9s au GP de France - leblogmoto.com<\/title>\n<meta name=\"robots\" content=\"index, follow, max-snippet:-1, max-image-preview:large, max-video-preview:-1\" \/>\n<link rel=\"canonical\" href=\"https:\/\/blogs.thesocialmedia.com\/leblogmoto\/2009\/05\/27\/58-permis-retires-pendant-le-gp-de-france\/\" \/>\n<meta name=\"twitter:card\" content=\"summary_large_image\" \/>\n<meta name=\"twitter:title\" content=\"58 permis retir\u00e9s au GP de France - leblogmoto.com\" \/>\n<meta name=\"twitter:description\" content=\"Plus de 300 gendarmes \u00e9taient mobilis\u00e9s pour assurer la s\u00e9curit\u00e9 de nos routes autour du circuit pendant la derni\u00e8re \u00e9dition du Grand Prix de France. Au cours du week end et de leurs diff\u00e9rents contr\u00f4les ils ont \u00e9t\u00e9 amen\u00e9 \u00e0 retirer 58 permis sur le champ \u00e0 des motardes et motards&#8230; Sur 2382 contr\u00f4les alcootest [&hellip;]\" \/>\n<meta name=\"twitter:image\" content=\"https:\/\/blogs.thesocialmedia.com\/leblogmoto\/files\/2012\/07\/6a00d83451b18369e2011570a983d2970b-500wi.jpg\" \/>\n<meta name=\"twitter:label1\" content=\"\u00c9crit par\" \/>\n\t<meta name=\"twitter:data1\" content=\"albin le guyader\" \/>\n\t<meta name=\"twitter:label2\" content=\"Dur\u00e9e de lecture estim\u00e9e\" \/>\n\t<meta name=\"twitter:data2\" content=\"1 minute\" \/>\n<script type=\"application\/ld+json\" class=\"yoast-schema-graph\">{\"@context\":\"https:\/\/schema.org\",\"@graph\":[{\"@type\":\"WebPage\",\"@id\":\"https:\/\/blogs.thesocialmedia.com\/leblogmoto\/2009\/05\/27\/58-permis-retires-pendant-le-gp-de-france\/\",\"url\":\"https:\/\/blogs.thesocialmedia.com\/leblogmoto\/2009\/05\/27\/58-permis-retires-pendant-le-gp-de-france\/\",\"name\":\"58 permis retir\u00e9s au GP de France - leblogmoto.com\",\"isPartOf\":{\"@id\":\"https:\/\/blogs.thesocialmedia.com\/leblogmoto\/#website\"},\"primaryImageOfPage\":{\"@id\":\"https:\/\/blogs.thesocialmedia.com\/leblogmoto\/2009\/05\/27\/58-permis-retires-pendant-le-gp-de-france\/#primaryimage\"},\"image\":{\"@id\":\"https:\/\/blogs.thesocialmedia.com\/leblogmoto\/2009\/05\/27\/58-permis-retires-pendant-le-gp-de-france\/#primaryimage\"},\"thumbnailUrl\":\"https:\/\/blogs.thesocialmedia.com\/leblogmoto\/files\/2012\/07\/6a00d83451b18369e2011570a983d2970b-500wi.jpg\",\"datePublished\":\"2009-05-27T14:39:52+00:00\",\"dateModified\":\"2012-07-11T17:29:59+00:00\",\"author\":{\"@id\":\"https:\/\/blogs.thesocialmedia.com\/leblogmoto\/#\/schema\/person\/b496d27c898c29a39678e2425cafb9ae\"},\"breadcrumb\":{\"@id\":\"https:\/\/blogs.thesocialmedia.com\/leblogmoto\/2009\/05\/27\/58-permis-retires-pendant-le-gp-de-france\/#breadcrumb\"},\"inLanguage\":\"fr-FR\",\"potentialAction\":[{\"@type\":\"ReadAction\",\"target\":[\"https:\/\/blogs.thesocialmedia.com\/leblogmoto\/2009\/05\/27\/58-permis-retires-pendant-le-gp-de-france\/\"]}]},{\"@type\":\"ImageObject\",\"inLanguage\":\"fr-FR\",\"@id\":\"https:\/\/blogs.thesocialmedia.com\/leblogmoto\/2009\/05\/27\/58-permis-retires-pendant-le-gp-de-france\/#primaryimage\",\"url\":\"https:\/\/blogs.thesocialmedia.com\/leblogmoto\/files\/2012\/07\/6a00d83451b18369e2011570a983d2970b-500wi.jpg\",\"contentUrl\":\"https:\/\/blogs.thesocialmedia.com\/leblogmoto\/files\/2012\/07\/6a00d83451b18369e2011570a983d2970b-500wi.jpg\",\"width\":\"500\",\"height\":\"417\"},{\"@type\":\"BreadcrumbList\",\"@id\":\"https:\/\/blogs.thesocialmedia.com\/leblogmoto\/2009\/05\/27\/58-permis-retires-pendant-le-gp-de-france\/#breadcrumb\",\"itemListElement\":[{\"@type\":\"ListItem\",\"position\":1,\"name\":\"Accueil\",\"item\":\"https:\/\/blogs.thesocialmedia.com\/leblogmoto\/\"},{\"@type\":\"ListItem\",\"position\":2,\"name\":\"58 permis retir\u00e9s au GP de France\"}]},{\"@type\":\"WebSite\",\"@id\":\"https:\/\/blogs.thesocialmedia.com\/leblogmoto\/#website\",\"url\":\"https:\/\/blogs.thesocialmedia.com\/leblogmoto\/\",\"name\":\"leblogmoto\",\"description\":\"Toute l&#039;actualit\u00e9 des 2 roues\",\"potentialAction\":[{\"@type\":\"SearchAction\",\"target\":{\"@type\":\"EntryPoint\",\"urlTemplate\":\"https:\/\/blogs.thesocialmedia.com\/leblogmoto\/?s={search_term_string}\"},\"query-input\":{\"@type\":\"PropertyValueSpecification\",\"valueRequired\":true,\"valueName\":\"search_term_string\"}}],\"inLanguage\":\"fr-FR\"},{\"@type\":\"Person\",\"@id\":\"https:\/\/blogs.thesocialmedia.com\/leblogmoto\/#\/schema\/person\/b496d27c898c29a39678e2425cafb9ae\",\"name\":\"albin le guyader\",\"image\":{\"@type\":\"ImageObject\",\"inLanguage\":\"fr-FR\",\"@id\":\"https:\/\/blogs.thesocialmedia.com\/leblogmoto\/#\/schema\/person\/image\/\",\"url\":\"https:\/\/secure.gravatar.com\/avatar\/?s=96&d=mm&r=g\",\"contentUrl\":\"https:\/\/secure.gravatar.com\/avatar\/?s=96&d=mm&r=g\",\"caption\":\"albin le guyader\"},\"url\":\"https:\/\/blogs.thesocialmedia.com\/leblogmoto\/author\/albin-le-guyader\/\"}]}<\/script>\n<!-- \/ Yoast SEO plugin. -->","yoast_head_json":{"title":"58 permis retir\u00e9s au GP de France - leblogmoto.com","robots":{"index":"index","follow":"follow","max-snippet":"max-snippet:-1","max-image-preview":"max-image-preview:large","max-video-preview":"max-video-preview:-1"},"canonical":"https:\/\/blogs.thesocialmedia.com\/leblogmoto\/2009\/05\/27\/58-permis-retires-pendant-le-gp-de-france\/","twitter_card":"summary_large_image","twitter_title":"58 permis retir\u00e9s au GP de France - leblogmoto.com","twitter_description":"Plus de 300 gendarmes \u00e9taient mobilis\u00e9s pour assurer la s\u00e9curit\u00e9 de nos routes autour du circuit pendant la derni\u00e8re \u00e9dition du Grand Prix de France. Au cours du week end et de leurs diff\u00e9rents contr\u00f4les ils ont \u00e9t\u00e9 amen\u00e9 \u00e0 retirer 58 permis sur le champ \u00e0 des motardes et motards&#8230; Sur 2382 contr\u00f4les alcootest [&hellip;]","twitter_image":"https:\/\/blogs.thesocialmedia.com\/leblogmoto\/files\/2012\/07\/6a00d83451b18369e2011570a983d2970b-500wi.jpg","twitter_misc":{"\u00c9crit par":"albin le guyader","Dur\u00e9e de lecture estim\u00e9e":"1 minute"},"schema":{"@context":"https:\/\/schema.org","@graph":[{"@type":"WebPage","@id":"https:\/\/blogs.thesocialmedia.com\/leblogmoto\/2009\/05\/27\/58-permis-retires-pendant-le-gp-de-france\/","url":"https:\/\/blogs.thesocialmedia.com\/leblogmoto\/2009\/05\/27\/58-permis-retires-pendant-le-gp-de-france\/","name":"58 permis retir\u00e9s au GP de France - leblogmoto.com","isPartOf":{"@id":"https:\/\/blogs.thesocialmedia.com\/leblogmoto\/#website"},"primaryImageOfPage":{"@id":"https:\/\/blogs.thesocialmedia.com\/leblogmoto\/2009\/05\/27\/58-permis-retires-pendant-le-gp-de-france\/#primaryimage"},"image":{"@id":"https:\/\/blogs.thesocialmedia.com\/leblogmoto\/2009\/05\/27\/58-permis-retires-pendant-le-gp-de-france\/#primaryimage"},"thumbnailUrl":"https:\/\/blogs.thesocialmedia.com\/leblogmoto\/files\/2012\/07\/6a00d83451b18369e2011570a983d2970b-500wi.jpg","datePublished":"2009-05-27T14:39:52+00:00","dateModified":"2012-07-11T17:29:59+00:00","author":{"@id":"https:\/\/blogs.thesocialmedia.com\/leblogmoto\/#\/schema\/person\/b496d27c898c29a39678e2425cafb9ae"},"breadcrumb":{"@id":"https:\/\/blogs.thesocialmedia.com\/leblogmoto\/2009\/05\/27\/58-permis-retires-pendant-le-gp-de-france\/#breadcrumb"},"inLanguage":"fr-FR","potentialAction":[{"@type":"ReadAction","target":["https:\/\/blogs.thesocialmedia.com\/leblogmoto\/2009\/05\/27\/58-permis-retires-pendant-le-gp-de-france\/"]}]},{"@type":"ImageObject","inLanguage":"fr-FR","@id":"https:\/\/blogs.thesocialmedia.com\/leblogmoto\/2009\/05\/27\/58-permis-retires-pendant-le-gp-de-france\/#primaryimage","url":"https:\/\/blogs.thesocialmedia.com\/leblogmoto\/files\/2012\/07\/6a00d83451b18369e2011570a983d2970b-500wi.jpg","contentUrl":"https:\/\/blogs.thesocialmedia.com\/leblogmoto\/files\/2012\/07\/6a00d83451b18369e2011570a983d2970b-500wi.jpg","width":"500","height":"417"},{"@type":"BreadcrumbList","@id":"https:\/\/blogs.thesocialmedia.com\/leblogmoto\/2009\/05\/27\/58-permis-retires-pendant-le-gp-de-france\/#breadcrumb","itemListElement":[{"@type":"ListItem","position":1,"name":"Accueil","item":"https:\/\/blogs.thesocialmedia.com\/leblogmoto\/"},{"@type":"ListItem","position":2,"name":"58 permis retir\u00e9s au GP de France"}]},{"@type":"WebSite","@id":"https:\/\/blogs.thesocialmedia.com\/leblogmoto\/#website","url":"https:\/\/blogs.thesocialmedia.com\/leblogmoto\/","name":"leblogmoto","description":"Toute l&#039;actualit\u00e9 des 2 roues","potentialAction":[{"@type":"SearchAction","target":{"@type":"EntryPoint","urlTemplate":"https:\/\/blogs.thesocialmedia.com\/leblogmoto\/?s={search_term_string}"},"query-input":{"@type":"PropertyValueSpecification","valueRequired":true,"valueName":"search_term_string"}}],"inLanguage":"fr-FR"},{"@type":"Person","@id":"https:\/\/blogs.thesocialmedia.com\/leblogmoto\/#\/schema\/person\/b496d27c898c29a39678e2425cafb9ae","name":"albin le guyader","image":{"@type":"ImageObject","inLanguage":"fr-FR","@id":"https:\/\/blogs.thesocialmedia.com\/leblogmoto\/#\/schema\/person\/image\/","url":"https:\/\/secure.gravatar.com\/avatar\/?s=96&d=mm&r=g","contentUrl":"https:\/\/secure.gravatar.com\/avatar\/?s=96&d=mm&r=g","caption":"albin le guyader"},"url":"https:\/\/blogs.thesocialmedia.com\/leblogmoto\/author\/albin-le-guyader\/"}]}},"_links":{"self":[{"href":"https:\/\/blogs.thesocialmedia.com\/leblogmoto\/wp-json\/wp\/v2\/posts\/121","targetHints":{"allow":["GET"]}}],"collection":[{"href":"https:\/\/blogs.thesocialmedia.com\/leblogmoto\/wp-json\/wp\/v2\/posts"}],"about":[{"href":"https:\/\/blogs.thesocialmedia.com\/leblogmoto\/wp-json\/wp\/v2\/types\/post"}],"author":[{"embeddable":true,"href":"https:\/\/blogs.thesocialmedia.com\/leblogmoto\/wp-json\/wp\/v2\/users\/323"}],"replies":[{"embeddable":true,"href":"https:\/\/blogs.thesocialmedia.com\/leblogmoto\/wp-json\/wp\/v2\/comments?post=121"}],"version-history":[{"count":2,"href":"https:\/\/blogs.thesocialmedia.com\/leblogmoto\/wp-json\/wp\/v2\/posts\/121\/revisions"}],"predecessor-version":[{"id":13722,"href":"https:\/\/blogs.thesocialmedia.com\/leblogmoto\/wp-json\/wp\/v2\/posts\/121\/revisions\/13722"}],"wp:featuredmedia":[{"embeddable":true,"href":"https:\/\/blogs.thesocialmedia.com\/leblogmoto\/wp-json\/wp\/v2\/media\/13719"}],"wp:attachment":[{"href":"https:\/\/blogs.thesocialmedia.com\/leblogmoto\/wp-json\/wp\/v2\/media?parent=121"}],"wp:term":[{"taxonomy":"category","embeddable":true,"href":"https:\/\/blogs.thesocialmedia.com\/leblogmoto\/wp-json\/wp\/v2\/categories?post=121"},{"taxonomy":"post_tag","embeddable":true,"href":"https:\/\/blogs.thesocialmedia.com\/leblogmoto\/wp-json\/wp\/v2\/tags?post=121"}],"curies":[{"name":"wp","href":"https:\/\/api.w.org\/{rel}","templated":true}]}}