{"id":1210,"date":"2007-10-02T21:25:23","date_gmt":"2007-10-02T21:25:23","guid":{"rendered":"http:\/\/blogs.thesocialmedia.com\/leblogmoto\/2007\/10\/02\/en-vue-du-40me\/"},"modified":"2012-07-11T14:47:17","modified_gmt":"2012-07-11T14:47:17","slug":"en-vue-du-40me","status":"publish","type":"post","link":"https:\/\/blogs.thesocialmedia.com\/leblogmoto\/2007\/10\/02\/en-vue-du-40me\/","title":{"rendered":"40\u00e8me Tokyo Motor Show: La Suzuki Crosscage"},"content":{"rendered":"<p><a href=\"http:\/\/blogs.thesocialmedia.com\/leblogmoto\/files\/2012\/07\/suzuki_crosscage_mid.jpg\"><img loading=\"lazy\" decoding=\"async\" height=\"312\" alt=\"Suzuki_crosscage_mid\" src=\"http:\/\/www.leblogmoto.com\/images\/2007\/10\/01\/suzuki_crosscage_mid.jpg\" width=\"470\"  \/><\/a> <\/p>\n<p>Comme promis voici le second concept bike de Suzuki qui sera d\u00e9voil\u00e9 au Tokyo Motor Show dans un peu plus de trois semaines, avec comme pr\u00e9c\u00e9demment pour la <a href=\"http:\/\/www.leblogmoto.com\/2007\/10\/40me-tokyo-moto.html\">Suzuki Biplane<\/a>, une seule photo, toujours sur le flanc droit et un communiqu\u00e9 de presse laconique. Paradoxalement, on verra que son originalit\u00e9 r\u00e9side plus dans sa motorisation que dans ses lignes et ses solutions techniques en partie-cycle&#8230;<\/p>\n<p>Tout d&rsquo;abord ce n&rsquo;est pas une moto \u00e9lectrique, pas \u00e0 proprement parler, elle ne poss\u00e8de pas de batteries, pas uniquement, son originalit\u00e9 se situe beaucoup plus en amont du processus de production, bien avant une source d&rsquo;\u00e9nergie primaire (l&rsquo;\u00e9lectricit\u00e9) car elle utilise un vecteur d&rsquo;\u00e9nergie (l&rsquo;hydrog\u00e8ne).<\/p>\n<p>M\u00eame si la premi\u00e8re chose que l&rsquo;on remarque est cet \u00e9norme cadre tubulaire en croix qui lui a donn\u00e9 son nom, ce m\u00eame cadre &quot;prot\u00e8ge&quot; une pile \u00e0 combustible (une <em>fuel cell<\/em>) qui serait plac\u00e9e derri\u00e8re le point d&rsquo;attache du cadre.<\/p>\n<p>Quand on sait la difficult\u00e9 qu&rsquo;il y a \u00e0 produire, stocker et conserver l&rsquo;hydrog\u00e8ne (ou plut\u00f4t le dihydrog\u00e8ne), on imagine les risques que cela comporte d&rsquo;avoir une bonbonne de H2 comprim\u00e9 ou liqu\u00e9fi\u00e9 dans une naked bike. Car c&rsquo;est ce qu&rsquo;elle est, une naked bike, elle qui se montre les tripes \u00e0 l&rsquo;air, sans car\u00e9nage protecteur.<\/p>\n<p>On peut d&rsquo;ailleurs se demander si dans le futur le v\u00e9hicule \u00e0 hydrog\u00e8ne surmontera la mauvaise opinion qu&rsquo;ont d\u00e9j\u00e0 les v\u00e9hicules GPL (sans soupape) de notre \u00e9poque face au risque d&rsquo;explosion (plus pr\u00e9cis\u00e9ment <a href=\"http:\/\/fr.wikipedia.org\/wiki\/Bleve\">l&rsquo;\u00e9bullition-explosion<\/a> ou <em>bleve<\/em>). Concernant les parti pris techniques sur la partie cycle: hors le cadre tubulaire, une monofourche \u00e0 l&rsquo;avant, et un bras oscillant unique (monobras), un peu les solutions que l&rsquo;on pressentait d\u00e9j\u00e0 sur le proto Biplane.<\/p>\n<p>La moto en elle m\u00eame fait tr\u00e8s naked bike roadster, mais pas de guidon marge, ni exactement bracelet non plus, avec une t\u00eate de fourche r\u00e9duite \u00e0 sa plus simple expression, sans saute-vent: \u00e7a tombe bien il est tr\u00e8s probable qu&rsquo;elle ne roule jamais. On peut deviner une assise plus sportive que celle d&rsquo;un roadster classique malgr\u00e9 le dosseret de selle, la faute au guidon bas et aussi \u00e0 un &quot;r\u00e9servoir&quot; semblant tr\u00e8s long. Un ex-r\u00e9servoir qui \u00e9voluera peut-\u00eatre en espace de rangement sur cette moto ,comme pour <a href=\"http:\/\/www.diseno-art.com\/images\/Aprilia_Mana_850_helmet_storage.jpg\">le r\u00e9servoir de la Mana d&rsquo;Aprilia<\/a> par exemple, qui roule, elle.<\/p>\n<p>Cette Crosscage demeure tout de m\u00eame un joli exercice de style, m\u00eame si dans ces beaux d\u00e9lires d&rsquo;ing\u00e9nieurs et de designers, la <a href=\"http:\/\/www.leblogmoto.com\/2007\/10\/40me-tokyo-moto.html\">Biplane<\/a> a ma pr\u00e9f\u00e9rence. Et vous ?<\/p>\n","protected":false},"excerpt":{"rendered":"<p>Comme promis voici le second concept bike de Suzuki qui sera d\u00e9voil\u00e9 au Tokyo Motor Show dans un peu plus de trois semaines, avec comme pr\u00e9c\u00e9demment pour la Suzuki Biplane, une seule photo, toujours sur le flanc droit et un communiqu\u00e9 de presse laconique. Paradoxalement, on verra que son originalit\u00e9 r\u00e9side plus dans sa motorisation [&hellip;]<\/p>\n","protected":false},"author":324,"featured_media":0,"comment_status":"open","ping_status":"open","sticky":false,"template":"","format":"standard","meta":{"footnotes":""},"categories":[30,33,36,51],"tags":[],"class_list":["post-1210","post","type-post","status-publish","format-standard","hentry","category-bio-carburantsvehicules-propres","category-concept-bike","category-salons","category-suzuki"],"yoast_head":"<!-- This site is optimized with the Yoast SEO plugin v26.0 - https:\/\/yoast.com\/wordpress\/plugins\/seo\/ -->\n<title>40\u00e8me Tokyo Motor Show: La Suzuki Crosscage - leblogmoto.com<\/title>\n<meta name=\"robots\" content=\"index, follow, max-snippet:-1, max-image-preview:large, max-video-preview:-1\" \/>\n<link rel=\"canonical\" href=\"https:\/\/blogs.thesocialmedia.com\/leblogmoto\/2007\/10\/02\/en-vue-du-40me\/\" \/>\n<meta name=\"twitter:card\" content=\"summary_large_image\" \/>\n<meta name=\"twitter:title\" content=\"40\u00e8me Tokyo Motor Show: La Suzuki Crosscage - leblogmoto.com\" \/>\n<meta name=\"twitter:description\" content=\"Comme promis voici le second concept bike de Suzuki qui sera d\u00e9voil\u00e9 au Tokyo Motor Show dans un peu plus de trois semaines, avec comme pr\u00e9c\u00e9demment pour la Suzuki Biplane, une seule photo, toujours sur le flanc droit et un communiqu\u00e9 de presse laconique. Paradoxalement, on verra que son originalit\u00e9 r\u00e9side plus dans sa motorisation [&hellip;]\" \/>\n<meta name=\"twitter:image\" content=\"http:\/\/www.leblogmoto.com\/images\/2007\/10\/01\/suzuki_crosscage_mid.jpg\" \/>\n<meta name=\"twitter:label1\" content=\"\u00c9crit par\" \/>\n\t<meta name=\"twitter:data1\" content=\"benoit rieu\" \/>\n\t<meta name=\"twitter:label2\" content=\"Dur\u00e9e de lecture estim\u00e9e\" \/>\n\t<meta name=\"twitter:data2\" content=\"2 minutes\" \/>\n<script type=\"application\/ld+json\" class=\"yoast-schema-graph\">{\"@context\":\"https:\/\/schema.org\",\"@graph\":[{\"@type\":\"WebPage\",\"@id\":\"https:\/\/blogs.thesocialmedia.com\/leblogmoto\/2007\/10\/02\/en-vue-du-40me\/\",\"url\":\"https:\/\/blogs.thesocialmedia.com\/leblogmoto\/2007\/10\/02\/en-vue-du-40me\/\",\"name\":\"40\u00e8me Tokyo Motor Show: La Suzuki Crosscage - leblogmoto.com\",\"isPartOf\":{\"@id\":\"https:\/\/blogs.thesocialmedia.com\/leblogmoto\/#website\"},\"primaryImageOfPage\":{\"@id\":\"https:\/\/blogs.thesocialmedia.com\/leblogmoto\/2007\/10\/02\/en-vue-du-40me\/#primaryimage\"},\"image\":{\"@id\":\"https:\/\/blogs.thesocialmedia.com\/leblogmoto\/2007\/10\/02\/en-vue-du-40me\/#primaryimage\"},\"thumbnailUrl\":\"http:\/\/www.leblogmoto.com\/images\/2007\/10\/01\/suzuki_crosscage_mid.jpg\",\"datePublished\":\"2007-10-02T21:25:23+00:00\",\"dateModified\":\"2012-07-11T14:47:17+00:00\",\"author\":{\"@id\":\"https:\/\/blogs.thesocialmedia.com\/leblogmoto\/#\/schema\/person\/18bfe773e5725ed6d24f743da805362a\"},\"breadcrumb\":{\"@id\":\"https:\/\/blogs.thesocialmedia.com\/leblogmoto\/2007\/10\/02\/en-vue-du-40me\/#breadcrumb\"},\"inLanguage\":\"fr-FR\",\"potentialAction\":[{\"@type\":\"ReadAction\",\"target\":[\"https:\/\/blogs.thesocialmedia.com\/leblogmoto\/2007\/10\/02\/en-vue-du-40me\/\"]}]},{\"@type\":\"ImageObject\",\"inLanguage\":\"fr-FR\",\"@id\":\"https:\/\/blogs.thesocialmedia.com\/leblogmoto\/2007\/10\/02\/en-vue-du-40me\/#primaryimage\",\"url\":\"http:\/\/www.leblogmoto.com\/images\/2007\/10\/01\/suzuki_crosscage_mid.jpg\",\"contentUrl\":\"http:\/\/www.leblogmoto.com\/images\/2007\/10\/01\/suzuki_crosscage_mid.jpg\"},{\"@type\":\"BreadcrumbList\",\"@id\":\"https:\/\/blogs.thesocialmedia.com\/leblogmoto\/2007\/10\/02\/en-vue-du-40me\/#breadcrumb\",\"itemListElement\":[{\"@type\":\"ListItem\",\"position\":1,\"name\":\"Accueil\",\"item\":\"https:\/\/blogs.thesocialmedia.com\/leblogmoto\/\"},{\"@type\":\"ListItem\",\"position\":2,\"name\":\"40\u00e8me Tokyo Motor Show: La Suzuki Crosscage\"}]},{\"@type\":\"WebSite\",\"@id\":\"https:\/\/blogs.thesocialmedia.com\/leblogmoto\/#website\",\"url\":\"https:\/\/blogs.thesocialmedia.com\/leblogmoto\/\",\"name\":\"leblogmoto\",\"description\":\"Toute l&#039;actualit\u00e9 des 2 roues\",\"potentialAction\":[{\"@type\":\"SearchAction\",\"target\":{\"@type\":\"EntryPoint\",\"urlTemplate\":\"https:\/\/blogs.thesocialmedia.com\/leblogmoto\/?s={search_term_string}\"},\"query-input\":{\"@type\":\"PropertyValueSpecification\",\"valueRequired\":true,\"valueName\":\"search_term_string\"}}],\"inLanguage\":\"fr-FR\"},{\"@type\":\"Person\",\"@id\":\"https:\/\/blogs.thesocialmedia.com\/leblogmoto\/#\/schema\/person\/18bfe773e5725ed6d24f743da805362a\",\"name\":\"benoit rieu\",\"image\":{\"@type\":\"ImageObject\",\"inLanguage\":\"fr-FR\",\"@id\":\"https:\/\/blogs.thesocialmedia.com\/leblogmoto\/#\/schema\/person\/image\/\",\"url\":\"https:\/\/secure.gravatar.com\/avatar\/?s=96&d=mm&r=g\",\"contentUrl\":\"https:\/\/secure.gravatar.com\/avatar\/?s=96&d=mm&r=g\",\"caption\":\"benoit rieu\"},\"url\":\"https:\/\/blogs.thesocialmedia.com\/leblogmoto\/author\/benoit-rieu\/\"}]}<\/script>\n<!-- \/ Yoast SEO plugin. -->","yoast_head_json":{"title":"40\u00e8me Tokyo Motor Show: La Suzuki Crosscage - leblogmoto.com","robots":{"index":"index","follow":"follow","max-snippet":"max-snippet:-1","max-image-preview":"max-image-preview:large","max-video-preview":"max-video-preview:-1"},"canonical":"https:\/\/blogs.thesocialmedia.com\/leblogmoto\/2007\/10\/02\/en-vue-du-40me\/","twitter_card":"summary_large_image","twitter_title":"40\u00e8me Tokyo Motor Show: La Suzuki Crosscage - leblogmoto.com","twitter_description":"Comme promis voici le second concept bike de Suzuki qui sera d\u00e9voil\u00e9 au Tokyo Motor Show dans un peu plus de trois semaines, avec comme pr\u00e9c\u00e9demment pour la Suzuki Biplane, une seule photo, toujours sur le flanc droit et un communiqu\u00e9 de presse laconique. Paradoxalement, on verra que son originalit\u00e9 r\u00e9side plus dans sa motorisation [&hellip;]","twitter_image":"http:\/\/www.leblogmoto.com\/images\/2007\/10\/01\/suzuki_crosscage_mid.jpg","twitter_misc":{"\u00c9crit par":"benoit rieu","Dur\u00e9e de lecture estim\u00e9e":"2 minutes"},"schema":{"@context":"https:\/\/schema.org","@graph":[{"@type":"WebPage","@id":"https:\/\/blogs.thesocialmedia.com\/leblogmoto\/2007\/10\/02\/en-vue-du-40me\/","url":"https:\/\/blogs.thesocialmedia.com\/leblogmoto\/2007\/10\/02\/en-vue-du-40me\/","name":"40\u00e8me Tokyo Motor Show: La Suzuki Crosscage - leblogmoto.com","isPartOf":{"@id":"https:\/\/blogs.thesocialmedia.com\/leblogmoto\/#website"},"primaryImageOfPage":{"@id":"https:\/\/blogs.thesocialmedia.com\/leblogmoto\/2007\/10\/02\/en-vue-du-40me\/#primaryimage"},"image":{"@id":"https:\/\/blogs.thesocialmedia.com\/leblogmoto\/2007\/10\/02\/en-vue-du-40me\/#primaryimage"},"thumbnailUrl":"http:\/\/www.leblogmoto.com\/images\/2007\/10\/01\/suzuki_crosscage_mid.jpg","datePublished":"2007-10-02T21:25:23+00:00","dateModified":"2012-07-11T14:47:17+00:00","author":{"@id":"https:\/\/blogs.thesocialmedia.com\/leblogmoto\/#\/schema\/person\/18bfe773e5725ed6d24f743da805362a"},"breadcrumb":{"@id":"https:\/\/blogs.thesocialmedia.com\/leblogmoto\/2007\/10\/02\/en-vue-du-40me\/#breadcrumb"},"inLanguage":"fr-FR","potentialAction":[{"@type":"ReadAction","target":["https:\/\/blogs.thesocialmedia.com\/leblogmoto\/2007\/10\/02\/en-vue-du-40me\/"]}]},{"@type":"ImageObject","inLanguage":"fr-FR","@id":"https:\/\/blogs.thesocialmedia.com\/leblogmoto\/2007\/10\/02\/en-vue-du-40me\/#primaryimage","url":"http:\/\/www.leblogmoto.com\/images\/2007\/10\/01\/suzuki_crosscage_mid.jpg","contentUrl":"http:\/\/www.leblogmoto.com\/images\/2007\/10\/01\/suzuki_crosscage_mid.jpg"},{"@type":"BreadcrumbList","@id":"https:\/\/blogs.thesocialmedia.com\/leblogmoto\/2007\/10\/02\/en-vue-du-40me\/#breadcrumb","itemListElement":[{"@type":"ListItem","position":1,"name":"Accueil","item":"https:\/\/blogs.thesocialmedia.com\/leblogmoto\/"},{"@type":"ListItem","position":2,"name":"40\u00e8me Tokyo Motor Show: La Suzuki Crosscage"}]},{"@type":"WebSite","@id":"https:\/\/blogs.thesocialmedia.com\/leblogmoto\/#website","url":"https:\/\/blogs.thesocialmedia.com\/leblogmoto\/","name":"leblogmoto","description":"Toute l&#039;actualit\u00e9 des 2 roues","potentialAction":[{"@type":"SearchAction","target":{"@type":"EntryPoint","urlTemplate":"https:\/\/blogs.thesocialmedia.com\/leblogmoto\/?s={search_term_string}"},"query-input":{"@type":"PropertyValueSpecification","valueRequired":true,"valueName":"search_term_string"}}],"inLanguage":"fr-FR"},{"@type":"Person","@id":"https:\/\/blogs.thesocialmedia.com\/leblogmoto\/#\/schema\/person\/18bfe773e5725ed6d24f743da805362a","name":"benoit rieu","image":{"@type":"ImageObject","inLanguage":"fr-FR","@id":"https:\/\/blogs.thesocialmedia.com\/leblogmoto\/#\/schema\/person\/image\/","url":"https:\/\/secure.gravatar.com\/avatar\/?s=96&d=mm&r=g","contentUrl":"https:\/\/secure.gravatar.com\/avatar\/?s=96&d=mm&r=g","caption":"benoit rieu"},"url":"https:\/\/blogs.thesocialmedia.com\/leblogmoto\/author\/benoit-rieu\/"}]}},"_links":{"self":[{"href":"https:\/\/blogs.thesocialmedia.com\/leblogmoto\/wp-json\/wp\/v2\/posts\/1210","targetHints":{"allow":["GET"]}}],"collection":[{"href":"https:\/\/blogs.thesocialmedia.com\/leblogmoto\/wp-json\/wp\/v2\/posts"}],"about":[{"href":"https:\/\/blogs.thesocialmedia.com\/leblogmoto\/wp-json\/wp\/v2\/types\/post"}],"author":[{"embeddable":true,"href":"https:\/\/blogs.thesocialmedia.com\/leblogmoto\/wp-json\/wp\/v2\/users\/324"}],"replies":[{"embeddable":true,"href":"https:\/\/blogs.thesocialmedia.com\/leblogmoto\/wp-json\/wp\/v2\/comments?post=1210"}],"version-history":[{"count":2,"href":"https:\/\/blogs.thesocialmedia.com\/leblogmoto\/wp-json\/wp\/v2\/posts\/1210\/revisions"}],"predecessor-version":[{"id":8808,"href":"https:\/\/blogs.thesocialmedia.com\/leblogmoto\/wp-json\/wp\/v2\/posts\/1210\/revisions\/8808"}],"wp:attachment":[{"href":"https:\/\/blogs.thesocialmedia.com\/leblogmoto\/wp-json\/wp\/v2\/media?parent=1210"}],"wp:term":[{"taxonomy":"category","embeddable":true,"href":"https:\/\/blogs.thesocialmedia.com\/leblogmoto\/wp-json\/wp\/v2\/categories?post=1210"},{"taxonomy":"post_tag","embeddable":true,"href":"https:\/\/blogs.thesocialmedia.com\/leblogmoto\/wp-json\/wp\/v2\/tags?post=1210"}],"curies":[{"name":"wp","href":"https:\/\/api.w.org\/{rel}","templated":true}]}}