{"id":1215,"date":"2007-10-02T00:19:25","date_gmt":"2007-10-02T00:19:25","guid":{"rendered":"http:\/\/blogs.thesocialmedia.com\/leblogmoto\/2007\/10\/02\/40me-tokyo-moto\/"},"modified":"2012-07-11T14:47:08","modified_gmt":"2012-07-11T14:47:08","slug":"40me-tokyo-moto","status":"publish","type":"post","link":"https:\/\/blogs.thesocialmedia.com\/leblogmoto\/2007\/10\/02\/40me-tokyo-moto\/","title":{"rendered":"40\u00e8me Tokyo Motor Show: Le concept bike Suzuki Biplane"},"content":{"rendered":"<p><a href=\"http:\/\/blogs.thesocialmedia.com\/leblogmoto\/files\/2012\/07\/suzuki_biplane_mid.jpg\"><img loading=\"lazy\" decoding=\"async\" height=\"304\" alt=\"Suzuki_biplane_mid\" src=\"http:\/\/www.leblogmoto.com\/images\/2007\/10\/01\/suzuki_biplane_mid.jpg\" width=\"470\"  \/><\/a> <\/p>\n<p>A peine le salon de la moto de Paris a t&rsquo;il d\u00e9but\u00e9 que les yeux et app\u00e9tits des constructeurs se portent d\u00e9j\u00e0 vers le <a href=\"http:\/\/www.tokyo-motorshow.com\/eng\/\">Tokyo Motor Show<\/a> qui ouvrira ses portes du vendredi 26 octobre au dimanche 11 novembre. Avec une preview sur deux concepts Suzuki. Tout d&rsquo;abord la Biplane: une photo + un communiqu\u00e9 de presse rachitique, et nos hypoth\u00e8ses dans la suite. N&rsquo;h\u00e9sitez surtout pas \u00e0 nous filer un coup de main.<\/p>\n<p>Avec des informations tr\u00e8s maigres donc, apr\u00e8s tout ce n&rsquo;est qu&rsquo;un concept et il fait l&rsquo;objet d&rsquo;un v\u00e9ritable teasing de la part des constructeurs (titiller le consommateur, lever le voile peu \u00e0 peu pour susciter l&rsquo;int\u00e9r\u00eat), comme avec des motos de s\u00e9ries, sauf qu&rsquo;avec un concept, \u00e7a tombe souvent \u00e0 plat, comprendre qu&rsquo;il n&rsquo;y a pas forc\u00e9ment de produit final.<\/p>\n<p>Selon le communiqu\u00e9 de presse, le moteur est un V4 dont la cylindr\u00e9e est inconnue (!), mais au vu de l&rsquo;image, Photoshop et les logiciels de CAO font des miracles pour mettre d&rsquo;aplomb une moto sans pilote, ni b\u00e9quille.<\/p>\n<p>Attention on ne rit plus et on met son cynisme de c\u00f4t\u00e9, selon ce m\u00eame maigre &quot;press release&quot; de Suzuki (en Anglais traduit lui-m\u00eame du Japonais), cette moto vous procurera la sensation d&rsquo;un pilote dans un &quot;open-canopied biplane&quot;, un avion biplan. <\/p>\n<p>Bigre, \u00e7a tombe un peu mal cette m\u00e9taphore, et je ne la trouve que peu vendeuse, beaucoup d&rsquo;entre-nous ayant d\u00e9j\u00e0 la sensation de chevaucher des fus\u00e9es sur un pas de tir mobile (d\u00e9sol\u00e9 je n&rsquo;ai pas pu m&rsquo;en emp\u00eacher).<\/p>\n<p>Photographi\u00e9e uniquement sur son flanc droit, elle laisse libre cours \u00e0 diverses hypoth\u00e8ses: pour les optiques je parierais pour des Leds hautes puissances (essayez d&rsquo;agrandir en fen\u00eatre pop-up), des diodes \u00e9lectro-luminescentes de haute performance, qui ont pour elles leur taille r\u00e9duite, la fiabilit\u00e9, une faible consommation d&rsquo;\u00e9nergie, et une dur\u00e9e de vie record. Avec un gros d\u00e9faut: la chaleur d\u00e9gag\u00e9e et les probl\u00e8mes de s\u00e9curit\u00e9 induits. Peut-\u00eatre m\u00eame un \u00e9clairage directionnel fa\u00e7on concept car Renault Egeus (plus trop s\u00fbr de l&rsquo;orthographe), pilot\u00e9 \u00e9lectroniquement. <\/p>\n<p>Je parie \u00e9galement sur un monobras arri\u00e8re, avec sur l&rsquo;avant, soyons fous, une monofourche, fa\u00e7on <a href=\"http:\/\/www.jdg-motorcycle.com\/upload\/imgp3_04.jpg\">Squaled<\/a> de <a href=\"http:\/\/www.jdg-motorcycle.com\/index.php\">JDG Motorcycle<\/a>, du regrett\u00e9 Jean-Dominique Gazzera ou comme la Crosscage que nous vous pr\u00e9senterons aujourd&rsquo;hui. La partie arri\u00e8re de la Biplane est autoporteuse, fastoche. <\/p>\n<p>D\u00e9sol\u00e9 pour le style un peu d\u00e9cousu de ma note, mais c&rsquo;est &quot;\u00e0 chaud&quot; et cette photo permet toutes sortes de supputations. La conception des freins me fait exactement penser \u00e0 ceux \u00e9quipant les Buell avec leurs disques p\u00e9rim\u00e9triques. Des roues \u00e0 jantes-b\u00e2tons en magn\u00e9sium comme sur beaucoup de nos sportives et roadsters actuels ? <\/p>\n<p>Vous pouvez \u00e9galement y aller de vos hypoth\u00e8ses dans vos commentaires, vos remarques sont les bienvenues.<\/p>\n","protected":false},"excerpt":{"rendered":"<p>A peine le salon de la moto de Paris a t&rsquo;il d\u00e9but\u00e9 que les yeux et app\u00e9tits des constructeurs se portent d\u00e9j\u00e0 vers le Tokyo Motor Show qui ouvrira ses portes du vendredi 26 octobre au dimanche 11 novembre. Avec une preview sur deux concepts Suzuki. Tout d&rsquo;abord la Biplane: une photo + un communiqu\u00e9 [&hellip;]<\/p>\n","protected":false},"author":324,"featured_media":0,"comment_status":"open","ping_status":"open","sticky":false,"template":"","format":"standard","meta":{"footnotes":""},"categories":[3,33,36,51],"tags":[],"class_list":["post-1215","post","type-post","status-publish","format-standard","hentry","category-actualite","category-concept-bike","category-salons","category-suzuki"],"yoast_head":"<!-- This site is optimized with the Yoast SEO plugin v26.0 - https:\/\/yoast.com\/wordpress\/plugins\/seo\/ -->\n<title>40\u00e8me Tokyo Motor Show: Le concept bike Suzuki Biplane - leblogmoto.com<\/title>\n<meta name=\"robots\" content=\"index, follow, max-snippet:-1, max-image-preview:large, max-video-preview:-1\" \/>\n<link rel=\"canonical\" href=\"https:\/\/blogs.thesocialmedia.com\/leblogmoto\/2007\/10\/02\/40me-tokyo-moto\/\" \/>\n<meta name=\"twitter:card\" content=\"summary_large_image\" \/>\n<meta name=\"twitter:title\" content=\"40\u00e8me Tokyo Motor Show: Le concept bike Suzuki Biplane - leblogmoto.com\" \/>\n<meta name=\"twitter:description\" content=\"A peine le salon de la moto de Paris a t&rsquo;il d\u00e9but\u00e9 que les yeux et app\u00e9tits des constructeurs se portent d\u00e9j\u00e0 vers le Tokyo Motor Show qui ouvrira ses portes du vendredi 26 octobre au dimanche 11 novembre. Avec une preview sur deux concepts Suzuki. Tout d&rsquo;abord la Biplane: une photo + un communiqu\u00e9 [&hellip;]\" \/>\n<meta name=\"twitter:image\" content=\"http:\/\/www.leblogmoto.com\/images\/2007\/10\/01\/suzuki_biplane_mid.jpg\" \/>\n<meta name=\"twitter:label1\" content=\"\u00c9crit par\" \/>\n\t<meta name=\"twitter:data1\" content=\"benoit rieu\" \/>\n\t<meta name=\"twitter:label2\" content=\"Dur\u00e9e de lecture estim\u00e9e\" \/>\n\t<meta name=\"twitter:data2\" content=\"2 minutes\" \/>\n<script type=\"application\/ld+json\" class=\"yoast-schema-graph\">{\"@context\":\"https:\/\/schema.org\",\"@graph\":[{\"@type\":\"WebPage\",\"@id\":\"https:\/\/blogs.thesocialmedia.com\/leblogmoto\/2007\/10\/02\/40me-tokyo-moto\/\",\"url\":\"https:\/\/blogs.thesocialmedia.com\/leblogmoto\/2007\/10\/02\/40me-tokyo-moto\/\",\"name\":\"40\u00e8me Tokyo Motor Show: Le concept bike Suzuki Biplane - leblogmoto.com\",\"isPartOf\":{\"@id\":\"https:\/\/blogs.thesocialmedia.com\/leblogmoto\/#website\"},\"primaryImageOfPage\":{\"@id\":\"https:\/\/blogs.thesocialmedia.com\/leblogmoto\/2007\/10\/02\/40me-tokyo-moto\/#primaryimage\"},\"image\":{\"@id\":\"https:\/\/blogs.thesocialmedia.com\/leblogmoto\/2007\/10\/02\/40me-tokyo-moto\/#primaryimage\"},\"thumbnailUrl\":\"http:\/\/www.leblogmoto.com\/images\/2007\/10\/01\/suzuki_biplane_mid.jpg\",\"datePublished\":\"2007-10-02T00:19:25+00:00\",\"dateModified\":\"2012-07-11T14:47:08+00:00\",\"author\":{\"@id\":\"https:\/\/blogs.thesocialmedia.com\/leblogmoto\/#\/schema\/person\/18bfe773e5725ed6d24f743da805362a\"},\"breadcrumb\":{\"@id\":\"https:\/\/blogs.thesocialmedia.com\/leblogmoto\/2007\/10\/02\/40me-tokyo-moto\/#breadcrumb\"},\"inLanguage\":\"fr-FR\",\"potentialAction\":[{\"@type\":\"ReadAction\",\"target\":[\"https:\/\/blogs.thesocialmedia.com\/leblogmoto\/2007\/10\/02\/40me-tokyo-moto\/\"]}]},{\"@type\":\"ImageObject\",\"inLanguage\":\"fr-FR\",\"@id\":\"https:\/\/blogs.thesocialmedia.com\/leblogmoto\/2007\/10\/02\/40me-tokyo-moto\/#primaryimage\",\"url\":\"http:\/\/www.leblogmoto.com\/images\/2007\/10\/01\/suzuki_biplane_mid.jpg\",\"contentUrl\":\"http:\/\/www.leblogmoto.com\/images\/2007\/10\/01\/suzuki_biplane_mid.jpg\"},{\"@type\":\"BreadcrumbList\",\"@id\":\"https:\/\/blogs.thesocialmedia.com\/leblogmoto\/2007\/10\/02\/40me-tokyo-moto\/#breadcrumb\",\"itemListElement\":[{\"@type\":\"ListItem\",\"position\":1,\"name\":\"Accueil\",\"item\":\"https:\/\/blogs.thesocialmedia.com\/leblogmoto\/\"},{\"@type\":\"ListItem\",\"position\":2,\"name\":\"40\u00e8me Tokyo Motor Show: Le concept bike Suzuki Biplane\"}]},{\"@type\":\"WebSite\",\"@id\":\"https:\/\/blogs.thesocialmedia.com\/leblogmoto\/#website\",\"url\":\"https:\/\/blogs.thesocialmedia.com\/leblogmoto\/\",\"name\":\"leblogmoto\",\"description\":\"Toute l&#039;actualit\u00e9 des 2 roues\",\"potentialAction\":[{\"@type\":\"SearchAction\",\"target\":{\"@type\":\"EntryPoint\",\"urlTemplate\":\"https:\/\/blogs.thesocialmedia.com\/leblogmoto\/?s={search_term_string}\"},\"query-input\":{\"@type\":\"PropertyValueSpecification\",\"valueRequired\":true,\"valueName\":\"search_term_string\"}}],\"inLanguage\":\"fr-FR\"},{\"@type\":\"Person\",\"@id\":\"https:\/\/blogs.thesocialmedia.com\/leblogmoto\/#\/schema\/person\/18bfe773e5725ed6d24f743da805362a\",\"name\":\"benoit rieu\",\"image\":{\"@type\":\"ImageObject\",\"inLanguage\":\"fr-FR\",\"@id\":\"https:\/\/blogs.thesocialmedia.com\/leblogmoto\/#\/schema\/person\/image\/\",\"url\":\"https:\/\/secure.gravatar.com\/avatar\/?s=96&d=mm&r=g\",\"contentUrl\":\"https:\/\/secure.gravatar.com\/avatar\/?s=96&d=mm&r=g\",\"caption\":\"benoit rieu\"},\"url\":\"https:\/\/blogs.thesocialmedia.com\/leblogmoto\/author\/benoit-rieu\/\"}]}<\/script>\n<!-- \/ Yoast SEO plugin. -->","yoast_head_json":{"title":"40\u00e8me Tokyo Motor Show: Le concept bike Suzuki Biplane - leblogmoto.com","robots":{"index":"index","follow":"follow","max-snippet":"max-snippet:-1","max-image-preview":"max-image-preview:large","max-video-preview":"max-video-preview:-1"},"canonical":"https:\/\/blogs.thesocialmedia.com\/leblogmoto\/2007\/10\/02\/40me-tokyo-moto\/","twitter_card":"summary_large_image","twitter_title":"40\u00e8me Tokyo Motor Show: Le concept bike Suzuki Biplane - leblogmoto.com","twitter_description":"A peine le salon de la moto de Paris a t&rsquo;il d\u00e9but\u00e9 que les yeux et app\u00e9tits des constructeurs se portent d\u00e9j\u00e0 vers le Tokyo Motor Show qui ouvrira ses portes du vendredi 26 octobre au dimanche 11 novembre. Avec une preview sur deux concepts Suzuki. Tout d&rsquo;abord la Biplane: une photo + un communiqu\u00e9 [&hellip;]","twitter_image":"http:\/\/www.leblogmoto.com\/images\/2007\/10\/01\/suzuki_biplane_mid.jpg","twitter_misc":{"\u00c9crit par":"benoit rieu","Dur\u00e9e de lecture estim\u00e9e":"2 minutes"},"schema":{"@context":"https:\/\/schema.org","@graph":[{"@type":"WebPage","@id":"https:\/\/blogs.thesocialmedia.com\/leblogmoto\/2007\/10\/02\/40me-tokyo-moto\/","url":"https:\/\/blogs.thesocialmedia.com\/leblogmoto\/2007\/10\/02\/40me-tokyo-moto\/","name":"40\u00e8me Tokyo Motor Show: Le concept bike Suzuki Biplane - leblogmoto.com","isPartOf":{"@id":"https:\/\/blogs.thesocialmedia.com\/leblogmoto\/#website"},"primaryImageOfPage":{"@id":"https:\/\/blogs.thesocialmedia.com\/leblogmoto\/2007\/10\/02\/40me-tokyo-moto\/#primaryimage"},"image":{"@id":"https:\/\/blogs.thesocialmedia.com\/leblogmoto\/2007\/10\/02\/40me-tokyo-moto\/#primaryimage"},"thumbnailUrl":"http:\/\/www.leblogmoto.com\/images\/2007\/10\/01\/suzuki_biplane_mid.jpg","datePublished":"2007-10-02T00:19:25+00:00","dateModified":"2012-07-11T14:47:08+00:00","author":{"@id":"https:\/\/blogs.thesocialmedia.com\/leblogmoto\/#\/schema\/person\/18bfe773e5725ed6d24f743da805362a"},"breadcrumb":{"@id":"https:\/\/blogs.thesocialmedia.com\/leblogmoto\/2007\/10\/02\/40me-tokyo-moto\/#breadcrumb"},"inLanguage":"fr-FR","potentialAction":[{"@type":"ReadAction","target":["https:\/\/blogs.thesocialmedia.com\/leblogmoto\/2007\/10\/02\/40me-tokyo-moto\/"]}]},{"@type":"ImageObject","inLanguage":"fr-FR","@id":"https:\/\/blogs.thesocialmedia.com\/leblogmoto\/2007\/10\/02\/40me-tokyo-moto\/#primaryimage","url":"http:\/\/www.leblogmoto.com\/images\/2007\/10\/01\/suzuki_biplane_mid.jpg","contentUrl":"http:\/\/www.leblogmoto.com\/images\/2007\/10\/01\/suzuki_biplane_mid.jpg"},{"@type":"BreadcrumbList","@id":"https:\/\/blogs.thesocialmedia.com\/leblogmoto\/2007\/10\/02\/40me-tokyo-moto\/#breadcrumb","itemListElement":[{"@type":"ListItem","position":1,"name":"Accueil","item":"https:\/\/blogs.thesocialmedia.com\/leblogmoto\/"},{"@type":"ListItem","position":2,"name":"40\u00e8me Tokyo Motor Show: Le concept bike Suzuki Biplane"}]},{"@type":"WebSite","@id":"https:\/\/blogs.thesocialmedia.com\/leblogmoto\/#website","url":"https:\/\/blogs.thesocialmedia.com\/leblogmoto\/","name":"leblogmoto","description":"Toute l&#039;actualit\u00e9 des 2 roues","potentialAction":[{"@type":"SearchAction","target":{"@type":"EntryPoint","urlTemplate":"https:\/\/blogs.thesocialmedia.com\/leblogmoto\/?s={search_term_string}"},"query-input":{"@type":"PropertyValueSpecification","valueRequired":true,"valueName":"search_term_string"}}],"inLanguage":"fr-FR"},{"@type":"Person","@id":"https:\/\/blogs.thesocialmedia.com\/leblogmoto\/#\/schema\/person\/18bfe773e5725ed6d24f743da805362a","name":"benoit rieu","image":{"@type":"ImageObject","inLanguage":"fr-FR","@id":"https:\/\/blogs.thesocialmedia.com\/leblogmoto\/#\/schema\/person\/image\/","url":"https:\/\/secure.gravatar.com\/avatar\/?s=96&d=mm&r=g","contentUrl":"https:\/\/secure.gravatar.com\/avatar\/?s=96&d=mm&r=g","caption":"benoit rieu"},"url":"https:\/\/blogs.thesocialmedia.com\/leblogmoto\/author\/benoit-rieu\/"}]}},"_links":{"self":[{"href":"https:\/\/blogs.thesocialmedia.com\/leblogmoto\/wp-json\/wp\/v2\/posts\/1215","targetHints":{"allow":["GET"]}}],"collection":[{"href":"https:\/\/blogs.thesocialmedia.com\/leblogmoto\/wp-json\/wp\/v2\/posts"}],"about":[{"href":"https:\/\/blogs.thesocialmedia.com\/leblogmoto\/wp-json\/wp\/v2\/types\/post"}],"author":[{"embeddable":true,"href":"https:\/\/blogs.thesocialmedia.com\/leblogmoto\/wp-json\/wp\/v2\/users\/324"}],"replies":[{"embeddable":true,"href":"https:\/\/blogs.thesocialmedia.com\/leblogmoto\/wp-json\/wp\/v2\/comments?post=1215"}],"version-history":[{"count":2,"href":"https:\/\/blogs.thesocialmedia.com\/leblogmoto\/wp-json\/wp\/v2\/posts\/1215\/revisions"}],"predecessor-version":[{"id":8798,"href":"https:\/\/blogs.thesocialmedia.com\/leblogmoto\/wp-json\/wp\/v2\/posts\/1215\/revisions\/8798"}],"wp:attachment":[{"href":"https:\/\/blogs.thesocialmedia.com\/leblogmoto\/wp-json\/wp\/v2\/media?parent=1215"}],"wp:term":[{"taxonomy":"category","embeddable":true,"href":"https:\/\/blogs.thesocialmedia.com\/leblogmoto\/wp-json\/wp\/v2\/categories?post=1215"},{"taxonomy":"post_tag","embeddable":true,"href":"https:\/\/blogs.thesocialmedia.com\/leblogmoto\/wp-json\/wp\/v2\/tags?post=1215"}],"curies":[{"name":"wp","href":"https:\/\/api.w.org\/{rel}","templated":true}]}}