{"id":1216,"date":"2007-10-01T18:44:59","date_gmt":"2007-10-01T18:44:59","guid":{"rendered":"http:\/\/blogs.thesocialmedia.com\/leblogmoto\/2007\/10\/01\/junior-cup-le-h\/"},"modified":"2012-07-11T14:47:05","modified_gmt":"2012-07-11T14:47:05","slug":"junior-cup-le-h","status":"publish","type":"post","link":"https:\/\/blogs.thesocialmedia.com\/leblogmoto\/2007\/10\/01\/junior-cup-le-h\/","title":{"rendered":"Junior Cup : Le hold-up de Marino!"},"content":{"rendered":"<p><strong><a href=\"http:\/\/blogs.thesocialmedia.com\/leblogmoto\/files\/2012\/07\/marino_2.jpg\"><img loading=\"lazy\" decoding=\"async\" width=\"250\" height=\"190\"  src=\"http:\/\/www.leblogmoto.com\/images\/2007\/10\/01\/marino_2.jpg\" alt=\"Marino_2\" style=\"margin: 0px 5px 5px 0px;float: left\" \/><\/a> A seulement 14 ans et deux courses de moins que ses rivaux cette saison, Florian Marino remporte le titre de champion de France de la Honda junior cup ce dimanche au terme d&rsquo;une course tr\u00e8s mouvement\u00e9e sur le circuit de Carole.<\/strong><br \/>La derni\u00e8re course de la saison a \u00e9t\u00e9 marqu\u00e9e par la sortie du drapeau rouge lors du tout premier tour \u00e0 l&rsquo;occasion de la chute de deux pilotes en l&rsquo;entame du premier virage. Un drapeau rouge synonyme de deuxi\u00e8me d\u00e9part pour le plateau <strong>junior cup<\/strong> qui n&rsquo;avait pas vraiment besoin de \u00e7a, la pression sur les \u00e9paules des jeunes pilotes \u00e9tant d\u00e9j\u00e0 \u00e0 son paroxysme. En effet, avant le d\u00e9part de cette \u00e9preuve, pas moins de trois pilotes pouvez pr\u00e9tendre au titre final : <strong>Arnaud Gicquel<\/strong>, <strong>Florian Marino<\/strong> et <strong>Richard De Tournay<\/strong>. <\/p>\n<p>A <strong>Carole<\/strong>, trois autres outsiders viendront tenter de semer la pagaille tout au long de la course, et la bataille fera rage jusqu&rsquo;\u00e0 la fin, si bien qu&rsquo;ils seront six de front \u00e0 l&rsquo;entr\u00e9e du dernier virage d&rsquo;o\u00f9 sortira finalement en t\u00eate Florian Marino suivit de Gicquel et De tournay. Le classement g\u00e9n\u00e9ral sera d&rsquo;ailleurs dans le m\u00eame ordre.<\/p>\n<p> Un hold-up magnifique de <strong>Marino<\/strong> qui souffle le titre de champion de France \u00e0 <strong>Arnaud Gicquel<\/strong> en remportant cette ultime victoire. Marino, un pilote qui promet et dont on devrait vous reparler souvent sur le <a href=\"http:\/\/www.leblogmoto.com\/\">blog moto<\/a>!<\/p>\n","protected":false},"excerpt":{"rendered":"<p>A seulement 14 ans et deux courses de moins que ses rivaux cette saison, Florian Marino remporte le titre de champion de France de la Honda junior cup ce dimanche au terme d&rsquo;une course tr\u00e8s mouvement\u00e9e sur le circuit de Carole.La derni\u00e8re course de la saison a \u00e9t\u00e9 marqu\u00e9e par la sortie du drapeau rouge [&hellip;]<\/p>\n","protected":false},"author":330,"featured_media":0,"comment_status":"open","ping_status":"open","sticky":false,"template":"","format":"standard","meta":{"footnotes":""},"categories":[3,14,32],"tags":[],"class_list":["post-1216","post","type-post","status-publish","format-standard","hentry","category-actualite","category-honda","category-sport-moto"],"yoast_head":"<!-- This site is optimized with the Yoast SEO plugin v26.0 - https:\/\/yoast.com\/wordpress\/plugins\/seo\/ -->\n<title>Junior Cup : Le hold-up de Marino! - leblogmoto.com<\/title>\n<meta name=\"robots\" content=\"index, follow, max-snippet:-1, max-image-preview:large, max-video-preview:-1\" \/>\n<link rel=\"canonical\" href=\"https:\/\/blogs.thesocialmedia.com\/leblogmoto\/2007\/10\/01\/junior-cup-le-h\/\" \/>\n<meta name=\"twitter:card\" content=\"summary_large_image\" \/>\n<meta name=\"twitter:title\" content=\"Junior Cup : Le hold-up de Marino! - leblogmoto.com\" \/>\n<meta name=\"twitter:description\" content=\"A seulement 14 ans et deux courses de moins que ses rivaux cette saison, Florian Marino remporte le titre de champion de France de la Honda junior cup ce dimanche au terme d&rsquo;une course tr\u00e8s mouvement\u00e9e sur le circuit de Carole.La derni\u00e8re course de la saison a \u00e9t\u00e9 marqu\u00e9e par la sortie du drapeau rouge [&hellip;]\" \/>\n<meta name=\"twitter:image\" content=\"http:\/\/www.leblogmoto.com\/images\/2007\/10\/01\/marino_2.jpg\" \/>\n<meta name=\"twitter:label1\" content=\"\u00c9crit par\" \/>\n\t<meta name=\"twitter:data1\" content=\"thierry marsal\" \/>\n\t<meta name=\"twitter:label2\" content=\"Dur\u00e9e de lecture estim\u00e9e\" \/>\n\t<meta name=\"twitter:data2\" content=\"1 minute\" \/>\n<script type=\"application\/ld+json\" class=\"yoast-schema-graph\">{\"@context\":\"https:\/\/schema.org\",\"@graph\":[{\"@type\":\"WebPage\",\"@id\":\"https:\/\/blogs.thesocialmedia.com\/leblogmoto\/2007\/10\/01\/junior-cup-le-h\/\",\"url\":\"https:\/\/blogs.thesocialmedia.com\/leblogmoto\/2007\/10\/01\/junior-cup-le-h\/\",\"name\":\"Junior Cup : Le hold-up de Marino! - leblogmoto.com\",\"isPartOf\":{\"@id\":\"https:\/\/blogs.thesocialmedia.com\/leblogmoto\/#website\"},\"primaryImageOfPage\":{\"@id\":\"https:\/\/blogs.thesocialmedia.com\/leblogmoto\/2007\/10\/01\/junior-cup-le-h\/#primaryimage\"},\"image\":{\"@id\":\"https:\/\/blogs.thesocialmedia.com\/leblogmoto\/2007\/10\/01\/junior-cup-le-h\/#primaryimage\"},\"thumbnailUrl\":\"http:\/\/www.leblogmoto.com\/images\/2007\/10\/01\/marino_2.jpg\",\"datePublished\":\"2007-10-01T18:44:59+00:00\",\"dateModified\":\"2012-07-11T14:47:05+00:00\",\"author\":{\"@id\":\"https:\/\/blogs.thesocialmedia.com\/leblogmoto\/#\/schema\/person\/d20f219f162e8b5de4ea78c909c5be45\"},\"breadcrumb\":{\"@id\":\"https:\/\/blogs.thesocialmedia.com\/leblogmoto\/2007\/10\/01\/junior-cup-le-h\/#breadcrumb\"},\"inLanguage\":\"fr-FR\",\"potentialAction\":[{\"@type\":\"ReadAction\",\"target\":[\"https:\/\/blogs.thesocialmedia.com\/leblogmoto\/2007\/10\/01\/junior-cup-le-h\/\"]}]},{\"@type\":\"ImageObject\",\"inLanguage\":\"fr-FR\",\"@id\":\"https:\/\/blogs.thesocialmedia.com\/leblogmoto\/2007\/10\/01\/junior-cup-le-h\/#primaryimage\",\"url\":\"http:\/\/www.leblogmoto.com\/images\/2007\/10\/01\/marino_2.jpg\",\"contentUrl\":\"http:\/\/www.leblogmoto.com\/images\/2007\/10\/01\/marino_2.jpg\"},{\"@type\":\"BreadcrumbList\",\"@id\":\"https:\/\/blogs.thesocialmedia.com\/leblogmoto\/2007\/10\/01\/junior-cup-le-h\/#breadcrumb\",\"itemListElement\":[{\"@type\":\"ListItem\",\"position\":1,\"name\":\"Accueil\",\"item\":\"https:\/\/blogs.thesocialmedia.com\/leblogmoto\/\"},{\"@type\":\"ListItem\",\"position\":2,\"name\":\"Junior Cup : Le hold-up de Marino!\"}]},{\"@type\":\"WebSite\",\"@id\":\"https:\/\/blogs.thesocialmedia.com\/leblogmoto\/#website\",\"url\":\"https:\/\/blogs.thesocialmedia.com\/leblogmoto\/\",\"name\":\"leblogmoto\",\"description\":\"Toute l&#039;actualit\u00e9 des 2 roues\",\"potentialAction\":[{\"@type\":\"SearchAction\",\"target\":{\"@type\":\"EntryPoint\",\"urlTemplate\":\"https:\/\/blogs.thesocialmedia.com\/leblogmoto\/?s={search_term_string}\"},\"query-input\":{\"@type\":\"PropertyValueSpecification\",\"valueRequired\":true,\"valueName\":\"search_term_string\"}}],\"inLanguage\":\"fr-FR\"},{\"@type\":\"Person\",\"@id\":\"https:\/\/blogs.thesocialmedia.com\/leblogmoto\/#\/schema\/person\/d20f219f162e8b5de4ea78c909c5be45\",\"name\":\"thierry marsal\",\"image\":{\"@type\":\"ImageObject\",\"inLanguage\":\"fr-FR\",\"@id\":\"https:\/\/blogs.thesocialmedia.com\/leblogmoto\/#\/schema\/person\/image\/\",\"url\":\"https:\/\/secure.gravatar.com\/avatar\/?s=96&d=mm&r=g\",\"contentUrl\":\"https:\/\/secure.gravatar.com\/avatar\/?s=96&d=mm&r=g\",\"caption\":\"thierry marsal\"},\"url\":\"https:\/\/blogs.thesocialmedia.com\/leblogmoto\/author\/thierry-marsal\/\"}]}<\/script>\n<!-- \/ Yoast SEO plugin. -->","yoast_head_json":{"title":"Junior Cup : Le hold-up de Marino! - leblogmoto.com","robots":{"index":"index","follow":"follow","max-snippet":"max-snippet:-1","max-image-preview":"max-image-preview:large","max-video-preview":"max-video-preview:-1"},"canonical":"https:\/\/blogs.thesocialmedia.com\/leblogmoto\/2007\/10\/01\/junior-cup-le-h\/","twitter_card":"summary_large_image","twitter_title":"Junior Cup : Le hold-up de Marino! - leblogmoto.com","twitter_description":"A seulement 14 ans et deux courses de moins que ses rivaux cette saison, Florian Marino remporte le titre de champion de France de la Honda junior cup ce dimanche au terme d&rsquo;une course tr\u00e8s mouvement\u00e9e sur le circuit de Carole.La derni\u00e8re course de la saison a \u00e9t\u00e9 marqu\u00e9e par la sortie du drapeau rouge [&hellip;]","twitter_image":"http:\/\/www.leblogmoto.com\/images\/2007\/10\/01\/marino_2.jpg","twitter_misc":{"\u00c9crit par":"thierry marsal","Dur\u00e9e de lecture estim\u00e9e":"1 minute"},"schema":{"@context":"https:\/\/schema.org","@graph":[{"@type":"WebPage","@id":"https:\/\/blogs.thesocialmedia.com\/leblogmoto\/2007\/10\/01\/junior-cup-le-h\/","url":"https:\/\/blogs.thesocialmedia.com\/leblogmoto\/2007\/10\/01\/junior-cup-le-h\/","name":"Junior Cup : Le hold-up de Marino! - leblogmoto.com","isPartOf":{"@id":"https:\/\/blogs.thesocialmedia.com\/leblogmoto\/#website"},"primaryImageOfPage":{"@id":"https:\/\/blogs.thesocialmedia.com\/leblogmoto\/2007\/10\/01\/junior-cup-le-h\/#primaryimage"},"image":{"@id":"https:\/\/blogs.thesocialmedia.com\/leblogmoto\/2007\/10\/01\/junior-cup-le-h\/#primaryimage"},"thumbnailUrl":"http:\/\/www.leblogmoto.com\/images\/2007\/10\/01\/marino_2.jpg","datePublished":"2007-10-01T18:44:59+00:00","dateModified":"2012-07-11T14:47:05+00:00","author":{"@id":"https:\/\/blogs.thesocialmedia.com\/leblogmoto\/#\/schema\/person\/d20f219f162e8b5de4ea78c909c5be45"},"breadcrumb":{"@id":"https:\/\/blogs.thesocialmedia.com\/leblogmoto\/2007\/10\/01\/junior-cup-le-h\/#breadcrumb"},"inLanguage":"fr-FR","potentialAction":[{"@type":"ReadAction","target":["https:\/\/blogs.thesocialmedia.com\/leblogmoto\/2007\/10\/01\/junior-cup-le-h\/"]}]},{"@type":"ImageObject","inLanguage":"fr-FR","@id":"https:\/\/blogs.thesocialmedia.com\/leblogmoto\/2007\/10\/01\/junior-cup-le-h\/#primaryimage","url":"http:\/\/www.leblogmoto.com\/images\/2007\/10\/01\/marino_2.jpg","contentUrl":"http:\/\/www.leblogmoto.com\/images\/2007\/10\/01\/marino_2.jpg"},{"@type":"BreadcrumbList","@id":"https:\/\/blogs.thesocialmedia.com\/leblogmoto\/2007\/10\/01\/junior-cup-le-h\/#breadcrumb","itemListElement":[{"@type":"ListItem","position":1,"name":"Accueil","item":"https:\/\/blogs.thesocialmedia.com\/leblogmoto\/"},{"@type":"ListItem","position":2,"name":"Junior Cup : Le hold-up de Marino!"}]},{"@type":"WebSite","@id":"https:\/\/blogs.thesocialmedia.com\/leblogmoto\/#website","url":"https:\/\/blogs.thesocialmedia.com\/leblogmoto\/","name":"leblogmoto","description":"Toute l&#039;actualit\u00e9 des 2 roues","potentialAction":[{"@type":"SearchAction","target":{"@type":"EntryPoint","urlTemplate":"https:\/\/blogs.thesocialmedia.com\/leblogmoto\/?s={search_term_string}"},"query-input":{"@type":"PropertyValueSpecification","valueRequired":true,"valueName":"search_term_string"}}],"inLanguage":"fr-FR"},{"@type":"Person","@id":"https:\/\/blogs.thesocialmedia.com\/leblogmoto\/#\/schema\/person\/d20f219f162e8b5de4ea78c909c5be45","name":"thierry marsal","image":{"@type":"ImageObject","inLanguage":"fr-FR","@id":"https:\/\/blogs.thesocialmedia.com\/leblogmoto\/#\/schema\/person\/image\/","url":"https:\/\/secure.gravatar.com\/avatar\/?s=96&d=mm&r=g","contentUrl":"https:\/\/secure.gravatar.com\/avatar\/?s=96&d=mm&r=g","caption":"thierry marsal"},"url":"https:\/\/blogs.thesocialmedia.com\/leblogmoto\/author\/thierry-marsal\/"}]}},"_links":{"self":[{"href":"https:\/\/blogs.thesocialmedia.com\/leblogmoto\/wp-json\/wp\/v2\/posts\/1216","targetHints":{"allow":["GET"]}}],"collection":[{"href":"https:\/\/blogs.thesocialmedia.com\/leblogmoto\/wp-json\/wp\/v2\/posts"}],"about":[{"href":"https:\/\/blogs.thesocialmedia.com\/leblogmoto\/wp-json\/wp\/v2\/types\/post"}],"author":[{"embeddable":true,"href":"https:\/\/blogs.thesocialmedia.com\/leblogmoto\/wp-json\/wp\/v2\/users\/330"}],"replies":[{"embeddable":true,"href":"https:\/\/blogs.thesocialmedia.com\/leblogmoto\/wp-json\/wp\/v2\/comments?post=1216"}],"version-history":[{"count":2,"href":"https:\/\/blogs.thesocialmedia.com\/leblogmoto\/wp-json\/wp\/v2\/posts\/1216\/revisions"}],"predecessor-version":[{"id":8796,"href":"https:\/\/blogs.thesocialmedia.com\/leblogmoto\/wp-json\/wp\/v2\/posts\/1216\/revisions\/8796"}],"wp:attachment":[{"href":"https:\/\/blogs.thesocialmedia.com\/leblogmoto\/wp-json\/wp\/v2\/media?parent=1216"}],"wp:term":[{"taxonomy":"category","embeddable":true,"href":"https:\/\/blogs.thesocialmedia.com\/leblogmoto\/wp-json\/wp\/v2\/categories?post=1216"},{"taxonomy":"post_tag","embeddable":true,"href":"https:\/\/blogs.thesocialmedia.com\/leblogmoto\/wp-json\/wp\/v2\/tags?post=1216"}],"curies":[{"name":"wp","href":"https:\/\/api.w.org\/{rel}","templated":true}]}}