{"id":1220,"date":"2007-09-30T15:34:17","date_gmt":"2007-09-30T15:34:17","guid":{"rendered":"http:\/\/blogs.thesocialmedia.com\/leblogmoto\/2007\/09\/30\/supersport-va-1\/"},"modified":"2012-07-11T14:46:46","modified_gmt":"2012-07-11T14:46:46","slug":"supersport-va-1","status":"publish","type":"post","link":"https:\/\/blogs.thesocialmedia.com\/leblogmoto\/2007\/09\/30\/supersport-va-1\/","title":{"rendered":"Supersport Vallelunga : Sofuoglu encore une fois"},"content":{"rendered":"<p><a href=\"http:\/\/blogs.thesocialmedia.com\/leblogmoto\/files\/2012\/07\/bh07_sofoglu_leading.jpg\"><img loading=\"lazy\" decoding=\"async\" width=\"250\" height=\"166\"  src=\"http:\/\/www.leblogmoto.com\/images\/2007\/09\/30\/bh07_sofoglu_leading.jpg\" alt=\"Bh07_sofoglu_leading\" style=\"margin: 0px 5px 5px 0px;float: left\" \/><\/a> Parti depuis la troisi\u00e8me position sur la grille de d\u00e9part juste derri\u00e8re un <strong>S\u00e9bastien Charpentier<\/strong> <a href=\"http:\/\/blogs.thesocialmedia.com\/leblogmoto\/files\/2012\/07\/supersport-vall.htmlmore.png\">plus motiv\u00e9 que jamais<\/a> pour tenter de conqu\u00e9rir sa premi\u00e8re victoire de la saison, le turc <strong>Kenan<\/strong> <strong>Sofuoglu<\/strong> s&rsquo;impose sur le nouveau circuit de <strong>Vallelunga<\/strong> en Italie, et ce pour la 7e fois de la saison. <br \/>Inutile de vous rappeler que le pilote du team <strong>Honda Ten Kate<\/strong> est d\u00e9j\u00e0 le champion du monde <a href=\"http:\/\/www.leblogmoto.com\/sport_moto\/index.html\">Supersport<\/a> 2007, car du haut de ses <strong>251<\/strong> points et de ses onze podiums en douze courses disput\u00e9es, notre <strong>Foret<\/strong> national a accumul\u00e9 bien trop de retard pour esp\u00e9rer ravir un titre mondial. Et la <strong>14e<\/strong> place de <strong>Fabien Foret<\/strong> aujourd&rsquo;hui n&rsquo;arrange pas sa situation, puisqu&rsquo;il voit revenir dans ses roues un certain <strong>Broke Parkes<\/strong> au guidon de sa <a href=\"http:\/\/www.leblogmoto.com\/yamaha\/index.html\">Yamaha<\/a> <strong>R6<\/strong>.<\/p>\n<p> Pour garder sa deuxi\u00e8me place du g\u00e9n\u00e9ral, Foret devra s&rsquo;arracher lors de la derni\u00e8re course de la saison. <a href=\"http:\/\/www.leblogmoto.com\/2007\/09\/wsbk-magny-cour.html#more\">Mais il sera sur ses terres&#8230;<\/a><\/p>\n<p> Pour en revenir \u00e0 la course, <strong>Sofuoglu<\/strong> s&rsquo;impose devant <strong>Jones<\/strong> et <strong>Lascorz<\/strong>. Un podium uniquement constitu\u00e9 de <a href=\"http:\/\/www.leblogmoto.com\/honda\/index.html\">Honda<\/a><strong> 600 CBR<\/strong>, les <a href=\"http:\/\/www.leblogmoto.com\/yamaha\/index.html\">Yamaha<\/a> de <strong>Parkes<\/strong> et <strong>Vizziello<\/strong> s&#8217;emparant respectivement des <strong>4e<\/strong> et <strong>5e<\/strong> positions.<\/p>\n<p> Le premier fran\u00e7ais au classement est <strong>Matthieu Lagrive<\/strong> (<a href=\"http:\/\/www.leblogmoto.com\/honda\/index.html\">Honda<\/a>) qui est en train de r\u00e9aliser la meilleure de ses 6 saisons pass\u00e9s en <strong>Supersport<\/strong>. Il termine <strong>6e<\/strong> aujourd&rsquo;hui sur le sol italien. Quant \u00e0 <strong>Charpentier<\/strong>, il termine la course \u00e0 la <strong>9e<\/strong> position.<\/p>\n<p><span style=\"font-size: 1.2em\">Le classement supersport Vallelunga :<\/span> (<span style=\"font-size: 0.6em\"><a href=\"http:\/\/www.worldsbk.com\/home.php\">www.worldsbk.com<\/a><\/span>)<span style=\"font-size: 1.2em\"><br \/><a href=\"http:\/\/clabedan.typepad.com\/.shared\/image.html?\/photos\/uncategorized\/2007\/09\/30\/classement.jpg\"><img loading=\"lazy\" decoding=\"async\" width=\"470\" height=\"203\"  src=\"http:\/\/www.leblogmoto.com\/images\/2007\/09\/30\/classement.jpg\" alt=\"Classement\" style=\"margin: 0px 5px 5px 0px;float: left\" \/><\/a> <\/span><\/p>\n","protected":false},"excerpt":{"rendered":"<p>Parti depuis la troisi\u00e8me position sur la grille de d\u00e9part juste derri\u00e8re un S\u00e9bastien Charpentier plus motiv\u00e9 que jamais pour tenter de conqu\u00e9rir sa premi\u00e8re victoire de la saison, le turc Kenan Sofuoglu s&rsquo;impose sur le nouveau circuit de Vallelunga en Italie, et ce pour la 7e fois de la saison. Inutile de vous rappeler [&hellip;]<\/p>\n","protected":false},"author":330,"featured_media":0,"comment_status":"open","ping_status":"open","sticky":false,"template":"","format":"standard","meta":{"footnotes":""},"categories":[3,14,32],"tags":[],"class_list":["post-1220","post","type-post","status-publish","format-standard","hentry","category-actualite","category-honda","category-sport-moto"],"yoast_head":"<!-- This site is optimized with the Yoast SEO plugin v26.0 - https:\/\/yoast.com\/wordpress\/plugins\/seo\/ -->\n<title>Supersport Vallelunga : Sofuoglu encore une fois - leblogmoto.com<\/title>\n<meta name=\"robots\" content=\"index, follow, max-snippet:-1, max-image-preview:large, max-video-preview:-1\" \/>\n<link rel=\"canonical\" href=\"https:\/\/blogs.thesocialmedia.com\/leblogmoto\/2007\/09\/30\/supersport-va-1\/\" \/>\n<meta name=\"twitter:card\" content=\"summary_large_image\" \/>\n<meta name=\"twitter:title\" content=\"Supersport Vallelunga : Sofuoglu encore une fois - leblogmoto.com\" \/>\n<meta name=\"twitter:description\" content=\"Parti depuis la troisi\u00e8me position sur la grille de d\u00e9part juste derri\u00e8re un S\u00e9bastien Charpentier plus motiv\u00e9 que jamais pour tenter de conqu\u00e9rir sa premi\u00e8re victoire de la saison, le turc Kenan Sofuoglu s&rsquo;impose sur le nouveau circuit de Vallelunga en Italie, et ce pour la 7e fois de la saison. Inutile de vous rappeler [&hellip;]\" \/>\n<meta name=\"twitter:image\" content=\"http:\/\/www.leblogmoto.com\/images\/2007\/09\/30\/bh07_sofoglu_leading.jpg\" \/>\n<meta name=\"twitter:label1\" content=\"\u00c9crit par\" \/>\n\t<meta name=\"twitter:data1\" content=\"thierry marsal\" \/>\n\t<meta name=\"twitter:label2\" content=\"Dur\u00e9e de lecture estim\u00e9e\" \/>\n\t<meta name=\"twitter:data2\" content=\"1 minute\" \/>\n<script type=\"application\/ld+json\" class=\"yoast-schema-graph\">{\"@context\":\"https:\/\/schema.org\",\"@graph\":[{\"@type\":\"WebPage\",\"@id\":\"https:\/\/blogs.thesocialmedia.com\/leblogmoto\/2007\/09\/30\/supersport-va-1\/\",\"url\":\"https:\/\/blogs.thesocialmedia.com\/leblogmoto\/2007\/09\/30\/supersport-va-1\/\",\"name\":\"Supersport Vallelunga : Sofuoglu encore une fois - leblogmoto.com\",\"isPartOf\":{\"@id\":\"https:\/\/blogs.thesocialmedia.com\/leblogmoto\/#website\"},\"primaryImageOfPage\":{\"@id\":\"https:\/\/blogs.thesocialmedia.com\/leblogmoto\/2007\/09\/30\/supersport-va-1\/#primaryimage\"},\"image\":{\"@id\":\"https:\/\/blogs.thesocialmedia.com\/leblogmoto\/2007\/09\/30\/supersport-va-1\/#primaryimage\"},\"thumbnailUrl\":\"http:\/\/www.leblogmoto.com\/images\/2007\/09\/30\/bh07_sofoglu_leading.jpg\",\"datePublished\":\"2007-09-30T15:34:17+00:00\",\"dateModified\":\"2012-07-11T14:46:46+00:00\",\"author\":{\"@id\":\"https:\/\/blogs.thesocialmedia.com\/leblogmoto\/#\/schema\/person\/d20f219f162e8b5de4ea78c909c5be45\"},\"breadcrumb\":{\"@id\":\"https:\/\/blogs.thesocialmedia.com\/leblogmoto\/2007\/09\/30\/supersport-va-1\/#breadcrumb\"},\"inLanguage\":\"fr-FR\",\"potentialAction\":[{\"@type\":\"ReadAction\",\"target\":[\"https:\/\/blogs.thesocialmedia.com\/leblogmoto\/2007\/09\/30\/supersport-va-1\/\"]}]},{\"@type\":\"ImageObject\",\"inLanguage\":\"fr-FR\",\"@id\":\"https:\/\/blogs.thesocialmedia.com\/leblogmoto\/2007\/09\/30\/supersport-va-1\/#primaryimage\",\"url\":\"http:\/\/www.leblogmoto.com\/images\/2007\/09\/30\/bh07_sofoglu_leading.jpg\",\"contentUrl\":\"http:\/\/www.leblogmoto.com\/images\/2007\/09\/30\/bh07_sofoglu_leading.jpg\"},{\"@type\":\"BreadcrumbList\",\"@id\":\"https:\/\/blogs.thesocialmedia.com\/leblogmoto\/2007\/09\/30\/supersport-va-1\/#breadcrumb\",\"itemListElement\":[{\"@type\":\"ListItem\",\"position\":1,\"name\":\"Accueil\",\"item\":\"https:\/\/blogs.thesocialmedia.com\/leblogmoto\/\"},{\"@type\":\"ListItem\",\"position\":2,\"name\":\"Supersport Vallelunga : Sofuoglu encore une fois\"}]},{\"@type\":\"WebSite\",\"@id\":\"https:\/\/blogs.thesocialmedia.com\/leblogmoto\/#website\",\"url\":\"https:\/\/blogs.thesocialmedia.com\/leblogmoto\/\",\"name\":\"leblogmoto\",\"description\":\"Toute l&#039;actualit\u00e9 des 2 roues\",\"potentialAction\":[{\"@type\":\"SearchAction\",\"target\":{\"@type\":\"EntryPoint\",\"urlTemplate\":\"https:\/\/blogs.thesocialmedia.com\/leblogmoto\/?s={search_term_string}\"},\"query-input\":{\"@type\":\"PropertyValueSpecification\",\"valueRequired\":true,\"valueName\":\"search_term_string\"}}],\"inLanguage\":\"fr-FR\"},{\"@type\":\"Person\",\"@id\":\"https:\/\/blogs.thesocialmedia.com\/leblogmoto\/#\/schema\/person\/d20f219f162e8b5de4ea78c909c5be45\",\"name\":\"thierry marsal\",\"image\":{\"@type\":\"ImageObject\",\"inLanguage\":\"fr-FR\",\"@id\":\"https:\/\/blogs.thesocialmedia.com\/leblogmoto\/#\/schema\/person\/image\/\",\"url\":\"https:\/\/secure.gravatar.com\/avatar\/?s=96&d=mm&r=g\",\"contentUrl\":\"https:\/\/secure.gravatar.com\/avatar\/?s=96&d=mm&r=g\",\"caption\":\"thierry marsal\"},\"url\":\"https:\/\/blogs.thesocialmedia.com\/leblogmoto\/author\/thierry-marsal\/\"}]}<\/script>\n<!-- \/ Yoast SEO plugin. -->","yoast_head_json":{"title":"Supersport Vallelunga : Sofuoglu encore une fois - leblogmoto.com","robots":{"index":"index","follow":"follow","max-snippet":"max-snippet:-1","max-image-preview":"max-image-preview:large","max-video-preview":"max-video-preview:-1"},"canonical":"https:\/\/blogs.thesocialmedia.com\/leblogmoto\/2007\/09\/30\/supersport-va-1\/","twitter_card":"summary_large_image","twitter_title":"Supersport Vallelunga : Sofuoglu encore une fois - leblogmoto.com","twitter_description":"Parti depuis la troisi\u00e8me position sur la grille de d\u00e9part juste derri\u00e8re un S\u00e9bastien Charpentier plus motiv\u00e9 que jamais pour tenter de conqu\u00e9rir sa premi\u00e8re victoire de la saison, le turc Kenan Sofuoglu s&rsquo;impose sur le nouveau circuit de Vallelunga en Italie, et ce pour la 7e fois de la saison. Inutile de vous rappeler [&hellip;]","twitter_image":"http:\/\/www.leblogmoto.com\/images\/2007\/09\/30\/bh07_sofoglu_leading.jpg","twitter_misc":{"\u00c9crit par":"thierry marsal","Dur\u00e9e de lecture estim\u00e9e":"1 minute"},"schema":{"@context":"https:\/\/schema.org","@graph":[{"@type":"WebPage","@id":"https:\/\/blogs.thesocialmedia.com\/leblogmoto\/2007\/09\/30\/supersport-va-1\/","url":"https:\/\/blogs.thesocialmedia.com\/leblogmoto\/2007\/09\/30\/supersport-va-1\/","name":"Supersport Vallelunga : Sofuoglu encore une fois - leblogmoto.com","isPartOf":{"@id":"https:\/\/blogs.thesocialmedia.com\/leblogmoto\/#website"},"primaryImageOfPage":{"@id":"https:\/\/blogs.thesocialmedia.com\/leblogmoto\/2007\/09\/30\/supersport-va-1\/#primaryimage"},"image":{"@id":"https:\/\/blogs.thesocialmedia.com\/leblogmoto\/2007\/09\/30\/supersport-va-1\/#primaryimage"},"thumbnailUrl":"http:\/\/www.leblogmoto.com\/images\/2007\/09\/30\/bh07_sofoglu_leading.jpg","datePublished":"2007-09-30T15:34:17+00:00","dateModified":"2012-07-11T14:46:46+00:00","author":{"@id":"https:\/\/blogs.thesocialmedia.com\/leblogmoto\/#\/schema\/person\/d20f219f162e8b5de4ea78c909c5be45"},"breadcrumb":{"@id":"https:\/\/blogs.thesocialmedia.com\/leblogmoto\/2007\/09\/30\/supersport-va-1\/#breadcrumb"},"inLanguage":"fr-FR","potentialAction":[{"@type":"ReadAction","target":["https:\/\/blogs.thesocialmedia.com\/leblogmoto\/2007\/09\/30\/supersport-va-1\/"]}]},{"@type":"ImageObject","inLanguage":"fr-FR","@id":"https:\/\/blogs.thesocialmedia.com\/leblogmoto\/2007\/09\/30\/supersport-va-1\/#primaryimage","url":"http:\/\/www.leblogmoto.com\/images\/2007\/09\/30\/bh07_sofoglu_leading.jpg","contentUrl":"http:\/\/www.leblogmoto.com\/images\/2007\/09\/30\/bh07_sofoglu_leading.jpg"},{"@type":"BreadcrumbList","@id":"https:\/\/blogs.thesocialmedia.com\/leblogmoto\/2007\/09\/30\/supersport-va-1\/#breadcrumb","itemListElement":[{"@type":"ListItem","position":1,"name":"Accueil","item":"https:\/\/blogs.thesocialmedia.com\/leblogmoto\/"},{"@type":"ListItem","position":2,"name":"Supersport Vallelunga : Sofuoglu encore une fois"}]},{"@type":"WebSite","@id":"https:\/\/blogs.thesocialmedia.com\/leblogmoto\/#website","url":"https:\/\/blogs.thesocialmedia.com\/leblogmoto\/","name":"leblogmoto","description":"Toute l&#039;actualit\u00e9 des 2 roues","potentialAction":[{"@type":"SearchAction","target":{"@type":"EntryPoint","urlTemplate":"https:\/\/blogs.thesocialmedia.com\/leblogmoto\/?s={search_term_string}"},"query-input":{"@type":"PropertyValueSpecification","valueRequired":true,"valueName":"search_term_string"}}],"inLanguage":"fr-FR"},{"@type":"Person","@id":"https:\/\/blogs.thesocialmedia.com\/leblogmoto\/#\/schema\/person\/d20f219f162e8b5de4ea78c909c5be45","name":"thierry marsal","image":{"@type":"ImageObject","inLanguage":"fr-FR","@id":"https:\/\/blogs.thesocialmedia.com\/leblogmoto\/#\/schema\/person\/image\/","url":"https:\/\/secure.gravatar.com\/avatar\/?s=96&d=mm&r=g","contentUrl":"https:\/\/secure.gravatar.com\/avatar\/?s=96&d=mm&r=g","caption":"thierry marsal"},"url":"https:\/\/blogs.thesocialmedia.com\/leblogmoto\/author\/thierry-marsal\/"}]}},"_links":{"self":[{"href":"https:\/\/blogs.thesocialmedia.com\/leblogmoto\/wp-json\/wp\/v2\/posts\/1220","targetHints":{"allow":["GET"]}}],"collection":[{"href":"https:\/\/blogs.thesocialmedia.com\/leblogmoto\/wp-json\/wp\/v2\/posts"}],"about":[{"href":"https:\/\/blogs.thesocialmedia.com\/leblogmoto\/wp-json\/wp\/v2\/types\/post"}],"author":[{"embeddable":true,"href":"https:\/\/blogs.thesocialmedia.com\/leblogmoto\/wp-json\/wp\/v2\/users\/330"}],"replies":[{"embeddable":true,"href":"https:\/\/blogs.thesocialmedia.com\/leblogmoto\/wp-json\/wp\/v2\/comments?post=1220"}],"version-history":[{"count":2,"href":"https:\/\/blogs.thesocialmedia.com\/leblogmoto\/wp-json\/wp\/v2\/posts\/1220\/revisions"}],"predecessor-version":[{"id":8781,"href":"https:\/\/blogs.thesocialmedia.com\/leblogmoto\/wp-json\/wp\/v2\/posts\/1220\/revisions\/8781"}],"wp:attachment":[{"href":"https:\/\/blogs.thesocialmedia.com\/leblogmoto\/wp-json\/wp\/v2\/media?parent=1220"}],"wp:term":[{"taxonomy":"category","embeddable":true,"href":"https:\/\/blogs.thesocialmedia.com\/leblogmoto\/wp-json\/wp\/v2\/categories?post=1220"},{"taxonomy":"post_tag","embeddable":true,"href":"https:\/\/blogs.thesocialmedia.com\/leblogmoto\/wp-json\/wp\/v2\/tags?post=1220"}],"curies":[{"name":"wp","href":"https:\/\/api.w.org\/{rel}","templated":true}]}}