{"id":1224,"date":"2007-09-29T20:48:12","date_gmt":"2007-09-29T20:48:12","guid":{"rendered":"http:\/\/blogs.thesocialmedia.com\/leblogmoto\/2007\/09\/29\/les-jeans-esqua\/"},"modified":"2012-07-11T14:46:39","modified_gmt":"2012-07-11T14:46:39","slug":"les-jeans-esqua","status":"publish","type":"post","link":"https:\/\/blogs.thesocialmedia.com\/leblogmoto\/2007\/09\/29\/les-jeans-esqua\/","title":{"rendered":"Jeans Esquad en Armalith: contre l&rsquo;abrasion, pour le style"},"content":{"rendered":"<p><a href=\"http:\/\/blogs.thesocialmedia.com\/leblogmoto\/files\/2012\/07\/jeans_esquad_en_armalith_pour_le__2.jpg\"><img loading=\"lazy\" decoding=\"async\" height=\"306\" alt=\"Jeans_esquad_en_armalith_pour_le__2\" src=\"http:\/\/www.leblogmoto.com\/images\/2007\/09\/29\/jeans_esquad_en_armalith_pour_le__2.jpg\" width=\"250\"  \/><\/a> Apr\u00e8s les chocs, l&rsquo;abrasion est la seconde crainte du motard, abrasion g\u00e9n\u00e9r\u00e9e par le frottement des membres et du thorax du motard sur le bitume (vous l&rsquo;avez peut-\u00eatre v\u00e9rifi\u00e9 \u00e0 vos d\u00e9pens). Des glissades \u00e0 la trompeuse apparence donc, et qui rendent le port d&rsquo;un v\u00eatement aussi banal et indispensable que le jean, peu efficace en protection. C&rsquo;est pour cela que Pierre-Henry Servajean aid\u00e9 aussi d&rsquo;autres personnes, eut l&rsquo;id\u00e9e de cr\u00e9er et d\u00e9velopper l&rsquo;Armalith (peut-\u00eatre un clin d&rsquo;oeil \u00e0 la soci\u00e9t\u00e9 U.S Armalite ?), un tissu \u00e0 la r\u00e9sistance unique, m\u00e9lange d&rsquo;un mat\u00e9riau utilis\u00e9 dans l&rsquo;industrie spatiale et de coton pour reprendre l&rsquo;argumentaire commercial du site.<\/p>\n<p>Tissu qui compose des jeans \u00e0 la r\u00e9sistance \u00e0 l&rsquo;abrasion exceptionnelle, et bien sup\u00e9rieure \u00e0 un v\u00eatement \u00e9quivalent fait de cuir. La soci\u00e9t\u00e9 Esquad cr\u00e9\u00e9e pour vendre et promouvoir ses produits propose une large gamme de v\u00eatements et, c&rsquo;est \u00e0 noter, aussi bien pour les motards que les motardes. Elles ne pourront plus se plaindre (souvent \u00e0 raison) d&rsquo;\u00eatre les grandes oubli\u00e9es des deux-roues, les industriels ne les oublient plus (trop) maintenant.<\/p>\n<p>Ces jeans en plus de leur composition sp\u00e9cifique sont \u00e9galement renforc\u00e9s dans les zones classiques (aux genoux&#8230;) et constitu\u00e9s d&rsquo;astucieuses poches de rangements. Passons aux choses s\u00e9rieuses, le lien de la soci\u00e9t\u00e9 en question <a href=\"http:\/\/esquad.fr\/\">Esquad<\/a> Si vous \u00eates int\u00e9ress\u00e9s, je vous conseille de voir les <a href=\"http:\/\/esquad.fr\/film.php?version=&amp;clip=1\">les clips de tests<\/a> de ces jeans en conditions &quot;r\u00e9elles&quot;.<\/p>\n","protected":false},"excerpt":{"rendered":"<p>Apr\u00e8s les chocs, l&rsquo;abrasion est la seconde crainte du motard, abrasion g\u00e9n\u00e9r\u00e9e par le frottement des membres et du thorax du motard sur le bitume (vous l&rsquo;avez peut-\u00eatre v\u00e9rifi\u00e9 \u00e0 vos d\u00e9pens). Des glissades \u00e0 la trompeuse apparence donc, et qui rendent le port d&rsquo;un v\u00eatement aussi banal et indispensable que le jean, peu efficace [&hellip;]<\/p>\n","protected":false},"author":324,"featured_media":0,"comment_status":"open","ping_status":"open","sticky":false,"template":"","format":"standard","meta":{"footnotes":""},"categories":[3,8,27],"tags":[],"class_list":["post-1224","post","type-post","status-publish","format-standard","hentry","category-actualite","category-chaines-et-cuirs","category-securite"],"yoast_head":"<!-- This site is optimized with the Yoast SEO plugin v26.0 - https:\/\/yoast.com\/wordpress\/plugins\/seo\/ -->\n<title>Jeans Esquad en Armalith: contre l&#039;abrasion, pour le style - leblogmoto.com<\/title>\n<meta name=\"robots\" content=\"index, follow, max-snippet:-1, max-image-preview:large, max-video-preview:-1\" \/>\n<link rel=\"canonical\" href=\"https:\/\/blogs.thesocialmedia.com\/leblogmoto\/2007\/09\/29\/les-jeans-esqua\/\" \/>\n<meta name=\"twitter:card\" content=\"summary_large_image\" \/>\n<meta name=\"twitter:title\" content=\"Jeans Esquad en Armalith: contre l&#039;abrasion, pour le style - leblogmoto.com\" \/>\n<meta name=\"twitter:description\" content=\"Apr\u00e8s les chocs, l&rsquo;abrasion est la seconde crainte du motard, abrasion g\u00e9n\u00e9r\u00e9e par le frottement des membres et du thorax du motard sur le bitume (vous l&rsquo;avez peut-\u00eatre v\u00e9rifi\u00e9 \u00e0 vos d\u00e9pens). Des glissades \u00e0 la trompeuse apparence donc, et qui rendent le port d&rsquo;un v\u00eatement aussi banal et indispensable que le jean, peu efficace [&hellip;]\" \/>\n<meta name=\"twitter:image\" content=\"http:\/\/www.leblogmoto.com\/images\/2007\/09\/29\/jeans_esquad_en_armalith_pour_le__2.jpg\" \/>\n<meta name=\"twitter:label1\" content=\"\u00c9crit par\" \/>\n\t<meta name=\"twitter:data1\" content=\"benoit rieu\" \/>\n\t<meta name=\"twitter:label2\" content=\"Dur\u00e9e de lecture estim\u00e9e\" \/>\n\t<meta name=\"twitter:data2\" content=\"1 minute\" \/>\n<script type=\"application\/ld+json\" class=\"yoast-schema-graph\">{\"@context\":\"https:\/\/schema.org\",\"@graph\":[{\"@type\":\"WebPage\",\"@id\":\"https:\/\/blogs.thesocialmedia.com\/leblogmoto\/2007\/09\/29\/les-jeans-esqua\/\",\"url\":\"https:\/\/blogs.thesocialmedia.com\/leblogmoto\/2007\/09\/29\/les-jeans-esqua\/\",\"name\":\"Jeans Esquad en Armalith: contre l'abrasion, pour le style - leblogmoto.com\",\"isPartOf\":{\"@id\":\"https:\/\/blogs.thesocialmedia.com\/leblogmoto\/#website\"},\"primaryImageOfPage\":{\"@id\":\"https:\/\/blogs.thesocialmedia.com\/leblogmoto\/2007\/09\/29\/les-jeans-esqua\/#primaryimage\"},\"image\":{\"@id\":\"https:\/\/blogs.thesocialmedia.com\/leblogmoto\/2007\/09\/29\/les-jeans-esqua\/#primaryimage\"},\"thumbnailUrl\":\"http:\/\/www.leblogmoto.com\/images\/2007\/09\/29\/jeans_esquad_en_armalith_pour_le__2.jpg\",\"datePublished\":\"2007-09-29T20:48:12+00:00\",\"dateModified\":\"2012-07-11T14:46:39+00:00\",\"author\":{\"@id\":\"https:\/\/blogs.thesocialmedia.com\/leblogmoto\/#\/schema\/person\/18bfe773e5725ed6d24f743da805362a\"},\"breadcrumb\":{\"@id\":\"https:\/\/blogs.thesocialmedia.com\/leblogmoto\/2007\/09\/29\/les-jeans-esqua\/#breadcrumb\"},\"inLanguage\":\"fr-FR\",\"potentialAction\":[{\"@type\":\"ReadAction\",\"target\":[\"https:\/\/blogs.thesocialmedia.com\/leblogmoto\/2007\/09\/29\/les-jeans-esqua\/\"]}]},{\"@type\":\"ImageObject\",\"inLanguage\":\"fr-FR\",\"@id\":\"https:\/\/blogs.thesocialmedia.com\/leblogmoto\/2007\/09\/29\/les-jeans-esqua\/#primaryimage\",\"url\":\"http:\/\/www.leblogmoto.com\/images\/2007\/09\/29\/jeans_esquad_en_armalith_pour_le__2.jpg\",\"contentUrl\":\"http:\/\/www.leblogmoto.com\/images\/2007\/09\/29\/jeans_esquad_en_armalith_pour_le__2.jpg\"},{\"@type\":\"BreadcrumbList\",\"@id\":\"https:\/\/blogs.thesocialmedia.com\/leblogmoto\/2007\/09\/29\/les-jeans-esqua\/#breadcrumb\",\"itemListElement\":[{\"@type\":\"ListItem\",\"position\":1,\"name\":\"Accueil\",\"item\":\"https:\/\/blogs.thesocialmedia.com\/leblogmoto\/\"},{\"@type\":\"ListItem\",\"position\":2,\"name\":\"Jeans Esquad en Armalith: contre l&rsquo;abrasion, pour le style\"}]},{\"@type\":\"WebSite\",\"@id\":\"https:\/\/blogs.thesocialmedia.com\/leblogmoto\/#website\",\"url\":\"https:\/\/blogs.thesocialmedia.com\/leblogmoto\/\",\"name\":\"leblogmoto\",\"description\":\"Toute l&#039;actualit\u00e9 des 2 roues\",\"potentialAction\":[{\"@type\":\"SearchAction\",\"target\":{\"@type\":\"EntryPoint\",\"urlTemplate\":\"https:\/\/blogs.thesocialmedia.com\/leblogmoto\/?s={search_term_string}\"},\"query-input\":{\"@type\":\"PropertyValueSpecification\",\"valueRequired\":true,\"valueName\":\"search_term_string\"}}],\"inLanguage\":\"fr-FR\"},{\"@type\":\"Person\",\"@id\":\"https:\/\/blogs.thesocialmedia.com\/leblogmoto\/#\/schema\/person\/18bfe773e5725ed6d24f743da805362a\",\"name\":\"benoit rieu\",\"image\":{\"@type\":\"ImageObject\",\"inLanguage\":\"fr-FR\",\"@id\":\"https:\/\/blogs.thesocialmedia.com\/leblogmoto\/#\/schema\/person\/image\/\",\"url\":\"https:\/\/secure.gravatar.com\/avatar\/?s=96&d=mm&r=g\",\"contentUrl\":\"https:\/\/secure.gravatar.com\/avatar\/?s=96&d=mm&r=g\",\"caption\":\"benoit rieu\"},\"url\":\"https:\/\/blogs.thesocialmedia.com\/leblogmoto\/author\/benoit-rieu\/\"}]}<\/script>\n<!-- \/ Yoast SEO plugin. -->","yoast_head_json":{"title":"Jeans Esquad en Armalith: contre l'abrasion, pour le style - leblogmoto.com","robots":{"index":"index","follow":"follow","max-snippet":"max-snippet:-1","max-image-preview":"max-image-preview:large","max-video-preview":"max-video-preview:-1"},"canonical":"https:\/\/blogs.thesocialmedia.com\/leblogmoto\/2007\/09\/29\/les-jeans-esqua\/","twitter_card":"summary_large_image","twitter_title":"Jeans Esquad en Armalith: contre l'abrasion, pour le style - leblogmoto.com","twitter_description":"Apr\u00e8s les chocs, l&rsquo;abrasion est la seconde crainte du motard, abrasion g\u00e9n\u00e9r\u00e9e par le frottement des membres et du thorax du motard sur le bitume (vous l&rsquo;avez peut-\u00eatre v\u00e9rifi\u00e9 \u00e0 vos d\u00e9pens). Des glissades \u00e0 la trompeuse apparence donc, et qui rendent le port d&rsquo;un v\u00eatement aussi banal et indispensable que le jean, peu efficace [&hellip;]","twitter_image":"http:\/\/www.leblogmoto.com\/images\/2007\/09\/29\/jeans_esquad_en_armalith_pour_le__2.jpg","twitter_misc":{"\u00c9crit par":"benoit rieu","Dur\u00e9e de lecture estim\u00e9e":"1 minute"},"schema":{"@context":"https:\/\/schema.org","@graph":[{"@type":"WebPage","@id":"https:\/\/blogs.thesocialmedia.com\/leblogmoto\/2007\/09\/29\/les-jeans-esqua\/","url":"https:\/\/blogs.thesocialmedia.com\/leblogmoto\/2007\/09\/29\/les-jeans-esqua\/","name":"Jeans Esquad en Armalith: contre l'abrasion, pour le style - leblogmoto.com","isPartOf":{"@id":"https:\/\/blogs.thesocialmedia.com\/leblogmoto\/#website"},"primaryImageOfPage":{"@id":"https:\/\/blogs.thesocialmedia.com\/leblogmoto\/2007\/09\/29\/les-jeans-esqua\/#primaryimage"},"image":{"@id":"https:\/\/blogs.thesocialmedia.com\/leblogmoto\/2007\/09\/29\/les-jeans-esqua\/#primaryimage"},"thumbnailUrl":"http:\/\/www.leblogmoto.com\/images\/2007\/09\/29\/jeans_esquad_en_armalith_pour_le__2.jpg","datePublished":"2007-09-29T20:48:12+00:00","dateModified":"2012-07-11T14:46:39+00:00","author":{"@id":"https:\/\/blogs.thesocialmedia.com\/leblogmoto\/#\/schema\/person\/18bfe773e5725ed6d24f743da805362a"},"breadcrumb":{"@id":"https:\/\/blogs.thesocialmedia.com\/leblogmoto\/2007\/09\/29\/les-jeans-esqua\/#breadcrumb"},"inLanguage":"fr-FR","potentialAction":[{"@type":"ReadAction","target":["https:\/\/blogs.thesocialmedia.com\/leblogmoto\/2007\/09\/29\/les-jeans-esqua\/"]}]},{"@type":"ImageObject","inLanguage":"fr-FR","@id":"https:\/\/blogs.thesocialmedia.com\/leblogmoto\/2007\/09\/29\/les-jeans-esqua\/#primaryimage","url":"http:\/\/www.leblogmoto.com\/images\/2007\/09\/29\/jeans_esquad_en_armalith_pour_le__2.jpg","contentUrl":"http:\/\/www.leblogmoto.com\/images\/2007\/09\/29\/jeans_esquad_en_armalith_pour_le__2.jpg"},{"@type":"BreadcrumbList","@id":"https:\/\/blogs.thesocialmedia.com\/leblogmoto\/2007\/09\/29\/les-jeans-esqua\/#breadcrumb","itemListElement":[{"@type":"ListItem","position":1,"name":"Accueil","item":"https:\/\/blogs.thesocialmedia.com\/leblogmoto\/"},{"@type":"ListItem","position":2,"name":"Jeans Esquad en Armalith: contre l&rsquo;abrasion, pour le style"}]},{"@type":"WebSite","@id":"https:\/\/blogs.thesocialmedia.com\/leblogmoto\/#website","url":"https:\/\/blogs.thesocialmedia.com\/leblogmoto\/","name":"leblogmoto","description":"Toute l&#039;actualit\u00e9 des 2 roues","potentialAction":[{"@type":"SearchAction","target":{"@type":"EntryPoint","urlTemplate":"https:\/\/blogs.thesocialmedia.com\/leblogmoto\/?s={search_term_string}"},"query-input":{"@type":"PropertyValueSpecification","valueRequired":true,"valueName":"search_term_string"}}],"inLanguage":"fr-FR"},{"@type":"Person","@id":"https:\/\/blogs.thesocialmedia.com\/leblogmoto\/#\/schema\/person\/18bfe773e5725ed6d24f743da805362a","name":"benoit rieu","image":{"@type":"ImageObject","inLanguage":"fr-FR","@id":"https:\/\/blogs.thesocialmedia.com\/leblogmoto\/#\/schema\/person\/image\/","url":"https:\/\/secure.gravatar.com\/avatar\/?s=96&d=mm&r=g","contentUrl":"https:\/\/secure.gravatar.com\/avatar\/?s=96&d=mm&r=g","caption":"benoit rieu"},"url":"https:\/\/blogs.thesocialmedia.com\/leblogmoto\/author\/benoit-rieu\/"}]}},"_links":{"self":[{"href":"https:\/\/blogs.thesocialmedia.com\/leblogmoto\/wp-json\/wp\/v2\/posts\/1224","targetHints":{"allow":["GET"]}}],"collection":[{"href":"https:\/\/blogs.thesocialmedia.com\/leblogmoto\/wp-json\/wp\/v2\/posts"}],"about":[{"href":"https:\/\/blogs.thesocialmedia.com\/leblogmoto\/wp-json\/wp\/v2\/types\/post"}],"author":[{"embeddable":true,"href":"https:\/\/blogs.thesocialmedia.com\/leblogmoto\/wp-json\/wp\/v2\/users\/324"}],"replies":[{"embeddable":true,"href":"https:\/\/blogs.thesocialmedia.com\/leblogmoto\/wp-json\/wp\/v2\/comments?post=1224"}],"version-history":[{"count":2,"href":"https:\/\/blogs.thesocialmedia.com\/leblogmoto\/wp-json\/wp\/v2\/posts\/1224\/revisions"}],"predecessor-version":[{"id":8775,"href":"https:\/\/blogs.thesocialmedia.com\/leblogmoto\/wp-json\/wp\/v2\/posts\/1224\/revisions\/8775"}],"wp:attachment":[{"href":"https:\/\/blogs.thesocialmedia.com\/leblogmoto\/wp-json\/wp\/v2\/media?parent=1224"}],"wp:term":[{"taxonomy":"category","embeddable":true,"href":"https:\/\/blogs.thesocialmedia.com\/leblogmoto\/wp-json\/wp\/v2\/categories?post=1224"},{"taxonomy":"post_tag","embeddable":true,"href":"https:\/\/blogs.thesocialmedia.com\/leblogmoto\/wp-json\/wp\/v2\/tags?post=1224"}],"curies":[{"name":"wp","href":"https:\/\/api.w.org\/{rel}","templated":true}]}}