{"id":1226,"date":"2007-09-29T19:19:59","date_gmt":"2007-09-29T19:19:59","guid":{"rendered":"http:\/\/blogs.thesocialmedia.com\/leblogmoto\/2007\/09\/29\/sbk-vallelunga\/"},"modified":"2012-07-11T14:46:32","modified_gmt":"2012-07-11T14:46:32","slug":"sbk-vallelunga","status":"publish","type":"post","link":"https:\/\/blogs.thesocialmedia.com\/leblogmoto\/2007\/09\/29\/sbk-vallelunga\/","title":{"rendered":"SBK Vallelunga superpole : Bayliss reprend la main"},"content":{"rendered":"<p><a href=\"http:\/\/blogs.thesocialmedia.com\/leblogmoto\/files\/2012\/07\/rm07_bayliss_clsoe_up2.jpg\"><img loading=\"lazy\" decoding=\"async\" width=\"250\" height=\"166\"  src=\"http:\/\/www.leblogmoto.com\/images\/2007\/09\/29\/rm07_bayliss_clsoe_up2.jpg\" alt=\"Rm07_bayliss_clsoe_up2\" style=\"margin: 0px 5px 5px 0px;float: left\" \/><\/a> C&rsquo;est l&rsquo;australien champion du monde en titre <strong>Troy Bayliss<\/strong> qui vient de s&rsquo;adjuger la <em>superpole<\/em> sur le circuit de <strong>Vallelunga<\/strong> en Italie. <a href=\"http:\/\/www.typepad.com\/t\/app\/weblog\/post?blog_id=167661\">Devanc\u00e9 hier<\/a> par son compatriote <strong>Troy Corser<\/strong> au guidon d&rsquo;une <a href=\"http:\/\/www.leblogmoto.com\/yamaha\/index.html\">Yamaha<\/a> survitamin\u00e9e, il reprend aujourd&rsquo;hui la t\u00eate du peloton et annonce par la m\u00eame occasion qu&rsquo;il faudra compter avec lui demain. <strong>Troy Corser<\/strong> reste le seul pilote a pouvoir rivaliser avec <strong>Bayliss<\/strong> lors de cette <em>superpole<\/em>, et il s&#8217;empare donc logiquement de la deuxi\u00e8me position. <\/p>\n<p><strong>Ruben Xaus<\/strong>, troisi\u00e8me demain sur la grille de d\u00e9part est repouss\u00e9 \u00e0 presque une seconde de l&rsquo;auteur de la p\u00f4le position, suivit \u00e0 quelques encablures par le r\u00e9gional de l&rsquo;\u00e9tape <strong>Max Biaggi<\/strong>.<\/p>\n<p><strong>Bayliss, Corser, Xaus et Biaggi<\/strong> seront donc les pilotes constituants la 1ere ligne. Derri\u00e8re et dans l&rsquo;ordre, il y aura <strong>Haga, Lanzi, Fabrizio et Toseland<\/strong>. Ce dernier a \u00e9t\u00e9 victime d&rsquo;une chute lors de cette <em>superpole<\/em>. Le pr\u00e9tendant \u00e0 la succession de Troy Bayliss a jou\u00e9 tr\u00e8s gros sur ce coup l\u00e0, car une blessure lui aurait enlev\u00e9 un titre presque acquis.<\/p>\n<p> Notre fran\u00e7ais <strong>R\u00e9gis Laconi<\/strong> accroche une moyenne 13e position, esp\u00e9rons qu&rsquo;il fasse mieux demain.<\/p>\n","protected":false},"excerpt":{"rendered":"<p>C&rsquo;est l&rsquo;australien champion du monde en titre Troy Bayliss qui vient de s&rsquo;adjuger la superpole sur le circuit de Vallelunga en Italie. Devanc\u00e9 hier par son compatriote Troy Corser au guidon d&rsquo;une Yamaha survitamin\u00e9e, il reprend aujourd&rsquo;hui la t\u00eate du peloton et annonce par la m\u00eame occasion qu&rsquo;il faudra compter avec lui demain. Troy Corser [&hellip;]<\/p>\n","protected":false},"author":330,"featured_media":0,"comment_status":"open","ping_status":"open","sticky":false,"template":"","format":"standard","meta":{"footnotes":""},"categories":[3,41,46],"tags":[],"class_list":["post-1226","post","type-post","status-publish","format-standard","hentry","category-actualite","category-ducati","category-superbike"],"yoast_head":"<!-- This site is optimized with the Yoast SEO plugin v26.0 - https:\/\/yoast.com\/wordpress\/plugins\/seo\/ -->\n<title>SBK Vallelunga superpole : Bayliss reprend la main - leblogmoto.com<\/title>\n<meta name=\"robots\" content=\"index, follow, max-snippet:-1, max-image-preview:large, max-video-preview:-1\" \/>\n<link rel=\"canonical\" href=\"https:\/\/blogs.thesocialmedia.com\/leblogmoto\/2007\/09\/29\/sbk-vallelunga\/\" \/>\n<meta name=\"twitter:card\" content=\"summary_large_image\" \/>\n<meta name=\"twitter:title\" content=\"SBK Vallelunga superpole : Bayliss reprend la main - leblogmoto.com\" \/>\n<meta name=\"twitter:description\" content=\"C&rsquo;est l&rsquo;australien champion du monde en titre Troy Bayliss qui vient de s&rsquo;adjuger la superpole sur le circuit de Vallelunga en Italie. Devanc\u00e9 hier par son compatriote Troy Corser au guidon d&rsquo;une Yamaha survitamin\u00e9e, il reprend aujourd&rsquo;hui la t\u00eate du peloton et annonce par la m\u00eame occasion qu&rsquo;il faudra compter avec lui demain. Troy Corser [&hellip;]\" \/>\n<meta name=\"twitter:image\" content=\"http:\/\/www.leblogmoto.com\/images\/2007\/09\/29\/rm07_bayliss_clsoe_up2.jpg\" \/>\n<meta name=\"twitter:label1\" content=\"\u00c9crit par\" \/>\n\t<meta name=\"twitter:data1\" content=\"thierry marsal\" \/>\n\t<meta name=\"twitter:label2\" content=\"Dur\u00e9e de lecture estim\u00e9e\" \/>\n\t<meta name=\"twitter:data2\" content=\"1 minute\" \/>\n<script type=\"application\/ld+json\" class=\"yoast-schema-graph\">{\"@context\":\"https:\/\/schema.org\",\"@graph\":[{\"@type\":\"WebPage\",\"@id\":\"https:\/\/blogs.thesocialmedia.com\/leblogmoto\/2007\/09\/29\/sbk-vallelunga\/\",\"url\":\"https:\/\/blogs.thesocialmedia.com\/leblogmoto\/2007\/09\/29\/sbk-vallelunga\/\",\"name\":\"SBK Vallelunga superpole : Bayliss reprend la main - leblogmoto.com\",\"isPartOf\":{\"@id\":\"https:\/\/blogs.thesocialmedia.com\/leblogmoto\/#website\"},\"primaryImageOfPage\":{\"@id\":\"https:\/\/blogs.thesocialmedia.com\/leblogmoto\/2007\/09\/29\/sbk-vallelunga\/#primaryimage\"},\"image\":{\"@id\":\"https:\/\/blogs.thesocialmedia.com\/leblogmoto\/2007\/09\/29\/sbk-vallelunga\/#primaryimage\"},\"thumbnailUrl\":\"http:\/\/www.leblogmoto.com\/images\/2007\/09\/29\/rm07_bayliss_clsoe_up2.jpg\",\"datePublished\":\"2007-09-29T19:19:59+00:00\",\"dateModified\":\"2012-07-11T14:46:32+00:00\",\"author\":{\"@id\":\"https:\/\/blogs.thesocialmedia.com\/leblogmoto\/#\/schema\/person\/d20f219f162e8b5de4ea78c909c5be45\"},\"breadcrumb\":{\"@id\":\"https:\/\/blogs.thesocialmedia.com\/leblogmoto\/2007\/09\/29\/sbk-vallelunga\/#breadcrumb\"},\"inLanguage\":\"fr-FR\",\"potentialAction\":[{\"@type\":\"ReadAction\",\"target\":[\"https:\/\/blogs.thesocialmedia.com\/leblogmoto\/2007\/09\/29\/sbk-vallelunga\/\"]}]},{\"@type\":\"ImageObject\",\"inLanguage\":\"fr-FR\",\"@id\":\"https:\/\/blogs.thesocialmedia.com\/leblogmoto\/2007\/09\/29\/sbk-vallelunga\/#primaryimage\",\"url\":\"http:\/\/www.leblogmoto.com\/images\/2007\/09\/29\/rm07_bayliss_clsoe_up2.jpg\",\"contentUrl\":\"http:\/\/www.leblogmoto.com\/images\/2007\/09\/29\/rm07_bayliss_clsoe_up2.jpg\"},{\"@type\":\"BreadcrumbList\",\"@id\":\"https:\/\/blogs.thesocialmedia.com\/leblogmoto\/2007\/09\/29\/sbk-vallelunga\/#breadcrumb\",\"itemListElement\":[{\"@type\":\"ListItem\",\"position\":1,\"name\":\"Accueil\",\"item\":\"https:\/\/blogs.thesocialmedia.com\/leblogmoto\/\"},{\"@type\":\"ListItem\",\"position\":2,\"name\":\"SBK Vallelunga superpole : Bayliss reprend la main\"}]},{\"@type\":\"WebSite\",\"@id\":\"https:\/\/blogs.thesocialmedia.com\/leblogmoto\/#website\",\"url\":\"https:\/\/blogs.thesocialmedia.com\/leblogmoto\/\",\"name\":\"leblogmoto\",\"description\":\"Toute l&#039;actualit\u00e9 des 2 roues\",\"potentialAction\":[{\"@type\":\"SearchAction\",\"target\":{\"@type\":\"EntryPoint\",\"urlTemplate\":\"https:\/\/blogs.thesocialmedia.com\/leblogmoto\/?s={search_term_string}\"},\"query-input\":{\"@type\":\"PropertyValueSpecification\",\"valueRequired\":true,\"valueName\":\"search_term_string\"}}],\"inLanguage\":\"fr-FR\"},{\"@type\":\"Person\",\"@id\":\"https:\/\/blogs.thesocialmedia.com\/leblogmoto\/#\/schema\/person\/d20f219f162e8b5de4ea78c909c5be45\",\"name\":\"thierry marsal\",\"image\":{\"@type\":\"ImageObject\",\"inLanguage\":\"fr-FR\",\"@id\":\"https:\/\/blogs.thesocialmedia.com\/leblogmoto\/#\/schema\/person\/image\/\",\"url\":\"https:\/\/secure.gravatar.com\/avatar\/?s=96&d=mm&r=g\",\"contentUrl\":\"https:\/\/secure.gravatar.com\/avatar\/?s=96&d=mm&r=g\",\"caption\":\"thierry marsal\"},\"url\":\"https:\/\/blogs.thesocialmedia.com\/leblogmoto\/author\/thierry-marsal\/\"}]}<\/script>\n<!-- \/ Yoast SEO plugin. -->","yoast_head_json":{"title":"SBK Vallelunga superpole : Bayliss reprend la main - leblogmoto.com","robots":{"index":"index","follow":"follow","max-snippet":"max-snippet:-1","max-image-preview":"max-image-preview:large","max-video-preview":"max-video-preview:-1"},"canonical":"https:\/\/blogs.thesocialmedia.com\/leblogmoto\/2007\/09\/29\/sbk-vallelunga\/","twitter_card":"summary_large_image","twitter_title":"SBK Vallelunga superpole : Bayliss reprend la main - leblogmoto.com","twitter_description":"C&rsquo;est l&rsquo;australien champion du monde en titre Troy Bayliss qui vient de s&rsquo;adjuger la superpole sur le circuit de Vallelunga en Italie. Devanc\u00e9 hier par son compatriote Troy Corser au guidon d&rsquo;une Yamaha survitamin\u00e9e, il reprend aujourd&rsquo;hui la t\u00eate du peloton et annonce par la m\u00eame occasion qu&rsquo;il faudra compter avec lui demain. Troy Corser [&hellip;]","twitter_image":"http:\/\/www.leblogmoto.com\/images\/2007\/09\/29\/rm07_bayliss_clsoe_up2.jpg","twitter_misc":{"\u00c9crit par":"thierry marsal","Dur\u00e9e de lecture estim\u00e9e":"1 minute"},"schema":{"@context":"https:\/\/schema.org","@graph":[{"@type":"WebPage","@id":"https:\/\/blogs.thesocialmedia.com\/leblogmoto\/2007\/09\/29\/sbk-vallelunga\/","url":"https:\/\/blogs.thesocialmedia.com\/leblogmoto\/2007\/09\/29\/sbk-vallelunga\/","name":"SBK Vallelunga superpole : Bayliss reprend la main - leblogmoto.com","isPartOf":{"@id":"https:\/\/blogs.thesocialmedia.com\/leblogmoto\/#website"},"primaryImageOfPage":{"@id":"https:\/\/blogs.thesocialmedia.com\/leblogmoto\/2007\/09\/29\/sbk-vallelunga\/#primaryimage"},"image":{"@id":"https:\/\/blogs.thesocialmedia.com\/leblogmoto\/2007\/09\/29\/sbk-vallelunga\/#primaryimage"},"thumbnailUrl":"http:\/\/www.leblogmoto.com\/images\/2007\/09\/29\/rm07_bayliss_clsoe_up2.jpg","datePublished":"2007-09-29T19:19:59+00:00","dateModified":"2012-07-11T14:46:32+00:00","author":{"@id":"https:\/\/blogs.thesocialmedia.com\/leblogmoto\/#\/schema\/person\/d20f219f162e8b5de4ea78c909c5be45"},"breadcrumb":{"@id":"https:\/\/blogs.thesocialmedia.com\/leblogmoto\/2007\/09\/29\/sbk-vallelunga\/#breadcrumb"},"inLanguage":"fr-FR","potentialAction":[{"@type":"ReadAction","target":["https:\/\/blogs.thesocialmedia.com\/leblogmoto\/2007\/09\/29\/sbk-vallelunga\/"]}]},{"@type":"ImageObject","inLanguage":"fr-FR","@id":"https:\/\/blogs.thesocialmedia.com\/leblogmoto\/2007\/09\/29\/sbk-vallelunga\/#primaryimage","url":"http:\/\/www.leblogmoto.com\/images\/2007\/09\/29\/rm07_bayliss_clsoe_up2.jpg","contentUrl":"http:\/\/www.leblogmoto.com\/images\/2007\/09\/29\/rm07_bayliss_clsoe_up2.jpg"},{"@type":"BreadcrumbList","@id":"https:\/\/blogs.thesocialmedia.com\/leblogmoto\/2007\/09\/29\/sbk-vallelunga\/#breadcrumb","itemListElement":[{"@type":"ListItem","position":1,"name":"Accueil","item":"https:\/\/blogs.thesocialmedia.com\/leblogmoto\/"},{"@type":"ListItem","position":2,"name":"SBK Vallelunga superpole : Bayliss reprend la main"}]},{"@type":"WebSite","@id":"https:\/\/blogs.thesocialmedia.com\/leblogmoto\/#website","url":"https:\/\/blogs.thesocialmedia.com\/leblogmoto\/","name":"leblogmoto","description":"Toute l&#039;actualit\u00e9 des 2 roues","potentialAction":[{"@type":"SearchAction","target":{"@type":"EntryPoint","urlTemplate":"https:\/\/blogs.thesocialmedia.com\/leblogmoto\/?s={search_term_string}"},"query-input":{"@type":"PropertyValueSpecification","valueRequired":true,"valueName":"search_term_string"}}],"inLanguage":"fr-FR"},{"@type":"Person","@id":"https:\/\/blogs.thesocialmedia.com\/leblogmoto\/#\/schema\/person\/d20f219f162e8b5de4ea78c909c5be45","name":"thierry marsal","image":{"@type":"ImageObject","inLanguage":"fr-FR","@id":"https:\/\/blogs.thesocialmedia.com\/leblogmoto\/#\/schema\/person\/image\/","url":"https:\/\/secure.gravatar.com\/avatar\/?s=96&d=mm&r=g","contentUrl":"https:\/\/secure.gravatar.com\/avatar\/?s=96&d=mm&r=g","caption":"thierry marsal"},"url":"https:\/\/blogs.thesocialmedia.com\/leblogmoto\/author\/thierry-marsal\/"}]}},"_links":{"self":[{"href":"https:\/\/blogs.thesocialmedia.com\/leblogmoto\/wp-json\/wp\/v2\/posts\/1226","targetHints":{"allow":["GET"]}}],"collection":[{"href":"https:\/\/blogs.thesocialmedia.com\/leblogmoto\/wp-json\/wp\/v2\/posts"}],"about":[{"href":"https:\/\/blogs.thesocialmedia.com\/leblogmoto\/wp-json\/wp\/v2\/types\/post"}],"author":[{"embeddable":true,"href":"https:\/\/blogs.thesocialmedia.com\/leblogmoto\/wp-json\/wp\/v2\/users\/330"}],"replies":[{"embeddable":true,"href":"https:\/\/blogs.thesocialmedia.com\/leblogmoto\/wp-json\/wp\/v2\/comments?post=1226"}],"version-history":[{"count":2,"href":"https:\/\/blogs.thesocialmedia.com\/leblogmoto\/wp-json\/wp\/v2\/posts\/1226\/revisions"}],"predecessor-version":[{"id":8770,"href":"https:\/\/blogs.thesocialmedia.com\/leblogmoto\/wp-json\/wp\/v2\/posts\/1226\/revisions\/8770"}],"wp:attachment":[{"href":"https:\/\/blogs.thesocialmedia.com\/leblogmoto\/wp-json\/wp\/v2\/media?parent=1226"}],"wp:term":[{"taxonomy":"category","embeddable":true,"href":"https:\/\/blogs.thesocialmedia.com\/leblogmoto\/wp-json\/wp\/v2\/categories?post=1226"},{"taxonomy":"post_tag","embeddable":true,"href":"https:\/\/blogs.thesocialmedia.com\/leblogmoto\/wp-json\/wp\/v2\/tags?post=1226"}],"curies":[{"name":"wp","href":"https:\/\/api.w.org\/{rel}","templated":true}]}}