{"id":1229,"date":"2007-09-29T13:02:39","date_gmt":"2007-09-29T13:02:39","guid":{"rendered":"http:\/\/blogs.thesocialmedia.com\/leblogmoto\/2007\/09\/29\/moto-gp-rossi-s\/"},"modified":"2012-07-11T14:46:20","modified_gmt":"2012-07-11T14:46:20","slug":"moto-gp-rossi-s","status":"publish","type":"post","link":"https:\/\/blogs.thesocialmedia.com\/leblogmoto\/2007\/09\/29\/moto-gp-rossi-s\/","title":{"rendered":"Moto GP : Rossi sur la Yamaha M1 2008 (Vid\u00e9o)"},"content":{"rendered":"<p><a href=\"http:\/\/blogs.thesocialmedia.com\/leblogmoto\/files\/2012\/07\/rossi_test1.jpg\"><img loading=\"lazy\" decoding=\"async\" width=\"470\" height=\"294\"  src=\"http:\/\/www.leblogmoto.com\/images\/2007\/09\/29\/rossi_test.jpg\" alt=\"Rossi_test\" style=\"margin: 0px 5px 5px 0px;float: left\" \/><\/a> Nous vous en avions d\u00e9j\u00e0 parl\u00e9 dans <a href=\"http:\/\/www.leblogmoto.com\/2007\/09\/moto-gp-les-tes.html\">cette note<\/a>, et ce n&rsquo;est donc plus un secret pour vous de savoir que les futures machines <a href=\"http:\/\/www.leblogmoto.com\/motogp\/index.html\">moto GP<\/a> de la saison 2008 sont d\u00e9j\u00e0 en phase de tests. <\/p>\n<p>Les \u00e9curies <a href=\"http:\/\/www.leblogmoto.com\/2007\/09\/moto-gp-les-tes.html\">Honda<\/a>, <a href=\"http:\/\/www.leblogmoto.com\/2007\/09\/moto-gp-les-tes.html\">Suzuki<\/a> et <a href=\"http:\/\/www.leblogmoto.com\/2007\/09\/moto-gp-les-tes.html\">Yamaha<\/a> sont donc rest\u00e9es au Japon un peu plus longtemps que les autres pour permettre \u00e0 leurs pilotes d&rsquo;essayer les nouveaux missiles et de sonner ainsi le d\u00e9but de &quot;la course \u00e0 l&rsquo;armement&quot; qui durera tout l&rsquo;hiver. Et puis maintenant que la saison est pli\u00e9e&#8230; Autant s&rsquo;en donner \u00e0 c\u0153ur joie \u00e0 <strong>Motegi<\/strong> du c\u00f4t\u00e9 de la marque aux trois diapasons, qui devra mettre le paquet dans la nouvelle monture du <strong>Doctor<\/strong> si elle veut que le champion italien parvienne a rivaliser avec l&rsquo;australien <strong>Casey Stoner<\/strong> en 2008. <\/p>\n<p>Voici donc pour vous un petit condens\u00e9 de la s\u00e9ance d&rsquo;essai de <strong>Valentino Rossi<\/strong> sur sa future M1 officielle. Une vid\u00e9o tourn\u00e9e par le site <a href=\"http:\/\/www.motorcyclenews.com\/default.aspx?id=29132\">MCN<\/a>.<\/p>\n<p> <\/p>\n<div align=\"center\"><object width=\"400\" height=\"300\"><param name=\"movie\" value=\"http:\/\/www.youtube.com\/v\/G7emvjYeLZ0\" \/><param name=\"wmode\" value=\"transparent\" \/><embed width=\"400\" height=\"300\" src=\"http:\/\/www.youtube.com\/v\/G7emvjYeLZ0\" type=\"application\/x-shockwave-flash\"><\/embed><\/object><\/div>\n","protected":false},"excerpt":{"rendered":"<p>Nous vous en avions d\u00e9j\u00e0 parl\u00e9 dans cette note, et ce n&rsquo;est donc plus un secret pour vous de savoir que les futures machines moto GP de la saison 2008 sont d\u00e9j\u00e0 en phase de tests. Les \u00e9curies Honda, Suzuki et Yamaha sont donc rest\u00e9es au Japon un peu plus longtemps que les autres pour [&hellip;]<\/p>\n","protected":false},"author":330,"featured_media":0,"comment_status":"open","ping_status":"open","sticky":false,"template":"","format":"standard","meta":{"footnotes":""},"categories":[3,22,12,44],"tags":[],"class_list":["post-1229","post","type-post","status-publish","format-standard","hentry","category-actualite","category-motogp","category-videos","category-yamaha"],"yoast_head":"<!-- This site is optimized with the Yoast SEO plugin v26.0 - https:\/\/yoast.com\/wordpress\/plugins\/seo\/ -->\n<title>Moto GP : Rossi sur la Yamaha M1 2008 (Vid\u00e9o) - leblogmoto.com<\/title>\n<meta name=\"robots\" content=\"index, follow, max-snippet:-1, max-image-preview:large, max-video-preview:-1\" \/>\n<link rel=\"canonical\" href=\"https:\/\/blogs.thesocialmedia.com\/leblogmoto\/2007\/09\/29\/moto-gp-rossi-s\/\" \/>\n<meta name=\"twitter:card\" content=\"summary_large_image\" \/>\n<meta name=\"twitter:title\" content=\"Moto GP : Rossi sur la Yamaha M1 2008 (Vid\u00e9o) - leblogmoto.com\" \/>\n<meta name=\"twitter:description\" content=\"Nous vous en avions d\u00e9j\u00e0 parl\u00e9 dans cette note, et ce n&rsquo;est donc plus un secret pour vous de savoir que les futures machines moto GP de la saison 2008 sont d\u00e9j\u00e0 en phase de tests. Les \u00e9curies Honda, Suzuki et Yamaha sont donc rest\u00e9es au Japon un peu plus longtemps que les autres pour [&hellip;]\" \/>\n<meta name=\"twitter:image\" content=\"http:\/\/www.leblogmoto.com\/images\/2007\/09\/29\/rossi_test.jpg\" \/>\n<meta name=\"twitter:label1\" content=\"\u00c9crit par\" \/>\n\t<meta name=\"twitter:data1\" content=\"thierry marsal\" \/>\n\t<meta name=\"twitter:label2\" content=\"Dur\u00e9e de lecture estim\u00e9e\" \/>\n\t<meta name=\"twitter:data2\" content=\"1 minute\" \/>\n<script type=\"application\/ld+json\" class=\"yoast-schema-graph\">{\"@context\":\"https:\/\/schema.org\",\"@graph\":[{\"@type\":\"WebPage\",\"@id\":\"https:\/\/blogs.thesocialmedia.com\/leblogmoto\/2007\/09\/29\/moto-gp-rossi-s\/\",\"url\":\"https:\/\/blogs.thesocialmedia.com\/leblogmoto\/2007\/09\/29\/moto-gp-rossi-s\/\",\"name\":\"Moto GP : Rossi sur la Yamaha M1 2008 (Vid\u00e9o) - leblogmoto.com\",\"isPartOf\":{\"@id\":\"https:\/\/blogs.thesocialmedia.com\/leblogmoto\/#website\"},\"primaryImageOfPage\":{\"@id\":\"https:\/\/blogs.thesocialmedia.com\/leblogmoto\/2007\/09\/29\/moto-gp-rossi-s\/#primaryimage\"},\"image\":{\"@id\":\"https:\/\/blogs.thesocialmedia.com\/leblogmoto\/2007\/09\/29\/moto-gp-rossi-s\/#primaryimage\"},\"thumbnailUrl\":\"http:\/\/www.leblogmoto.com\/images\/2007\/09\/29\/rossi_test.jpg\",\"datePublished\":\"2007-09-29T13:02:39+00:00\",\"dateModified\":\"2012-07-11T14:46:20+00:00\",\"author\":{\"@id\":\"https:\/\/blogs.thesocialmedia.com\/leblogmoto\/#\/schema\/person\/d20f219f162e8b5de4ea78c909c5be45\"},\"breadcrumb\":{\"@id\":\"https:\/\/blogs.thesocialmedia.com\/leblogmoto\/2007\/09\/29\/moto-gp-rossi-s\/#breadcrumb\"},\"inLanguage\":\"fr-FR\",\"potentialAction\":[{\"@type\":\"ReadAction\",\"target\":[\"https:\/\/blogs.thesocialmedia.com\/leblogmoto\/2007\/09\/29\/moto-gp-rossi-s\/\"]}]},{\"@type\":\"ImageObject\",\"inLanguage\":\"fr-FR\",\"@id\":\"https:\/\/blogs.thesocialmedia.com\/leblogmoto\/2007\/09\/29\/moto-gp-rossi-s\/#primaryimage\",\"url\":\"http:\/\/www.leblogmoto.com\/images\/2007\/09\/29\/rossi_test.jpg\",\"contentUrl\":\"http:\/\/www.leblogmoto.com\/images\/2007\/09\/29\/rossi_test.jpg\"},{\"@type\":\"BreadcrumbList\",\"@id\":\"https:\/\/blogs.thesocialmedia.com\/leblogmoto\/2007\/09\/29\/moto-gp-rossi-s\/#breadcrumb\",\"itemListElement\":[{\"@type\":\"ListItem\",\"position\":1,\"name\":\"Accueil\",\"item\":\"https:\/\/blogs.thesocialmedia.com\/leblogmoto\/\"},{\"@type\":\"ListItem\",\"position\":2,\"name\":\"Moto GP : Rossi sur la Yamaha M1 2008 (Vid\u00e9o)\"}]},{\"@type\":\"WebSite\",\"@id\":\"https:\/\/blogs.thesocialmedia.com\/leblogmoto\/#website\",\"url\":\"https:\/\/blogs.thesocialmedia.com\/leblogmoto\/\",\"name\":\"leblogmoto\",\"description\":\"Toute l&#039;actualit\u00e9 des 2 roues\",\"potentialAction\":[{\"@type\":\"SearchAction\",\"target\":{\"@type\":\"EntryPoint\",\"urlTemplate\":\"https:\/\/blogs.thesocialmedia.com\/leblogmoto\/?s={search_term_string}\"},\"query-input\":{\"@type\":\"PropertyValueSpecification\",\"valueRequired\":true,\"valueName\":\"search_term_string\"}}],\"inLanguage\":\"fr-FR\"},{\"@type\":\"Person\",\"@id\":\"https:\/\/blogs.thesocialmedia.com\/leblogmoto\/#\/schema\/person\/d20f219f162e8b5de4ea78c909c5be45\",\"name\":\"thierry marsal\",\"image\":{\"@type\":\"ImageObject\",\"inLanguage\":\"fr-FR\",\"@id\":\"https:\/\/blogs.thesocialmedia.com\/leblogmoto\/#\/schema\/person\/image\/\",\"url\":\"https:\/\/secure.gravatar.com\/avatar\/?s=96&d=mm&r=g\",\"contentUrl\":\"https:\/\/secure.gravatar.com\/avatar\/?s=96&d=mm&r=g\",\"caption\":\"thierry marsal\"},\"url\":\"https:\/\/blogs.thesocialmedia.com\/leblogmoto\/author\/thierry-marsal\/\"}]}<\/script>\n<!-- \/ Yoast SEO plugin. -->","yoast_head_json":{"title":"Moto GP : Rossi sur la Yamaha M1 2008 (Vid\u00e9o) - leblogmoto.com","robots":{"index":"index","follow":"follow","max-snippet":"max-snippet:-1","max-image-preview":"max-image-preview:large","max-video-preview":"max-video-preview:-1"},"canonical":"https:\/\/blogs.thesocialmedia.com\/leblogmoto\/2007\/09\/29\/moto-gp-rossi-s\/","twitter_card":"summary_large_image","twitter_title":"Moto GP : Rossi sur la Yamaha M1 2008 (Vid\u00e9o) - leblogmoto.com","twitter_description":"Nous vous en avions d\u00e9j\u00e0 parl\u00e9 dans cette note, et ce n&rsquo;est donc plus un secret pour vous de savoir que les futures machines moto GP de la saison 2008 sont d\u00e9j\u00e0 en phase de tests. Les \u00e9curies Honda, Suzuki et Yamaha sont donc rest\u00e9es au Japon un peu plus longtemps que les autres pour [&hellip;]","twitter_image":"http:\/\/www.leblogmoto.com\/images\/2007\/09\/29\/rossi_test.jpg","twitter_misc":{"\u00c9crit par":"thierry marsal","Dur\u00e9e de lecture estim\u00e9e":"1 minute"},"schema":{"@context":"https:\/\/schema.org","@graph":[{"@type":"WebPage","@id":"https:\/\/blogs.thesocialmedia.com\/leblogmoto\/2007\/09\/29\/moto-gp-rossi-s\/","url":"https:\/\/blogs.thesocialmedia.com\/leblogmoto\/2007\/09\/29\/moto-gp-rossi-s\/","name":"Moto GP : Rossi sur la Yamaha M1 2008 (Vid\u00e9o) - leblogmoto.com","isPartOf":{"@id":"https:\/\/blogs.thesocialmedia.com\/leblogmoto\/#website"},"primaryImageOfPage":{"@id":"https:\/\/blogs.thesocialmedia.com\/leblogmoto\/2007\/09\/29\/moto-gp-rossi-s\/#primaryimage"},"image":{"@id":"https:\/\/blogs.thesocialmedia.com\/leblogmoto\/2007\/09\/29\/moto-gp-rossi-s\/#primaryimage"},"thumbnailUrl":"http:\/\/www.leblogmoto.com\/images\/2007\/09\/29\/rossi_test.jpg","datePublished":"2007-09-29T13:02:39+00:00","dateModified":"2012-07-11T14:46:20+00:00","author":{"@id":"https:\/\/blogs.thesocialmedia.com\/leblogmoto\/#\/schema\/person\/d20f219f162e8b5de4ea78c909c5be45"},"breadcrumb":{"@id":"https:\/\/blogs.thesocialmedia.com\/leblogmoto\/2007\/09\/29\/moto-gp-rossi-s\/#breadcrumb"},"inLanguage":"fr-FR","potentialAction":[{"@type":"ReadAction","target":["https:\/\/blogs.thesocialmedia.com\/leblogmoto\/2007\/09\/29\/moto-gp-rossi-s\/"]}]},{"@type":"ImageObject","inLanguage":"fr-FR","@id":"https:\/\/blogs.thesocialmedia.com\/leblogmoto\/2007\/09\/29\/moto-gp-rossi-s\/#primaryimage","url":"http:\/\/www.leblogmoto.com\/images\/2007\/09\/29\/rossi_test.jpg","contentUrl":"http:\/\/www.leblogmoto.com\/images\/2007\/09\/29\/rossi_test.jpg"},{"@type":"BreadcrumbList","@id":"https:\/\/blogs.thesocialmedia.com\/leblogmoto\/2007\/09\/29\/moto-gp-rossi-s\/#breadcrumb","itemListElement":[{"@type":"ListItem","position":1,"name":"Accueil","item":"https:\/\/blogs.thesocialmedia.com\/leblogmoto\/"},{"@type":"ListItem","position":2,"name":"Moto GP : Rossi sur la Yamaha M1 2008 (Vid\u00e9o)"}]},{"@type":"WebSite","@id":"https:\/\/blogs.thesocialmedia.com\/leblogmoto\/#website","url":"https:\/\/blogs.thesocialmedia.com\/leblogmoto\/","name":"leblogmoto","description":"Toute l&#039;actualit\u00e9 des 2 roues","potentialAction":[{"@type":"SearchAction","target":{"@type":"EntryPoint","urlTemplate":"https:\/\/blogs.thesocialmedia.com\/leblogmoto\/?s={search_term_string}"},"query-input":{"@type":"PropertyValueSpecification","valueRequired":true,"valueName":"search_term_string"}}],"inLanguage":"fr-FR"},{"@type":"Person","@id":"https:\/\/blogs.thesocialmedia.com\/leblogmoto\/#\/schema\/person\/d20f219f162e8b5de4ea78c909c5be45","name":"thierry marsal","image":{"@type":"ImageObject","inLanguage":"fr-FR","@id":"https:\/\/blogs.thesocialmedia.com\/leblogmoto\/#\/schema\/person\/image\/","url":"https:\/\/secure.gravatar.com\/avatar\/?s=96&d=mm&r=g","contentUrl":"https:\/\/secure.gravatar.com\/avatar\/?s=96&d=mm&r=g","caption":"thierry marsal"},"url":"https:\/\/blogs.thesocialmedia.com\/leblogmoto\/author\/thierry-marsal\/"}]}},"_links":{"self":[{"href":"https:\/\/blogs.thesocialmedia.com\/leblogmoto\/wp-json\/wp\/v2\/posts\/1229","targetHints":{"allow":["GET"]}}],"collection":[{"href":"https:\/\/blogs.thesocialmedia.com\/leblogmoto\/wp-json\/wp\/v2\/posts"}],"about":[{"href":"https:\/\/blogs.thesocialmedia.com\/leblogmoto\/wp-json\/wp\/v2\/types\/post"}],"author":[{"embeddable":true,"href":"https:\/\/blogs.thesocialmedia.com\/leblogmoto\/wp-json\/wp\/v2\/users\/330"}],"replies":[{"embeddable":true,"href":"https:\/\/blogs.thesocialmedia.com\/leblogmoto\/wp-json\/wp\/v2\/comments?post=1229"}],"version-history":[{"count":2,"href":"https:\/\/blogs.thesocialmedia.com\/leblogmoto\/wp-json\/wp\/v2\/posts\/1229\/revisions"}],"predecessor-version":[{"id":8761,"href":"https:\/\/blogs.thesocialmedia.com\/leblogmoto\/wp-json\/wp\/v2\/posts\/1229\/revisions\/8761"}],"wp:attachment":[{"href":"https:\/\/blogs.thesocialmedia.com\/leblogmoto\/wp-json\/wp\/v2\/media?parent=1229"}],"wp:term":[{"taxonomy":"category","embeddable":true,"href":"https:\/\/blogs.thesocialmedia.com\/leblogmoto\/wp-json\/wp\/v2\/categories?post=1229"},{"taxonomy":"post_tag","embeddable":true,"href":"https:\/\/blogs.thesocialmedia.com\/leblogmoto\/wp-json\/wp\/v2\/tags?post=1229"}],"curies":[{"name":"wp","href":"https:\/\/api.w.org\/{rel}","templated":true}]}}