{"id":123,"date":"2009-05-26T00:19:00","date_gmt":"2009-05-26T00:19:00","guid":{"rendered":"http:\/\/blogs.thesocialmedia.com\/leblogmoto\/2009\/05\/26\/ktm-rc8-supercharged-pro-street-bike\/"},"modified":"2012-07-11T17:29:34","modified_gmt":"2012-07-11T17:29:34","slug":"ktm-rc8-supercharged-pro-street-bike","status":"publish","type":"post","link":"https:\/\/blogs.thesocialmedia.com\/leblogmoto\/2009\/05\/26\/ktm-rc8-supercharged-pro-street-bike\/","title":{"rendered":"Dragster: KTM RC8 \u00e0 compresseur"},"content":{"rendered":"<p><a href=\"http:\/\/blogs.thesocialmedia.com\/leblogmoto\/files\/2012\/07\/6a00d83451b18369e2011570a4c00e970b-pi.jpg\"><img decoding=\"async\" alt=\"Supercharged KTM RC8\" class=\"at-xid-6a00d83451b18369e2011570a4c00e970b selected \" src=\"http:\/\/blogs.thesocialmedia.com\/leblogmoto\/files\/2012\/07\/6a00d83451b18369e2011570a4c00e970b-500wi.jpg\" style=\"width: 469px;height: 354px\" \/><\/a> <\/p>\n<p>Le team finlandais <a href=\"http:\/\/www.lanttoracing.com\" target=\"_blank\">Lantto Racing<\/a> a d\u00e9cid\u00e9 de remplacer sa victorieuse <a href=\"http:\/\/www.leblogmoto.com\/2008\/05\/essai-ktm-super.html\" target=\"_blank\">KTM Super Duke 990<\/a> par une <a href=\"http:\/\/www.leblogmoto.com\/2007\/11\/session-de-ratt.html\" target=\"_blank\">KTM RC8<\/a> \u00e9quip\u00e9e d&#039;un compresseur Rotrex pour participer cette ann\u00e9e \u00e0 son championnat national de dragster&#8230; <\/p>\n<\/p>\n<p>Pour pouvoir \u00eatre homologu\u00e9e par la f\u00e9d\u00e9ration finlandaise de dragster, cette RC8 re\u00e7oit un bras oscillant plus long et un syst\u00e8me d&#039;amortissement arri\u00e8re rabaiss\u00e9.<\/p>\n<p><a href=\"http:\/\/clabedan.typepad.com\/.a\/6a00d83451b18369e2011570a6ac45970b-pi\"><img decoding=\"async\" alt=\"Lannto\" class=\"at-xid-6a00d83451b18369e2011570a6ac45970b \" src=\"http:\/\/blogs.thesocialmedia.com\/leblogmoto\/files\/2012\/07\/6a00d83451b18369e2011570a6ac45970b-500wi.jpg\" \/><\/a> <\/p>\n<p> Le moteur re\u00e7oit une suralimentation, le compresseur <a href=\"http:\/\/www.supercharger-experience.com\" target=\"_blank\">Rotrex<\/a>, et une nouvelle cartographie d&#039;allumage. <\/p>\n<p><a href=\"http:\/\/clabedan.typepad.com\/.a\/6a00d83451b18369e201156faf6a84970c-pi\"><img decoding=\"async\" alt=\"Supercharged KTM RC8 4\" class=\"at-xid-6a00d83451b18369e201156faf6a84970c \" src=\"http:\/\/blogs.thesocialmedia.com\/leblogmoto\/files\/2012\/07\/6a00d83451b18369e201156faf6a84970c-500wi.jpg\" \/><\/a><\/p>\n<p>Avec ses modifications, le poids de la RC8 reste aux environs de 190kg, \u00e0 peu de choses pr\u00e8s le poids de la version d&#039;origine.<\/p>\n<\/p>\n<p><a href=\"http:\/\/blogs.thesocialmedia.com\/leblogmoto\/files\/2012\/07\/6a00d83451b18369e2011570a4c73d970b-pi.jpg\"><img decoding=\"async\" alt=\"Supercharged KTM RC8 7\" class=\"at-xid-6a00d83451b18369e2011570a4c73d970b \" src=\"http:\/\/blogs.thesocialmedia.com\/leblogmoto\/files\/2012\/07\/6a00d83451b18369e2011570a4c73d970b-500wi.jpg\" \/><\/a> <\/p>\n<p>La puissance mesur\u00e9e est d&#039;un peu plus de 250 cv \u00e0 la roue arri\u00e8re pour un couple de 220Nm. Le <a href=\"http:\/\/blogs.thesocialmedia.com\/leblogmoto\/files\/2012\/07\/la-vido-du-jour.html_2.png\" target=\"_blank\">compresseur<\/a> permet de presque doubler les valeurs de puissance et de couple puisque d&#039;origine la RC8 d\u00e9veloppe 142 cv pour un couple de 120 Nm. <\/p>\n<p><a href=\"http:\/\/clabedan.typepad.com\/.a\/6a00d83451b18369e2011570a4c814970b-pi\"><img decoding=\"async\" alt=\"Supercharged KTM RC8 3\" class=\"at-xid-6a00d83451b18369e2011570a4c814970b \" src=\"http:\/\/blogs.thesocialmedia.com\/leblogmoto\/files\/2012\/07\/6a00d83451b18369e2011570a4c814970b-500wi.jpg\" \/><\/a> <\/p>\n<p>Le meilleur temps r\u00e9alis\u00e9 pour le moment pour un 400 m d\u00e9part arr\u00eat\u00e9 est de 9,815s pour une vitesse de 230 km\/h. A noter qu&#039;il ne faisait que 5\u00b0C pendant l&#039;essai.<\/p>\n<p><a href=\"http:\/\/blogs.thesocialmedia.com\/leblogmoto\/files\/2012\/07\/6a00d83451b18369e201156faf7070970c-pi.jpg\"><img decoding=\"async\" alt=\"Supercharged KTM RC8 6\" class=\"at-xid-6a00d83451b18369e201156faf7070970c \" src=\"http:\/\/blogs.thesocialmedia.com\/leblogmoto\/files\/2012\/07\/6a00d83451b18369e201156faf7070970c-500wi.jpg\" \/><\/a> <\/p>\n<p> Le Team Lantto vise un temps de moins de 9 secondes et pense y parvenir au fil des essais r\u00e9alis\u00e9s en augmentant la pression du compresseur jusqu&#039;\u00e0 obtenir une puissance de 300 cv.<\/p>\n<p><object height=\"364\" width=\"490\"><param name=\"movie\" value=\"http:\/\/www.youtube.com\/v\/lCPjZnFfOaU&amp;hl=fr&amp;fs=1\" \/><param name=\"allowFullScreen\" value=\"true\" \/><param name=\"allowscriptaccess\" value=\"always\" \/><embed height=\"364\" src=\"http:\/\/www.youtube.com\/v\/lCPjZnFfOaU&amp;hl=fr&amp;fs=1\" type=\"application\/x-shockwave-flash\" width=\"490\" \/><\/object><\/p>\n<p> <object height=\"364\" width=\"490\"><param name=\"movie\" value=\"http:\/\/www.youtube.com\/v\/OoyKyH-tlKk&amp;hl=en&amp;fs=1\" \/><param name=\"allowFullScreen\" value=\"true\" \/><param name=\"allowscriptaccess\" value=\"always\" \/><embed height=\"364\" src=\"http:\/\/www.youtube.com\/v\/OoyKyH-tlKk&amp;hl=en&amp;fs=1\" type=\"application\/x-shockwave-flash\" width=\"490\" \/><\/object><\/p>\n<p>Plus d&#039;infos et de photos sur le site <a href=\"http:\/\/www.lanttoracing.com\" target=\"_blank\">Lantto Racing<\/a><\/p><\/p>\n","protected":false},"excerpt":{"rendered":"<p>Le team finlandais Lantto Racing a d\u00e9cid\u00e9 de remplacer sa victorieuse KTM Super Duke 990 par une KTM RC8 \u00e9quip\u00e9e d&#039;un compresseur Rotrex pour participer cette ann\u00e9e \u00e0 son championnat national de dragster&#8230; Pour pouvoir \u00eatre homologu\u00e9e par la f\u00e9d\u00e9ration finlandaise de dragster, cette RC8 re\u00e7oit un bras oscillant plus long et un syst\u00e8me d&#039;amortissement [&hellip;]<\/p>\n","protected":false},"author":323,"featured_media":13696,"comment_status":"open","ping_status":"open","sticky":false,"template":"","format":"standard","meta":{"footnotes":""},"categories":[39,32,12],"tags":[],"class_list":["post-123","post","type-post","status-publish","format-standard","has-post-thumbnail","hentry","category-ktm","category-sport-moto","category-videos"],"yoast_head":"<!-- This site is optimized with the Yoast SEO plugin v26.0 - https:\/\/yoast.com\/wordpress\/plugins\/seo\/ -->\n<title>Dragster: KTM RC8 \u00e0 compresseur - leblogmoto.com<\/title>\n<meta name=\"robots\" content=\"index, follow, max-snippet:-1, max-image-preview:large, max-video-preview:-1\" \/>\n<link rel=\"canonical\" href=\"https:\/\/blogs.thesocialmedia.com\/leblogmoto\/2009\/05\/26\/ktm-rc8-supercharged-pro-street-bike\/\" \/>\n<meta name=\"twitter:card\" content=\"summary_large_image\" \/>\n<meta name=\"twitter:title\" content=\"Dragster: KTM RC8 \u00e0 compresseur - leblogmoto.com\" \/>\n<meta name=\"twitter:description\" content=\"Le team finlandais Lantto Racing a d\u00e9cid\u00e9 de remplacer sa victorieuse KTM Super Duke 990 par une KTM RC8 \u00e9quip\u00e9e d&#039;un compresseur Rotrex pour participer cette ann\u00e9e \u00e0 son championnat national de dragster&#8230; Pour pouvoir \u00eatre homologu\u00e9e par la f\u00e9d\u00e9ration finlandaise de dragster, cette RC8 re\u00e7oit un bras oscillant plus long et un syst\u00e8me d&#039;amortissement [&hellip;]\" \/>\n<meta name=\"twitter:image\" content=\"https:\/\/blogs.thesocialmedia.com\/leblogmoto\/files\/2012\/07\/6a00d83451b18369e2011570a4c00e970b-500wi.jpg\" \/>\n<meta name=\"twitter:label1\" content=\"\u00c9crit par\" \/>\n\t<meta name=\"twitter:data1\" content=\"albin le guyader\" \/>\n\t<meta name=\"twitter:label2\" content=\"Dur\u00e9e de lecture estim\u00e9e\" \/>\n\t<meta name=\"twitter:data2\" content=\"1 minute\" \/>\n<script type=\"application\/ld+json\" class=\"yoast-schema-graph\">{\"@context\":\"https:\/\/schema.org\",\"@graph\":[{\"@type\":\"WebPage\",\"@id\":\"https:\/\/blogs.thesocialmedia.com\/leblogmoto\/2009\/05\/26\/ktm-rc8-supercharged-pro-street-bike\/\",\"url\":\"https:\/\/blogs.thesocialmedia.com\/leblogmoto\/2009\/05\/26\/ktm-rc8-supercharged-pro-street-bike\/\",\"name\":\"Dragster: KTM RC8 \u00e0 compresseur - leblogmoto.com\",\"isPartOf\":{\"@id\":\"https:\/\/blogs.thesocialmedia.com\/leblogmoto\/#website\"},\"primaryImageOfPage\":{\"@id\":\"https:\/\/blogs.thesocialmedia.com\/leblogmoto\/2009\/05\/26\/ktm-rc8-supercharged-pro-street-bike\/#primaryimage\"},\"image\":{\"@id\":\"https:\/\/blogs.thesocialmedia.com\/leblogmoto\/2009\/05\/26\/ktm-rc8-supercharged-pro-street-bike\/#primaryimage\"},\"thumbnailUrl\":\"https:\/\/blogs.thesocialmedia.com\/leblogmoto\/files\/2012\/07\/6a00d83451b18369e2011570a4c00e970b-500wi.jpg\",\"datePublished\":\"2009-05-26T00:19:00+00:00\",\"dateModified\":\"2012-07-11T17:29:34+00:00\",\"author\":{\"@id\":\"https:\/\/blogs.thesocialmedia.com\/leblogmoto\/#\/schema\/person\/b496d27c898c29a39678e2425cafb9ae\"},\"breadcrumb\":{\"@id\":\"https:\/\/blogs.thesocialmedia.com\/leblogmoto\/2009\/05\/26\/ktm-rc8-supercharged-pro-street-bike\/#breadcrumb\"},\"inLanguage\":\"fr-FR\",\"potentialAction\":[{\"@type\":\"ReadAction\",\"target\":[\"https:\/\/blogs.thesocialmedia.com\/leblogmoto\/2009\/05\/26\/ktm-rc8-supercharged-pro-street-bike\/\"]}]},{\"@type\":\"ImageObject\",\"inLanguage\":\"fr-FR\",\"@id\":\"https:\/\/blogs.thesocialmedia.com\/leblogmoto\/2009\/05\/26\/ktm-rc8-supercharged-pro-street-bike\/#primaryimage\",\"url\":\"https:\/\/blogs.thesocialmedia.com\/leblogmoto\/files\/2012\/07\/6a00d83451b18369e2011570a4c00e970b-500wi.jpg\",\"contentUrl\":\"https:\/\/blogs.thesocialmedia.com\/leblogmoto\/files\/2012\/07\/6a00d83451b18369e2011570a4c00e970b-500wi.jpg\",\"width\":\"500\",\"height\":\"375\"},{\"@type\":\"BreadcrumbList\",\"@id\":\"https:\/\/blogs.thesocialmedia.com\/leblogmoto\/2009\/05\/26\/ktm-rc8-supercharged-pro-street-bike\/#breadcrumb\",\"itemListElement\":[{\"@type\":\"ListItem\",\"position\":1,\"name\":\"Accueil\",\"item\":\"https:\/\/blogs.thesocialmedia.com\/leblogmoto\/\"},{\"@type\":\"ListItem\",\"position\":2,\"name\":\"Dragster: KTM RC8 \u00e0 compresseur\"}]},{\"@type\":\"WebSite\",\"@id\":\"https:\/\/blogs.thesocialmedia.com\/leblogmoto\/#website\",\"url\":\"https:\/\/blogs.thesocialmedia.com\/leblogmoto\/\",\"name\":\"leblogmoto\",\"description\":\"Toute l&#039;actualit\u00e9 des 2 roues\",\"potentialAction\":[{\"@type\":\"SearchAction\",\"target\":{\"@type\":\"EntryPoint\",\"urlTemplate\":\"https:\/\/blogs.thesocialmedia.com\/leblogmoto\/?s={search_term_string}\"},\"query-input\":{\"@type\":\"PropertyValueSpecification\",\"valueRequired\":true,\"valueName\":\"search_term_string\"}}],\"inLanguage\":\"fr-FR\"},{\"@type\":\"Person\",\"@id\":\"https:\/\/blogs.thesocialmedia.com\/leblogmoto\/#\/schema\/person\/b496d27c898c29a39678e2425cafb9ae\",\"name\":\"albin le guyader\",\"image\":{\"@type\":\"ImageObject\",\"inLanguage\":\"fr-FR\",\"@id\":\"https:\/\/blogs.thesocialmedia.com\/leblogmoto\/#\/schema\/person\/image\/\",\"url\":\"https:\/\/secure.gravatar.com\/avatar\/?s=96&d=mm&r=g\",\"contentUrl\":\"https:\/\/secure.gravatar.com\/avatar\/?s=96&d=mm&r=g\",\"caption\":\"albin le guyader\"},\"url\":\"https:\/\/blogs.thesocialmedia.com\/leblogmoto\/author\/albin-le-guyader\/\"}]}<\/script>\n<!-- \/ Yoast SEO plugin. -->","yoast_head_json":{"title":"Dragster: KTM RC8 \u00e0 compresseur - leblogmoto.com","robots":{"index":"index","follow":"follow","max-snippet":"max-snippet:-1","max-image-preview":"max-image-preview:large","max-video-preview":"max-video-preview:-1"},"canonical":"https:\/\/blogs.thesocialmedia.com\/leblogmoto\/2009\/05\/26\/ktm-rc8-supercharged-pro-street-bike\/","twitter_card":"summary_large_image","twitter_title":"Dragster: KTM RC8 \u00e0 compresseur - leblogmoto.com","twitter_description":"Le team finlandais Lantto Racing a d\u00e9cid\u00e9 de remplacer sa victorieuse KTM Super Duke 990 par une KTM RC8 \u00e9quip\u00e9e d&#039;un compresseur Rotrex pour participer cette ann\u00e9e \u00e0 son championnat national de dragster&#8230; Pour pouvoir \u00eatre homologu\u00e9e par la f\u00e9d\u00e9ration finlandaise de dragster, cette RC8 re\u00e7oit un bras oscillant plus long et un syst\u00e8me d&#039;amortissement [&hellip;]","twitter_image":"https:\/\/blogs.thesocialmedia.com\/leblogmoto\/files\/2012\/07\/6a00d83451b18369e2011570a4c00e970b-500wi.jpg","twitter_misc":{"\u00c9crit par":"albin le guyader","Dur\u00e9e de lecture estim\u00e9e":"1 minute"},"schema":{"@context":"https:\/\/schema.org","@graph":[{"@type":"WebPage","@id":"https:\/\/blogs.thesocialmedia.com\/leblogmoto\/2009\/05\/26\/ktm-rc8-supercharged-pro-street-bike\/","url":"https:\/\/blogs.thesocialmedia.com\/leblogmoto\/2009\/05\/26\/ktm-rc8-supercharged-pro-street-bike\/","name":"Dragster: KTM RC8 \u00e0 compresseur - leblogmoto.com","isPartOf":{"@id":"https:\/\/blogs.thesocialmedia.com\/leblogmoto\/#website"},"primaryImageOfPage":{"@id":"https:\/\/blogs.thesocialmedia.com\/leblogmoto\/2009\/05\/26\/ktm-rc8-supercharged-pro-street-bike\/#primaryimage"},"image":{"@id":"https:\/\/blogs.thesocialmedia.com\/leblogmoto\/2009\/05\/26\/ktm-rc8-supercharged-pro-street-bike\/#primaryimage"},"thumbnailUrl":"https:\/\/blogs.thesocialmedia.com\/leblogmoto\/files\/2012\/07\/6a00d83451b18369e2011570a4c00e970b-500wi.jpg","datePublished":"2009-05-26T00:19:00+00:00","dateModified":"2012-07-11T17:29:34+00:00","author":{"@id":"https:\/\/blogs.thesocialmedia.com\/leblogmoto\/#\/schema\/person\/b496d27c898c29a39678e2425cafb9ae"},"breadcrumb":{"@id":"https:\/\/blogs.thesocialmedia.com\/leblogmoto\/2009\/05\/26\/ktm-rc8-supercharged-pro-street-bike\/#breadcrumb"},"inLanguage":"fr-FR","potentialAction":[{"@type":"ReadAction","target":["https:\/\/blogs.thesocialmedia.com\/leblogmoto\/2009\/05\/26\/ktm-rc8-supercharged-pro-street-bike\/"]}]},{"@type":"ImageObject","inLanguage":"fr-FR","@id":"https:\/\/blogs.thesocialmedia.com\/leblogmoto\/2009\/05\/26\/ktm-rc8-supercharged-pro-street-bike\/#primaryimage","url":"https:\/\/blogs.thesocialmedia.com\/leblogmoto\/files\/2012\/07\/6a00d83451b18369e2011570a4c00e970b-500wi.jpg","contentUrl":"https:\/\/blogs.thesocialmedia.com\/leblogmoto\/files\/2012\/07\/6a00d83451b18369e2011570a4c00e970b-500wi.jpg","width":"500","height":"375"},{"@type":"BreadcrumbList","@id":"https:\/\/blogs.thesocialmedia.com\/leblogmoto\/2009\/05\/26\/ktm-rc8-supercharged-pro-street-bike\/#breadcrumb","itemListElement":[{"@type":"ListItem","position":1,"name":"Accueil","item":"https:\/\/blogs.thesocialmedia.com\/leblogmoto\/"},{"@type":"ListItem","position":2,"name":"Dragster: KTM RC8 \u00e0 compresseur"}]},{"@type":"WebSite","@id":"https:\/\/blogs.thesocialmedia.com\/leblogmoto\/#website","url":"https:\/\/blogs.thesocialmedia.com\/leblogmoto\/","name":"leblogmoto","description":"Toute l&#039;actualit\u00e9 des 2 roues","potentialAction":[{"@type":"SearchAction","target":{"@type":"EntryPoint","urlTemplate":"https:\/\/blogs.thesocialmedia.com\/leblogmoto\/?s={search_term_string}"},"query-input":{"@type":"PropertyValueSpecification","valueRequired":true,"valueName":"search_term_string"}}],"inLanguage":"fr-FR"},{"@type":"Person","@id":"https:\/\/blogs.thesocialmedia.com\/leblogmoto\/#\/schema\/person\/b496d27c898c29a39678e2425cafb9ae","name":"albin le guyader","image":{"@type":"ImageObject","inLanguage":"fr-FR","@id":"https:\/\/blogs.thesocialmedia.com\/leblogmoto\/#\/schema\/person\/image\/","url":"https:\/\/secure.gravatar.com\/avatar\/?s=96&d=mm&r=g","contentUrl":"https:\/\/secure.gravatar.com\/avatar\/?s=96&d=mm&r=g","caption":"albin le guyader"},"url":"https:\/\/blogs.thesocialmedia.com\/leblogmoto\/author\/albin-le-guyader\/"}]}},"_links":{"self":[{"href":"https:\/\/blogs.thesocialmedia.com\/leblogmoto\/wp-json\/wp\/v2\/posts\/123","targetHints":{"allow":["GET"]}}],"collection":[{"href":"https:\/\/blogs.thesocialmedia.com\/leblogmoto\/wp-json\/wp\/v2\/posts"}],"about":[{"href":"https:\/\/blogs.thesocialmedia.com\/leblogmoto\/wp-json\/wp\/v2\/types\/post"}],"author":[{"embeddable":true,"href":"https:\/\/blogs.thesocialmedia.com\/leblogmoto\/wp-json\/wp\/v2\/users\/323"}],"replies":[{"embeddable":true,"href":"https:\/\/blogs.thesocialmedia.com\/leblogmoto\/wp-json\/wp\/v2\/comments?post=123"}],"version-history":[{"count":2,"href":"https:\/\/blogs.thesocialmedia.com\/leblogmoto\/wp-json\/wp\/v2\/posts\/123\/revisions"}],"predecessor-version":[{"id":13705,"href":"https:\/\/blogs.thesocialmedia.com\/leblogmoto\/wp-json\/wp\/v2\/posts\/123\/revisions\/13705"}],"wp:featuredmedia":[{"embeddable":true,"href":"https:\/\/blogs.thesocialmedia.com\/leblogmoto\/wp-json\/wp\/v2\/media\/13696"}],"wp:attachment":[{"href":"https:\/\/blogs.thesocialmedia.com\/leblogmoto\/wp-json\/wp\/v2\/media?parent=123"}],"wp:term":[{"taxonomy":"category","embeddable":true,"href":"https:\/\/blogs.thesocialmedia.com\/leblogmoto\/wp-json\/wp\/v2\/categories?post=123"},{"taxonomy":"post_tag","embeddable":true,"href":"https:\/\/blogs.thesocialmedia.com\/leblogmoto\/wp-json\/wp\/v2\/tags?post=123"}],"curies":[{"name":"wp","href":"https:\/\/api.w.org\/{rel}","templated":true}]}}