{"id":1230,"date":"2007-09-29T11:59:28","date_gmt":"2007-09-29T11:59:28","guid":{"rendered":"http:\/\/blogs.thesocialmedia.com\/leblogmoto\/2007\/09\/29\/mondial-de-la-m\/"},"modified":"2012-07-11T14:46:17","modified_gmt":"2012-07-11T14:46:17","slug":"mondial-de-la-m","status":"publish","type":"post","link":"https:\/\/blogs.thesocialmedia.com\/leblogmoto\/2007\/09\/29\/mondial-de-la-m\/","title":{"rendered":"Mondial de la moto : Rencontrez la FFMC"},"content":{"rendered":"<p><a href=\"http:\/\/blogs.thesocialmedia.com\/leblogmoto\/files\/2012\/07\/mondial_du_deux_roues1.jpg\"><img loading=\"lazy\" decoding=\"async\" width=\"250\" height=\"85\"  alt=\"Mondial_du_deux_roues\" src=\"http:\/\/www.leblogmoto.com\/images\/2007\/09\/29\/mondial_du_deux_roues.jpg\" style=\"margin: 0px 5px 5px 0px;float: left\" \/><\/a> Cette semaine <a href=\"http:\/\/blogs.thesocialmedia.com\/leblogmoto\/files\/2012\/07\/index.html_57.png\">sur le mondial de la moto \u00e0 Paris<\/a>, vous pourrez bien entendu rencontrer la <strong>FFMC<\/strong>. L&rsquo;association propose \u00e0 ses visiteurs de participer \u00e0 des forums et essaiera de r\u00e9pondre \u00e0 toutes les questions que vous pouvez vous poser en terme de <a href=\"http:\/\/www.leblogmoto.com\/scurit\/index.html\">s\u00e9curit\u00e9<\/a> et de protection contre le vol, mais d&rsquo;autres rubriques telles que <em>&quot;quelle moto choisir?&quot; <\/em>seront aussi abord\u00e9es<em>. <\/em>L<em>&lsquo;<\/em>un des th\u00e8mes principaux<em>&nbsp;<\/em>sera<em>&nbsp;<\/em>de converser sur la nouvelle cat\u00e9gorie montante de motards, les pilotes de 125 cm3. <\/p>\n<p>Beaucoup de th\u00e8mes int\u00e9ressants, et sachez qu&rsquo;en plus de \u00e7a, la journ\u00e9e de mercredi sera anim\u00e9e par un pr\u00e9sentateur t\u00e9l\u00e9 en la personne de <strong>St\u00e9phane Courant<\/strong> (<em>C&rsquo;est pas sorcier<\/em> sur France 3). L&rsquo;animateur devrait animer un d\u00e9bat et discuter avec les pilotes en herbe en essayant de sensibiliser parents et enfants sur la p\u00e9dagogie routi\u00e8re et sur les risques que comporte la conduite d&rsquo;un deux roues. Titre du d\u00e9bat : <em><strong>Rouler n&rsquo;est pas jouer!<\/strong><\/em> <\/p>\n<p> Rendez-vous sur le stand <strong>n\u00b0 210<\/strong>, all\u00e9e <strong>C<\/strong>, hall <strong>1<\/strong> le mercredi 3 septembre \u00e0 partir de 10h et jusqu&rsquo;\u00e0 17h00.<\/p>\n<p><span style=\"font-size: 1.2em\"> Voici le programme de la FFMC pour la semaine :<\/span><\/p>\n<p class=\"spip\"><strong>Lundi 01\/10\/07<\/strong> <br \/><img loading=\"lazy\" decoding=\"async\" width=\"8\" height=\"11\" src=\"http:\/\/www.motomag.com\/dist\/puce.gif\" alt=\"-\" \/> 14h30-15h30 : Pr\u00e8s de 100.000 deux-roues sont vol\u00e9s chaque ann\u00e9e\u2026 Comment endiguer le vol moto ? <br \/><img loading=\"lazy\" decoding=\"async\" width=\"8\" height=\"11\" src=\"http:\/\/www.motomag.com\/dist\/puce.gif\" alt=\"-\" \/> 16h30-17h30 : Partage de la route : comment concilier les contraintes li\u00e9es \u00e0 la conduite de v\u00e9hicules aussi diff\u00e9rents que l\u2019auto et la moto ?<\/p>\n<p class=\"spip\"><strong>Mardi 02\/10\/07<\/strong> <br \/><img loading=\"lazy\" decoding=\"async\" width=\"8\" height=\"11\" src=\"http:\/\/www.motomag.com\/dist\/puce.gif\" alt=\"-\" \/> 14h30-15h30 : 125 cm3. L\u2019\u00e9mergence d\u2019une nouvelle cat\u00e9gorie de motards\u2026 Une formation est-elle n\u00e9cessaire ? <br \/><img loading=\"lazy\" decoding=\"async\" width=\"8\" height=\"11\" src=\"http:\/\/www.motomag.com\/dist\/puce.gif\" alt=\"-\" \/> 16h30-17h30 : Environnement. Avec Euro 3, les motos pr\u00e9sentent des niveaux d\u2019\u00e9missions polluantes identiques aux voitures. Et demain ?<\/p>\n<p class=\"spip\"><strong>Mercredi 03\/10\/07<\/strong> <br \/><img loading=\"lazy\" decoding=\"async\" width=\"8\" height=\"11\" src=\"http:\/\/www.motomag.com\/dist\/puce.gif\" alt=\"-\" \/> 10h-17h : Espace 2000 salle 121 (hall 1), de 10h \u00e0 17h : Rouler n\u2019est pas Jouer, journ\u00e9e de d\u00e9bat sp\u00e9ciale jeunes anim\u00e9e par St\u00e9phane Courant, de l\u2019\u00e9mission \u00ab C\u2019est pas Sorcier \u00bb sur France 3<\/p>\n<p class=\"spip\"><strong>Jeudi 04\/10\/07<\/strong> <br \/><img loading=\"lazy\" decoding=\"async\" width=\"8\" height=\"11\" src=\"http:\/\/www.motomag.com\/dist\/puce.gif\" alt=\"-\" \/> 14h30-15h30 : Formation. Quand peut-on consid\u00e9rer que l\u2019on est exp\u00e9riment\u00e9 ? <br \/><img loading=\"lazy\" decoding=\"async\" width=\"8\" height=\"11\" src=\"http:\/\/www.motomag.com\/dist\/puce.gif\" alt=\"-\" \/> 16h30-17h30 : Choisir sa moto. En 2007, quelle moto pour quels usagers ?<\/p>\n<p class=\"spip\"><strong>Vendredi 05\/10\/07<\/strong> <br \/><img loading=\"lazy\" decoding=\"async\" width=\"8\" height=\"11\" src=\"http:\/\/www.motomag.com\/dist\/puce.gif\" alt=\"-\" \/> 14h30-15h30 : Autos-motos. Tous \u00e9gaux dans le traitement des accidents ? <br \/><img loading=\"lazy\" decoding=\"async\" width=\"8\" height=\"11\" src=\"http:\/\/www.motomag.com\/dist\/puce.gif\" alt=\"-\" \/> 18h00 : Sur la route, la vue, c\u2019est la vie. Le point sur la sant\u00e9 visuelle des conducteurs avec l\u2019ASNAV (Association nationale pour l\u2019am\u00e9lioration de la vue)<\/p>\n","protected":false},"excerpt":{"rendered":"<p>Cette semaine sur le mondial de la moto \u00e0 Paris, vous pourrez bien entendu rencontrer la FFMC. L&rsquo;association propose \u00e0 ses visiteurs de participer \u00e0 des forums et essaiera de r\u00e9pondre \u00e0 toutes les questions que vous pouvez vous poser en terme de s\u00e9curit\u00e9 et de protection contre le vol, mais d&rsquo;autres rubriques telles que [&hellip;]<\/p>\n","protected":false},"author":330,"featured_media":0,"comment_status":"open","ping_status":"open","sticky":false,"template":"","format":"standard","meta":{"footnotes":""},"categories":[3,38,17,36,27],"tags":[],"class_list":["post-1230","post","type-post","status-publish","format-standard","hentry","category-actualite","category-atelier","category-divers","category-salons","category-securite"],"yoast_head":"<!-- This site is optimized with the Yoast SEO plugin v26.0 - https:\/\/yoast.com\/wordpress\/plugins\/seo\/ -->\n<title>Mondial de la moto : Rencontrez la FFMC - leblogmoto.com<\/title>\n<meta name=\"robots\" content=\"index, follow, max-snippet:-1, max-image-preview:large, max-video-preview:-1\" \/>\n<link rel=\"canonical\" href=\"https:\/\/blogs.thesocialmedia.com\/leblogmoto\/2007\/09\/29\/mondial-de-la-m\/\" \/>\n<meta name=\"twitter:card\" content=\"summary_large_image\" \/>\n<meta name=\"twitter:title\" content=\"Mondial de la moto : Rencontrez la FFMC - leblogmoto.com\" \/>\n<meta name=\"twitter:description\" content=\"Cette semaine sur le mondial de la moto \u00e0 Paris, vous pourrez bien entendu rencontrer la FFMC. L&rsquo;association propose \u00e0 ses visiteurs de participer \u00e0 des forums et essaiera de r\u00e9pondre \u00e0 toutes les questions que vous pouvez vous poser en terme de s\u00e9curit\u00e9 et de protection contre le vol, mais d&rsquo;autres rubriques telles que [&hellip;]\" \/>\n<meta name=\"twitter:image\" content=\"http:\/\/www.leblogmoto.com\/images\/2007\/09\/29\/mondial_du_deux_roues.jpg\" \/>\n<meta name=\"twitter:label1\" content=\"\u00c9crit par\" \/>\n\t<meta name=\"twitter:data1\" content=\"thierry marsal\" \/>\n\t<meta name=\"twitter:label2\" content=\"Dur\u00e9e de lecture estim\u00e9e\" \/>\n\t<meta name=\"twitter:data2\" content=\"2 minutes\" \/>\n<script type=\"application\/ld+json\" class=\"yoast-schema-graph\">{\"@context\":\"https:\/\/schema.org\",\"@graph\":[{\"@type\":\"WebPage\",\"@id\":\"https:\/\/blogs.thesocialmedia.com\/leblogmoto\/2007\/09\/29\/mondial-de-la-m\/\",\"url\":\"https:\/\/blogs.thesocialmedia.com\/leblogmoto\/2007\/09\/29\/mondial-de-la-m\/\",\"name\":\"Mondial de la moto : Rencontrez la FFMC - leblogmoto.com\",\"isPartOf\":{\"@id\":\"https:\/\/blogs.thesocialmedia.com\/leblogmoto\/#website\"},\"primaryImageOfPage\":{\"@id\":\"https:\/\/blogs.thesocialmedia.com\/leblogmoto\/2007\/09\/29\/mondial-de-la-m\/#primaryimage\"},\"image\":{\"@id\":\"https:\/\/blogs.thesocialmedia.com\/leblogmoto\/2007\/09\/29\/mondial-de-la-m\/#primaryimage\"},\"thumbnailUrl\":\"http:\/\/www.leblogmoto.com\/images\/2007\/09\/29\/mondial_du_deux_roues.jpg\",\"datePublished\":\"2007-09-29T11:59:28+00:00\",\"dateModified\":\"2012-07-11T14:46:17+00:00\",\"author\":{\"@id\":\"https:\/\/blogs.thesocialmedia.com\/leblogmoto\/#\/schema\/person\/d20f219f162e8b5de4ea78c909c5be45\"},\"breadcrumb\":{\"@id\":\"https:\/\/blogs.thesocialmedia.com\/leblogmoto\/2007\/09\/29\/mondial-de-la-m\/#breadcrumb\"},\"inLanguage\":\"fr-FR\",\"potentialAction\":[{\"@type\":\"ReadAction\",\"target\":[\"https:\/\/blogs.thesocialmedia.com\/leblogmoto\/2007\/09\/29\/mondial-de-la-m\/\"]}]},{\"@type\":\"ImageObject\",\"inLanguage\":\"fr-FR\",\"@id\":\"https:\/\/blogs.thesocialmedia.com\/leblogmoto\/2007\/09\/29\/mondial-de-la-m\/#primaryimage\",\"url\":\"http:\/\/www.leblogmoto.com\/images\/2007\/09\/29\/mondial_du_deux_roues.jpg\",\"contentUrl\":\"http:\/\/www.leblogmoto.com\/images\/2007\/09\/29\/mondial_du_deux_roues.jpg\"},{\"@type\":\"BreadcrumbList\",\"@id\":\"https:\/\/blogs.thesocialmedia.com\/leblogmoto\/2007\/09\/29\/mondial-de-la-m\/#breadcrumb\",\"itemListElement\":[{\"@type\":\"ListItem\",\"position\":1,\"name\":\"Accueil\",\"item\":\"https:\/\/blogs.thesocialmedia.com\/leblogmoto\/\"},{\"@type\":\"ListItem\",\"position\":2,\"name\":\"Mondial de la moto : Rencontrez la FFMC\"}]},{\"@type\":\"WebSite\",\"@id\":\"https:\/\/blogs.thesocialmedia.com\/leblogmoto\/#website\",\"url\":\"https:\/\/blogs.thesocialmedia.com\/leblogmoto\/\",\"name\":\"leblogmoto\",\"description\":\"Toute l&#039;actualit\u00e9 des 2 roues\",\"potentialAction\":[{\"@type\":\"SearchAction\",\"target\":{\"@type\":\"EntryPoint\",\"urlTemplate\":\"https:\/\/blogs.thesocialmedia.com\/leblogmoto\/?s={search_term_string}\"},\"query-input\":{\"@type\":\"PropertyValueSpecification\",\"valueRequired\":true,\"valueName\":\"search_term_string\"}}],\"inLanguage\":\"fr-FR\"},{\"@type\":\"Person\",\"@id\":\"https:\/\/blogs.thesocialmedia.com\/leblogmoto\/#\/schema\/person\/d20f219f162e8b5de4ea78c909c5be45\",\"name\":\"thierry marsal\",\"image\":{\"@type\":\"ImageObject\",\"inLanguage\":\"fr-FR\",\"@id\":\"https:\/\/blogs.thesocialmedia.com\/leblogmoto\/#\/schema\/person\/image\/\",\"url\":\"https:\/\/secure.gravatar.com\/avatar\/?s=96&d=mm&r=g\",\"contentUrl\":\"https:\/\/secure.gravatar.com\/avatar\/?s=96&d=mm&r=g\",\"caption\":\"thierry marsal\"},\"url\":\"https:\/\/blogs.thesocialmedia.com\/leblogmoto\/author\/thierry-marsal\/\"}]}<\/script>\n<!-- \/ Yoast SEO plugin. -->","yoast_head_json":{"title":"Mondial de la moto : Rencontrez la FFMC - leblogmoto.com","robots":{"index":"index","follow":"follow","max-snippet":"max-snippet:-1","max-image-preview":"max-image-preview:large","max-video-preview":"max-video-preview:-1"},"canonical":"https:\/\/blogs.thesocialmedia.com\/leblogmoto\/2007\/09\/29\/mondial-de-la-m\/","twitter_card":"summary_large_image","twitter_title":"Mondial de la moto : Rencontrez la FFMC - leblogmoto.com","twitter_description":"Cette semaine sur le mondial de la moto \u00e0 Paris, vous pourrez bien entendu rencontrer la FFMC. L&rsquo;association propose \u00e0 ses visiteurs de participer \u00e0 des forums et essaiera de r\u00e9pondre \u00e0 toutes les questions que vous pouvez vous poser en terme de s\u00e9curit\u00e9 et de protection contre le vol, mais d&rsquo;autres rubriques telles que [&hellip;]","twitter_image":"http:\/\/www.leblogmoto.com\/images\/2007\/09\/29\/mondial_du_deux_roues.jpg","twitter_misc":{"\u00c9crit par":"thierry marsal","Dur\u00e9e de lecture estim\u00e9e":"2 minutes"},"schema":{"@context":"https:\/\/schema.org","@graph":[{"@type":"WebPage","@id":"https:\/\/blogs.thesocialmedia.com\/leblogmoto\/2007\/09\/29\/mondial-de-la-m\/","url":"https:\/\/blogs.thesocialmedia.com\/leblogmoto\/2007\/09\/29\/mondial-de-la-m\/","name":"Mondial de la moto : Rencontrez la FFMC - leblogmoto.com","isPartOf":{"@id":"https:\/\/blogs.thesocialmedia.com\/leblogmoto\/#website"},"primaryImageOfPage":{"@id":"https:\/\/blogs.thesocialmedia.com\/leblogmoto\/2007\/09\/29\/mondial-de-la-m\/#primaryimage"},"image":{"@id":"https:\/\/blogs.thesocialmedia.com\/leblogmoto\/2007\/09\/29\/mondial-de-la-m\/#primaryimage"},"thumbnailUrl":"http:\/\/www.leblogmoto.com\/images\/2007\/09\/29\/mondial_du_deux_roues.jpg","datePublished":"2007-09-29T11:59:28+00:00","dateModified":"2012-07-11T14:46:17+00:00","author":{"@id":"https:\/\/blogs.thesocialmedia.com\/leblogmoto\/#\/schema\/person\/d20f219f162e8b5de4ea78c909c5be45"},"breadcrumb":{"@id":"https:\/\/blogs.thesocialmedia.com\/leblogmoto\/2007\/09\/29\/mondial-de-la-m\/#breadcrumb"},"inLanguage":"fr-FR","potentialAction":[{"@type":"ReadAction","target":["https:\/\/blogs.thesocialmedia.com\/leblogmoto\/2007\/09\/29\/mondial-de-la-m\/"]}]},{"@type":"ImageObject","inLanguage":"fr-FR","@id":"https:\/\/blogs.thesocialmedia.com\/leblogmoto\/2007\/09\/29\/mondial-de-la-m\/#primaryimage","url":"http:\/\/www.leblogmoto.com\/images\/2007\/09\/29\/mondial_du_deux_roues.jpg","contentUrl":"http:\/\/www.leblogmoto.com\/images\/2007\/09\/29\/mondial_du_deux_roues.jpg"},{"@type":"BreadcrumbList","@id":"https:\/\/blogs.thesocialmedia.com\/leblogmoto\/2007\/09\/29\/mondial-de-la-m\/#breadcrumb","itemListElement":[{"@type":"ListItem","position":1,"name":"Accueil","item":"https:\/\/blogs.thesocialmedia.com\/leblogmoto\/"},{"@type":"ListItem","position":2,"name":"Mondial de la moto : Rencontrez la FFMC"}]},{"@type":"WebSite","@id":"https:\/\/blogs.thesocialmedia.com\/leblogmoto\/#website","url":"https:\/\/blogs.thesocialmedia.com\/leblogmoto\/","name":"leblogmoto","description":"Toute l&#039;actualit\u00e9 des 2 roues","potentialAction":[{"@type":"SearchAction","target":{"@type":"EntryPoint","urlTemplate":"https:\/\/blogs.thesocialmedia.com\/leblogmoto\/?s={search_term_string}"},"query-input":{"@type":"PropertyValueSpecification","valueRequired":true,"valueName":"search_term_string"}}],"inLanguage":"fr-FR"},{"@type":"Person","@id":"https:\/\/blogs.thesocialmedia.com\/leblogmoto\/#\/schema\/person\/d20f219f162e8b5de4ea78c909c5be45","name":"thierry marsal","image":{"@type":"ImageObject","inLanguage":"fr-FR","@id":"https:\/\/blogs.thesocialmedia.com\/leblogmoto\/#\/schema\/person\/image\/","url":"https:\/\/secure.gravatar.com\/avatar\/?s=96&d=mm&r=g","contentUrl":"https:\/\/secure.gravatar.com\/avatar\/?s=96&d=mm&r=g","caption":"thierry marsal"},"url":"https:\/\/blogs.thesocialmedia.com\/leblogmoto\/author\/thierry-marsal\/"}]}},"_links":{"self":[{"href":"https:\/\/blogs.thesocialmedia.com\/leblogmoto\/wp-json\/wp\/v2\/posts\/1230","targetHints":{"allow":["GET"]}}],"collection":[{"href":"https:\/\/blogs.thesocialmedia.com\/leblogmoto\/wp-json\/wp\/v2\/posts"}],"about":[{"href":"https:\/\/blogs.thesocialmedia.com\/leblogmoto\/wp-json\/wp\/v2\/types\/post"}],"author":[{"embeddable":true,"href":"https:\/\/blogs.thesocialmedia.com\/leblogmoto\/wp-json\/wp\/v2\/users\/330"}],"replies":[{"embeddable":true,"href":"https:\/\/blogs.thesocialmedia.com\/leblogmoto\/wp-json\/wp\/v2\/comments?post=1230"}],"version-history":[{"count":2,"href":"https:\/\/blogs.thesocialmedia.com\/leblogmoto\/wp-json\/wp\/v2\/posts\/1230\/revisions"}],"predecessor-version":[{"id":8759,"href":"https:\/\/blogs.thesocialmedia.com\/leblogmoto\/wp-json\/wp\/v2\/posts\/1230\/revisions\/8759"}],"wp:attachment":[{"href":"https:\/\/blogs.thesocialmedia.com\/leblogmoto\/wp-json\/wp\/v2\/media?parent=1230"}],"wp:term":[{"taxonomy":"category","embeddable":true,"href":"https:\/\/blogs.thesocialmedia.com\/leblogmoto\/wp-json\/wp\/v2\/categories?post=1230"},{"taxonomy":"post_tag","embeddable":true,"href":"https:\/\/blogs.thesocialmedia.com\/leblogmoto\/wp-json\/wp\/v2\/tags?post=1230"}],"curies":[{"name":"wp","href":"https:\/\/api.w.org\/{rel}","templated":true}]}}