{"id":1231,"date":"2007-09-29T11:11:13","date_gmt":"2007-09-29T11:11:13","guid":{"rendered":"http:\/\/blogs.thesocialmedia.com\/leblogmoto\/2007\/09\/29\/supersport-vall\/"},"modified":"2012-07-11T14:46:15","modified_gmt":"2012-07-11T14:46:15","slug":"supersport-vall","status":"publish","type":"post","link":"https:\/\/blogs.thesocialmedia.com\/leblogmoto\/2007\/09\/29\/supersport-vall\/","title":{"rendered":"Supersport Vallelunga Qualifs 1 : Charpentier s&rsquo;envole"},"content":{"rendered":"<p><strong><a href=\"http:\/\/blogs.thesocialmedia.com\/leblogmoto\/files\/2012\/07\/charpentier.jpg\"><img loading=\"lazy\" decoding=\"async\" width=\"470\" height=\"313\"  src=\"http:\/\/www.leblogmoto.com\/images\/2007\/09\/29\/charpentier.jpg\" alt=\"Charpentier\" style=\"margin: 0px 5px 5px 0px;float: left\" \/><\/a> Vendredi 28<\/strong> (hier) se d\u00e9roulait la premi\u00e8re s\u00e9ance d&rsquo;essais qualificatifs pour la course de <strong>Vallelunga<\/strong> en Italie. Les fran\u00e7ais seront heureux d&rsquo;apprendre que la p\u00f4le position provisoire appartient \u00e0 <strong>S\u00e9bastien Charpentier<\/strong> (<a href=\"http:\/\/www.leblogmoto.com\/honda\/index.html\">Honda<\/a>) qui a r\u00e9alis\u00e9 le meilleur chrono au guidon <a href=\"http:\/\/www.leblogmoto.com\/2007\/09\/nouveaut-2008-u.html\">de sa Honda CBR 600RR<\/a>.<\/p>\n<p>Il repousse son rival du jour <strong>Vizziello<\/strong> (<a href=\"http:\/\/www.leblogmoto.com\/yamaha\/index.html\">Yamaha<\/a>) \u00e0 plus d&rsquo;une demi seconde, et comme si cela ne suffisait pas, il se paie m\u00eame le luxe de r\u00e9aliser un temps meilleur que certains pilotes de la cat\u00e9gorie <a href=\"http:\/\/www.leblogmoto.com\/superbike\/index.html\">superbike<\/a> (<a href=\"http:\/\/www.leblogmoto.com\/2007\/09\/superbike-val-1.html#more\">dont nous tairons les noms&#8230;<\/a>)! Une performance qui m\u00e9rite d&rsquo;\u00eatre soulign\u00e9e, qui plus est lorsque c&rsquo;est un fran\u00e7ais qui la r\u00e9alise. <\/p>\n<p>Les autres pilotes tricolores de la cat\u00e9gorie ont tourn\u00e9s moins vite que S\u00e9bastien, beaucoup moins vite m\u00eame. <strong>Gimbert<\/strong> (Yamaha) est 9e \u00e0 plus d&rsquo;une seconde, <strong>Lagrive<\/strong> (Honda) est 18e et <strong>Foret<\/strong> (<a href=\"http:\/\/www.leblogmoto.com\/kawasaki\/index.html\">Kawasaki<\/a>), qui joue sa deuxi\u00e8me place au g\u00e9n\u00e9ral, r\u00e9alise un tr\u00e8s mauvais 19e temps.<\/p>\n<h4><\/h4>\n<h4><span style=\"font-size: 1.2em\">Premi\u00e8re s\u00e9ance d&rsquo;essais qualificatifs World Supersport :<\/span><\/h4>\n<p> 1. S\u00e9bastien Charpentier (FR, Honda), 1 min 39&rsquo;733 sec<br \/> 2. Gianluca Vizziello (ITA, Yamaha), 1 min 40&rsquo;339 sec<br \/> 3. Kenan Sofuoglu (TUR, Honda), 1 min 40&rsquo;408 sec<br \/> 4. Katsuoki Fujiwara (JPN, Honda), 1 min 40&rsquo;775 sec<br \/> 5. Tommy Hill (GB, Yamaha), 1 min 40&rsquo;815 sec<br \/> 6. Craig Jones (GB, Honda), 1 min 40&rsquo;854 sec<br \/> 7. Joshua Brookes (AUS, Honda), 1 min 40&rsquo;957 sec<br \/> 8. Broc Parkes (AUS, Yamaha), 1 min 40&rsquo;969 sec<br \/> 9. Sebastien Gimbert (FR, Yamaha), 1 min 41&rsquo;001 sec<br \/> 10. Arne Tode (GER, Honda), 1 min 41&rsquo;018 sec<br \/> 11. Massimo Roccoli (ITA, Yamaha), 1 min 41&rsquo;135 sec<br \/> 12. David Salom (SPA, Yamaha), 1 min 41&rsquo;195 sec<br \/> 13. Javier Fores (SPA, Honda), 1 min 41&rsquo;283 sec<br \/> 14. Joan Lascorz (SPA, Honda), 1 min 41&rsquo;320 sec<br \/> 15. Pere Riba (SPA, Kawasaki), 1 min 41&rsquo;356 sec<br \/> 18. Matthieu Lagrive (FR, Honda), 1 min 41&rsquo;596 sec<br \/> 19. Fabien Foret (FR, Kawasaki), 1 min 41&rsquo;651 sec<br \/> 27. Julien Enjolras (FR, Yamaha), 1 min 42&rsquo;532 sec<br \/> 30. Gregory Leblanc (FR, Honda), 1 min 42&rsquo;969 sec<\/p>\n","protected":false},"excerpt":{"rendered":"<p>Vendredi 28 (hier) se d\u00e9roulait la premi\u00e8re s\u00e9ance d&rsquo;essais qualificatifs pour la course de Vallelunga en Italie. Les fran\u00e7ais seront heureux d&rsquo;apprendre que la p\u00f4le position provisoire appartient \u00e0 S\u00e9bastien Charpentier (Honda) qui a r\u00e9alis\u00e9 le meilleur chrono au guidon de sa Honda CBR 600RR. Il repousse son rival du jour Vizziello (Yamaha) \u00e0 plus [&hellip;]<\/p>\n","protected":false},"author":330,"featured_media":0,"comment_status":"open","ping_status":"open","sticky":false,"template":"","format":"standard","meta":{"footnotes":""},"categories":[3,14,32,46],"tags":[],"class_list":["post-1231","post","type-post","status-publish","format-standard","hentry","category-actualite","category-honda","category-sport-moto","category-superbike"],"yoast_head":"<!-- This site is optimized with the Yoast SEO plugin v26.0 - https:\/\/yoast.com\/wordpress\/plugins\/seo\/ -->\n<title>Supersport Vallelunga Qualifs 1 : Charpentier s&#039;envole - leblogmoto.com<\/title>\n<meta name=\"robots\" content=\"index, follow, max-snippet:-1, max-image-preview:large, max-video-preview:-1\" \/>\n<link rel=\"canonical\" href=\"https:\/\/blogs.thesocialmedia.com\/leblogmoto\/2007\/09\/29\/supersport-vall\/\" \/>\n<meta name=\"twitter:card\" content=\"summary_large_image\" \/>\n<meta name=\"twitter:title\" content=\"Supersport Vallelunga Qualifs 1 : Charpentier s&#039;envole - leblogmoto.com\" \/>\n<meta name=\"twitter:description\" content=\"Vendredi 28 (hier) se d\u00e9roulait la premi\u00e8re s\u00e9ance d&rsquo;essais qualificatifs pour la course de Vallelunga en Italie. Les fran\u00e7ais seront heureux d&rsquo;apprendre que la p\u00f4le position provisoire appartient \u00e0 S\u00e9bastien Charpentier (Honda) qui a r\u00e9alis\u00e9 le meilleur chrono au guidon de sa Honda CBR 600RR. Il repousse son rival du jour Vizziello (Yamaha) \u00e0 plus [&hellip;]\" \/>\n<meta name=\"twitter:image\" content=\"http:\/\/www.leblogmoto.com\/images\/2007\/09\/29\/charpentier.jpg\" \/>\n<meta name=\"twitter:label1\" content=\"\u00c9crit par\" \/>\n\t<meta name=\"twitter:data1\" content=\"thierry marsal\" \/>\n\t<meta name=\"twitter:label2\" content=\"Dur\u00e9e de lecture estim\u00e9e\" \/>\n\t<meta name=\"twitter:data2\" content=\"2 minutes\" \/>\n<script type=\"application\/ld+json\" class=\"yoast-schema-graph\">{\"@context\":\"https:\/\/schema.org\",\"@graph\":[{\"@type\":\"WebPage\",\"@id\":\"https:\/\/blogs.thesocialmedia.com\/leblogmoto\/2007\/09\/29\/supersport-vall\/\",\"url\":\"https:\/\/blogs.thesocialmedia.com\/leblogmoto\/2007\/09\/29\/supersport-vall\/\",\"name\":\"Supersport Vallelunga Qualifs 1 : Charpentier s'envole - leblogmoto.com\",\"isPartOf\":{\"@id\":\"https:\/\/blogs.thesocialmedia.com\/leblogmoto\/#website\"},\"primaryImageOfPage\":{\"@id\":\"https:\/\/blogs.thesocialmedia.com\/leblogmoto\/2007\/09\/29\/supersport-vall\/#primaryimage\"},\"image\":{\"@id\":\"https:\/\/blogs.thesocialmedia.com\/leblogmoto\/2007\/09\/29\/supersport-vall\/#primaryimage\"},\"thumbnailUrl\":\"http:\/\/www.leblogmoto.com\/images\/2007\/09\/29\/charpentier.jpg\",\"datePublished\":\"2007-09-29T11:11:13+00:00\",\"dateModified\":\"2012-07-11T14:46:15+00:00\",\"author\":{\"@id\":\"https:\/\/blogs.thesocialmedia.com\/leblogmoto\/#\/schema\/person\/d20f219f162e8b5de4ea78c909c5be45\"},\"breadcrumb\":{\"@id\":\"https:\/\/blogs.thesocialmedia.com\/leblogmoto\/2007\/09\/29\/supersport-vall\/#breadcrumb\"},\"inLanguage\":\"fr-FR\",\"potentialAction\":[{\"@type\":\"ReadAction\",\"target\":[\"https:\/\/blogs.thesocialmedia.com\/leblogmoto\/2007\/09\/29\/supersport-vall\/\"]}]},{\"@type\":\"ImageObject\",\"inLanguage\":\"fr-FR\",\"@id\":\"https:\/\/blogs.thesocialmedia.com\/leblogmoto\/2007\/09\/29\/supersport-vall\/#primaryimage\",\"url\":\"http:\/\/www.leblogmoto.com\/images\/2007\/09\/29\/charpentier.jpg\",\"contentUrl\":\"http:\/\/www.leblogmoto.com\/images\/2007\/09\/29\/charpentier.jpg\"},{\"@type\":\"BreadcrumbList\",\"@id\":\"https:\/\/blogs.thesocialmedia.com\/leblogmoto\/2007\/09\/29\/supersport-vall\/#breadcrumb\",\"itemListElement\":[{\"@type\":\"ListItem\",\"position\":1,\"name\":\"Accueil\",\"item\":\"https:\/\/blogs.thesocialmedia.com\/leblogmoto\/\"},{\"@type\":\"ListItem\",\"position\":2,\"name\":\"Supersport Vallelunga Qualifs 1 : Charpentier s&rsquo;envole\"}]},{\"@type\":\"WebSite\",\"@id\":\"https:\/\/blogs.thesocialmedia.com\/leblogmoto\/#website\",\"url\":\"https:\/\/blogs.thesocialmedia.com\/leblogmoto\/\",\"name\":\"leblogmoto\",\"description\":\"Toute l&#039;actualit\u00e9 des 2 roues\",\"potentialAction\":[{\"@type\":\"SearchAction\",\"target\":{\"@type\":\"EntryPoint\",\"urlTemplate\":\"https:\/\/blogs.thesocialmedia.com\/leblogmoto\/?s={search_term_string}\"},\"query-input\":{\"@type\":\"PropertyValueSpecification\",\"valueRequired\":true,\"valueName\":\"search_term_string\"}}],\"inLanguage\":\"fr-FR\"},{\"@type\":\"Person\",\"@id\":\"https:\/\/blogs.thesocialmedia.com\/leblogmoto\/#\/schema\/person\/d20f219f162e8b5de4ea78c909c5be45\",\"name\":\"thierry marsal\",\"image\":{\"@type\":\"ImageObject\",\"inLanguage\":\"fr-FR\",\"@id\":\"https:\/\/blogs.thesocialmedia.com\/leblogmoto\/#\/schema\/person\/image\/\",\"url\":\"https:\/\/secure.gravatar.com\/avatar\/?s=96&d=mm&r=g\",\"contentUrl\":\"https:\/\/secure.gravatar.com\/avatar\/?s=96&d=mm&r=g\",\"caption\":\"thierry marsal\"},\"url\":\"https:\/\/blogs.thesocialmedia.com\/leblogmoto\/author\/thierry-marsal\/\"}]}<\/script>\n<!-- \/ Yoast SEO plugin. -->","yoast_head_json":{"title":"Supersport Vallelunga Qualifs 1 : Charpentier s'envole - leblogmoto.com","robots":{"index":"index","follow":"follow","max-snippet":"max-snippet:-1","max-image-preview":"max-image-preview:large","max-video-preview":"max-video-preview:-1"},"canonical":"https:\/\/blogs.thesocialmedia.com\/leblogmoto\/2007\/09\/29\/supersport-vall\/","twitter_card":"summary_large_image","twitter_title":"Supersport Vallelunga Qualifs 1 : Charpentier s'envole - leblogmoto.com","twitter_description":"Vendredi 28 (hier) se d\u00e9roulait la premi\u00e8re s\u00e9ance d&rsquo;essais qualificatifs pour la course de Vallelunga en Italie. Les fran\u00e7ais seront heureux d&rsquo;apprendre que la p\u00f4le position provisoire appartient \u00e0 S\u00e9bastien Charpentier (Honda) qui a r\u00e9alis\u00e9 le meilleur chrono au guidon de sa Honda CBR 600RR. Il repousse son rival du jour Vizziello (Yamaha) \u00e0 plus [&hellip;]","twitter_image":"http:\/\/www.leblogmoto.com\/images\/2007\/09\/29\/charpentier.jpg","twitter_misc":{"\u00c9crit par":"thierry marsal","Dur\u00e9e de lecture estim\u00e9e":"2 minutes"},"schema":{"@context":"https:\/\/schema.org","@graph":[{"@type":"WebPage","@id":"https:\/\/blogs.thesocialmedia.com\/leblogmoto\/2007\/09\/29\/supersport-vall\/","url":"https:\/\/blogs.thesocialmedia.com\/leblogmoto\/2007\/09\/29\/supersport-vall\/","name":"Supersport Vallelunga Qualifs 1 : Charpentier s'envole - leblogmoto.com","isPartOf":{"@id":"https:\/\/blogs.thesocialmedia.com\/leblogmoto\/#website"},"primaryImageOfPage":{"@id":"https:\/\/blogs.thesocialmedia.com\/leblogmoto\/2007\/09\/29\/supersport-vall\/#primaryimage"},"image":{"@id":"https:\/\/blogs.thesocialmedia.com\/leblogmoto\/2007\/09\/29\/supersport-vall\/#primaryimage"},"thumbnailUrl":"http:\/\/www.leblogmoto.com\/images\/2007\/09\/29\/charpentier.jpg","datePublished":"2007-09-29T11:11:13+00:00","dateModified":"2012-07-11T14:46:15+00:00","author":{"@id":"https:\/\/blogs.thesocialmedia.com\/leblogmoto\/#\/schema\/person\/d20f219f162e8b5de4ea78c909c5be45"},"breadcrumb":{"@id":"https:\/\/blogs.thesocialmedia.com\/leblogmoto\/2007\/09\/29\/supersport-vall\/#breadcrumb"},"inLanguage":"fr-FR","potentialAction":[{"@type":"ReadAction","target":["https:\/\/blogs.thesocialmedia.com\/leblogmoto\/2007\/09\/29\/supersport-vall\/"]}]},{"@type":"ImageObject","inLanguage":"fr-FR","@id":"https:\/\/blogs.thesocialmedia.com\/leblogmoto\/2007\/09\/29\/supersport-vall\/#primaryimage","url":"http:\/\/www.leblogmoto.com\/images\/2007\/09\/29\/charpentier.jpg","contentUrl":"http:\/\/www.leblogmoto.com\/images\/2007\/09\/29\/charpentier.jpg"},{"@type":"BreadcrumbList","@id":"https:\/\/blogs.thesocialmedia.com\/leblogmoto\/2007\/09\/29\/supersport-vall\/#breadcrumb","itemListElement":[{"@type":"ListItem","position":1,"name":"Accueil","item":"https:\/\/blogs.thesocialmedia.com\/leblogmoto\/"},{"@type":"ListItem","position":2,"name":"Supersport Vallelunga Qualifs 1 : Charpentier s&rsquo;envole"}]},{"@type":"WebSite","@id":"https:\/\/blogs.thesocialmedia.com\/leblogmoto\/#website","url":"https:\/\/blogs.thesocialmedia.com\/leblogmoto\/","name":"leblogmoto","description":"Toute l&#039;actualit\u00e9 des 2 roues","potentialAction":[{"@type":"SearchAction","target":{"@type":"EntryPoint","urlTemplate":"https:\/\/blogs.thesocialmedia.com\/leblogmoto\/?s={search_term_string}"},"query-input":{"@type":"PropertyValueSpecification","valueRequired":true,"valueName":"search_term_string"}}],"inLanguage":"fr-FR"},{"@type":"Person","@id":"https:\/\/blogs.thesocialmedia.com\/leblogmoto\/#\/schema\/person\/d20f219f162e8b5de4ea78c909c5be45","name":"thierry marsal","image":{"@type":"ImageObject","inLanguage":"fr-FR","@id":"https:\/\/blogs.thesocialmedia.com\/leblogmoto\/#\/schema\/person\/image\/","url":"https:\/\/secure.gravatar.com\/avatar\/?s=96&d=mm&r=g","contentUrl":"https:\/\/secure.gravatar.com\/avatar\/?s=96&d=mm&r=g","caption":"thierry marsal"},"url":"https:\/\/blogs.thesocialmedia.com\/leblogmoto\/author\/thierry-marsal\/"}]}},"_links":{"self":[{"href":"https:\/\/blogs.thesocialmedia.com\/leblogmoto\/wp-json\/wp\/v2\/posts\/1231","targetHints":{"allow":["GET"]}}],"collection":[{"href":"https:\/\/blogs.thesocialmedia.com\/leblogmoto\/wp-json\/wp\/v2\/posts"}],"about":[{"href":"https:\/\/blogs.thesocialmedia.com\/leblogmoto\/wp-json\/wp\/v2\/types\/post"}],"author":[{"embeddable":true,"href":"https:\/\/blogs.thesocialmedia.com\/leblogmoto\/wp-json\/wp\/v2\/users\/330"}],"replies":[{"embeddable":true,"href":"https:\/\/blogs.thesocialmedia.com\/leblogmoto\/wp-json\/wp\/v2\/comments?post=1231"}],"version-history":[{"count":2,"href":"https:\/\/blogs.thesocialmedia.com\/leblogmoto\/wp-json\/wp\/v2\/posts\/1231\/revisions"}],"predecessor-version":[{"id":8757,"href":"https:\/\/blogs.thesocialmedia.com\/leblogmoto\/wp-json\/wp\/v2\/posts\/1231\/revisions\/8757"}],"wp:attachment":[{"href":"https:\/\/blogs.thesocialmedia.com\/leblogmoto\/wp-json\/wp\/v2\/media?parent=1231"}],"wp:term":[{"taxonomy":"category","embeddable":true,"href":"https:\/\/blogs.thesocialmedia.com\/leblogmoto\/wp-json\/wp\/v2\/categories?post=1231"},{"taxonomy":"post_tag","embeddable":true,"href":"https:\/\/blogs.thesocialmedia.com\/leblogmoto\/wp-json\/wp\/v2\/tags?post=1231"}],"curies":[{"name":"wp","href":"https:\/\/api.w.org\/{rel}","templated":true}]}}