{"id":1232,"date":"2007-09-29T10:01:10","date_gmt":"2007-09-29T10:01:10","guid":{"rendered":"http:\/\/blogs.thesocialmedia.com\/leblogmoto\/2007\/09\/29\/superbike-val-1\/"},"modified":"2012-07-11T14:46:12","modified_gmt":"2012-07-11T14:46:12","slug":"superbike-val-1","status":"publish","type":"post","link":"https:\/\/blogs.thesocialmedia.com\/leblogmoto\/2007\/09\/29\/superbike-val-1\/","title":{"rendered":"Superbike Vallelunga Qualifs 1 : Troy Corser en p\u00f4le provisoire"},"content":{"rendered":"<p><a href=\"http:\/\/blogs.thesocialmedia.com\/leblogmoto\/files\/2012\/07\/vt07_corser_panning.jpg\"><img loading=\"lazy\" decoding=\"async\" width=\"250\" height=\"165\"  alt=\"Vt07_corser_panning\" src=\"http:\/\/www.leblogmoto.com\/images\/2007\/09\/29\/vt07_corser_panning.jpg\" style=\"margin: 0px 5px 5px 0px;float: left\" \/><\/a> C&rsquo;est sur le tout nouveau circuit (italien) de la saison que les pilotes <a href=\"http:\/\/blogs.thesocialmedia.com\/leblogmoto\/files\/2012\/07\/index.html_56.png\">superbike<\/a> s&rsquo;affrontent ce week-end, et le meilleur chrono d&rsquo;hier est attribu\u00e9 \u00e0 l&rsquo;australien <strong>Troy Corser<\/strong> (<a href=\"http:\/\/www.leblogmoto.com\/yamaha\/index.html\">Yamaha<\/a>) qui commence a avoir l&rsquo;habitude d&rsquo;\u00eatre class\u00e9 parmi les tous meilleurs lors des s\u00e9ances de qualifications. On peut dire que les australiens cartonnent fort en ce moment puisque le pilote qui suit Corser n&rsquo;est autre que le ph\u00e9nom\u00e9nal <strong>Troy Bayliss<\/strong> (<a href=\"http:\/\/www.leblogmoto.com\/ducati\/index.html\">Ducati<\/a>). Mais quel est donc le secret de ce pays pour faire gagner ses pilotes? <\/p>\n<p>Peut \u00eatre qu&rsquo;ils sont tout simplement plus rapides que les autres pour s&rsquo;habituer \u00e0 un trac\u00e9 presque inconnu du plateau <a href=\"http:\/\/blogs.thesocialmedia.com\/leblogmoto\/files\/2012\/07\/index.html_56.png\">superbike<\/a>&#8230; En tous les cas, comme nous vous l&rsquo;avions propos\u00e9 <a href=\"http:\/\/www.leblogmoto.com\/2007\/09\/bayliss-teste-l.html\">dans cette news<\/a>, nous savons que <strong>Troy Bayliss<\/strong> a effectu\u00e9 des essais sur ce m\u00eame circuit pas plus tard que la semaine derni\u00e8re<a href=\"http:\/\/clabedan.typepad.com\/.shared\/image.html?\/photos\/uncategorized\/2007\/09\/29\/vt07_corser_act03.jpg\"><img loading=\"lazy\" decoding=\"async\" width=\"250\" height=\"165\"  alt=\"Vt07_corser_act03\" src=\"http:\/\/www.leblogmoto.com\/images\/2007\/09\/29\/vt07_corser_act03.jpg\" style=\"margin: 0px 0px 5px 5px;float: right\" \/><\/a> au guidon de sa future <a href=\"http:\/\/www.leblogmoto.com\/2007\/09\/bayliss-teste-l.html\">1098R<\/a> : <strong><em>&quot;On ne s&rsquo;est pas vraiment concentr\u00e9 sur la course. Ceci dit, j&rsquo;attends dimanche avec impatience parce que je veux remonter ma position au championnat. Je suis quatri\u00e8me pour l&rsquo;instant et je veux faire mieux, troisi\u00e8me ou second. Pour cela, j&rsquo;ai une strat\u00e9gie. La victoire, et si possible pas qu&rsquo;une seule. C&rsquo;est un circuit tr\u00e8s physique, notamment dans la premi\u00e8re partie, il y a des virages qui se prennent en cinqui\u00e8me et en sixi\u00e8me, donc \u00e7a demande beaucoup d&rsquo;efforts sur la moto&quot;.<br \/><\/em><\/strong><br \/> Derri\u00e8re, la bataille fait rage. <strong>Haga<\/strong> (<a href=\"http:\/\/www.leblogmoto.com\/yamaha\/index.html\">Yamaha<\/a>), <strong>Biaggi<\/strong> (<a href=\"http:\/\/www.leblogmoto.com\/suzuki\/index.html\">Suzuki<\/a>), <strong>Toseland<\/strong> (<a href=\"http:\/\/www.leblogmoto.com\/honda\/index.html\">Honda<\/a>), que du beau monde! James Toseland prend donc le 5e temps et il sait d\u00e9sormais \u00e0 quoi s&rsquo;attendre pour dimanche, jour o\u00f9 il pourrait bien \u00eatre sacr\u00e9 champion du monde <a href=\"http:\/\/blogs.thesocialmedia.com\/leblogmoto\/files\/2012\/07\/index.html_56.png\">superbike<\/a> : <em><strong>&quot;On est vraiment pr\u00e8s de la fin de la saison mais \u00e7a \u00e0 l&rsquo;air tr\u00e8s loin pour moi, en particulier apr\u00e8s ce qui est arriv\u00e9 \u00e0 Lausitz. J&rsquo;ai toujours une bonne avanc\u00e9 au championnat mais je sais qu&rsquo;en course tout peut arriver et qu&rsquo;on ne peut se rel\u00e2cher que lorsqu&rsquo;on tient solidement le troph\u00e9e des deux mains&quot;.<\/strong><\/em><\/p>\n<h4><span style=\"font-size: 1.2em\"><u>Premi\u00e8re s\u00e9ance d&rsquo;essais qualificatifs WSBK<\/u><\/span><\/h4>\n<p> 1. Troy Corser (AUS, Yamaha), 1 min 37&rsquo;537 sec<br \/> 2. Troy Bayliss (AUS, Ducati), 1 min 37&rsquo;578 sec<br \/> 3. Noriyuki Haga (JPN, Yamaha), 1 min 37&rsquo;951 sec<br \/> 4. Max Biaggi (ITA, Suzuki), 1 min 37&rsquo;962 sec<br \/> 5. James Toseland (GB, Honda), 1 min 38&rsquo;111 sec<br \/> 6. Roberto Rolfo (ITA, Honda), 1 min 38&rsquo;279 sec<br \/> 7. Michele Fabrizio (ITA, Honda), 1 min 38&rsquo;310 sec<br \/> 8. Regis Laconi (FR, Kawasaki), 1 min 38&rsquo;486 sec<br \/> 9. Shinichi Nakatomi (JPN, Yamaha), 1 min 38&rsquo;573 sec<br \/> 10. Ruben Xaus (SPA, Ducati), 1 min 38&rsquo;659 sec<br \/> 11. Lorenzo Lanzi (ITA, Ducati), 1 min 38&rsquo;892 sec<br \/> 12. Fonsi Nieto (SPA, Kawasaki), 1 min 39&rsquo;010 sec<br \/> 13. Vittorio Iannuzzo (ITA, Kawasaki), 1 min 39&rsquo;017 sec<br \/> 14. Yukio Kagayama (JPN, Suzuki), 1 min 39&rsquo;190 sec<br \/> 15. Karl Muggeridge (AUS, Honda), 1 min 39&rsquo;327 sec<br \/> 20. Yohan Tiberio (FR, Honda), 1 min 39&rsquo;959 sec<\/p>\n","protected":false},"excerpt":{"rendered":"<p>C&rsquo;est sur le tout nouveau circuit (italien) de la saison que les pilotes superbike s&rsquo;affrontent ce week-end, et le meilleur chrono d&rsquo;hier est attribu\u00e9 \u00e0 l&rsquo;australien Troy Corser (Yamaha) qui commence a avoir l&rsquo;habitude d&rsquo;\u00eatre class\u00e9 parmi les tous meilleurs lors des s\u00e9ances de qualifications. On peut dire que les australiens cartonnent fort en ce [&hellip;]<\/p>\n","protected":false},"author":330,"featured_media":0,"comment_status":"open","ping_status":"open","sticky":false,"template":"","format":"standard","meta":{"footnotes":""},"categories":[3,46,44],"tags":[],"class_list":["post-1232","post","type-post","status-publish","format-standard","hentry","category-actualite","category-superbike","category-yamaha"],"yoast_head":"<!-- This site is optimized with the Yoast SEO plugin v26.0 - https:\/\/yoast.com\/wordpress\/plugins\/seo\/ -->\n<title>Superbike Vallelunga Qualifs 1 : Troy Corser en p\u00f4le provisoire - leblogmoto.com<\/title>\n<meta name=\"robots\" content=\"index, follow, max-snippet:-1, max-image-preview:large, max-video-preview:-1\" \/>\n<link rel=\"canonical\" href=\"https:\/\/blogs.thesocialmedia.com\/leblogmoto\/2007\/09\/29\/superbike-val-1\/\" \/>\n<meta name=\"twitter:card\" content=\"summary_large_image\" \/>\n<meta name=\"twitter:title\" content=\"Superbike Vallelunga Qualifs 1 : Troy Corser en p\u00f4le provisoire - leblogmoto.com\" \/>\n<meta name=\"twitter:description\" content=\"C&rsquo;est sur le tout nouveau circuit (italien) de la saison que les pilotes superbike s&rsquo;affrontent ce week-end, et le meilleur chrono d&rsquo;hier est attribu\u00e9 \u00e0 l&rsquo;australien Troy Corser (Yamaha) qui commence a avoir l&rsquo;habitude d&rsquo;\u00eatre class\u00e9 parmi les tous meilleurs lors des s\u00e9ances de qualifications. On peut dire que les australiens cartonnent fort en ce [&hellip;]\" \/>\n<meta name=\"twitter:image\" content=\"http:\/\/www.leblogmoto.com\/images\/2007\/09\/29\/vt07_corser_panning.jpg\" \/>\n<meta name=\"twitter:label1\" content=\"\u00c9crit par\" \/>\n\t<meta name=\"twitter:data1\" content=\"thierry marsal\" \/>\n\t<meta name=\"twitter:label2\" content=\"Dur\u00e9e de lecture estim\u00e9e\" \/>\n\t<meta name=\"twitter:data2\" content=\"2 minutes\" \/>\n<script type=\"application\/ld+json\" class=\"yoast-schema-graph\">{\"@context\":\"https:\/\/schema.org\",\"@graph\":[{\"@type\":\"WebPage\",\"@id\":\"https:\/\/blogs.thesocialmedia.com\/leblogmoto\/2007\/09\/29\/superbike-val-1\/\",\"url\":\"https:\/\/blogs.thesocialmedia.com\/leblogmoto\/2007\/09\/29\/superbike-val-1\/\",\"name\":\"Superbike Vallelunga Qualifs 1 : Troy Corser en p\u00f4le provisoire - leblogmoto.com\",\"isPartOf\":{\"@id\":\"https:\/\/blogs.thesocialmedia.com\/leblogmoto\/#website\"},\"primaryImageOfPage\":{\"@id\":\"https:\/\/blogs.thesocialmedia.com\/leblogmoto\/2007\/09\/29\/superbike-val-1\/#primaryimage\"},\"image\":{\"@id\":\"https:\/\/blogs.thesocialmedia.com\/leblogmoto\/2007\/09\/29\/superbike-val-1\/#primaryimage\"},\"thumbnailUrl\":\"http:\/\/www.leblogmoto.com\/images\/2007\/09\/29\/vt07_corser_panning.jpg\",\"datePublished\":\"2007-09-29T10:01:10+00:00\",\"dateModified\":\"2012-07-11T14:46:12+00:00\",\"author\":{\"@id\":\"https:\/\/blogs.thesocialmedia.com\/leblogmoto\/#\/schema\/person\/d20f219f162e8b5de4ea78c909c5be45\"},\"breadcrumb\":{\"@id\":\"https:\/\/blogs.thesocialmedia.com\/leblogmoto\/2007\/09\/29\/superbike-val-1\/#breadcrumb\"},\"inLanguage\":\"fr-FR\",\"potentialAction\":[{\"@type\":\"ReadAction\",\"target\":[\"https:\/\/blogs.thesocialmedia.com\/leblogmoto\/2007\/09\/29\/superbike-val-1\/\"]}]},{\"@type\":\"ImageObject\",\"inLanguage\":\"fr-FR\",\"@id\":\"https:\/\/blogs.thesocialmedia.com\/leblogmoto\/2007\/09\/29\/superbike-val-1\/#primaryimage\",\"url\":\"http:\/\/www.leblogmoto.com\/images\/2007\/09\/29\/vt07_corser_panning.jpg\",\"contentUrl\":\"http:\/\/www.leblogmoto.com\/images\/2007\/09\/29\/vt07_corser_panning.jpg\"},{\"@type\":\"BreadcrumbList\",\"@id\":\"https:\/\/blogs.thesocialmedia.com\/leblogmoto\/2007\/09\/29\/superbike-val-1\/#breadcrumb\",\"itemListElement\":[{\"@type\":\"ListItem\",\"position\":1,\"name\":\"Accueil\",\"item\":\"https:\/\/blogs.thesocialmedia.com\/leblogmoto\/\"},{\"@type\":\"ListItem\",\"position\":2,\"name\":\"Superbike Vallelunga Qualifs 1 : Troy Corser en p\u00f4le provisoire\"}]},{\"@type\":\"WebSite\",\"@id\":\"https:\/\/blogs.thesocialmedia.com\/leblogmoto\/#website\",\"url\":\"https:\/\/blogs.thesocialmedia.com\/leblogmoto\/\",\"name\":\"leblogmoto\",\"description\":\"Toute l&#039;actualit\u00e9 des 2 roues\",\"potentialAction\":[{\"@type\":\"SearchAction\",\"target\":{\"@type\":\"EntryPoint\",\"urlTemplate\":\"https:\/\/blogs.thesocialmedia.com\/leblogmoto\/?s={search_term_string}\"},\"query-input\":{\"@type\":\"PropertyValueSpecification\",\"valueRequired\":true,\"valueName\":\"search_term_string\"}}],\"inLanguage\":\"fr-FR\"},{\"@type\":\"Person\",\"@id\":\"https:\/\/blogs.thesocialmedia.com\/leblogmoto\/#\/schema\/person\/d20f219f162e8b5de4ea78c909c5be45\",\"name\":\"thierry marsal\",\"image\":{\"@type\":\"ImageObject\",\"inLanguage\":\"fr-FR\",\"@id\":\"https:\/\/blogs.thesocialmedia.com\/leblogmoto\/#\/schema\/person\/image\/\",\"url\":\"https:\/\/secure.gravatar.com\/avatar\/?s=96&d=mm&r=g\",\"contentUrl\":\"https:\/\/secure.gravatar.com\/avatar\/?s=96&d=mm&r=g\",\"caption\":\"thierry marsal\"},\"url\":\"https:\/\/blogs.thesocialmedia.com\/leblogmoto\/author\/thierry-marsal\/\"}]}<\/script>\n<!-- \/ Yoast SEO plugin. -->","yoast_head_json":{"title":"Superbike Vallelunga Qualifs 1 : Troy Corser en p\u00f4le provisoire - leblogmoto.com","robots":{"index":"index","follow":"follow","max-snippet":"max-snippet:-1","max-image-preview":"max-image-preview:large","max-video-preview":"max-video-preview:-1"},"canonical":"https:\/\/blogs.thesocialmedia.com\/leblogmoto\/2007\/09\/29\/superbike-val-1\/","twitter_card":"summary_large_image","twitter_title":"Superbike Vallelunga Qualifs 1 : Troy Corser en p\u00f4le provisoire - leblogmoto.com","twitter_description":"C&rsquo;est sur le tout nouveau circuit (italien) de la saison que les pilotes superbike s&rsquo;affrontent ce week-end, et le meilleur chrono d&rsquo;hier est attribu\u00e9 \u00e0 l&rsquo;australien Troy Corser (Yamaha) qui commence a avoir l&rsquo;habitude d&rsquo;\u00eatre class\u00e9 parmi les tous meilleurs lors des s\u00e9ances de qualifications. On peut dire que les australiens cartonnent fort en ce [&hellip;]","twitter_image":"http:\/\/www.leblogmoto.com\/images\/2007\/09\/29\/vt07_corser_panning.jpg","twitter_misc":{"\u00c9crit par":"thierry marsal","Dur\u00e9e de lecture estim\u00e9e":"2 minutes"},"schema":{"@context":"https:\/\/schema.org","@graph":[{"@type":"WebPage","@id":"https:\/\/blogs.thesocialmedia.com\/leblogmoto\/2007\/09\/29\/superbike-val-1\/","url":"https:\/\/blogs.thesocialmedia.com\/leblogmoto\/2007\/09\/29\/superbike-val-1\/","name":"Superbike Vallelunga Qualifs 1 : Troy Corser en p\u00f4le provisoire - leblogmoto.com","isPartOf":{"@id":"https:\/\/blogs.thesocialmedia.com\/leblogmoto\/#website"},"primaryImageOfPage":{"@id":"https:\/\/blogs.thesocialmedia.com\/leblogmoto\/2007\/09\/29\/superbike-val-1\/#primaryimage"},"image":{"@id":"https:\/\/blogs.thesocialmedia.com\/leblogmoto\/2007\/09\/29\/superbike-val-1\/#primaryimage"},"thumbnailUrl":"http:\/\/www.leblogmoto.com\/images\/2007\/09\/29\/vt07_corser_panning.jpg","datePublished":"2007-09-29T10:01:10+00:00","dateModified":"2012-07-11T14:46:12+00:00","author":{"@id":"https:\/\/blogs.thesocialmedia.com\/leblogmoto\/#\/schema\/person\/d20f219f162e8b5de4ea78c909c5be45"},"breadcrumb":{"@id":"https:\/\/blogs.thesocialmedia.com\/leblogmoto\/2007\/09\/29\/superbike-val-1\/#breadcrumb"},"inLanguage":"fr-FR","potentialAction":[{"@type":"ReadAction","target":["https:\/\/blogs.thesocialmedia.com\/leblogmoto\/2007\/09\/29\/superbike-val-1\/"]}]},{"@type":"ImageObject","inLanguage":"fr-FR","@id":"https:\/\/blogs.thesocialmedia.com\/leblogmoto\/2007\/09\/29\/superbike-val-1\/#primaryimage","url":"http:\/\/www.leblogmoto.com\/images\/2007\/09\/29\/vt07_corser_panning.jpg","contentUrl":"http:\/\/www.leblogmoto.com\/images\/2007\/09\/29\/vt07_corser_panning.jpg"},{"@type":"BreadcrumbList","@id":"https:\/\/blogs.thesocialmedia.com\/leblogmoto\/2007\/09\/29\/superbike-val-1\/#breadcrumb","itemListElement":[{"@type":"ListItem","position":1,"name":"Accueil","item":"https:\/\/blogs.thesocialmedia.com\/leblogmoto\/"},{"@type":"ListItem","position":2,"name":"Superbike Vallelunga Qualifs 1 : Troy Corser en p\u00f4le provisoire"}]},{"@type":"WebSite","@id":"https:\/\/blogs.thesocialmedia.com\/leblogmoto\/#website","url":"https:\/\/blogs.thesocialmedia.com\/leblogmoto\/","name":"leblogmoto","description":"Toute l&#039;actualit\u00e9 des 2 roues","potentialAction":[{"@type":"SearchAction","target":{"@type":"EntryPoint","urlTemplate":"https:\/\/blogs.thesocialmedia.com\/leblogmoto\/?s={search_term_string}"},"query-input":{"@type":"PropertyValueSpecification","valueRequired":true,"valueName":"search_term_string"}}],"inLanguage":"fr-FR"},{"@type":"Person","@id":"https:\/\/blogs.thesocialmedia.com\/leblogmoto\/#\/schema\/person\/d20f219f162e8b5de4ea78c909c5be45","name":"thierry marsal","image":{"@type":"ImageObject","inLanguage":"fr-FR","@id":"https:\/\/blogs.thesocialmedia.com\/leblogmoto\/#\/schema\/person\/image\/","url":"https:\/\/secure.gravatar.com\/avatar\/?s=96&d=mm&r=g","contentUrl":"https:\/\/secure.gravatar.com\/avatar\/?s=96&d=mm&r=g","caption":"thierry marsal"},"url":"https:\/\/blogs.thesocialmedia.com\/leblogmoto\/author\/thierry-marsal\/"}]}},"_links":{"self":[{"href":"https:\/\/blogs.thesocialmedia.com\/leblogmoto\/wp-json\/wp\/v2\/posts\/1232","targetHints":{"allow":["GET"]}}],"collection":[{"href":"https:\/\/blogs.thesocialmedia.com\/leblogmoto\/wp-json\/wp\/v2\/posts"}],"about":[{"href":"https:\/\/blogs.thesocialmedia.com\/leblogmoto\/wp-json\/wp\/v2\/types\/post"}],"author":[{"embeddable":true,"href":"https:\/\/blogs.thesocialmedia.com\/leblogmoto\/wp-json\/wp\/v2\/users\/330"}],"replies":[{"embeddable":true,"href":"https:\/\/blogs.thesocialmedia.com\/leblogmoto\/wp-json\/wp\/v2\/comments?post=1232"}],"version-history":[{"count":2,"href":"https:\/\/blogs.thesocialmedia.com\/leblogmoto\/wp-json\/wp\/v2\/posts\/1232\/revisions"}],"predecessor-version":[{"id":8755,"href":"https:\/\/blogs.thesocialmedia.com\/leblogmoto\/wp-json\/wp\/v2\/posts\/1232\/revisions\/8755"}],"wp:attachment":[{"href":"https:\/\/blogs.thesocialmedia.com\/leblogmoto\/wp-json\/wp\/v2\/media?parent=1232"}],"wp:term":[{"taxonomy":"category","embeddable":true,"href":"https:\/\/blogs.thesocialmedia.com\/leblogmoto\/wp-json\/wp\/v2\/categories?post=1232"},{"taxonomy":"post_tag","embeddable":true,"href":"https:\/\/blogs.thesocialmedia.com\/leblogmoto\/wp-json\/wp\/v2\/tags?post=1232"}],"curies":[{"name":"wp","href":"https:\/\/api.w.org\/{rel}","templated":true}]}}