{"id":1238,"date":"2007-09-27T13:50:16","date_gmt":"2007-09-27T13:50:16","guid":{"rendered":"http:\/\/blogs.thesocialmedia.com\/leblogmoto\/2007\/09\/27\/kawasaki-ninja\/"},"modified":"2012-07-11T14:45:29","modified_gmt":"2012-07-11T14:45:29","slug":"kawasaki-ninja","status":"publish","type":"post","link":"https:\/\/blogs.thesocialmedia.com\/leblogmoto\/2007\/09\/27\/kawasaki-ninja\/","title":{"rendered":"Kawasaki : Ninja 250 R"},"content":{"rendered":"<p><a href=\"http:\/\/blogs.thesocialmedia.com\/leblogmoto\/files\/2012\/07\/kawasakininja250rnoire.jpg\"><img loading=\"lazy\" decoding=\"async\" height=\"336\" alt=\"Kawasakininja250rnoire\" src=\"http:\/\/www.leblogmoto.com\/images\/2007\/09\/27\/kawasakininja250rnoire.jpg\" width=\"470\"  \/><\/a>Oui vous lisez bien, la marque des <a href=\"http:\/\/www.kawasaki.fr\/\">motos vertes<\/a> va s&rsquo;attaquer \u00e0 la cat\u00e9gorie 250 cm3 avec cette Ninja R.<\/p>\n<p>Sa t\u00eate de fourche vous rappellera sans doute l&rsquo;ER6F avec son optique de phare assez gros. Pour le moment, pas d&rsquo;infos du c\u00f4t\u00e9 de la puissance m\u00eame si on pense que celle-ci devrait se situer aux alentours des 30cv. Cette <a href=\"http:\/\/www.kawasaki.fr\/\">Ninja<\/a> devrait \u00eatre dot\u00e9e d&rsquo;un bicylindre quatre-temps en ligne de 249 cm3 (double ACT) \u00e0 refroidissement liquide, bicylindre qui laisse imaginer que cette moto sera assez &quot;coupleuse&quot; dans les bas r\u00e9gimes. Sa partie cycle devrait \u00eatre des plus classiques, ce qui la destinerait plut\u00f4t aux jeunes permis ou \u00e0 ceux qui voudraient se remettre \u00e0 la moto sans soucis. Attendons de voir ce que cela donne&#8230;<br \/><a href=\"http:\/\/clabedan.typepad.com\/.shared\/image.html?\/photos\/uncategorized\/2007\/09\/27\/kawasakininja250r.jpg\"><img loading=\"lazy\" decoding=\"async\" height=\"264\" alt=\"Kawasakininja250r\" src=\"http:\/\/www.leblogmoto.com\/images\/2007\/09\/27\/kawasakininja250r.jpg\" width=\"470\"  \/><\/a> <\/p>\n","protected":false},"excerpt":{"rendered":"<p>Oui vous lisez bien, la marque des motos vertes va s&rsquo;attaquer \u00e0 la cat\u00e9gorie 250 cm3 avec cette Ninja R. Sa t\u00eate de fourche vous rappellera sans doute l&rsquo;ER6F avec son optique de phare assez gros. Pour le moment, pas d&rsquo;infos du c\u00f4t\u00e9 de la puissance m\u00eame si on pense que celle-ci devrait se situer [&hellip;]<\/p>\n","protected":false},"author":329,"featured_media":0,"comment_status":"open","ping_status":"open","sticky":false,"template":"","format":"standard","meta":{"footnotes":""},"categories":[45],"tags":[],"class_list":["post-1238","post","type-post","status-publish","format-standard","hentry","category-kawasaki"],"yoast_head":"<!-- This site is optimized with the Yoast SEO plugin v26.0 - https:\/\/yoast.com\/wordpress\/plugins\/seo\/ -->\n<title>Kawasaki : Ninja 250 R - leblogmoto.com<\/title>\n<meta name=\"robots\" content=\"index, follow, max-snippet:-1, max-image-preview:large, max-video-preview:-1\" \/>\n<link rel=\"canonical\" href=\"https:\/\/blogs.thesocialmedia.com\/leblogmoto\/2007\/09\/27\/kawasaki-ninja\/\" \/>\n<meta name=\"twitter:card\" content=\"summary_large_image\" \/>\n<meta name=\"twitter:title\" content=\"Kawasaki : Ninja 250 R - leblogmoto.com\" \/>\n<meta name=\"twitter:description\" content=\"Oui vous lisez bien, la marque des motos vertes va s&rsquo;attaquer \u00e0 la cat\u00e9gorie 250 cm3 avec cette Ninja R. Sa t\u00eate de fourche vous rappellera sans doute l&rsquo;ER6F avec son optique de phare assez gros. Pour le moment, pas d&rsquo;infos du c\u00f4t\u00e9 de la puissance m\u00eame si on pense que celle-ci devrait se situer [&hellip;]\" \/>\n<meta name=\"twitter:image\" content=\"http:\/\/www.leblogmoto.com\/images\/2007\/09\/27\/kawasakininja250rnoire.jpg\" \/>\n<meta name=\"twitter:label1\" content=\"\u00c9crit par\" \/>\n\t<meta name=\"twitter:data1\" content=\"gregory boucaud\" \/>\n\t<meta name=\"twitter:label2\" content=\"Dur\u00e9e de lecture estim\u00e9e\" \/>\n\t<meta name=\"twitter:data2\" content=\"1 minute\" \/>\n<script type=\"application\/ld+json\" class=\"yoast-schema-graph\">{\"@context\":\"https:\/\/schema.org\",\"@graph\":[{\"@type\":\"WebPage\",\"@id\":\"https:\/\/blogs.thesocialmedia.com\/leblogmoto\/2007\/09\/27\/kawasaki-ninja\/\",\"url\":\"https:\/\/blogs.thesocialmedia.com\/leblogmoto\/2007\/09\/27\/kawasaki-ninja\/\",\"name\":\"Kawasaki : Ninja 250 R - leblogmoto.com\",\"isPartOf\":{\"@id\":\"https:\/\/blogs.thesocialmedia.com\/leblogmoto\/#website\"},\"primaryImageOfPage\":{\"@id\":\"https:\/\/blogs.thesocialmedia.com\/leblogmoto\/2007\/09\/27\/kawasaki-ninja\/#primaryimage\"},\"image\":{\"@id\":\"https:\/\/blogs.thesocialmedia.com\/leblogmoto\/2007\/09\/27\/kawasaki-ninja\/#primaryimage\"},\"thumbnailUrl\":\"http:\/\/www.leblogmoto.com\/images\/2007\/09\/27\/kawasakininja250rnoire.jpg\",\"datePublished\":\"2007-09-27T13:50:16+00:00\",\"dateModified\":\"2012-07-11T14:45:29+00:00\",\"author\":{\"@id\":\"https:\/\/blogs.thesocialmedia.com\/leblogmoto\/#\/schema\/person\/769623f89741cc3381675029a37764f8\"},\"breadcrumb\":{\"@id\":\"https:\/\/blogs.thesocialmedia.com\/leblogmoto\/2007\/09\/27\/kawasaki-ninja\/#breadcrumb\"},\"inLanguage\":\"fr-FR\",\"potentialAction\":[{\"@type\":\"ReadAction\",\"target\":[\"https:\/\/blogs.thesocialmedia.com\/leblogmoto\/2007\/09\/27\/kawasaki-ninja\/\"]}]},{\"@type\":\"ImageObject\",\"inLanguage\":\"fr-FR\",\"@id\":\"https:\/\/blogs.thesocialmedia.com\/leblogmoto\/2007\/09\/27\/kawasaki-ninja\/#primaryimage\",\"url\":\"http:\/\/www.leblogmoto.com\/images\/2007\/09\/27\/kawasakininja250rnoire.jpg\",\"contentUrl\":\"http:\/\/www.leblogmoto.com\/images\/2007\/09\/27\/kawasakininja250rnoire.jpg\"},{\"@type\":\"BreadcrumbList\",\"@id\":\"https:\/\/blogs.thesocialmedia.com\/leblogmoto\/2007\/09\/27\/kawasaki-ninja\/#breadcrumb\",\"itemListElement\":[{\"@type\":\"ListItem\",\"position\":1,\"name\":\"Accueil\",\"item\":\"https:\/\/blogs.thesocialmedia.com\/leblogmoto\/\"},{\"@type\":\"ListItem\",\"position\":2,\"name\":\"Kawasaki : Ninja 250 R\"}]},{\"@type\":\"WebSite\",\"@id\":\"https:\/\/blogs.thesocialmedia.com\/leblogmoto\/#website\",\"url\":\"https:\/\/blogs.thesocialmedia.com\/leblogmoto\/\",\"name\":\"leblogmoto\",\"description\":\"Toute l&#039;actualit\u00e9 des 2 roues\",\"potentialAction\":[{\"@type\":\"SearchAction\",\"target\":{\"@type\":\"EntryPoint\",\"urlTemplate\":\"https:\/\/blogs.thesocialmedia.com\/leblogmoto\/?s={search_term_string}\"},\"query-input\":{\"@type\":\"PropertyValueSpecification\",\"valueRequired\":true,\"valueName\":\"search_term_string\"}}],\"inLanguage\":\"fr-FR\"},{\"@type\":\"Person\",\"@id\":\"https:\/\/blogs.thesocialmedia.com\/leblogmoto\/#\/schema\/person\/769623f89741cc3381675029a37764f8\",\"name\":\"gregory boucaud\",\"image\":{\"@type\":\"ImageObject\",\"inLanguage\":\"fr-FR\",\"@id\":\"https:\/\/blogs.thesocialmedia.com\/leblogmoto\/#\/schema\/person\/image\/\",\"url\":\"https:\/\/secure.gravatar.com\/avatar\/?s=96&d=mm&r=g\",\"contentUrl\":\"https:\/\/secure.gravatar.com\/avatar\/?s=96&d=mm&r=g\",\"caption\":\"gregory boucaud\"},\"url\":\"https:\/\/blogs.thesocialmedia.com\/leblogmoto\/author\/gregory-boucaud\/\"}]}<\/script>\n<!-- \/ Yoast SEO plugin. -->","yoast_head_json":{"title":"Kawasaki : Ninja 250 R - leblogmoto.com","robots":{"index":"index","follow":"follow","max-snippet":"max-snippet:-1","max-image-preview":"max-image-preview:large","max-video-preview":"max-video-preview:-1"},"canonical":"https:\/\/blogs.thesocialmedia.com\/leblogmoto\/2007\/09\/27\/kawasaki-ninja\/","twitter_card":"summary_large_image","twitter_title":"Kawasaki : Ninja 250 R - leblogmoto.com","twitter_description":"Oui vous lisez bien, la marque des motos vertes va s&rsquo;attaquer \u00e0 la cat\u00e9gorie 250 cm3 avec cette Ninja R. Sa t\u00eate de fourche vous rappellera sans doute l&rsquo;ER6F avec son optique de phare assez gros. Pour le moment, pas d&rsquo;infos du c\u00f4t\u00e9 de la puissance m\u00eame si on pense que celle-ci devrait se situer [&hellip;]","twitter_image":"http:\/\/www.leblogmoto.com\/images\/2007\/09\/27\/kawasakininja250rnoire.jpg","twitter_misc":{"\u00c9crit par":"gregory boucaud","Dur\u00e9e de lecture estim\u00e9e":"1 minute"},"schema":{"@context":"https:\/\/schema.org","@graph":[{"@type":"WebPage","@id":"https:\/\/blogs.thesocialmedia.com\/leblogmoto\/2007\/09\/27\/kawasaki-ninja\/","url":"https:\/\/blogs.thesocialmedia.com\/leblogmoto\/2007\/09\/27\/kawasaki-ninja\/","name":"Kawasaki : Ninja 250 R - leblogmoto.com","isPartOf":{"@id":"https:\/\/blogs.thesocialmedia.com\/leblogmoto\/#website"},"primaryImageOfPage":{"@id":"https:\/\/blogs.thesocialmedia.com\/leblogmoto\/2007\/09\/27\/kawasaki-ninja\/#primaryimage"},"image":{"@id":"https:\/\/blogs.thesocialmedia.com\/leblogmoto\/2007\/09\/27\/kawasaki-ninja\/#primaryimage"},"thumbnailUrl":"http:\/\/www.leblogmoto.com\/images\/2007\/09\/27\/kawasakininja250rnoire.jpg","datePublished":"2007-09-27T13:50:16+00:00","dateModified":"2012-07-11T14:45:29+00:00","author":{"@id":"https:\/\/blogs.thesocialmedia.com\/leblogmoto\/#\/schema\/person\/769623f89741cc3381675029a37764f8"},"breadcrumb":{"@id":"https:\/\/blogs.thesocialmedia.com\/leblogmoto\/2007\/09\/27\/kawasaki-ninja\/#breadcrumb"},"inLanguage":"fr-FR","potentialAction":[{"@type":"ReadAction","target":["https:\/\/blogs.thesocialmedia.com\/leblogmoto\/2007\/09\/27\/kawasaki-ninja\/"]}]},{"@type":"ImageObject","inLanguage":"fr-FR","@id":"https:\/\/blogs.thesocialmedia.com\/leblogmoto\/2007\/09\/27\/kawasaki-ninja\/#primaryimage","url":"http:\/\/www.leblogmoto.com\/images\/2007\/09\/27\/kawasakininja250rnoire.jpg","contentUrl":"http:\/\/www.leblogmoto.com\/images\/2007\/09\/27\/kawasakininja250rnoire.jpg"},{"@type":"BreadcrumbList","@id":"https:\/\/blogs.thesocialmedia.com\/leblogmoto\/2007\/09\/27\/kawasaki-ninja\/#breadcrumb","itemListElement":[{"@type":"ListItem","position":1,"name":"Accueil","item":"https:\/\/blogs.thesocialmedia.com\/leblogmoto\/"},{"@type":"ListItem","position":2,"name":"Kawasaki : Ninja 250 R"}]},{"@type":"WebSite","@id":"https:\/\/blogs.thesocialmedia.com\/leblogmoto\/#website","url":"https:\/\/blogs.thesocialmedia.com\/leblogmoto\/","name":"leblogmoto","description":"Toute l&#039;actualit\u00e9 des 2 roues","potentialAction":[{"@type":"SearchAction","target":{"@type":"EntryPoint","urlTemplate":"https:\/\/blogs.thesocialmedia.com\/leblogmoto\/?s={search_term_string}"},"query-input":{"@type":"PropertyValueSpecification","valueRequired":true,"valueName":"search_term_string"}}],"inLanguage":"fr-FR"},{"@type":"Person","@id":"https:\/\/blogs.thesocialmedia.com\/leblogmoto\/#\/schema\/person\/769623f89741cc3381675029a37764f8","name":"gregory boucaud","image":{"@type":"ImageObject","inLanguage":"fr-FR","@id":"https:\/\/blogs.thesocialmedia.com\/leblogmoto\/#\/schema\/person\/image\/","url":"https:\/\/secure.gravatar.com\/avatar\/?s=96&d=mm&r=g","contentUrl":"https:\/\/secure.gravatar.com\/avatar\/?s=96&d=mm&r=g","caption":"gregory boucaud"},"url":"https:\/\/blogs.thesocialmedia.com\/leblogmoto\/author\/gregory-boucaud\/"}]}},"_links":{"self":[{"href":"https:\/\/blogs.thesocialmedia.com\/leblogmoto\/wp-json\/wp\/v2\/posts\/1238","targetHints":{"allow":["GET"]}}],"collection":[{"href":"https:\/\/blogs.thesocialmedia.com\/leblogmoto\/wp-json\/wp\/v2\/posts"}],"about":[{"href":"https:\/\/blogs.thesocialmedia.com\/leblogmoto\/wp-json\/wp\/v2\/types\/post"}],"author":[{"embeddable":true,"href":"https:\/\/blogs.thesocialmedia.com\/leblogmoto\/wp-json\/wp\/v2\/users\/329"}],"replies":[{"embeddable":true,"href":"https:\/\/blogs.thesocialmedia.com\/leblogmoto\/wp-json\/wp\/v2\/comments?post=1238"}],"version-history":[{"count":2,"href":"https:\/\/blogs.thesocialmedia.com\/leblogmoto\/wp-json\/wp\/v2\/posts\/1238\/revisions"}],"predecessor-version":[{"id":8730,"href":"https:\/\/blogs.thesocialmedia.com\/leblogmoto\/wp-json\/wp\/v2\/posts\/1238\/revisions\/8730"}],"wp:attachment":[{"href":"https:\/\/blogs.thesocialmedia.com\/leblogmoto\/wp-json\/wp\/v2\/media?parent=1238"}],"wp:term":[{"taxonomy":"category","embeddable":true,"href":"https:\/\/blogs.thesocialmedia.com\/leblogmoto\/wp-json\/wp\/v2\/categories?post=1238"},{"taxonomy":"post_tag","embeddable":true,"href":"https:\/\/blogs.thesocialmedia.com\/leblogmoto\/wp-json\/wp\/v2\/tags?post=1238"}],"curies":[{"name":"wp","href":"https:\/\/api.w.org\/{rel}","templated":true}]}}