{"id":1240,"date":"2007-09-25T11:22:20","date_gmt":"2007-09-25T11:22:20","guid":{"rendered":"http:\/\/blogs.thesocialmedia.com\/leblogmoto\/2007\/09\/25\/moto-gp-austral\/"},"modified":"2012-07-11T14:45:25","modified_gmt":"2012-07-11T14:45:25","slug":"moto-gp-austral","status":"publish","type":"post","link":"https:\/\/blogs.thesocialmedia.com\/leblogmoto\/2007\/09\/25\/moto-gp-austral\/","title":{"rendered":"Moto GP Australie : Dani Pedrosa incertain"},"content":{"rendered":"<p><a href=\"http:\/\/blogs.thesocialmedia.com\/leblogmoto\/files\/2012\/07\/1170930685_a103868b87_o.jpg\"><img loading=\"lazy\" decoding=\"async\" width=\"470\" height=\"333\"  src=\"http:\/\/www.leblogmoto.com\/images\/2007\/09\/25\/1170930685_a103868b87_o.jpg\" alt=\"1170930685_a103868b87_o\" style=\"margin: 0px 5px 5px 0px;float: left\" \/><\/a> L&rsquo;espagnol n&rsquo;est pas certain de pouvoir participer au <a href=\"http:\/\/www.leblogmoto.com\/motogp\/index.htmlhttp:\/\/\">grand prix<\/a> d&rsquo;Australie, la faute \u00e0 cette lourde chute qui a mis fin \u00e0 tout ses espoirs de victoire <a href=\"http:\/\/www.leblogmoto.com\/2007\/09\/moto-gp-japon-2.html#more\">au Japon<\/a>. <strong>Dani<\/strong>, qui \u00e9tait parti en p\u00f4le position dimanche et <a href=\"http:\/\/www.leblogmoto.com\/2007\/09\/moto-gp-japon-l.html#more\">qui avait r\u00e9gl\u00e9 d&rsquo;une main de ma\u00eetre<\/a> toutes les s\u00e9ances d&rsquo;essais du week-end, avait toutes les chances de remporter ce grand prix. <\/p>\n<p>Une chute viendra tout arr\u00eater, dommage, mais c&rsquo;est peut \u00eatre bien le pilote espagnol qui a commis une erreur technique. En effet, et il le reconnait lui m\u00eame, il aurait peut \u00eatre du s&rsquo;arr\u00eater aux stands un peu plus t\u00f4t pour changer sa moto : <strong><em>&quot;Peut-\u00eatre que j&rsquo;aurais d\u00fb rentrer aux stands avant, mais maintenant que je sais comment cela c&rsquo;est fini, c&rsquo;est plus facile a dire!<\/em>&quot;<\/strong>. Toujours est il que Dani Pedrosa souffre d&rsquo;une blessure au pied gauche et que l&rsquo;on a tout d&rsquo;abord pens\u00e9 \u00e0 une fracture. <strong><em>&quot;La chose plus pr\u00e9occupante \u00e0 l&rsquo;instant est que je sens la douleur comme si je m&rsquo;\u00e9tais fractur\u00e9 un os dans le pied&quot;<\/em><\/strong>.<\/p>\n<p>Incertain pour le grand prix <a href=\"http:\/\/www.leblogmoto.com\/motogp\/index.htmlhttp:\/\/\">moto GP<\/a> d&rsquo;Australie, <strong>Pedrosa<\/strong> (<a href=\"http:\/\/www.leblogmoto.com\/honda\/index.html\">Honda<\/a>) est actuellement 3e du championnat derri\u00e8re <strong>Valentino Rossi<\/strong> (<a href=\"http:\/\/www.leblogmoto.com\/yamaha\/index.html\">Yamaha<\/a>). Un abandon en Australie et ses espoirs de terminer 2e et de battre Rossi au classement g\u00e9n\u00e9ral s&rsquo;envoleraient. D&rsquo;autant qu&rsquo;il n&rsquo;est m\u00eame pas certain que Dani r\u00e9ussisse a conserver cette 3e place, les pilotes <strong>Hopkins<\/strong> et <strong>Vermeleun<\/strong> n&rsquo;ayant pas un retard insurmontable.<\/p>\n","protected":false},"excerpt":{"rendered":"<p>L&rsquo;espagnol n&rsquo;est pas certain de pouvoir participer au grand prix d&rsquo;Australie, la faute \u00e0 cette lourde chute qui a mis fin \u00e0 tout ses espoirs de victoire au Japon. Dani, qui \u00e9tait parti en p\u00f4le position dimanche et qui avait r\u00e9gl\u00e9 d&rsquo;une main de ma\u00eetre toutes les s\u00e9ances d&rsquo;essais du week-end, avait toutes les chances [&hellip;]<\/p>\n","protected":false},"author":330,"featured_media":0,"comment_status":"open","ping_status":"open","sticky":false,"template":"","format":"standard","meta":{"footnotes":""},"categories":[3,14,22],"tags":[],"class_list":["post-1240","post","type-post","status-publish","format-standard","hentry","category-actualite","category-honda","category-motogp"],"yoast_head":"<!-- This site is optimized with the Yoast SEO plugin v26.0 - https:\/\/yoast.com\/wordpress\/plugins\/seo\/ -->\n<title>Moto GP Australie : Dani Pedrosa incertain - leblogmoto.com<\/title>\n<meta name=\"robots\" content=\"index, follow, max-snippet:-1, max-image-preview:large, max-video-preview:-1\" \/>\n<link rel=\"canonical\" href=\"https:\/\/blogs.thesocialmedia.com\/leblogmoto\/2007\/09\/25\/moto-gp-austral\/\" \/>\n<meta name=\"twitter:card\" content=\"summary_large_image\" \/>\n<meta name=\"twitter:title\" content=\"Moto GP Australie : Dani Pedrosa incertain - leblogmoto.com\" \/>\n<meta name=\"twitter:description\" content=\"L&rsquo;espagnol n&rsquo;est pas certain de pouvoir participer au grand prix d&rsquo;Australie, la faute \u00e0 cette lourde chute qui a mis fin \u00e0 tout ses espoirs de victoire au Japon. Dani, qui \u00e9tait parti en p\u00f4le position dimanche et qui avait r\u00e9gl\u00e9 d&rsquo;une main de ma\u00eetre toutes les s\u00e9ances d&rsquo;essais du week-end, avait toutes les chances [&hellip;]\" \/>\n<meta name=\"twitter:image\" content=\"http:\/\/www.leblogmoto.com\/images\/2007\/09\/25\/1170930685_a103868b87_o.jpg\" \/>\n<meta name=\"twitter:label1\" content=\"\u00c9crit par\" \/>\n\t<meta name=\"twitter:data1\" content=\"thierry marsal\" \/>\n\t<meta name=\"twitter:label2\" content=\"Dur\u00e9e de lecture estim\u00e9e\" \/>\n\t<meta name=\"twitter:data2\" content=\"1 minute\" \/>\n<script type=\"application\/ld+json\" class=\"yoast-schema-graph\">{\"@context\":\"https:\/\/schema.org\",\"@graph\":[{\"@type\":\"WebPage\",\"@id\":\"https:\/\/blogs.thesocialmedia.com\/leblogmoto\/2007\/09\/25\/moto-gp-austral\/\",\"url\":\"https:\/\/blogs.thesocialmedia.com\/leblogmoto\/2007\/09\/25\/moto-gp-austral\/\",\"name\":\"Moto GP Australie : Dani Pedrosa incertain - leblogmoto.com\",\"isPartOf\":{\"@id\":\"https:\/\/blogs.thesocialmedia.com\/leblogmoto\/#website\"},\"primaryImageOfPage\":{\"@id\":\"https:\/\/blogs.thesocialmedia.com\/leblogmoto\/2007\/09\/25\/moto-gp-austral\/#primaryimage\"},\"image\":{\"@id\":\"https:\/\/blogs.thesocialmedia.com\/leblogmoto\/2007\/09\/25\/moto-gp-austral\/#primaryimage\"},\"thumbnailUrl\":\"http:\/\/www.leblogmoto.com\/images\/2007\/09\/25\/1170930685_a103868b87_o.jpg\",\"datePublished\":\"2007-09-25T11:22:20+00:00\",\"dateModified\":\"2012-07-11T14:45:25+00:00\",\"author\":{\"@id\":\"https:\/\/blogs.thesocialmedia.com\/leblogmoto\/#\/schema\/person\/d20f219f162e8b5de4ea78c909c5be45\"},\"breadcrumb\":{\"@id\":\"https:\/\/blogs.thesocialmedia.com\/leblogmoto\/2007\/09\/25\/moto-gp-austral\/#breadcrumb\"},\"inLanguage\":\"fr-FR\",\"potentialAction\":[{\"@type\":\"ReadAction\",\"target\":[\"https:\/\/blogs.thesocialmedia.com\/leblogmoto\/2007\/09\/25\/moto-gp-austral\/\"]}]},{\"@type\":\"ImageObject\",\"inLanguage\":\"fr-FR\",\"@id\":\"https:\/\/blogs.thesocialmedia.com\/leblogmoto\/2007\/09\/25\/moto-gp-austral\/#primaryimage\",\"url\":\"http:\/\/www.leblogmoto.com\/images\/2007\/09\/25\/1170930685_a103868b87_o.jpg\",\"contentUrl\":\"http:\/\/www.leblogmoto.com\/images\/2007\/09\/25\/1170930685_a103868b87_o.jpg\"},{\"@type\":\"BreadcrumbList\",\"@id\":\"https:\/\/blogs.thesocialmedia.com\/leblogmoto\/2007\/09\/25\/moto-gp-austral\/#breadcrumb\",\"itemListElement\":[{\"@type\":\"ListItem\",\"position\":1,\"name\":\"Accueil\",\"item\":\"https:\/\/blogs.thesocialmedia.com\/leblogmoto\/\"},{\"@type\":\"ListItem\",\"position\":2,\"name\":\"Moto GP Australie : Dani Pedrosa incertain\"}]},{\"@type\":\"WebSite\",\"@id\":\"https:\/\/blogs.thesocialmedia.com\/leblogmoto\/#website\",\"url\":\"https:\/\/blogs.thesocialmedia.com\/leblogmoto\/\",\"name\":\"leblogmoto\",\"description\":\"Toute l&#039;actualit\u00e9 des 2 roues\",\"potentialAction\":[{\"@type\":\"SearchAction\",\"target\":{\"@type\":\"EntryPoint\",\"urlTemplate\":\"https:\/\/blogs.thesocialmedia.com\/leblogmoto\/?s={search_term_string}\"},\"query-input\":{\"@type\":\"PropertyValueSpecification\",\"valueRequired\":true,\"valueName\":\"search_term_string\"}}],\"inLanguage\":\"fr-FR\"},{\"@type\":\"Person\",\"@id\":\"https:\/\/blogs.thesocialmedia.com\/leblogmoto\/#\/schema\/person\/d20f219f162e8b5de4ea78c909c5be45\",\"name\":\"thierry marsal\",\"image\":{\"@type\":\"ImageObject\",\"inLanguage\":\"fr-FR\",\"@id\":\"https:\/\/blogs.thesocialmedia.com\/leblogmoto\/#\/schema\/person\/image\/\",\"url\":\"https:\/\/secure.gravatar.com\/avatar\/?s=96&d=mm&r=g\",\"contentUrl\":\"https:\/\/secure.gravatar.com\/avatar\/?s=96&d=mm&r=g\",\"caption\":\"thierry marsal\"},\"url\":\"https:\/\/blogs.thesocialmedia.com\/leblogmoto\/author\/thierry-marsal\/\"}]}<\/script>\n<!-- \/ Yoast SEO plugin. -->","yoast_head_json":{"title":"Moto GP Australie : Dani Pedrosa incertain - leblogmoto.com","robots":{"index":"index","follow":"follow","max-snippet":"max-snippet:-1","max-image-preview":"max-image-preview:large","max-video-preview":"max-video-preview:-1"},"canonical":"https:\/\/blogs.thesocialmedia.com\/leblogmoto\/2007\/09\/25\/moto-gp-austral\/","twitter_card":"summary_large_image","twitter_title":"Moto GP Australie : Dani Pedrosa incertain - leblogmoto.com","twitter_description":"L&rsquo;espagnol n&rsquo;est pas certain de pouvoir participer au grand prix d&rsquo;Australie, la faute \u00e0 cette lourde chute qui a mis fin \u00e0 tout ses espoirs de victoire au Japon. Dani, qui \u00e9tait parti en p\u00f4le position dimanche et qui avait r\u00e9gl\u00e9 d&rsquo;une main de ma\u00eetre toutes les s\u00e9ances d&rsquo;essais du week-end, avait toutes les chances [&hellip;]","twitter_image":"http:\/\/www.leblogmoto.com\/images\/2007\/09\/25\/1170930685_a103868b87_o.jpg","twitter_misc":{"\u00c9crit par":"thierry marsal","Dur\u00e9e de lecture estim\u00e9e":"1 minute"},"schema":{"@context":"https:\/\/schema.org","@graph":[{"@type":"WebPage","@id":"https:\/\/blogs.thesocialmedia.com\/leblogmoto\/2007\/09\/25\/moto-gp-austral\/","url":"https:\/\/blogs.thesocialmedia.com\/leblogmoto\/2007\/09\/25\/moto-gp-austral\/","name":"Moto GP Australie : Dani Pedrosa incertain - leblogmoto.com","isPartOf":{"@id":"https:\/\/blogs.thesocialmedia.com\/leblogmoto\/#website"},"primaryImageOfPage":{"@id":"https:\/\/blogs.thesocialmedia.com\/leblogmoto\/2007\/09\/25\/moto-gp-austral\/#primaryimage"},"image":{"@id":"https:\/\/blogs.thesocialmedia.com\/leblogmoto\/2007\/09\/25\/moto-gp-austral\/#primaryimage"},"thumbnailUrl":"http:\/\/www.leblogmoto.com\/images\/2007\/09\/25\/1170930685_a103868b87_o.jpg","datePublished":"2007-09-25T11:22:20+00:00","dateModified":"2012-07-11T14:45:25+00:00","author":{"@id":"https:\/\/blogs.thesocialmedia.com\/leblogmoto\/#\/schema\/person\/d20f219f162e8b5de4ea78c909c5be45"},"breadcrumb":{"@id":"https:\/\/blogs.thesocialmedia.com\/leblogmoto\/2007\/09\/25\/moto-gp-austral\/#breadcrumb"},"inLanguage":"fr-FR","potentialAction":[{"@type":"ReadAction","target":["https:\/\/blogs.thesocialmedia.com\/leblogmoto\/2007\/09\/25\/moto-gp-austral\/"]}]},{"@type":"ImageObject","inLanguage":"fr-FR","@id":"https:\/\/blogs.thesocialmedia.com\/leblogmoto\/2007\/09\/25\/moto-gp-austral\/#primaryimage","url":"http:\/\/www.leblogmoto.com\/images\/2007\/09\/25\/1170930685_a103868b87_o.jpg","contentUrl":"http:\/\/www.leblogmoto.com\/images\/2007\/09\/25\/1170930685_a103868b87_o.jpg"},{"@type":"BreadcrumbList","@id":"https:\/\/blogs.thesocialmedia.com\/leblogmoto\/2007\/09\/25\/moto-gp-austral\/#breadcrumb","itemListElement":[{"@type":"ListItem","position":1,"name":"Accueil","item":"https:\/\/blogs.thesocialmedia.com\/leblogmoto\/"},{"@type":"ListItem","position":2,"name":"Moto GP Australie : Dani Pedrosa incertain"}]},{"@type":"WebSite","@id":"https:\/\/blogs.thesocialmedia.com\/leblogmoto\/#website","url":"https:\/\/blogs.thesocialmedia.com\/leblogmoto\/","name":"leblogmoto","description":"Toute l&#039;actualit\u00e9 des 2 roues","potentialAction":[{"@type":"SearchAction","target":{"@type":"EntryPoint","urlTemplate":"https:\/\/blogs.thesocialmedia.com\/leblogmoto\/?s={search_term_string}"},"query-input":{"@type":"PropertyValueSpecification","valueRequired":true,"valueName":"search_term_string"}}],"inLanguage":"fr-FR"},{"@type":"Person","@id":"https:\/\/blogs.thesocialmedia.com\/leblogmoto\/#\/schema\/person\/d20f219f162e8b5de4ea78c909c5be45","name":"thierry marsal","image":{"@type":"ImageObject","inLanguage":"fr-FR","@id":"https:\/\/blogs.thesocialmedia.com\/leblogmoto\/#\/schema\/person\/image\/","url":"https:\/\/secure.gravatar.com\/avatar\/?s=96&d=mm&r=g","contentUrl":"https:\/\/secure.gravatar.com\/avatar\/?s=96&d=mm&r=g","caption":"thierry marsal"},"url":"https:\/\/blogs.thesocialmedia.com\/leblogmoto\/author\/thierry-marsal\/"}]}},"_links":{"self":[{"href":"https:\/\/blogs.thesocialmedia.com\/leblogmoto\/wp-json\/wp\/v2\/posts\/1240","targetHints":{"allow":["GET"]}}],"collection":[{"href":"https:\/\/blogs.thesocialmedia.com\/leblogmoto\/wp-json\/wp\/v2\/posts"}],"about":[{"href":"https:\/\/blogs.thesocialmedia.com\/leblogmoto\/wp-json\/wp\/v2\/types\/post"}],"author":[{"embeddable":true,"href":"https:\/\/blogs.thesocialmedia.com\/leblogmoto\/wp-json\/wp\/v2\/users\/330"}],"replies":[{"embeddable":true,"href":"https:\/\/blogs.thesocialmedia.com\/leblogmoto\/wp-json\/wp\/v2\/comments?post=1240"}],"version-history":[{"count":2,"href":"https:\/\/blogs.thesocialmedia.com\/leblogmoto\/wp-json\/wp\/v2\/posts\/1240\/revisions"}],"predecessor-version":[{"id":8726,"href":"https:\/\/blogs.thesocialmedia.com\/leblogmoto\/wp-json\/wp\/v2\/posts\/1240\/revisions\/8726"}],"wp:attachment":[{"href":"https:\/\/blogs.thesocialmedia.com\/leblogmoto\/wp-json\/wp\/v2\/media?parent=1240"}],"wp:term":[{"taxonomy":"category","embeddable":true,"href":"https:\/\/blogs.thesocialmedia.com\/leblogmoto\/wp-json\/wp\/v2\/categories?post=1240"},{"taxonomy":"post_tag","embeddable":true,"href":"https:\/\/blogs.thesocialmedia.com\/leblogmoto\/wp-json\/wp\/v2\/tags?post=1240"}],"curies":[{"name":"wp","href":"https:\/\/api.w.org\/{rel}","templated":true}]}}