{"id":1242,"date":"2007-09-24T22:03:55","date_gmt":"2007-09-24T22:03:55","guid":{"rendered":"http:\/\/blogs.thesocialmedia.com\/leblogmoto\/2007\/09\/24\/lacem-change-de\/"},"modified":"2012-07-11T14:45:14","modified_gmt":"2012-07-11T14:45:14","slug":"lacem-change-de","status":"publish","type":"post","link":"https:\/\/blogs.thesocialmedia.com\/leblogmoto\/2007\/09\/24\/lacem-change-de\/","title":{"rendered":"L&rsquo;ACEM change de t\u00eate&#8230;"},"content":{"rendered":"<p><a href=\"http:\/\/blogs.thesocialmedia.com\/leblogmoto\/files\/2012\/07\/stefanpierer.jpg\"><img loading=\"lazy\" decoding=\"async\" height=\"187\" alt=\"Stefanpierer\" src=\"http:\/\/www.leblogmoto.com\/images\/2007\/09\/24\/stefanpierer.jpg\" width=\"250\"  \/><\/a> Stefan Pierer, 51 ans, PDG de <a href=\"http:\/\/www.ktm.com\/KTM-Ready-to-Race.1.7.html\">KTM <\/a>et actionnaire majoritaire de la marque depuis 1992 prend la suite de Herbert Diess, PDG de <a href=\"http:\/\/www.bmw-motorrad.com.fr\/fr\/fr\/index.html\">BMW Motorrad<\/a>, \u00e0 la pr\u00e9sidence de l&rsquo;<a href=\"http:\/\/www.acembike.org\/\">ACEM <\/a>(Association des Constructeurs Europ\u00e9ens de Motocycles). Esp\u00e9rons qu&rsquo;il r\u00e9ussira \u00e0 faire aussi bien que son pr\u00e9d\u00e9cesseur qui, au cours de ses deux mandats, a fait augmenter le nombre d&rsquo;adh\u00e9rents de l&rsquo;assiociation et s&rsquo;est concentr\u00e9 sur l&rsquo;am\u00e9lioration de la s\u00e9curit\u00e9 routi\u00e8re et du transport urbain.<\/p>\n<p>A la fin de l&rsquo;\u00e9lection, Stefan Pierer a affirm\u00e9 vouloir participer, au travers de l&rsquo;ACEM, au d\u00e9veloppement d&rsquo;un syst\u00e8me de transport durable, suivant ainsi les traces de Herbert Diess. La vice-pr\u00e9sidence de l&rsquo;ACEM sera toujours occup\u00e9 par Leo Francesco Mercanti, PDG d&rsquo;<a href=\"http:\/\/france.aprilia.com\/\">Aprilia<\/a> et vice-PDG de <a href=\"http:\/\/www.fr.piaggio.com\/_vti_g5_1.asp?brand=PIAGGIO&amp;country=FR&amp;language=F\">Piaggio<\/a>, tandis que le second vice-pr\u00e9sident sera Fritz Geri, vice-pr\u00e9sident de <a href=\"http:\/\/www.bmw-motorrad.com.fr\/fr\/fr\/index.html\">BMW Motorrad<\/a>.<\/p>\n<p>Rappelons que l&rsquo;ACEM repr\u00e9sente les int\u00e9r\u00eats et comp\u00e9tences de onze constructeurs de deux roues, ce qui repr\u00e9sente vingt marques. Ainsi elle d\u00e9gage un chiffre d&rsquo;affaire de dix milliards d&rsquo;euros et emploie 100 000 personnes.<\/p>\n","protected":false},"excerpt":{"rendered":"<p>Stefan Pierer, 51 ans, PDG de KTM et actionnaire majoritaire de la marque depuis 1992 prend la suite de Herbert Diess, PDG de BMW Motorrad, \u00e0 la pr\u00e9sidence de l&rsquo;ACEM (Association des Constructeurs Europ\u00e9ens de Motocycles). Esp\u00e9rons qu&rsquo;il r\u00e9ussira \u00e0 faire aussi bien que son pr\u00e9d\u00e9cesseur qui, au cours de ses deux mandats, a fait [&hellip;]<\/p>\n","protected":false},"author":329,"featured_media":0,"comment_status":"open","ping_status":"open","sticky":false,"template":"","format":"standard","meta":{"footnotes":""},"categories":[3],"tags":[],"class_list":["post-1242","post","type-post","status-publish","format-standard","hentry","category-actualite"],"yoast_head":"<!-- This site is optimized with the Yoast SEO plugin v26.0 - https:\/\/yoast.com\/wordpress\/plugins\/seo\/ -->\n<title>L&#039;ACEM change de t\u00eate... - leblogmoto.com<\/title>\n<meta name=\"robots\" content=\"index, follow, max-snippet:-1, max-image-preview:large, max-video-preview:-1\" \/>\n<link rel=\"canonical\" href=\"https:\/\/blogs.thesocialmedia.com\/leblogmoto\/2007\/09\/24\/lacem-change-de\/\" \/>\n<meta name=\"twitter:card\" content=\"summary_large_image\" \/>\n<meta name=\"twitter:title\" content=\"L&#039;ACEM change de t\u00eate... - leblogmoto.com\" \/>\n<meta name=\"twitter:description\" content=\"Stefan Pierer, 51 ans, PDG de KTM et actionnaire majoritaire de la marque depuis 1992 prend la suite de Herbert Diess, PDG de BMW Motorrad, \u00e0 la pr\u00e9sidence de l&rsquo;ACEM (Association des Constructeurs Europ\u00e9ens de Motocycles). Esp\u00e9rons qu&rsquo;il r\u00e9ussira \u00e0 faire aussi bien que son pr\u00e9d\u00e9cesseur qui, au cours de ses deux mandats, a fait [&hellip;]\" \/>\n<meta name=\"twitter:image\" content=\"http:\/\/www.leblogmoto.com\/images\/2007\/09\/24\/stefanpierer.jpg\" \/>\n<meta name=\"twitter:label1\" content=\"\u00c9crit par\" \/>\n\t<meta name=\"twitter:data1\" content=\"gregory boucaud\" \/>\n\t<meta name=\"twitter:label2\" content=\"Dur\u00e9e de lecture estim\u00e9e\" \/>\n\t<meta name=\"twitter:data2\" content=\"1 minute\" \/>\n<script type=\"application\/ld+json\" class=\"yoast-schema-graph\">{\"@context\":\"https:\/\/schema.org\",\"@graph\":[{\"@type\":\"WebPage\",\"@id\":\"https:\/\/blogs.thesocialmedia.com\/leblogmoto\/2007\/09\/24\/lacem-change-de\/\",\"url\":\"https:\/\/blogs.thesocialmedia.com\/leblogmoto\/2007\/09\/24\/lacem-change-de\/\",\"name\":\"L'ACEM change de t\u00eate... - leblogmoto.com\",\"isPartOf\":{\"@id\":\"https:\/\/blogs.thesocialmedia.com\/leblogmoto\/#website\"},\"primaryImageOfPage\":{\"@id\":\"https:\/\/blogs.thesocialmedia.com\/leblogmoto\/2007\/09\/24\/lacem-change-de\/#primaryimage\"},\"image\":{\"@id\":\"https:\/\/blogs.thesocialmedia.com\/leblogmoto\/2007\/09\/24\/lacem-change-de\/#primaryimage\"},\"thumbnailUrl\":\"http:\/\/www.leblogmoto.com\/images\/2007\/09\/24\/stefanpierer.jpg\",\"datePublished\":\"2007-09-24T22:03:55+00:00\",\"dateModified\":\"2012-07-11T14:45:14+00:00\",\"author\":{\"@id\":\"https:\/\/blogs.thesocialmedia.com\/leblogmoto\/#\/schema\/person\/769623f89741cc3381675029a37764f8\"},\"breadcrumb\":{\"@id\":\"https:\/\/blogs.thesocialmedia.com\/leblogmoto\/2007\/09\/24\/lacem-change-de\/#breadcrumb\"},\"inLanguage\":\"fr-FR\",\"potentialAction\":[{\"@type\":\"ReadAction\",\"target\":[\"https:\/\/blogs.thesocialmedia.com\/leblogmoto\/2007\/09\/24\/lacem-change-de\/\"]}]},{\"@type\":\"ImageObject\",\"inLanguage\":\"fr-FR\",\"@id\":\"https:\/\/blogs.thesocialmedia.com\/leblogmoto\/2007\/09\/24\/lacem-change-de\/#primaryimage\",\"url\":\"http:\/\/www.leblogmoto.com\/images\/2007\/09\/24\/stefanpierer.jpg\",\"contentUrl\":\"http:\/\/www.leblogmoto.com\/images\/2007\/09\/24\/stefanpierer.jpg\"},{\"@type\":\"BreadcrumbList\",\"@id\":\"https:\/\/blogs.thesocialmedia.com\/leblogmoto\/2007\/09\/24\/lacem-change-de\/#breadcrumb\",\"itemListElement\":[{\"@type\":\"ListItem\",\"position\":1,\"name\":\"Accueil\",\"item\":\"https:\/\/blogs.thesocialmedia.com\/leblogmoto\/\"},{\"@type\":\"ListItem\",\"position\":2,\"name\":\"L&rsquo;ACEM change de t\u00eate&#8230;\"}]},{\"@type\":\"WebSite\",\"@id\":\"https:\/\/blogs.thesocialmedia.com\/leblogmoto\/#website\",\"url\":\"https:\/\/blogs.thesocialmedia.com\/leblogmoto\/\",\"name\":\"leblogmoto\",\"description\":\"Toute l&#039;actualit\u00e9 des 2 roues\",\"potentialAction\":[{\"@type\":\"SearchAction\",\"target\":{\"@type\":\"EntryPoint\",\"urlTemplate\":\"https:\/\/blogs.thesocialmedia.com\/leblogmoto\/?s={search_term_string}\"},\"query-input\":{\"@type\":\"PropertyValueSpecification\",\"valueRequired\":true,\"valueName\":\"search_term_string\"}}],\"inLanguage\":\"fr-FR\"},{\"@type\":\"Person\",\"@id\":\"https:\/\/blogs.thesocialmedia.com\/leblogmoto\/#\/schema\/person\/769623f89741cc3381675029a37764f8\",\"name\":\"gregory boucaud\",\"image\":{\"@type\":\"ImageObject\",\"inLanguage\":\"fr-FR\",\"@id\":\"https:\/\/blogs.thesocialmedia.com\/leblogmoto\/#\/schema\/person\/image\/\",\"url\":\"https:\/\/secure.gravatar.com\/avatar\/?s=96&d=mm&r=g\",\"contentUrl\":\"https:\/\/secure.gravatar.com\/avatar\/?s=96&d=mm&r=g\",\"caption\":\"gregory boucaud\"},\"url\":\"https:\/\/blogs.thesocialmedia.com\/leblogmoto\/author\/gregory-boucaud\/\"}]}<\/script>\n<!-- \/ Yoast SEO plugin. -->","yoast_head_json":{"title":"L'ACEM change de t\u00eate... - leblogmoto.com","robots":{"index":"index","follow":"follow","max-snippet":"max-snippet:-1","max-image-preview":"max-image-preview:large","max-video-preview":"max-video-preview:-1"},"canonical":"https:\/\/blogs.thesocialmedia.com\/leblogmoto\/2007\/09\/24\/lacem-change-de\/","twitter_card":"summary_large_image","twitter_title":"L'ACEM change de t\u00eate... - leblogmoto.com","twitter_description":"Stefan Pierer, 51 ans, PDG de KTM et actionnaire majoritaire de la marque depuis 1992 prend la suite de Herbert Diess, PDG de BMW Motorrad, \u00e0 la pr\u00e9sidence de l&rsquo;ACEM (Association des Constructeurs Europ\u00e9ens de Motocycles). Esp\u00e9rons qu&rsquo;il r\u00e9ussira \u00e0 faire aussi bien que son pr\u00e9d\u00e9cesseur qui, au cours de ses deux mandats, a fait [&hellip;]","twitter_image":"http:\/\/www.leblogmoto.com\/images\/2007\/09\/24\/stefanpierer.jpg","twitter_misc":{"\u00c9crit par":"gregory boucaud","Dur\u00e9e de lecture estim\u00e9e":"1 minute"},"schema":{"@context":"https:\/\/schema.org","@graph":[{"@type":"WebPage","@id":"https:\/\/blogs.thesocialmedia.com\/leblogmoto\/2007\/09\/24\/lacem-change-de\/","url":"https:\/\/blogs.thesocialmedia.com\/leblogmoto\/2007\/09\/24\/lacem-change-de\/","name":"L'ACEM change de t\u00eate... - leblogmoto.com","isPartOf":{"@id":"https:\/\/blogs.thesocialmedia.com\/leblogmoto\/#website"},"primaryImageOfPage":{"@id":"https:\/\/blogs.thesocialmedia.com\/leblogmoto\/2007\/09\/24\/lacem-change-de\/#primaryimage"},"image":{"@id":"https:\/\/blogs.thesocialmedia.com\/leblogmoto\/2007\/09\/24\/lacem-change-de\/#primaryimage"},"thumbnailUrl":"http:\/\/www.leblogmoto.com\/images\/2007\/09\/24\/stefanpierer.jpg","datePublished":"2007-09-24T22:03:55+00:00","dateModified":"2012-07-11T14:45:14+00:00","author":{"@id":"https:\/\/blogs.thesocialmedia.com\/leblogmoto\/#\/schema\/person\/769623f89741cc3381675029a37764f8"},"breadcrumb":{"@id":"https:\/\/blogs.thesocialmedia.com\/leblogmoto\/2007\/09\/24\/lacem-change-de\/#breadcrumb"},"inLanguage":"fr-FR","potentialAction":[{"@type":"ReadAction","target":["https:\/\/blogs.thesocialmedia.com\/leblogmoto\/2007\/09\/24\/lacem-change-de\/"]}]},{"@type":"ImageObject","inLanguage":"fr-FR","@id":"https:\/\/blogs.thesocialmedia.com\/leblogmoto\/2007\/09\/24\/lacem-change-de\/#primaryimage","url":"http:\/\/www.leblogmoto.com\/images\/2007\/09\/24\/stefanpierer.jpg","contentUrl":"http:\/\/www.leblogmoto.com\/images\/2007\/09\/24\/stefanpierer.jpg"},{"@type":"BreadcrumbList","@id":"https:\/\/blogs.thesocialmedia.com\/leblogmoto\/2007\/09\/24\/lacem-change-de\/#breadcrumb","itemListElement":[{"@type":"ListItem","position":1,"name":"Accueil","item":"https:\/\/blogs.thesocialmedia.com\/leblogmoto\/"},{"@type":"ListItem","position":2,"name":"L&rsquo;ACEM change de t\u00eate&#8230;"}]},{"@type":"WebSite","@id":"https:\/\/blogs.thesocialmedia.com\/leblogmoto\/#website","url":"https:\/\/blogs.thesocialmedia.com\/leblogmoto\/","name":"leblogmoto","description":"Toute l&#039;actualit\u00e9 des 2 roues","potentialAction":[{"@type":"SearchAction","target":{"@type":"EntryPoint","urlTemplate":"https:\/\/blogs.thesocialmedia.com\/leblogmoto\/?s={search_term_string}"},"query-input":{"@type":"PropertyValueSpecification","valueRequired":true,"valueName":"search_term_string"}}],"inLanguage":"fr-FR"},{"@type":"Person","@id":"https:\/\/blogs.thesocialmedia.com\/leblogmoto\/#\/schema\/person\/769623f89741cc3381675029a37764f8","name":"gregory boucaud","image":{"@type":"ImageObject","inLanguage":"fr-FR","@id":"https:\/\/blogs.thesocialmedia.com\/leblogmoto\/#\/schema\/person\/image\/","url":"https:\/\/secure.gravatar.com\/avatar\/?s=96&d=mm&r=g","contentUrl":"https:\/\/secure.gravatar.com\/avatar\/?s=96&d=mm&r=g","caption":"gregory boucaud"},"url":"https:\/\/blogs.thesocialmedia.com\/leblogmoto\/author\/gregory-boucaud\/"}]}},"_links":{"self":[{"href":"https:\/\/blogs.thesocialmedia.com\/leblogmoto\/wp-json\/wp\/v2\/posts\/1242","targetHints":{"allow":["GET"]}}],"collection":[{"href":"https:\/\/blogs.thesocialmedia.com\/leblogmoto\/wp-json\/wp\/v2\/posts"}],"about":[{"href":"https:\/\/blogs.thesocialmedia.com\/leblogmoto\/wp-json\/wp\/v2\/types\/post"}],"author":[{"embeddable":true,"href":"https:\/\/blogs.thesocialmedia.com\/leblogmoto\/wp-json\/wp\/v2\/users\/329"}],"replies":[{"embeddable":true,"href":"https:\/\/blogs.thesocialmedia.com\/leblogmoto\/wp-json\/wp\/v2\/comments?post=1242"}],"version-history":[{"count":2,"href":"https:\/\/blogs.thesocialmedia.com\/leblogmoto\/wp-json\/wp\/v2\/posts\/1242\/revisions"}],"predecessor-version":[{"id":8720,"href":"https:\/\/blogs.thesocialmedia.com\/leblogmoto\/wp-json\/wp\/v2\/posts\/1242\/revisions\/8720"}],"wp:attachment":[{"href":"https:\/\/blogs.thesocialmedia.com\/leblogmoto\/wp-json\/wp\/v2\/media?parent=1242"}],"wp:term":[{"taxonomy":"category","embeddable":true,"href":"https:\/\/blogs.thesocialmedia.com\/leblogmoto\/wp-json\/wp\/v2\/categories?post=1242"},{"taxonomy":"post_tag","embeddable":true,"href":"https:\/\/blogs.thesocialmedia.com\/leblogmoto\/wp-json\/wp\/v2\/tags?post=1242"}],"curies":[{"name":"wp","href":"https:\/\/api.w.org\/{rel}","templated":true}]}}