{"id":1248,"date":"2007-09-24T05:10:37","date_gmt":"2007-09-24T05:10:37","guid":{"rendered":"http:\/\/blogs.thesocialmedia.com\/leblogmoto\/2007\/09\/24\/le-salon-de-la-2\/"},"modified":"2012-07-11T14:45:03","modified_gmt":"2012-07-11T14:45:03","slug":"le-salon-de-la-2","status":"publish","type":"post","link":"https:\/\/blogs.thesocialmedia.com\/leblogmoto\/2007\/09\/24\/le-salon-de-la-2\/","title":{"rendered":"Le Salon de la Moto: J-5, \u00e0 l&rsquo;attaque !"},"content":{"rendered":"<p class=\"MsoNormal\"><a href=\"http:\/\/blogs.thesocialmedia.com\/leblogmoto\/files\/2012\/07\/mondial_du_deux_roues.jpg\"><img loading=\"lazy\" decoding=\"async\" width=\"250\" height=\"85\"  alt=\"Mondial_du_deux_roues\" src=\"http:\/\/www.leblogmoto.com\/images\/2007\/09\/23\/mondial_du_deux_roues.jpg\" style=\"margin: 0px 5px 5px 0px;float: left\" \/><\/a> <\/p>\n<p class=\"MsoNormal\">\n<p class=\"MsoNormal\">\n<p class=\"MsoNormal\">\n<p class=\"MsoNormal\">\n<p class=\"MsoNormal\">\n<p class=\"MsoNormal\">La grande manifestation biennale fran\u00e7aise des deux-roues<strong><span style=\"font-weight: normal\"> (organis\u00e9e les ann\u00e9es impaires), le Salon International de la Moto de Paris <a href=\"http:\/\/www.mondial-deuxroues.com\/\">http:\/\/www.mondial-deuxroues.com<\/a> (ou Mondial du deux-roues pour les anciens), se tiendra \u00e0&#8230; Paris (sans blague !?), porte de Versailles, dans cinq jours, du 29 septembre au 7 octobre 2007, parall\u00e8lement au Salon International du Cycle.<\/span><\/strong><\/p>\n<p class=\"spip\" style=\"background: white none repeat scroll 0% 50%;text-align: justify\"><strong><span style=\"background: white none repeat scroll 0% 50%;font-weight: normal\">Pour une entr\u00e9e de 12 \u20ac tout de m\u00eame (billet unique pour ces deux salons jusqu\u2019au 2 octobre, gratuit en permanence pour les moins de 12 ans), les adeptes de la vitesse, de la moto verte, des chromes rutilants, et les \u00ab roule-toujours \u00bb pourront voir tous les constructeurs et leurs mod\u00e8les pr\u00e9f\u00e9r\u00e9s (\u00f4 \u00e9trange co\u00efncidence des organismes de pr\u00eats sont \u00e9galement pr\u00e9sents dans leurs propres stands).<\/span><\/strong><\/p>\n<p class=\"spip\" style=\"background: white none repeat scroll 0% 50%;text-align: justify\"><strong><span style=\"background: white none repeat scroll 0% 50%;font-weight: normal\">Ainsi que des scooters, des quads, des side-cars, des pr\u00e9parateurs, un march\u00e9 de l\u2019occasion, un stand de la FFMC ainsi qu\u2019une campagne de sensibilisation des CRS et\u2026 certaines h\u00f4tesses l\u00e9g\u00e8rement v\u00eatues, sous le regard jaloux et les r\u00e9criminations de votre copine\/femme\/ma\u00eetresse.<\/span><\/strong><\/p>\n<p class=\"spip\" style=\"background: white none repeat scroll 0% 50%;text-align: justify\"><strong><span style=\"background: white none repeat scroll 0% 50%;font-weight: normal\">Tous les constructeurs\u2026 sauf Piaggio, qui s\u2019est r\u00e9serv\u00e9 pour le salon de Milan. Seront donc absentes les marques du groupe, comme Derbi (pr\u00e9sent quand m\u00eame par son importateur en France), Moto Guzzi, Gilera, Vespa, Piaggio, Aprilia.<\/span><\/strong><\/p>\n<p class=\"spip\" style=\"background: white none repeat scroll 0% 50%;text-align: justify\"><strong><span style=\"background: white none repeat scroll 0% 50%;font-weight: normal\">Tant pis pour ceux qui souhaitaient voir d\u2019un peu plus pr\u00e8s les nouveaut\u00e9s des marques italiennes, telles que la Guzzi Griso 8V et le 940 Custom, et les roadsters d\u2019Aprilia, les Mana et Shiver.<\/span><\/strong><\/p>\n<p class=\"spip\" style=\"background: white none repeat scroll 0% 50%;text-align: justify\"><strong><span style=\"background: white none repeat scroll 0% 50%;font-weight: normal\">Parmi les d\u00e9bats organis\u00e9s au cours du salon lors de l&rsquo;EcoForum, on notera le Lundi 1<sup>er<\/sup> octobre \u00ab Les deux roues du futur \u00bb, en esp\u00e9rant qu\u2019il ne soit pas seulement question des moteurs \u00e9lectriques mais aussi des moteurs \u00e0 explosion (ce serait quand m\u00eame logique avec tout le buzz actuel autour de l\u2019\u00e9thanol). <\/span><\/strong><\/p>\n<p class=\"spip\" style=\"background: white none repeat scroll 0% 50%;text-align: justify\"><strong><span style=\"background: white none repeat scroll 0% 50%;font-weight: normal\">Et un d\u00e9bat le vendredi 5 Octobre, sur le possible Contr\u00f4le technique obligatoire, per\u00e7u comme un couperet par certains des adeptes du d\u00e9bridage.<\/span><\/strong><strong><span style=\"font-weight: normal\"><\/span><\/strong><\/p>\n<p class=\"MsoNormal\">Petit rappel, le Salon de la moto de Paris est devenu la seule manifestation d\u2019envergure consacr\u00e9e \u00e0 la moto en France, depuis la disparition du Paris Moto Show qui avait l\u2019ambition de le concurrencer, avec l\u2019avantage pour lui d\u2019une p\u00e9riodicit\u00e9 annuelle.<\/p>\n<p class=\"MsoNormal\">De nombreux constructeurs surtout Am\u00e9ricains et Europ\u00e9ens, tels que, dans l\u2019ordre alphab\u00e9tique (pas d\u2019jaloux!) Buell, Ducati, Harley Davidson et KTM avaient fait le voyage, mais les organisateurs regrettaient de n\u2019avoir pas pu attirer les Japonais.<\/p>\n<p class=\"MsoNormal\">La moto a cependant depuis cette ann\u00e9e son espace d\u2019exposition d\u00e9di\u00e9, au sein du \u00ab Paris Tuning (and Racing) Show \u00bb, qui prend place annuellement au Bourget dans le m\u00eame hall et se d\u00e9roulait cette ann\u00e9e du 22 au 26 f\u00e9vrier.<\/p>\n<p>Vous pouvez donc admirer les deux-roues, pas loin de voiture am\u00e9nag\u00e9es de jupes informes, et de bas de caisses au ras de la moquette du salon, d\u2019enjoliveurs fa\u00e7on Shuriken (\u00e9toile de jet japonaises) et de v\u00e9hicules sonoris\u00e9s comme une discoth\u00e8que mobile mais avec des videurs au volant.<\/p>\n<p class=\"MsoNormal\">Apr\u00e8s tout, le tuning, historiquement, est n\u00e9 sur les deux-roues, c\u2019est p\u2019t\u00eatre un autre public quand m\u00eame que les amateurs de tuning auto. \ud83d\ude42 <\/p>\n<p class=\"MsoNormal\">Mais ne boudons pas notre plaisir pour autant, avec &#8211; somme toute &#8211; deux manifestations cette ann\u00e9e consacr\u00e9e \u00e0 notre mode de d\u00e9placement (et de plaisir) pr\u00e9f\u00e9r\u00e9.<\/p>\n<p class=\"MsoNormal\">V \u00e0 toutes et tous.<\/p>\n","protected":false},"excerpt":{"rendered":"<p>La grande manifestation biennale fran\u00e7aise des deux-roues (organis\u00e9e les ann\u00e9es impaires), le Salon International de la Moto de Paris http:\/\/www.mondial-deuxroues.com (ou Mondial du deux-roues pour les anciens), se tiendra \u00e0&#8230; Paris (sans blague !?), porte de Versailles, dans cinq jours, du 29 septembre au 7 octobre 2007, parall\u00e8lement au Salon International du Cycle. Pour une [&hellip;]<\/p>\n","protected":false},"author":324,"featured_media":0,"comment_status":"open","ping_status":"open","sticky":false,"template":"","format":"standard","meta":{"footnotes":""},"categories":[36],"tags":[],"class_list":["post-1248","post","type-post","status-publish","format-standard","hentry","category-salons"],"yoast_head":"<!-- This site is optimized with the Yoast SEO plugin v26.0 - https:\/\/yoast.com\/wordpress\/plugins\/seo\/ -->\n<title>Le Salon de la Moto: J-5, \u00e0 l&#039;attaque ! - leblogmoto.com<\/title>\n<meta name=\"robots\" content=\"index, follow, max-snippet:-1, max-image-preview:large, max-video-preview:-1\" \/>\n<link rel=\"canonical\" href=\"https:\/\/blogs.thesocialmedia.com\/leblogmoto\/2007\/09\/24\/le-salon-de-la-2\/\" \/>\n<meta name=\"twitter:card\" content=\"summary_large_image\" \/>\n<meta name=\"twitter:title\" content=\"Le Salon de la Moto: J-5, \u00e0 l&#039;attaque ! - leblogmoto.com\" \/>\n<meta name=\"twitter:description\" content=\"La grande manifestation biennale fran\u00e7aise des deux-roues (organis\u00e9e les ann\u00e9es impaires), le Salon International de la Moto de Paris http:\/\/www.mondial-deuxroues.com (ou Mondial du deux-roues pour les anciens), se tiendra \u00e0&#8230; Paris (sans blague !?), porte de Versailles, dans cinq jours, du 29 septembre au 7 octobre 2007, parall\u00e8lement au Salon International du Cycle. Pour une [&hellip;]\" \/>\n<meta name=\"twitter:image\" content=\"http:\/\/www.leblogmoto.com\/images\/2007\/09\/23\/mondial_du_deux_roues.jpg\" \/>\n<meta name=\"twitter:label1\" content=\"\u00c9crit par\" \/>\n\t<meta name=\"twitter:data1\" content=\"benoit rieu\" \/>\n\t<meta name=\"twitter:label2\" content=\"Dur\u00e9e de lecture estim\u00e9e\" \/>\n\t<meta name=\"twitter:data2\" content=\"3 minutes\" \/>\n<script type=\"application\/ld+json\" class=\"yoast-schema-graph\">{\"@context\":\"https:\/\/schema.org\",\"@graph\":[{\"@type\":\"WebPage\",\"@id\":\"https:\/\/blogs.thesocialmedia.com\/leblogmoto\/2007\/09\/24\/le-salon-de-la-2\/\",\"url\":\"https:\/\/blogs.thesocialmedia.com\/leblogmoto\/2007\/09\/24\/le-salon-de-la-2\/\",\"name\":\"Le Salon de la Moto: J-5, \u00e0 l'attaque ! - leblogmoto.com\",\"isPartOf\":{\"@id\":\"https:\/\/blogs.thesocialmedia.com\/leblogmoto\/#website\"},\"primaryImageOfPage\":{\"@id\":\"https:\/\/blogs.thesocialmedia.com\/leblogmoto\/2007\/09\/24\/le-salon-de-la-2\/#primaryimage\"},\"image\":{\"@id\":\"https:\/\/blogs.thesocialmedia.com\/leblogmoto\/2007\/09\/24\/le-salon-de-la-2\/#primaryimage\"},\"thumbnailUrl\":\"http:\/\/www.leblogmoto.com\/images\/2007\/09\/23\/mondial_du_deux_roues.jpg\",\"datePublished\":\"2007-09-24T05:10:37+00:00\",\"dateModified\":\"2012-07-11T14:45:03+00:00\",\"author\":{\"@id\":\"https:\/\/blogs.thesocialmedia.com\/leblogmoto\/#\/schema\/person\/18bfe773e5725ed6d24f743da805362a\"},\"breadcrumb\":{\"@id\":\"https:\/\/blogs.thesocialmedia.com\/leblogmoto\/2007\/09\/24\/le-salon-de-la-2\/#breadcrumb\"},\"inLanguage\":\"fr-FR\",\"potentialAction\":[{\"@type\":\"ReadAction\",\"target\":[\"https:\/\/blogs.thesocialmedia.com\/leblogmoto\/2007\/09\/24\/le-salon-de-la-2\/\"]}]},{\"@type\":\"ImageObject\",\"inLanguage\":\"fr-FR\",\"@id\":\"https:\/\/blogs.thesocialmedia.com\/leblogmoto\/2007\/09\/24\/le-salon-de-la-2\/#primaryimage\",\"url\":\"http:\/\/www.leblogmoto.com\/images\/2007\/09\/23\/mondial_du_deux_roues.jpg\",\"contentUrl\":\"http:\/\/www.leblogmoto.com\/images\/2007\/09\/23\/mondial_du_deux_roues.jpg\"},{\"@type\":\"BreadcrumbList\",\"@id\":\"https:\/\/blogs.thesocialmedia.com\/leblogmoto\/2007\/09\/24\/le-salon-de-la-2\/#breadcrumb\",\"itemListElement\":[{\"@type\":\"ListItem\",\"position\":1,\"name\":\"Accueil\",\"item\":\"https:\/\/blogs.thesocialmedia.com\/leblogmoto\/\"},{\"@type\":\"ListItem\",\"position\":2,\"name\":\"Le Salon de la Moto: J-5, \u00e0 l&rsquo;attaque !\"}]},{\"@type\":\"WebSite\",\"@id\":\"https:\/\/blogs.thesocialmedia.com\/leblogmoto\/#website\",\"url\":\"https:\/\/blogs.thesocialmedia.com\/leblogmoto\/\",\"name\":\"leblogmoto\",\"description\":\"Toute l&#039;actualit\u00e9 des 2 roues\",\"potentialAction\":[{\"@type\":\"SearchAction\",\"target\":{\"@type\":\"EntryPoint\",\"urlTemplate\":\"https:\/\/blogs.thesocialmedia.com\/leblogmoto\/?s={search_term_string}\"},\"query-input\":{\"@type\":\"PropertyValueSpecification\",\"valueRequired\":true,\"valueName\":\"search_term_string\"}}],\"inLanguage\":\"fr-FR\"},{\"@type\":\"Person\",\"@id\":\"https:\/\/blogs.thesocialmedia.com\/leblogmoto\/#\/schema\/person\/18bfe773e5725ed6d24f743da805362a\",\"name\":\"benoit rieu\",\"image\":{\"@type\":\"ImageObject\",\"inLanguage\":\"fr-FR\",\"@id\":\"https:\/\/blogs.thesocialmedia.com\/leblogmoto\/#\/schema\/person\/image\/\",\"url\":\"https:\/\/secure.gravatar.com\/avatar\/?s=96&d=mm&r=g\",\"contentUrl\":\"https:\/\/secure.gravatar.com\/avatar\/?s=96&d=mm&r=g\",\"caption\":\"benoit rieu\"},\"url\":\"https:\/\/blogs.thesocialmedia.com\/leblogmoto\/author\/benoit-rieu\/\"}]}<\/script>\n<!-- \/ Yoast SEO plugin. -->","yoast_head_json":{"title":"Le Salon de la Moto: J-5, \u00e0 l'attaque ! - leblogmoto.com","robots":{"index":"index","follow":"follow","max-snippet":"max-snippet:-1","max-image-preview":"max-image-preview:large","max-video-preview":"max-video-preview:-1"},"canonical":"https:\/\/blogs.thesocialmedia.com\/leblogmoto\/2007\/09\/24\/le-salon-de-la-2\/","twitter_card":"summary_large_image","twitter_title":"Le Salon de la Moto: J-5, \u00e0 l'attaque ! - leblogmoto.com","twitter_description":"La grande manifestation biennale fran\u00e7aise des deux-roues (organis\u00e9e les ann\u00e9es impaires), le Salon International de la Moto de Paris http:\/\/www.mondial-deuxroues.com (ou Mondial du deux-roues pour les anciens), se tiendra \u00e0&#8230; Paris (sans blague !?), porte de Versailles, dans cinq jours, du 29 septembre au 7 octobre 2007, parall\u00e8lement au Salon International du Cycle. Pour une [&hellip;]","twitter_image":"http:\/\/www.leblogmoto.com\/images\/2007\/09\/23\/mondial_du_deux_roues.jpg","twitter_misc":{"\u00c9crit par":"benoit rieu","Dur\u00e9e de lecture estim\u00e9e":"3 minutes"},"schema":{"@context":"https:\/\/schema.org","@graph":[{"@type":"WebPage","@id":"https:\/\/blogs.thesocialmedia.com\/leblogmoto\/2007\/09\/24\/le-salon-de-la-2\/","url":"https:\/\/blogs.thesocialmedia.com\/leblogmoto\/2007\/09\/24\/le-salon-de-la-2\/","name":"Le Salon de la Moto: J-5, \u00e0 l'attaque ! - leblogmoto.com","isPartOf":{"@id":"https:\/\/blogs.thesocialmedia.com\/leblogmoto\/#website"},"primaryImageOfPage":{"@id":"https:\/\/blogs.thesocialmedia.com\/leblogmoto\/2007\/09\/24\/le-salon-de-la-2\/#primaryimage"},"image":{"@id":"https:\/\/blogs.thesocialmedia.com\/leblogmoto\/2007\/09\/24\/le-salon-de-la-2\/#primaryimage"},"thumbnailUrl":"http:\/\/www.leblogmoto.com\/images\/2007\/09\/23\/mondial_du_deux_roues.jpg","datePublished":"2007-09-24T05:10:37+00:00","dateModified":"2012-07-11T14:45:03+00:00","author":{"@id":"https:\/\/blogs.thesocialmedia.com\/leblogmoto\/#\/schema\/person\/18bfe773e5725ed6d24f743da805362a"},"breadcrumb":{"@id":"https:\/\/blogs.thesocialmedia.com\/leblogmoto\/2007\/09\/24\/le-salon-de-la-2\/#breadcrumb"},"inLanguage":"fr-FR","potentialAction":[{"@type":"ReadAction","target":["https:\/\/blogs.thesocialmedia.com\/leblogmoto\/2007\/09\/24\/le-salon-de-la-2\/"]}]},{"@type":"ImageObject","inLanguage":"fr-FR","@id":"https:\/\/blogs.thesocialmedia.com\/leblogmoto\/2007\/09\/24\/le-salon-de-la-2\/#primaryimage","url":"http:\/\/www.leblogmoto.com\/images\/2007\/09\/23\/mondial_du_deux_roues.jpg","contentUrl":"http:\/\/www.leblogmoto.com\/images\/2007\/09\/23\/mondial_du_deux_roues.jpg"},{"@type":"BreadcrumbList","@id":"https:\/\/blogs.thesocialmedia.com\/leblogmoto\/2007\/09\/24\/le-salon-de-la-2\/#breadcrumb","itemListElement":[{"@type":"ListItem","position":1,"name":"Accueil","item":"https:\/\/blogs.thesocialmedia.com\/leblogmoto\/"},{"@type":"ListItem","position":2,"name":"Le Salon de la Moto: J-5, \u00e0 l&rsquo;attaque !"}]},{"@type":"WebSite","@id":"https:\/\/blogs.thesocialmedia.com\/leblogmoto\/#website","url":"https:\/\/blogs.thesocialmedia.com\/leblogmoto\/","name":"leblogmoto","description":"Toute l&#039;actualit\u00e9 des 2 roues","potentialAction":[{"@type":"SearchAction","target":{"@type":"EntryPoint","urlTemplate":"https:\/\/blogs.thesocialmedia.com\/leblogmoto\/?s={search_term_string}"},"query-input":{"@type":"PropertyValueSpecification","valueRequired":true,"valueName":"search_term_string"}}],"inLanguage":"fr-FR"},{"@type":"Person","@id":"https:\/\/blogs.thesocialmedia.com\/leblogmoto\/#\/schema\/person\/18bfe773e5725ed6d24f743da805362a","name":"benoit rieu","image":{"@type":"ImageObject","inLanguage":"fr-FR","@id":"https:\/\/blogs.thesocialmedia.com\/leblogmoto\/#\/schema\/person\/image\/","url":"https:\/\/secure.gravatar.com\/avatar\/?s=96&d=mm&r=g","contentUrl":"https:\/\/secure.gravatar.com\/avatar\/?s=96&d=mm&r=g","caption":"benoit rieu"},"url":"https:\/\/blogs.thesocialmedia.com\/leblogmoto\/author\/benoit-rieu\/"}]}},"_links":{"self":[{"href":"https:\/\/blogs.thesocialmedia.com\/leblogmoto\/wp-json\/wp\/v2\/posts\/1248","targetHints":{"allow":["GET"]}}],"collection":[{"href":"https:\/\/blogs.thesocialmedia.com\/leblogmoto\/wp-json\/wp\/v2\/posts"}],"about":[{"href":"https:\/\/blogs.thesocialmedia.com\/leblogmoto\/wp-json\/wp\/v2\/types\/post"}],"author":[{"embeddable":true,"href":"https:\/\/blogs.thesocialmedia.com\/leblogmoto\/wp-json\/wp\/v2\/users\/324"}],"replies":[{"embeddable":true,"href":"https:\/\/blogs.thesocialmedia.com\/leblogmoto\/wp-json\/wp\/v2\/comments?post=1248"}],"version-history":[{"count":2,"href":"https:\/\/blogs.thesocialmedia.com\/leblogmoto\/wp-json\/wp\/v2\/posts\/1248\/revisions"}],"predecessor-version":[{"id":8710,"href":"https:\/\/blogs.thesocialmedia.com\/leblogmoto\/wp-json\/wp\/v2\/posts\/1248\/revisions\/8710"}],"wp:attachment":[{"href":"https:\/\/blogs.thesocialmedia.com\/leblogmoto\/wp-json\/wp\/v2\/media?parent=1248"}],"wp:term":[{"taxonomy":"category","embeddable":true,"href":"https:\/\/blogs.thesocialmedia.com\/leblogmoto\/wp-json\/wp\/v2\/categories?post=1248"},{"taxonomy":"post_tag","embeddable":true,"href":"https:\/\/blogs.thesocialmedia.com\/leblogmoto\/wp-json\/wp\/v2\/tags?post=1248"}],"curies":[{"name":"wp","href":"https:\/\/api.w.org\/{rel}","templated":true}]}}