{"id":1250,"date":"2007-09-22T18:36:47","date_gmt":"2007-09-22T18:36:47","guid":{"rendered":"http:\/\/blogs.thesocialmedia.com\/leblogmoto\/2007\/09\/22\/moto-gp-japon-1\/"},"modified":"2012-07-11T14:44:57","modified_gmt":"2012-07-11T14:44:57","slug":"moto-gp-japon-1","status":"publish","type":"post","link":"https:\/\/blogs.thesocialmedia.com\/leblogmoto\/2007\/09\/22\/moto-gp-japon-1\/","title":{"rendered":"Moto GP Japon : Randy pr\u00e8s a surgir!"},"content":{"rendered":"<p><a href=\"http:\/\/blogs.thesocialmedia.com\/leblogmoto\/files\/2012\/07\/858950932_19695715bc.jpg\"><img loading=\"lazy\" decoding=\"async\" width=\"470\" height=\"302\"  alt=\"858950932_19695715bc\" src=\"http:\/\/www.leblogmoto.com\/images\/2007\/09\/22\/858950932_19695715bc.jpg\" style=\"margin: 0px 5px 5px 0px;float: left\" \/><\/a> C&rsquo;est la bonne nouvelle fran\u00e7aise de la journ\u00e9e. <a href=\"http:\/\/blogs.thesocialmedia.com\/leblogmoto\/files\/2012\/07\/moto-gp-japon-l.htmlmore.png\">Tout comme <strong>Dani Pedrosa<\/strong><\/a> (Honda), le fran\u00e7ais <strong>Randy De Puniet<\/strong> (<a href=\"http:\/\/www.leblogmoto.com\/kawasaki\/index.html\">Kawasaki<\/a>) a confirm\u00e9 ses intentions de bien faire lors de ce <a href=\"http:\/\/www.leblogmoto.com\/motogp\/index.html\">grand prix<\/a> du Japon 2007. <\/p>\n<p>Laissant passer de justesse la premi\u00e8re ligne, il r\u00e9alise aujourd&rsquo;hui le <strong>4e temps<\/strong> et se paie le luxe d&rsquo;\u00eatre le premier pilote chauss\u00e9 en <strong>Bridgestone<\/strong>. Et si c&rsquo;\u00e9tait le jour de notre Randy national ce dimanche 23 septembre? Et pourquoi pas? Cette ann\u00e9e, le pilote <a href=\"http:\/\/www.leblogmoto.com\/kawasaki\/index.html\">Kawasaki<\/a> a prouv\u00e9 \u00e0 tout le monde qu&rsquo;il est capable de rouler vite, tr\u00e8s vite m\u00eame. <\/p>\n<p> Son seul d\u00e9faut \u00e9tant peut \u00eatre de c\u00e9der rapidement \u00e0 la pression et de se transformer en &quot;<em>feu de paille<\/em>&quot; lorsqu&rsquo;il se sent pousser des ailes, le fran\u00e7ais \u00e0 n\u00e9anmoins beaucoup apprit cette saison. Et demain, il sera peut \u00eatre bien le seul pilote dont personne ne se souciera, le &quot;<em>gratin<\/em>&quot; du plateau <a href=\"http:\/\/www.leblogmoto.com\/motogp\/index.html\">moto GP<\/a> s&rsquo;affairant plut\u00f4t a surveiller le leader du classement g\u00e9n\u00e9ral, <strong>Casey Stoner<\/strong>. L&rsquo;occasion pour Randy de r\u00e9aliser un premier tour parfait et <a href=\"http:\/\/blogs.thesocialmedia.com\/leblogmoto\/files\/2012\/07\/moto-gp-japon-l.htmlmore.png\">de surprendre le trio<\/a> de t\u00eate <strong>Michelin<\/strong>, puis ensuite d&rsquo;ouvrir les gaz un peu plus fort, et l\u00e0, et l\u00e0&#8230; Soit \u00e7a passe, soit \u00e7a casse! C&rsquo;est comme \u00e7a avec Randy!<\/p>\n<p><a href=\"http:\/\/clabedan.typepad.com\/.shared\/image.html?\/photos\/uncategorized\/2007\/09\/22\/599759_52926.jpg\"><img loading=\"lazy\" decoding=\"async\" width=\"470\" height=\"352\"  src=\"http:\/\/www.leblogmoto.com\/images\/2007\/09\/22\/599759_52926.jpg\" alt=\"599759_52926\" style=\"margin: 0px 5px 5px 0px;float: left\" \/><\/a>  <\/p>\n<p> Malheureusement pour lui, \u00e7a casse plus souvent que \u00e7a ne passe en ce moment&#8230; Cela n&#8217;emp\u00eache pourtant pas que la surprise de ce <a href=\"http:\/\/www.leblogmoto.com\/motogp\/index.html\">grand prix<\/a> pourrait bien arriver d&rsquo;un fran\u00e7ais, et quoi qu&rsquo;on en dise, <strong>De Puniet<\/strong> sera id\u00e9alement plac\u00e9 pour tenter quelque chose demain, d&rsquo;autant plus qu&rsquo;il sent bien sa moto et a l&rsquo;envie de r\u00e9aliser quelque chose : <strong><em>&quot;Je suis un peu d\u00e9\u00e7u car je voulais \u00eatre en premi\u00e8re ligne. J&rsquo;ai donn\u00e9 le maximum et j&rsquo;allais vite dans mon dernier tour mais Checa m&rsquo;a g\u00ean\u00e9 et j&rsquo;ai perdu beaucoup de temps. Je pense que je serai bien en course. Je suis tr\u00e8s heureux d&rsquo;\u00eatre le premier pilote Bridgestone sur la grille et tout le monde a fait du bon boulot, je suis \u00e0 l&rsquo;aise avec la moto&quot;.<\/em><\/strong> <\/p>\n","protected":false},"excerpt":{"rendered":"<p>C&rsquo;est la bonne nouvelle fran\u00e7aise de la journ\u00e9e. Tout comme Dani Pedrosa (Honda), le fran\u00e7ais Randy De Puniet (Kawasaki) a confirm\u00e9 ses intentions de bien faire lors de ce grand prix du Japon 2007. Laissant passer de justesse la premi\u00e8re ligne, il r\u00e9alise aujourd&rsquo;hui le 4e temps et se paie le luxe d&rsquo;\u00eatre le premier [&hellip;]<\/p>\n","protected":false},"author":330,"featured_media":0,"comment_status":"open","ping_status":"open","sticky":false,"template":"","format":"standard","meta":{"footnotes":""},"categories":[3,45,22],"tags":[],"class_list":["post-1250","post","type-post","status-publish","format-standard","hentry","category-actualite","category-kawasaki","category-motogp"],"yoast_head":"<!-- This site is optimized with the Yoast SEO plugin v26.0 - https:\/\/yoast.com\/wordpress\/plugins\/seo\/ -->\n<title>Moto GP Japon : Randy pr\u00e8s a surgir! - leblogmoto.com<\/title>\n<meta name=\"robots\" content=\"index, follow, max-snippet:-1, max-image-preview:large, max-video-preview:-1\" \/>\n<link rel=\"canonical\" href=\"https:\/\/blogs.thesocialmedia.com\/leblogmoto\/2007\/09\/22\/moto-gp-japon-1\/\" \/>\n<meta name=\"twitter:card\" content=\"summary_large_image\" \/>\n<meta name=\"twitter:title\" content=\"Moto GP Japon : Randy pr\u00e8s a surgir! - leblogmoto.com\" \/>\n<meta name=\"twitter:description\" content=\"C&rsquo;est la bonne nouvelle fran\u00e7aise de la journ\u00e9e. Tout comme Dani Pedrosa (Honda), le fran\u00e7ais Randy De Puniet (Kawasaki) a confirm\u00e9 ses intentions de bien faire lors de ce grand prix du Japon 2007. Laissant passer de justesse la premi\u00e8re ligne, il r\u00e9alise aujourd&rsquo;hui le 4e temps et se paie le luxe d&rsquo;\u00eatre le premier [&hellip;]\" \/>\n<meta name=\"twitter:image\" content=\"http:\/\/www.leblogmoto.com\/images\/2007\/09\/22\/858950932_19695715bc.jpg\" \/>\n<meta name=\"twitter:label1\" content=\"\u00c9crit par\" \/>\n\t<meta name=\"twitter:data1\" content=\"thierry marsal\" \/>\n\t<meta name=\"twitter:label2\" content=\"Dur\u00e9e de lecture estim\u00e9e\" \/>\n\t<meta name=\"twitter:data2\" content=\"2 minutes\" \/>\n<script type=\"application\/ld+json\" class=\"yoast-schema-graph\">{\"@context\":\"https:\/\/schema.org\",\"@graph\":[{\"@type\":\"WebPage\",\"@id\":\"https:\/\/blogs.thesocialmedia.com\/leblogmoto\/2007\/09\/22\/moto-gp-japon-1\/\",\"url\":\"https:\/\/blogs.thesocialmedia.com\/leblogmoto\/2007\/09\/22\/moto-gp-japon-1\/\",\"name\":\"Moto GP Japon : Randy pr\u00e8s a surgir! - leblogmoto.com\",\"isPartOf\":{\"@id\":\"https:\/\/blogs.thesocialmedia.com\/leblogmoto\/#website\"},\"primaryImageOfPage\":{\"@id\":\"https:\/\/blogs.thesocialmedia.com\/leblogmoto\/2007\/09\/22\/moto-gp-japon-1\/#primaryimage\"},\"image\":{\"@id\":\"https:\/\/blogs.thesocialmedia.com\/leblogmoto\/2007\/09\/22\/moto-gp-japon-1\/#primaryimage\"},\"thumbnailUrl\":\"http:\/\/www.leblogmoto.com\/images\/2007\/09\/22\/858950932_19695715bc.jpg\",\"datePublished\":\"2007-09-22T18:36:47+00:00\",\"dateModified\":\"2012-07-11T14:44:57+00:00\",\"author\":{\"@id\":\"https:\/\/blogs.thesocialmedia.com\/leblogmoto\/#\/schema\/person\/d20f219f162e8b5de4ea78c909c5be45\"},\"breadcrumb\":{\"@id\":\"https:\/\/blogs.thesocialmedia.com\/leblogmoto\/2007\/09\/22\/moto-gp-japon-1\/#breadcrumb\"},\"inLanguage\":\"fr-FR\",\"potentialAction\":[{\"@type\":\"ReadAction\",\"target\":[\"https:\/\/blogs.thesocialmedia.com\/leblogmoto\/2007\/09\/22\/moto-gp-japon-1\/\"]}]},{\"@type\":\"ImageObject\",\"inLanguage\":\"fr-FR\",\"@id\":\"https:\/\/blogs.thesocialmedia.com\/leblogmoto\/2007\/09\/22\/moto-gp-japon-1\/#primaryimage\",\"url\":\"http:\/\/www.leblogmoto.com\/images\/2007\/09\/22\/858950932_19695715bc.jpg\",\"contentUrl\":\"http:\/\/www.leblogmoto.com\/images\/2007\/09\/22\/858950932_19695715bc.jpg\"},{\"@type\":\"BreadcrumbList\",\"@id\":\"https:\/\/blogs.thesocialmedia.com\/leblogmoto\/2007\/09\/22\/moto-gp-japon-1\/#breadcrumb\",\"itemListElement\":[{\"@type\":\"ListItem\",\"position\":1,\"name\":\"Accueil\",\"item\":\"https:\/\/blogs.thesocialmedia.com\/leblogmoto\/\"},{\"@type\":\"ListItem\",\"position\":2,\"name\":\"Moto GP Japon : Randy pr\u00e8s a surgir!\"}]},{\"@type\":\"WebSite\",\"@id\":\"https:\/\/blogs.thesocialmedia.com\/leblogmoto\/#website\",\"url\":\"https:\/\/blogs.thesocialmedia.com\/leblogmoto\/\",\"name\":\"leblogmoto\",\"description\":\"Toute l&#039;actualit\u00e9 des 2 roues\",\"potentialAction\":[{\"@type\":\"SearchAction\",\"target\":{\"@type\":\"EntryPoint\",\"urlTemplate\":\"https:\/\/blogs.thesocialmedia.com\/leblogmoto\/?s={search_term_string}\"},\"query-input\":{\"@type\":\"PropertyValueSpecification\",\"valueRequired\":true,\"valueName\":\"search_term_string\"}}],\"inLanguage\":\"fr-FR\"},{\"@type\":\"Person\",\"@id\":\"https:\/\/blogs.thesocialmedia.com\/leblogmoto\/#\/schema\/person\/d20f219f162e8b5de4ea78c909c5be45\",\"name\":\"thierry marsal\",\"image\":{\"@type\":\"ImageObject\",\"inLanguage\":\"fr-FR\",\"@id\":\"https:\/\/blogs.thesocialmedia.com\/leblogmoto\/#\/schema\/person\/image\/\",\"url\":\"https:\/\/secure.gravatar.com\/avatar\/?s=96&d=mm&r=g\",\"contentUrl\":\"https:\/\/secure.gravatar.com\/avatar\/?s=96&d=mm&r=g\",\"caption\":\"thierry marsal\"},\"url\":\"https:\/\/blogs.thesocialmedia.com\/leblogmoto\/author\/thierry-marsal\/\"}]}<\/script>\n<!-- \/ Yoast SEO plugin. -->","yoast_head_json":{"title":"Moto GP Japon : Randy pr\u00e8s a surgir! - leblogmoto.com","robots":{"index":"index","follow":"follow","max-snippet":"max-snippet:-1","max-image-preview":"max-image-preview:large","max-video-preview":"max-video-preview:-1"},"canonical":"https:\/\/blogs.thesocialmedia.com\/leblogmoto\/2007\/09\/22\/moto-gp-japon-1\/","twitter_card":"summary_large_image","twitter_title":"Moto GP Japon : Randy pr\u00e8s a surgir! - leblogmoto.com","twitter_description":"C&rsquo;est la bonne nouvelle fran\u00e7aise de la journ\u00e9e. Tout comme Dani Pedrosa (Honda), le fran\u00e7ais Randy De Puniet (Kawasaki) a confirm\u00e9 ses intentions de bien faire lors de ce grand prix du Japon 2007. Laissant passer de justesse la premi\u00e8re ligne, il r\u00e9alise aujourd&rsquo;hui le 4e temps et se paie le luxe d&rsquo;\u00eatre le premier [&hellip;]","twitter_image":"http:\/\/www.leblogmoto.com\/images\/2007\/09\/22\/858950932_19695715bc.jpg","twitter_misc":{"\u00c9crit par":"thierry marsal","Dur\u00e9e de lecture estim\u00e9e":"2 minutes"},"schema":{"@context":"https:\/\/schema.org","@graph":[{"@type":"WebPage","@id":"https:\/\/blogs.thesocialmedia.com\/leblogmoto\/2007\/09\/22\/moto-gp-japon-1\/","url":"https:\/\/blogs.thesocialmedia.com\/leblogmoto\/2007\/09\/22\/moto-gp-japon-1\/","name":"Moto GP Japon : Randy pr\u00e8s a surgir! - leblogmoto.com","isPartOf":{"@id":"https:\/\/blogs.thesocialmedia.com\/leblogmoto\/#website"},"primaryImageOfPage":{"@id":"https:\/\/blogs.thesocialmedia.com\/leblogmoto\/2007\/09\/22\/moto-gp-japon-1\/#primaryimage"},"image":{"@id":"https:\/\/blogs.thesocialmedia.com\/leblogmoto\/2007\/09\/22\/moto-gp-japon-1\/#primaryimage"},"thumbnailUrl":"http:\/\/www.leblogmoto.com\/images\/2007\/09\/22\/858950932_19695715bc.jpg","datePublished":"2007-09-22T18:36:47+00:00","dateModified":"2012-07-11T14:44:57+00:00","author":{"@id":"https:\/\/blogs.thesocialmedia.com\/leblogmoto\/#\/schema\/person\/d20f219f162e8b5de4ea78c909c5be45"},"breadcrumb":{"@id":"https:\/\/blogs.thesocialmedia.com\/leblogmoto\/2007\/09\/22\/moto-gp-japon-1\/#breadcrumb"},"inLanguage":"fr-FR","potentialAction":[{"@type":"ReadAction","target":["https:\/\/blogs.thesocialmedia.com\/leblogmoto\/2007\/09\/22\/moto-gp-japon-1\/"]}]},{"@type":"ImageObject","inLanguage":"fr-FR","@id":"https:\/\/blogs.thesocialmedia.com\/leblogmoto\/2007\/09\/22\/moto-gp-japon-1\/#primaryimage","url":"http:\/\/www.leblogmoto.com\/images\/2007\/09\/22\/858950932_19695715bc.jpg","contentUrl":"http:\/\/www.leblogmoto.com\/images\/2007\/09\/22\/858950932_19695715bc.jpg"},{"@type":"BreadcrumbList","@id":"https:\/\/blogs.thesocialmedia.com\/leblogmoto\/2007\/09\/22\/moto-gp-japon-1\/#breadcrumb","itemListElement":[{"@type":"ListItem","position":1,"name":"Accueil","item":"https:\/\/blogs.thesocialmedia.com\/leblogmoto\/"},{"@type":"ListItem","position":2,"name":"Moto GP Japon : Randy pr\u00e8s a surgir!"}]},{"@type":"WebSite","@id":"https:\/\/blogs.thesocialmedia.com\/leblogmoto\/#website","url":"https:\/\/blogs.thesocialmedia.com\/leblogmoto\/","name":"leblogmoto","description":"Toute l&#039;actualit\u00e9 des 2 roues","potentialAction":[{"@type":"SearchAction","target":{"@type":"EntryPoint","urlTemplate":"https:\/\/blogs.thesocialmedia.com\/leblogmoto\/?s={search_term_string}"},"query-input":{"@type":"PropertyValueSpecification","valueRequired":true,"valueName":"search_term_string"}}],"inLanguage":"fr-FR"},{"@type":"Person","@id":"https:\/\/blogs.thesocialmedia.com\/leblogmoto\/#\/schema\/person\/d20f219f162e8b5de4ea78c909c5be45","name":"thierry marsal","image":{"@type":"ImageObject","inLanguage":"fr-FR","@id":"https:\/\/blogs.thesocialmedia.com\/leblogmoto\/#\/schema\/person\/image\/","url":"https:\/\/secure.gravatar.com\/avatar\/?s=96&d=mm&r=g","contentUrl":"https:\/\/secure.gravatar.com\/avatar\/?s=96&d=mm&r=g","caption":"thierry marsal"},"url":"https:\/\/blogs.thesocialmedia.com\/leblogmoto\/author\/thierry-marsal\/"}]}},"_links":{"self":[{"href":"https:\/\/blogs.thesocialmedia.com\/leblogmoto\/wp-json\/wp\/v2\/posts\/1250","targetHints":{"allow":["GET"]}}],"collection":[{"href":"https:\/\/blogs.thesocialmedia.com\/leblogmoto\/wp-json\/wp\/v2\/posts"}],"about":[{"href":"https:\/\/blogs.thesocialmedia.com\/leblogmoto\/wp-json\/wp\/v2\/types\/post"}],"author":[{"embeddable":true,"href":"https:\/\/blogs.thesocialmedia.com\/leblogmoto\/wp-json\/wp\/v2\/users\/330"}],"replies":[{"embeddable":true,"href":"https:\/\/blogs.thesocialmedia.com\/leblogmoto\/wp-json\/wp\/v2\/comments?post=1250"}],"version-history":[{"count":2,"href":"https:\/\/blogs.thesocialmedia.com\/leblogmoto\/wp-json\/wp\/v2\/posts\/1250\/revisions"}],"predecessor-version":[{"id":8706,"href":"https:\/\/blogs.thesocialmedia.com\/leblogmoto\/wp-json\/wp\/v2\/posts\/1250\/revisions\/8706"}],"wp:attachment":[{"href":"https:\/\/blogs.thesocialmedia.com\/leblogmoto\/wp-json\/wp\/v2\/media?parent=1250"}],"wp:term":[{"taxonomy":"category","embeddable":true,"href":"https:\/\/blogs.thesocialmedia.com\/leblogmoto\/wp-json\/wp\/v2\/categories?post=1250"},{"taxonomy":"post_tag","embeddable":true,"href":"https:\/\/blogs.thesocialmedia.com\/leblogmoto\/wp-json\/wp\/v2\/tags?post=1250"}],"curies":[{"name":"wp","href":"https:\/\/api.w.org\/{rel}","templated":true}]}}