{"id":1251,"date":"2007-09-22T17:54:56","date_gmt":"2007-09-22T17:54:56","guid":{"rendered":"http:\/\/blogs.thesocialmedia.com\/leblogmoto\/2007\/09\/22\/moto-gp-japon-l\/"},"modified":"2012-07-11T14:44:53","modified_gmt":"2012-07-11T14:44:53","slug":"moto-gp-japon-l","status":"publish","type":"post","link":"https:\/\/blogs.thesocialmedia.com\/leblogmoto\/2007\/09\/22\/moto-gp-japon-l\/","title":{"rendered":"Moto GP Japon : La p\u00f4le pour Pedrosa!"},"content":{"rendered":"<p><a href=\"http:\/\/blogs.thesocialmedia.com\/leblogmoto\/files\/2012\/07\/pedrosa.jpg\"><img loading=\"lazy\" decoding=\"async\" width=\"470\" height=\"294\"  src=\"http:\/\/www.leblogmoto.com\/images\/2007\/09\/22\/pedrosa.jpg\" alt=\"Pedrosa\" style=\"margin: 0px 5px 5px 0px;float: left\" \/><\/a> Il fallait s&rsquo;en douter, le pilote du HRC <a href=\"http:\/\/www.leblogmoto.com\/honda\/index.html\">Honda<\/a> <strong>Dani Pedrosa<\/strong> (Honda n\u00b026) a \u00e9t\u00e9 le plus rapide aujourd&rsquo;hui sur le circuit de <strong>Motegi<\/strong>. <strong><em>&nbsp;<\/em><\/strong><\/p>\n<p><a href=\"http:\/\/www.leblogmoto.com\/2007\/09\/moto-gp-japones.html\">Apr\u00e8s avoir r\u00e9alis\u00e9 les meilleurs chronos lors de toutes les s\u00e9ances d&rsquo;essais<\/a>, il a devanc\u00e9 nettement tous ses adversaires lors des qualifications. Un week-end qui s&rsquo;annonce plut\u00f4t favorable au pilote espagnol, qui en plus d&rsquo;avoir sign\u00e9 la p\u00f4le position sur le circuit de Motegi -qui appartient d&rsquo;ailleurs au constructeur japonais <a href=\"http:\/\/www.leblogmoto.com\/honda\/index.html\">Honda<\/a>-, a vu son contrat avec le team <strong>HRC<\/strong> se renouveler pour une p\u00e9riode de deux ans. Et a voir les r\u00e9sultats de l&rsquo;espagnol, cette prolongation lui a fait le plus grand bien!<\/p>\n<p> La grille de d\u00e9part du grand prix du Japon sera une grille assez sp\u00e9ciale, puisque la premi\u00e8re ligne sera compos\u00e9 de pilotes adoptant des pneumatiques <strong>Michelin<\/strong>. Et oui c&rsquo;est une grande surprise, <strong>Casey Stoner<\/strong> et ses <strong>Bridgestone<\/strong> ne partiront que depuis la 9e position. Juste derri\u00e8re Pedrosa, ce sera <strong>Valentino Rossi<\/strong>. Le Doctor avait pourtant <a href=\"http:\/\/www.leblogmoto.com\/2007\/09\/moto-gp-japon-e.html\">tr\u00e8s mal entam\u00e9 son week-end<\/a>, mais \u00e0 en croire le chronom\u00e8tre aujourd&rsquo;hui, il faudra une fois de plus compter avec lui demain. Fort de l&rsquo;avance qu&rsquo;il aura sur son principal rival Casey Stoner, nul doute que Rossi fera parler la poudre <a href=\"http:\/\/www.leblogmoto.com\/2007\/09\/moto-gp-japon-r.html\">pour garder l&rsquo;espoir<\/a> d&rsquo;un possible 6e sacre mondial. <br \/> C&rsquo;est l&rsquo;am\u00e9ricain champion du monde en titre <strong>Nicky Hayden<\/strong> (Honda) qui ferme cette premi\u00e8re ligne. Le pilote en mal de r\u00e9sultats cette ann\u00e9e semble retrouver un peu de confiance en lui, et il faudra sans doute compter sur lui pour se battre au c\u00f4t\u00e9 des meilleurs demain matin.<\/p>\n<p> Du c\u00f4t\u00e9 du team HRC, la joie est donc au rendez vous en cette fin de qualifications. Malgr\u00e9 cela, <strong>Dani Pedrosa<\/strong> reste humble et pense surtout a demain, jour de course. En effet, la m\u00e9t\u00e9o est h\u00e9sitante et il se pourrait bien que la pluie s&rsquo;invite sur le grand prix. <strong><em>&quot;Je suis tr\u00e8s heureux d&rsquo;\u00eatre en position de pointe car \u00e7a fait un moment que je n&rsquo;\u00e9tais plus en premi\u00e8re ligne. On a surtout travaill\u00e9 sur la s\u00e9lection des pneus et nous avons trouv\u00e9 un bon rythme dans toutes les conditions de r\u00e9glage. Il faudra attendre les conditions m\u00e9t\u00e9o de demain (dimanche) pour choisir les pneus mais \u00e7a s&rsquo;annonce bien. L&rsquo;endurance des pneus de course est bonne. Nous sommes en bonne position pour la course mais tout peut arriver. Le temps peut changer et on a d\u00e9j\u00e0 vu des accidents au premier virage sur ce circuit. J&rsquo;esp\u00e8re sortir proprement de ce premier virage et faire une bonne course sur la piste de Honda&quot;.<\/p>\n<p><\/em><\/strong><span class=\"texte4\" style=\"text-align: justify\"><\/p>\n<p class=\"spip\">1.&nbsp; Dani Pedrosa&nbsp; &nbsp; Honda&nbsp; &nbsp;&nbsp; (M)&nbsp; 1:45.864<\/p>\n<p class=\"spip\"> 2.&nbsp; Valentino Rossi&nbsp; &nbsp;Yamaha&nbsp; &nbsp; (M)&nbsp; 1:46.255&nbsp; + 0.391<\/p>\n<p class=\"spip\"> 3.&nbsp; Nicky Hayden&nbsp; &nbsp;&nbsp; &nbsp;Honda&nbsp; &nbsp;&nbsp; (M)&nbsp; 1:46.575&nbsp; + 0.711<\/p>\n<p class=\"spip\"> <strong>4.&nbsp; Randy de Puniet&nbsp; &nbsp;Kawasaki&nbsp; (B)&nbsp; 1:46.643&nbsp; + 0.779<\/strong><\/p>\n<p class=\"spip\"> 5.&nbsp; Toni Elias&nbsp; &nbsp;&nbsp; &nbsp;&nbsp; Honda&nbsp; &nbsp;&nbsp; (B)&nbsp; 1:46.804&nbsp; + 0.940<\/p>\n<p class=\"spip\"> 6.&nbsp; Anthony West&nbsp; &nbsp;&nbsp; &nbsp;Kawasaki&nbsp; (B)&nbsp; 1:46.912&nbsp; + 1.048<\/p>\n<p class=\"spip\"> 7.&nbsp; Colin Edwards&nbsp; &nbsp;&nbsp; Yamaha&nbsp; &nbsp; (M)&nbsp; 1:46.997&nbsp; + 1.133<\/p>\n<p class=\"spip\"> 8.&nbsp; Loris Capirossi&nbsp; &nbsp;Ducati&nbsp; &nbsp; (B)&nbsp; 1:47.047&nbsp; + 1.183<\/p>\n<p class=\"spip\"> 9.&nbsp; Casey Stoner&nbsp; &nbsp;&nbsp; &nbsp;Ducati&nbsp; &nbsp; (B)&nbsp; 1:47.121&nbsp; + 1.257<\/p>\n<p class=\"spip\">10.&nbsp; Marco Melandri&nbsp; &nbsp; Honda&nbsp; &nbsp;&nbsp; (B)&nbsp; 1:47.136&nbsp; + 1.272<\/p>\n<p class=\"spip\">11.&nbsp; John Hopkins&nbsp; &nbsp;&nbsp; &nbsp;Suzuki&nbsp; &nbsp; (B)&nbsp; 1:47.163&nbsp; + 1.299<\/p>\n<p class=\"spip\">12.&nbsp; Shinya Nakano&nbsp; &nbsp;&nbsp; Honda&nbsp; &nbsp;&nbsp; (M)&nbsp; 1:47.295&nbsp; + 1.431<\/p>\n<p class=\"spip\">13.&nbsp; Kousuke Akiyoshi&nbsp; Suzuki&nbsp; &nbsp; (B)&nbsp; 1:47.316&nbsp; + 1.452<\/p>\n<p class=\"spip\">14.&nbsp; Carlos Checa&nbsp; &nbsp;&nbsp; &nbsp;Honda&nbsp; &nbsp;&nbsp; (M)&nbsp; 1:47.334&nbsp; + 1.470<\/p>\n<p class=\"spip\">15.&nbsp; Alex Barros&nbsp; &nbsp;&nbsp; &nbsp; Ducati&nbsp; &nbsp; (B)&nbsp; 1:47.367&nbsp; + 1.503<\/p>\n<p class=\"spip\">16.&nbsp; Makoto Tamada&nbsp; &nbsp;&nbsp; Yamaha&nbsp; &nbsp; (D)&nbsp; 1:47.714&nbsp; + 1.850<\/p>\n<p class=\"spip\">17.&nbsp; Chris Vermeulen&nbsp; &nbsp;Suzuki&nbsp; &nbsp; (B)&nbsp; 1:47.914&nbsp; + 2.050<\/p>\n<p class=\"spip\"><strong>18.&nbsp; Sylvain Guintoli&nbsp; Yamaha&nbsp; &nbsp; (D)&nbsp; 1:48.085&nbsp; + 2.221<\/strong><\/p>\n<p class=\"spip\">19.&nbsp; Akira Yanagawa&nbsp; &nbsp; Kawasaki&nbsp; (B)&nbsp; 1:48.569&nbsp; + 2.705<\/p>\n<p class=\"spip\">20.&nbsp; Shinichi Ito&nbsp; &nbsp;&nbsp; &nbsp;Ducati&nbsp; &nbsp; (B)&nbsp; 1:49.548&nbsp; + 3.684<\/p>\n<p class=\"spip\">21.&nbsp; Kurtis Roberts&nbsp; &nbsp; KR&nbsp; &nbsp;&nbsp; &nbsp;&nbsp; (M)&nbsp; 1:50.035&nbsp; + 4.178<\/p>\n<p><\/span><\/p>\n","protected":false},"excerpt":{"rendered":"<p>Il fallait s&rsquo;en douter, le pilote du HRC Honda Dani Pedrosa (Honda n\u00b026) a \u00e9t\u00e9 le plus rapide aujourd&rsquo;hui sur le circuit de Motegi. &nbsp; Apr\u00e8s avoir r\u00e9alis\u00e9 les meilleurs chronos lors de toutes les s\u00e9ances d&rsquo;essais, il a devanc\u00e9 nettement tous ses adversaires lors des qualifications. Un week-end qui s&rsquo;annonce plut\u00f4t favorable au pilote [&hellip;]<\/p>\n","protected":false},"author":330,"featured_media":0,"comment_status":"open","ping_status":"open","sticky":false,"template":"","format":"standard","meta":{"footnotes":""},"categories":[3,14,22],"tags":[],"class_list":["post-1251","post","type-post","status-publish","format-standard","hentry","category-actualite","category-honda","category-motogp"],"yoast_head":"<!-- This site is optimized with the Yoast SEO plugin v26.0 - https:\/\/yoast.com\/wordpress\/plugins\/seo\/ -->\n<title>Moto GP Japon : La p\u00f4le pour Pedrosa! - leblogmoto.com<\/title>\n<meta name=\"robots\" content=\"index, follow, max-snippet:-1, max-image-preview:large, max-video-preview:-1\" \/>\n<link rel=\"canonical\" href=\"https:\/\/blogs.thesocialmedia.com\/leblogmoto\/2007\/09\/22\/moto-gp-japon-l\/\" \/>\n<meta name=\"twitter:card\" content=\"summary_large_image\" \/>\n<meta name=\"twitter:title\" content=\"Moto GP Japon : La p\u00f4le pour Pedrosa! - leblogmoto.com\" \/>\n<meta name=\"twitter:description\" content=\"Il fallait s&rsquo;en douter, le pilote du HRC Honda Dani Pedrosa (Honda n\u00b026) a \u00e9t\u00e9 le plus rapide aujourd&rsquo;hui sur le circuit de Motegi. &nbsp; Apr\u00e8s avoir r\u00e9alis\u00e9 les meilleurs chronos lors de toutes les s\u00e9ances d&rsquo;essais, il a devanc\u00e9 nettement tous ses adversaires lors des qualifications. Un week-end qui s&rsquo;annonce plut\u00f4t favorable au pilote [&hellip;]\" \/>\n<meta name=\"twitter:image\" content=\"http:\/\/www.leblogmoto.com\/images\/2007\/09\/22\/pedrosa.jpg\" \/>\n<meta name=\"twitter:label1\" content=\"\u00c9crit par\" \/>\n\t<meta name=\"twitter:data1\" content=\"thierry marsal\" \/>\n\t<meta name=\"twitter:label2\" content=\"Dur\u00e9e de lecture estim\u00e9e\" \/>\n\t<meta name=\"twitter:data2\" content=\"4 minutes\" \/>\n<script type=\"application\/ld+json\" class=\"yoast-schema-graph\">{\"@context\":\"https:\/\/schema.org\",\"@graph\":[{\"@type\":\"WebPage\",\"@id\":\"https:\/\/blogs.thesocialmedia.com\/leblogmoto\/2007\/09\/22\/moto-gp-japon-l\/\",\"url\":\"https:\/\/blogs.thesocialmedia.com\/leblogmoto\/2007\/09\/22\/moto-gp-japon-l\/\",\"name\":\"Moto GP Japon : La p\u00f4le pour Pedrosa! - leblogmoto.com\",\"isPartOf\":{\"@id\":\"https:\/\/blogs.thesocialmedia.com\/leblogmoto\/#website\"},\"primaryImageOfPage\":{\"@id\":\"https:\/\/blogs.thesocialmedia.com\/leblogmoto\/2007\/09\/22\/moto-gp-japon-l\/#primaryimage\"},\"image\":{\"@id\":\"https:\/\/blogs.thesocialmedia.com\/leblogmoto\/2007\/09\/22\/moto-gp-japon-l\/#primaryimage\"},\"thumbnailUrl\":\"http:\/\/www.leblogmoto.com\/images\/2007\/09\/22\/pedrosa.jpg\",\"datePublished\":\"2007-09-22T17:54:56+00:00\",\"dateModified\":\"2012-07-11T14:44:53+00:00\",\"author\":{\"@id\":\"https:\/\/blogs.thesocialmedia.com\/leblogmoto\/#\/schema\/person\/d20f219f162e8b5de4ea78c909c5be45\"},\"breadcrumb\":{\"@id\":\"https:\/\/blogs.thesocialmedia.com\/leblogmoto\/2007\/09\/22\/moto-gp-japon-l\/#breadcrumb\"},\"inLanguage\":\"fr-FR\",\"potentialAction\":[{\"@type\":\"ReadAction\",\"target\":[\"https:\/\/blogs.thesocialmedia.com\/leblogmoto\/2007\/09\/22\/moto-gp-japon-l\/\"]}]},{\"@type\":\"ImageObject\",\"inLanguage\":\"fr-FR\",\"@id\":\"https:\/\/blogs.thesocialmedia.com\/leblogmoto\/2007\/09\/22\/moto-gp-japon-l\/#primaryimage\",\"url\":\"http:\/\/www.leblogmoto.com\/images\/2007\/09\/22\/pedrosa.jpg\",\"contentUrl\":\"http:\/\/www.leblogmoto.com\/images\/2007\/09\/22\/pedrosa.jpg\"},{\"@type\":\"BreadcrumbList\",\"@id\":\"https:\/\/blogs.thesocialmedia.com\/leblogmoto\/2007\/09\/22\/moto-gp-japon-l\/#breadcrumb\",\"itemListElement\":[{\"@type\":\"ListItem\",\"position\":1,\"name\":\"Accueil\",\"item\":\"https:\/\/blogs.thesocialmedia.com\/leblogmoto\/\"},{\"@type\":\"ListItem\",\"position\":2,\"name\":\"Moto GP Japon : La p\u00f4le pour Pedrosa!\"}]},{\"@type\":\"WebSite\",\"@id\":\"https:\/\/blogs.thesocialmedia.com\/leblogmoto\/#website\",\"url\":\"https:\/\/blogs.thesocialmedia.com\/leblogmoto\/\",\"name\":\"leblogmoto\",\"description\":\"Toute l&#039;actualit\u00e9 des 2 roues\",\"potentialAction\":[{\"@type\":\"SearchAction\",\"target\":{\"@type\":\"EntryPoint\",\"urlTemplate\":\"https:\/\/blogs.thesocialmedia.com\/leblogmoto\/?s={search_term_string}\"},\"query-input\":{\"@type\":\"PropertyValueSpecification\",\"valueRequired\":true,\"valueName\":\"search_term_string\"}}],\"inLanguage\":\"fr-FR\"},{\"@type\":\"Person\",\"@id\":\"https:\/\/blogs.thesocialmedia.com\/leblogmoto\/#\/schema\/person\/d20f219f162e8b5de4ea78c909c5be45\",\"name\":\"thierry marsal\",\"image\":{\"@type\":\"ImageObject\",\"inLanguage\":\"fr-FR\",\"@id\":\"https:\/\/blogs.thesocialmedia.com\/leblogmoto\/#\/schema\/person\/image\/\",\"url\":\"https:\/\/secure.gravatar.com\/avatar\/?s=96&d=mm&r=g\",\"contentUrl\":\"https:\/\/secure.gravatar.com\/avatar\/?s=96&d=mm&r=g\",\"caption\":\"thierry marsal\"},\"url\":\"https:\/\/blogs.thesocialmedia.com\/leblogmoto\/author\/thierry-marsal\/\"}]}<\/script>\n<!-- \/ Yoast SEO plugin. -->","yoast_head_json":{"title":"Moto GP Japon : La p\u00f4le pour Pedrosa! - leblogmoto.com","robots":{"index":"index","follow":"follow","max-snippet":"max-snippet:-1","max-image-preview":"max-image-preview:large","max-video-preview":"max-video-preview:-1"},"canonical":"https:\/\/blogs.thesocialmedia.com\/leblogmoto\/2007\/09\/22\/moto-gp-japon-l\/","twitter_card":"summary_large_image","twitter_title":"Moto GP Japon : La p\u00f4le pour Pedrosa! - leblogmoto.com","twitter_description":"Il fallait s&rsquo;en douter, le pilote du HRC Honda Dani Pedrosa (Honda n\u00b026) a \u00e9t\u00e9 le plus rapide aujourd&rsquo;hui sur le circuit de Motegi. &nbsp; Apr\u00e8s avoir r\u00e9alis\u00e9 les meilleurs chronos lors de toutes les s\u00e9ances d&rsquo;essais, il a devanc\u00e9 nettement tous ses adversaires lors des qualifications. Un week-end qui s&rsquo;annonce plut\u00f4t favorable au pilote [&hellip;]","twitter_image":"http:\/\/www.leblogmoto.com\/images\/2007\/09\/22\/pedrosa.jpg","twitter_misc":{"\u00c9crit par":"thierry marsal","Dur\u00e9e de lecture estim\u00e9e":"4 minutes"},"schema":{"@context":"https:\/\/schema.org","@graph":[{"@type":"WebPage","@id":"https:\/\/blogs.thesocialmedia.com\/leblogmoto\/2007\/09\/22\/moto-gp-japon-l\/","url":"https:\/\/blogs.thesocialmedia.com\/leblogmoto\/2007\/09\/22\/moto-gp-japon-l\/","name":"Moto GP Japon : La p\u00f4le pour Pedrosa! - leblogmoto.com","isPartOf":{"@id":"https:\/\/blogs.thesocialmedia.com\/leblogmoto\/#website"},"primaryImageOfPage":{"@id":"https:\/\/blogs.thesocialmedia.com\/leblogmoto\/2007\/09\/22\/moto-gp-japon-l\/#primaryimage"},"image":{"@id":"https:\/\/blogs.thesocialmedia.com\/leblogmoto\/2007\/09\/22\/moto-gp-japon-l\/#primaryimage"},"thumbnailUrl":"http:\/\/www.leblogmoto.com\/images\/2007\/09\/22\/pedrosa.jpg","datePublished":"2007-09-22T17:54:56+00:00","dateModified":"2012-07-11T14:44:53+00:00","author":{"@id":"https:\/\/blogs.thesocialmedia.com\/leblogmoto\/#\/schema\/person\/d20f219f162e8b5de4ea78c909c5be45"},"breadcrumb":{"@id":"https:\/\/blogs.thesocialmedia.com\/leblogmoto\/2007\/09\/22\/moto-gp-japon-l\/#breadcrumb"},"inLanguage":"fr-FR","potentialAction":[{"@type":"ReadAction","target":["https:\/\/blogs.thesocialmedia.com\/leblogmoto\/2007\/09\/22\/moto-gp-japon-l\/"]}]},{"@type":"ImageObject","inLanguage":"fr-FR","@id":"https:\/\/blogs.thesocialmedia.com\/leblogmoto\/2007\/09\/22\/moto-gp-japon-l\/#primaryimage","url":"http:\/\/www.leblogmoto.com\/images\/2007\/09\/22\/pedrosa.jpg","contentUrl":"http:\/\/www.leblogmoto.com\/images\/2007\/09\/22\/pedrosa.jpg"},{"@type":"BreadcrumbList","@id":"https:\/\/blogs.thesocialmedia.com\/leblogmoto\/2007\/09\/22\/moto-gp-japon-l\/#breadcrumb","itemListElement":[{"@type":"ListItem","position":1,"name":"Accueil","item":"https:\/\/blogs.thesocialmedia.com\/leblogmoto\/"},{"@type":"ListItem","position":2,"name":"Moto GP Japon : La p\u00f4le pour Pedrosa!"}]},{"@type":"WebSite","@id":"https:\/\/blogs.thesocialmedia.com\/leblogmoto\/#website","url":"https:\/\/blogs.thesocialmedia.com\/leblogmoto\/","name":"leblogmoto","description":"Toute l&#039;actualit\u00e9 des 2 roues","potentialAction":[{"@type":"SearchAction","target":{"@type":"EntryPoint","urlTemplate":"https:\/\/blogs.thesocialmedia.com\/leblogmoto\/?s={search_term_string}"},"query-input":{"@type":"PropertyValueSpecification","valueRequired":true,"valueName":"search_term_string"}}],"inLanguage":"fr-FR"},{"@type":"Person","@id":"https:\/\/blogs.thesocialmedia.com\/leblogmoto\/#\/schema\/person\/d20f219f162e8b5de4ea78c909c5be45","name":"thierry marsal","image":{"@type":"ImageObject","inLanguage":"fr-FR","@id":"https:\/\/blogs.thesocialmedia.com\/leblogmoto\/#\/schema\/person\/image\/","url":"https:\/\/secure.gravatar.com\/avatar\/?s=96&d=mm&r=g","contentUrl":"https:\/\/secure.gravatar.com\/avatar\/?s=96&d=mm&r=g","caption":"thierry marsal"},"url":"https:\/\/blogs.thesocialmedia.com\/leblogmoto\/author\/thierry-marsal\/"}]}},"_links":{"self":[{"href":"https:\/\/blogs.thesocialmedia.com\/leblogmoto\/wp-json\/wp\/v2\/posts\/1251","targetHints":{"allow":["GET"]}}],"collection":[{"href":"https:\/\/blogs.thesocialmedia.com\/leblogmoto\/wp-json\/wp\/v2\/posts"}],"about":[{"href":"https:\/\/blogs.thesocialmedia.com\/leblogmoto\/wp-json\/wp\/v2\/types\/post"}],"author":[{"embeddable":true,"href":"https:\/\/blogs.thesocialmedia.com\/leblogmoto\/wp-json\/wp\/v2\/users\/330"}],"replies":[{"embeddable":true,"href":"https:\/\/blogs.thesocialmedia.com\/leblogmoto\/wp-json\/wp\/v2\/comments?post=1251"}],"version-history":[{"count":2,"href":"https:\/\/blogs.thesocialmedia.com\/leblogmoto\/wp-json\/wp\/v2\/posts\/1251\/revisions"}],"predecessor-version":[{"id":8704,"href":"https:\/\/blogs.thesocialmedia.com\/leblogmoto\/wp-json\/wp\/v2\/posts\/1251\/revisions\/8704"}],"wp:attachment":[{"href":"https:\/\/blogs.thesocialmedia.com\/leblogmoto\/wp-json\/wp\/v2\/media?parent=1251"}],"wp:term":[{"taxonomy":"category","embeddable":true,"href":"https:\/\/blogs.thesocialmedia.com\/leblogmoto\/wp-json\/wp\/v2\/categories?post=1251"},{"taxonomy":"post_tag","embeddable":true,"href":"https:\/\/blogs.thesocialmedia.com\/leblogmoto\/wp-json\/wp\/v2\/tags?post=1251"}],"curies":[{"name":"wp","href":"https:\/\/api.w.org\/{rel}","templated":true}]}}